{"id":7068,"date":"2019-06-14T19:12:24","date_gmt":"2019-06-14T19:12:24","guid":{"rendered":"http:\/\/diakonibloggen.com\/?p=7068"},"modified":"2020-12-17T15:16:27","modified_gmt":"2020-12-17T15:16:27","slug":"en-sommarlovsbon","status":"publish","type":"post","link":"https:\/\/blogg.svenskakyrkan.se\/diakonibloggen\/2019\/06\/14\/en-sommarlovsbon\/","title":{"rendered":"En sommarlovsb\u00f6n"},"content":{"rendered":"<p><a href=\"http:\/\/diakonibloggen.com\/2019\/06\/14\/en-sommarlovsbon\/boy-477013_1920\/\" rel=\"attachment wp-att-7069\"><img loading=\"lazy\" decoding=\"async\" class=\"alignleft size-thumbnail wp-image-7069\" src=\"https:\/\/diakonibloggen.files.wordpress.com\/2019\/06\/boy-477013_1920.jpg?w=250\" alt=\"\" width=\"250\" height=\"168\" \/><\/a>Godnatt d\u00e5 Gud, tack f\u00f6r alla fina skolavslutningar, tack f\u00f6r alla roliga uppvisningar och fina s\u00e5nger, tack ocks\u00e5 f\u00f6r rektorer som h\u00e5ller lite f\u00f6r l\u00e5nga tal, vaktm\u00e4stare som k\u00e4mpar mot rundg\u00e5ngen i skolans lite f\u00f6r gamla ljudanl\u00e4ggning, tack f\u00f6r all personal och alla elever och tack f\u00f6r att det \u00e4ntligen \u00e4r sommarlov.<\/p>\n<p>Godnatt d\u00e5 Gud, sn\u00e4lla ta hand om alla dom som k\u00e4nner sig vilsna imorgon n\u00e4r allt inte \u00e4r som vanligt, dom som inte riktigt vet hur det ska g\u00e5 att vara lediga fr\u00e5n skolan. Du vet ju allt det d\u00e4r Gud, ensamheten, att n\u00e5gra dricker f\u00f6r mycket alkohol, att n\u00e5gra br\u00e5kar och sl\u00e5ss, att n\u00e5gra inte kan k\u00e4nna sig trygga, att det inte \u00e4r s\u00e5 himla sk\u00f6nt med lov som man skulle vilja att det var.<\/p>\n<p>Du kan v\u00e4l hj\u00e4lpa oss med det Gud? Hj\u00e4lp oss att ta hand om varandra nu n\u00e4r det blir annorlunda, du kan v\u00e4l p\u00e5minna oss om det? Att vi kan fr\u00e5ga varandra hur det \u00e4r och fr\u00e5ga om vi ska hitta p\u00e5 n\u00e5t kul, det beh\u00f6ver ju inte kosta en massa, det d\u00e4r vet du ju Gud, men vi ber dig hj\u00e4lpa oss att komma ih\u00e5g det!<\/p>\n<p>Ja, det var v\u00e4l bara det, godnatt d\u00e5 Gud och tack f\u00f6r oss och f\u00f6r tillsammans!<br \/>\nAmen.<\/p>\n<p>En b\u00f6n av Per-Ivar \u00d6stmann<\/p>\n","protected":false},"excerpt":{"rendered":"<p>Godnatt d\u00e5 Gud, tack f\u00f6r alla fina skolavslutningar, tack f\u00f6r alla roliga uppvisningar och fina s\u00e5nger, tack ocks\u00e5 f\u00f6r rektorer som h\u00e5ller lite f\u00f6r l\u00e5nga tal, vaktm\u00e4stare som k\u00e4mpar mot rundg\u00e5ngen i skolans lite f\u00f6r gamla ljudanl\u00e4ggning, tack f\u00f6r all personal och alla elever och tack f\u00f6r att det \u00e4ntligen \u00e4r sommarlov. Godnatt d\u00e5 Gud, [&hellip;]<\/p>\n","protected":false},"author":776,"featured_media":0,"comment_status":"open","ping_status":"open","sticky":false,"template":"","format":"standard","meta":{"_acf_changed":false,"footnotes":""},"categories":[23296,23297,23301,23302],"tags":[23602,24951],"class_list":["post-7068","post","type-post","status-publish","format-standard","hentry","category-barn","category-bon","category-diakonalt-arbete","category-diakoni","tag-bon","tag-sommarlov"],"acf":[],"yoast_head":"<!-- This site is optimized with the Yoast SEO plugin v27.1.1 - https:\/\/yoast.com\/product\/yoast-seo-wordpress\/ -->\n<title>En sommarlovsb\u00f6n - Diakonibloggen<\/title>\n<meta name=\"robots\" content=\"index, follow, max-snippet:-1, max-image-preview:large, max-video-preview:-1\" \/>\n<link rel=\"canonical\" href=\"https:\/\/blogg.svenskakyrkan.se\/diakonibloggen\/2019\/06\/14\/en-sommarlovsbon\/\" \/>\n<meta property=\"og:locale\" content=\"sv_SE\" \/>\n<meta property=\"og:type\" content=\"article\" \/>\n<meta property=\"og:title\" content=\"En sommarlovsb\u00f6n - Diakonibloggen\" \/>\n<meta property=\"og:description\" content=\"Godnatt d\u00e5 Gud, tack f\u00f6r alla fina skolavslutningar, tack f\u00f6r alla roliga uppvisningar och fina s\u00e5nger, tack ocks\u00e5 f\u00f6r rektorer som h\u00e5ller lite f\u00f6r l\u00e5nga tal, vaktm\u00e4stare som k\u00e4mpar mot rundg\u00e5ngen i skolans lite f\u00f6r gamla ljudanl\u00e4ggning, tack f\u00f6r all personal och alla elever och tack f\u00f6r att det \u00e4ntligen \u00e4r sommarlov. Godnatt d\u00e5 Gud, [&hellip;]\" \/>\n<meta property=\"og:url\" content=\"https:\/\/blogg.svenskakyrkan.se\/diakonibloggen\/2019\/06\/14\/en-sommarlovsbon\/\" \/>\n<meta property=\"og:site_name\" content=\"Diakonibloggen\" \/>\n<meta property=\"article:published_time\" content=\"2019-06-14T19:12:24+00:00\" \/>\n<meta property=\"article:modified_time\" content=\"2020-12-17T15:16:27+00:00\" \/>\n<meta property=\"og:image\" content=\"https:\/\/diakonibloggen.files.wordpress.com\/2019\/06\/boy-477013_1920.jpg?w=250\" \/>\n<meta name=\"author\" content=\"diakonibloggen\" \/>\n<meta name=\"twitter:card\" content=\"summary_large_image\" \/>\n<meta name=\"twitter:label1\" content=\"Skriven av\" \/>\n\t<meta name=\"twitter:data1\" content=\"diakonibloggen\" \/>\n\t<meta name=\"twitter:label2\" content=\"Ber\u00e4knad l\u00e4stid\" \/>\n\t<meta name=\"twitter:data2\" content=\"1 minut\" \/>\n<script type=\"application\/ld+json\" class=\"yoast-schema-graph\">{\"@context\":\"https:\/\/schema.org\",\"@graph\":[{\"@type\":\"Article\",\"@id\":\"https:\/\/blogg.svenskakyrkan.se\/diakonibloggen\/2019\/06\/14\/en-sommarlovsbon\/#article\",\"isPartOf\":{\"@id\":\"https:\/\/blogg.svenskakyrkan.se\/diakonibloggen\/2019\/06\/14\/en-sommarlovsbon\/\"},\"author\":{\"name\":\"diakonibloggen\",\"@id\":\"https:\/\/blogg.svenskakyrkan.se\/diakonibloggen\/#\/schema\/person\/8f6a6fe8efab23c141c7e274fec6405f\"},\"headline\":\"En sommarlovsb\u00f6n\",\"datePublished\":\"2019-06-14T19:12:24+00:00\",\"dateModified\":\"2020-12-17T15:16:27+00:00\",\"mainEntityOfPage\":{\"@id\":\"https:\/\/blogg.svenskakyrkan.se\/diakonibloggen\/2019\/06\/14\/en-sommarlovsbon\/\"},\"wordCount\":264,\"commentCount\":0,\"image\":{\"@id\":\"https:\/\/blogg.svenskakyrkan.se\/diakonibloggen\/2019\/06\/14\/en-sommarlovsbon\/#primaryimage\"},\"thumbnailUrl\":\"https:\/\/diakonibloggen.files.wordpress.com\/2019\/06\/boy-477013_1920.jpg?w=250\",\"keywords\":[\"b\u00f6n\",\"sommarlov\"],\"articleSection\":[\"Barn\",\"B\u00f6n\",\"Diakonalt arbete\",\"diakoni\"],\"inLanguage\":\"sv-SE\",\"potentialAction\":[{\"@type\":\"CommentAction\",\"name\":\"Comment\",\"target\":[\"https:\/\/blogg.svenskakyrkan.se\/diakonibloggen\/2019\/06\/14\/en-sommarlovsbon\/#respond\"]}]},{\"@type\":\"WebPage\",\"@id\":\"https:\/\/blogg.svenskakyrkan.se\/diakonibloggen\/2019\/06\/14\/en-sommarlovsbon\/\",\"url\":\"https:\/\/blogg.svenskakyrkan.se\/diakonibloggen\/2019\/06\/14\/en-sommarlovsbon\/\",\"name\":\"En sommarlovsb\u00f6n - Diakonibloggen\",\"isPartOf\":{\"@id\":\"https:\/\/blogg.svenskakyrkan.se\/diakonibloggen\/#website\"},\"primaryImageOfPage\":{\"@id\":\"https:\/\/blogg.svenskakyrkan.se\/diakonibloggen\/2019\/06\/14\/en-sommarlovsbon\/#primaryimage\"},\"image\":{\"@id\":\"https:\/\/blogg.svenskakyrkan.se\/diakonibloggen\/2019\/06\/14\/en-sommarlovsbon\/#primaryimage\"},\"thumbnailUrl\":\"https:\/\/diakonibloggen.files.wordpress.com\/2019\/06\/boy-477013_1920.jpg?w=250\",\"datePublished\":\"2019-06-14T19:12:24+00:00\",\"dateModified\":\"2020-12-17T15:16:27+00:00\",\"author\":{\"@id\":\"https:\/\/blogg.svenskakyrkan.se\/diakonibloggen\/#\/schema\/person\/8f6a6fe8efab23c141c7e274fec6405f\"},\"breadcrumb\":{\"@id\":\"https:\/\/blogg.svenskakyrkan.se\/diakonibloggen\/2019\/06\/14\/en-sommarlovsbon\/#breadcrumb\"},\"inLanguage\":\"sv-SE\",\"potentialAction\":[{\"@type\":\"ReadAction\",\"target\":[\"https:\/\/blogg.svenskakyrkan.se\/diakonibloggen\/2019\/06\/14\/en-sommarlovsbon\/\"]}]},{\"@type\":\"ImageObject\",\"inLanguage\":\"sv-SE\",\"@id\":\"https:\/\/blogg.svenskakyrkan.se\/diakonibloggen\/2019\/06\/14\/en-sommarlovsbon\/#primaryimage\",\"url\":\"https:\/\/diakonibloggen.files.wordpress.com\/2019\/06\/boy-477013_1920.jpg?w=250\",\"contentUrl\":\"https:\/\/diakonibloggen.files.wordpress.com\/2019\/06\/boy-477013_1920.jpg?w=250\"},{\"@type\":\"BreadcrumbList\",\"@id\":\"https:\/\/blogg.svenskakyrkan.se\/diakonibloggen\/2019\/06\/14\/en-sommarlovsbon\/#breadcrumb\",\"itemListElement\":[{\"@type\":\"ListItem\",\"position\":1,\"name\":\"Hem\",\"item\":\"https:\/\/blogg.svenskakyrkan.se\/diakonibloggen\/\"},{\"@type\":\"ListItem\",\"position\":2,\"name\":\"En sommarlovsb\u00f6n\"}]},{\"@type\":\"WebSite\",\"@id\":\"https:\/\/blogg.svenskakyrkan.se\/diakonibloggen\/#website\",\"url\":\"https:\/\/blogg.svenskakyrkan.se\/diakonibloggen\/\",\"name\":\"Diakonibloggen\",\"description\":\"Vi lyfter fram, hyllar, diskuterar och inspirerar till diakonalt arbete inom och utanf\u00f6r Svenska kyrkans ramar.\",\"potentialAction\":[{\"@type\":\"SearchAction\",\"target\":{\"@type\":\"EntryPoint\",\"urlTemplate\":\"https:\/\/blogg.svenskakyrkan.se\/diakonibloggen\/?s={search_term_string}\"},\"query-input\":{\"@type\":\"PropertyValueSpecification\",\"valueRequired\":true,\"valueName\":\"search_term_string\"}}],\"inLanguage\":\"sv-SE\"},{\"@type\":\"Person\",\"@id\":\"https:\/\/blogg.svenskakyrkan.se\/diakonibloggen\/#\/schema\/person\/8f6a6fe8efab23c141c7e274fec6405f\",\"name\":\"diakonibloggen\",\"image\":{\"@type\":\"ImageObject\",\"inLanguage\":\"sv-SE\",\"@id\":\"https:\/\/blogg.svenskakyrkan.se\/diakonibloggen\/#\/schema\/person\/image\/\",\"url\":\"https:\/\/secure.gravatar.com\/avatar\/95c0ca86fd13e3d8c1b7b7e9864c9a2ccb7b48c6f756a3b5447bcc13dd630488?s=96&d=mm&r=g\",\"contentUrl\":\"https:\/\/secure.gravatar.com\/avatar\/95c0ca86fd13e3d8c1b7b7e9864c9a2ccb7b48c6f756a3b5447bcc13dd630488?s=96&d=mm&r=g\",\"caption\":\"diakonibloggen\"},\"url\":\"https:\/\/blogg.svenskakyrkan.se\/diakonibloggen\/author\/diakonibloggen\/\"}]}<\/script>\n<!-- \/ Yoast SEO plugin. -->","yoast_head_json":{"title":"En sommarlovsb\u00f6n - Diakonibloggen","robots":{"index":"index","follow":"follow","max-snippet":"max-snippet:-1","max-image-preview":"max-image-preview:large","max-video-preview":"max-video-preview:-1"},"canonical":"https:\/\/blogg.svenskakyrkan.se\/diakonibloggen\/2019\/06\/14\/en-sommarlovsbon\/","og_locale":"sv_SE","og_type":"article","og_title":"En sommarlovsb\u00f6n - Diakonibloggen","og_description":"Godnatt d\u00e5 Gud, tack f\u00f6r alla fina skolavslutningar, tack f\u00f6r alla roliga uppvisningar och fina s\u00e5nger, tack ocks\u00e5 f\u00f6r rektorer som h\u00e5ller lite f\u00f6r l\u00e5nga tal, vaktm\u00e4stare som k\u00e4mpar mot rundg\u00e5ngen i skolans lite f\u00f6r gamla ljudanl\u00e4ggning, tack f\u00f6r all personal och alla elever och tack f\u00f6r att det \u00e4ntligen \u00e4r sommarlov. Godnatt d\u00e5 Gud, [&hellip;]","og_url":"https:\/\/blogg.svenskakyrkan.se\/diakonibloggen\/2019\/06\/14\/en-sommarlovsbon\/","og_site_name":"Diakonibloggen","article_published_time":"2019-06-14T19:12:24+00:00","article_modified_time":"2020-12-17T15:16:27+00:00","og_image":[{"url":"https:\/\/diakonibloggen.files.wordpress.com\/2019\/06\/boy-477013_1920.jpg?w=250","type":"","width":"","height":""}],"author":"diakonibloggen","twitter_card":"summary_large_image","twitter_misc":{"Skriven av":"diakonibloggen","Ber\u00e4knad l\u00e4stid":"1 minut"},"schema":{"@context":"https:\/\/schema.org","@graph":[{"@type":"Article","@id":"https:\/\/blogg.svenskakyrkan.se\/diakonibloggen\/2019\/06\/14\/en-sommarlovsbon\/#article","isPartOf":{"@id":"https:\/\/blogg.svenskakyrkan.se\/diakonibloggen\/2019\/06\/14\/en-sommarlovsbon\/"},"author":{"name":"diakonibloggen","@id":"https:\/\/blogg.svenskakyrkan.se\/diakonibloggen\/#\/schema\/person\/8f6a6fe8efab23c141c7e274fec6405f"},"headline":"En sommarlovsb\u00f6n","datePublished":"2019-06-14T19:12:24+00:00","dateModified":"2020-12-17T15:16:27+00:00","mainEntityOfPage":{"@id":"https:\/\/blogg.svenskakyrkan.se\/diakonibloggen\/2019\/06\/14\/en-sommarlovsbon\/"},"wordCount":264,"commentCount":0,"image":{"@id":"https:\/\/blogg.svenskakyrkan.se\/diakonibloggen\/2019\/06\/14\/en-sommarlovsbon\/#primaryimage"},"thumbnailUrl":"https:\/\/diakonibloggen.files.wordpress.com\/2019\/06\/boy-477013_1920.jpg?w=250","keywords":["b\u00f6n","sommarlov"],"articleSection":["Barn","B\u00f6n","Diakonalt arbete","diakoni"],"inLanguage":"sv-SE","potentialAction":[{"@type":"CommentAction","name":"Comment","target":["https:\/\/blogg.svenskakyrkan.se\/diakonibloggen\/2019\/06\/14\/en-sommarlovsbon\/#respond"]}]},{"@type":"WebPage","@id":"https:\/\/blogg.svenskakyrkan.se\/diakonibloggen\/2019\/06\/14\/en-sommarlovsbon\/","url":"https:\/\/blogg.svenskakyrkan.se\/diakonibloggen\/2019\/06\/14\/en-sommarlovsbon\/","name":"En sommarlovsb\u00f6n - Diakonibloggen","isPartOf":{"@id":"https:\/\/blogg.svenskakyrkan.se\/diakonibloggen\/#website"},"primaryImageOfPage":{"@id":"https:\/\/blogg.svenskakyrkan.se\/diakonibloggen\/2019\/06\/14\/en-sommarlovsbon\/#primaryimage"},"image":{"@id":"https:\/\/blogg.svenskakyrkan.se\/diakonibloggen\/2019\/06\/14\/en-sommarlovsbon\/#primaryimage"},"thumbnailUrl":"https:\/\/diakonibloggen.files.wordpress.com\/2019\/06\/boy-477013_1920.jpg?w=250","datePublished":"2019-06-14T19:12:24+00:00","dateModified":"2020-12-17T15:16:27+00:00","author":{"@id":"https:\/\/blogg.svenskakyrkan.se\/diakonibloggen\/#\/schema\/person\/8f6a6fe8efab23c141c7e274fec6405f"},"breadcrumb":{"@id":"https:\/\/blogg.svenskakyrkan.se\/diakonibloggen\/2019\/06\/14\/en-sommarlovsbon\/#breadcrumb"},"inLanguage":"sv-SE","potentialAction":[{"@type":"ReadAction","target":["https:\/\/blogg.svenskakyrkan.se\/diakonibloggen\/2019\/06\/14\/en-sommarlovsbon\/"]}]},{"@type":"ImageObject","inLanguage":"sv-SE","@id":"https:\/\/blogg.svenskakyrkan.se\/diakonibloggen\/2019\/06\/14\/en-sommarlovsbon\/#primaryimage","url":"https:\/\/diakonibloggen.files.wordpress.com\/2019\/06\/boy-477013_1920.jpg?w=250","contentUrl":"https:\/\/diakonibloggen.files.wordpress.com\/2019\/06\/boy-477013_1920.jpg?w=250"},{"@type":"BreadcrumbList","@id":"https:\/\/blogg.svenskakyrkan.se\/diakonibloggen\/2019\/06\/14\/en-sommarlovsbon\/#breadcrumb","itemListElement":[{"@type":"ListItem","position":1,"name":"Hem","item":"https:\/\/blogg.svenskakyrkan.se\/diakonibloggen\/"},{"@type":"ListItem","position":2,"name":"En sommarlovsb\u00f6n"}]},{"@type":"WebSite","@id":"https:\/\/blogg.svenskakyrkan.se\/diakonibloggen\/#website","url":"https:\/\/blogg.svenskakyrkan.se\/diakonibloggen\/","name":"Diakonibloggen","description":"Vi lyfter fram, hyllar, diskuterar och inspirerar till diakonalt arbete inom och utanf\u00f6r Svenska kyrkans ramar.","potentialAction":[{"@type":"SearchAction","target":{"@type":"EntryPoint","urlTemplate":"https:\/\/blogg.svenskakyrkan.se\/diakonibloggen\/?s={search_term_string}"},"query-input":{"@type":"PropertyValueSpecification","valueRequired":true,"valueName":"search_term_string"}}],"inLanguage":"sv-SE"},{"@type":"Person","@id":"https:\/\/blogg.svenskakyrkan.se\/diakonibloggen\/#\/schema\/person\/8f6a6fe8efab23c141c7e274fec6405f","name":"diakonibloggen","image":{"@type":"ImageObject","inLanguage":"sv-SE","@id":"https:\/\/blogg.svenskakyrkan.se\/diakonibloggen\/#\/schema\/person\/image\/","url":"https:\/\/secure.gravatar.com\/avatar\/95c0ca86fd13e3d8c1b7b7e9864c9a2ccb7b48c6f756a3b5447bcc13dd630488?s=96&d=mm&r=g","contentUrl":"https:\/\/secure.gravatar.com\/avatar\/95c0ca86fd13e3d8c1b7b7e9864c9a2ccb7b48c6f756a3b5447bcc13dd630488?s=96&d=mm&r=g","caption":"diakonibloggen"},"url":"https:\/\/blogg.svenskakyrkan.se\/diakonibloggen\/author\/diakonibloggen\/"}]}},"author_meta":{"ID":"776","user_nicename":"diakonibloggen","user_registered":"2020-12-17 14:50:06","display_name":"diakonibloggen","avatar":"https:\/\/blogg.svenskakyrkan.se\/diakonibloggen\/files\/2021\/02\/Sk\u00e4rmavbild-2019-04-12-kl.-14.20.54-150x150.png"},"featured_image":false,"bloginfo":{"name":"Diakonibloggen","url":"https:\/\/blogg.svenskakyrkan.se\/diakonibloggen"},"_links":{"self":[{"href":"https:\/\/blogg.svenskakyrkan.se\/diakonibloggen\/wp-json\/wp\/v2\/posts\/7068","targetHints":{"allow":["GET"]}}],"collection":[{"href":"https:\/\/blogg.svenskakyrkan.se\/diakonibloggen\/wp-json\/wp\/v2\/posts"}],"about":[{"href":"https:\/\/blogg.svenskakyrkan.se\/diakonibloggen\/wp-json\/wp\/v2\/types\/post"}],"author":[{"embeddable":true,"href":"https:\/\/blogg.svenskakyrkan.se\/diakonibloggen\/wp-json\/wp\/v2\/users\/776"}],"replies":[{"embeddable":true,"href":"https:\/\/blogg.svenskakyrkan.se\/diakonibloggen\/wp-json\/wp\/v2\/comments?post=7068"}],"version-history":[{"count":1,"href":"https:\/\/blogg.svenskakyrkan.se\/diakonibloggen\/wp-json\/wp\/v2\/posts\/7068\/revisions"}],"predecessor-version":[{"id":8279,"href":"https:\/\/blogg.svenskakyrkan.se\/diakonibloggen\/wp-json\/wp\/v2\/posts\/7068\/revisions\/8279"}],"wp:attachment":[{"href":"https:\/\/blogg.svenskakyrkan.se\/diakonibloggen\/wp-json\/wp\/v2\/media?parent=7068"}],"wp:term":[{"taxonomy":"category","embeddable":true,"href":"https:\/\/blogg.svenskakyrkan.se\/diakonibloggen\/wp-json\/wp\/v2\/categories?post=7068"},{"taxonomy":"post_tag","embeddable":true,"href":"https:\/\/blogg.svenskakyrkan.se\/diakonibloggen\/wp-json\/wp\/v2\/tags?post=7068"}],"curies":[{"name":"wp","href":"https:\/\/api.w.org\/{rel}","templated":true}]}}