{"id":7088,"date":"2019-07-28T13:25:20","date_gmt":"2019-07-28T13:25:20","guid":{"rendered":"http:\/\/diakonibloggen.com\/?p=7088"},"modified":"2020-12-17T15:16:27","modified_gmt":"2020-12-17T15:16:27","slug":"munken-inom-dig-av-annika-spalde","status":"publish","type":"post","link":"https:\/\/blogg.svenskakyrkan.se\/diakonibloggen\/2019\/07\/28\/munken-inom-dig-av-annika-spalde\/","title":{"rendered":"Munken inom dig av Annika Spalde"},"content":{"rendered":"<p>Vi hoppas och l\u00e4ngtar och tror att sommaren f\u00e5r inneb\u00e4ra n\u00e5gra stunder i h\u00e4ngmattan, vid stranden eller i ett soffh\u00f6rn uppkrupen med en bok. Vi brukar varje sommar recensera och tipsa om aktuella b\u00f6cker som ber\u00f6r det diakonala omr\u00e5det &#8211; s\u00e5 \u00e4ven i \u00e5r.<\/p>\n<p><a href=\"https:\/\/www.argument.se\/produkt\/andakt-bon-och-fordjupning\/munken-inom-dig\/\"><strong>Munken inom dig, Den helige Benedikts verktyg f\u00f6r ett gott liv<\/strong> av Annika Spalde, Argument f\u00f6rlag<\/a><\/p>\n<p>Hur kan vi leva ett bra, autentiskt kristet liv i dagens milj\u00f6 och samh\u00e4lle? Det \u00e4r egentligen grundfr\u00e5gan som Annika Spalde lyfter i boken. Hon utg\u00e5r fr\u00e5n sin egen l\u00e4ngtan efter &#8221;ett hj\u00e4rtats liv, delat med andra, med tid f\u00f6r b\u00f6n och tystnad&#8221;.<\/p>\n<p><a href=\"http:\/\/diakonibloggen.com\/2019\/07\/28\/munken-inom-dig-av-annika-spalde\/skarmavbild-2019-06-26-kl-11-56-25\/\" rel=\"attachment wp-att-7089\"><img loading=\"lazy\" decoding=\"async\" class=\"alignleft size-thumbnail wp-image-7089\" src=\"https:\/\/diakonibloggen.files.wordpress.com\/2019\/06\/skc3a4rmavbild-2019-06-26-kl.-11.56.25.png?w=176\" alt=\"\" width=\"176\" height=\"250\" \/><\/a>F\u00f6rfattaren tar oss med p\u00e5 en historisk bakgrund till Benedikt och hans regel samt hur den har tolkats genom tiderna. &#8221;Lydnaden, \u00f6dmjukheten och det k\u00e4rleksfulla tj\u00e4nandet \u00e4r grundstenarna. Tystnaden, gemensam b\u00f6n och enskild meditativ l\u00e4sning \u00e4r viktiga redskap.&#8221;<\/p>\n<p>Boken forts\u00e4tter med 15 verktyg f\u00f6r vardagen d\u00e4r du kan hitta inspiration om hur du kan anv\u00e4nda dig av och inspireras av Benedikts regel i ditt eget liv. Ett exempel handlar om g\u00e4stfrihetens g\u00e5va d\u00e4r kapitlet inleds med f\u00f6ljande: &#8221;Alla g\u00e4ster som kommer skall tas emot s\u00e5som Kristus, ty han sj\u00e4lv kommer att s\u00e4ga: Jag var fr\u00e4mling och ni tog emot mig&#8221; och avslutas med konkreta tips p\u00e5 hur du\/vi kan praktisera g\u00e4stfrihet i v\u00e5r vardag.<\/p>\n<p>I slutet av boken skriver f\u00f6rfattaren om hur vi kan, om vi vill, g\u00e5 vidare genom att bli s\u00e5 kallade oblater, det vill s\u00e4ga personer som inte avlagt klosterl\u00f6ften men som lever i n\u00e4ra gemenskap med klostren och \u00e4ven upptas som oblat genom en enkel ceremoni.<\/p>\n<p>Boken \u00e4r v\u00e4lskriven och sp\u00e4nnande d\u00e5 f\u00f6rfattaren har som ambition att verkligg\u00f6ra en klostermentalitet mitt i v\u00e5r vardag. Boken provocerar mig som l\u00e4sare &#8211; m\u00e5ste jag ta ett s\u00e5dant avst\u00e5nd fr\u00e5n v\u00e4rlden f\u00f6r att finna sann kristendom? Samtidigt balanserar f\u00f6rfattaren den provokationen genom att avsluta med att uppmuntra till att skriva egna livsregler \u00a0eller att l\u00e4sa tolkningen av klosterl\u00f6ftena av Benedikt: att s\u00f6ka: stabilitet, st\u00e4ndig omv\u00e4ndelse, lydnad och fredliga relationer &#8211; egentligen handlar det om ett s\u00e4tt att ge Gud, din gudsrelation och konsekvenserna av tron mer utrymme. Det kan du g\u00f6ra genom att st\u00e4ndigt ha f\u00f6ljande fr\u00e5gor aktuella:<\/p>\n<p>Hur kan jag \u00f6va mig i \u00f6dmjukhet?<br \/>\nHur vill jag praktisera g\u00e4stfrihet?<br \/>\nHur kan jag leva mer fredligt?<br \/>\nHur kan jag str\u00e4va mot mer enkelhet?<\/p>\n<p>Om du vill veta mer om Benedikt och klosterliv och om att leva inspirerad av klosterlivstanken avslutas boken med \u00e4nnu mer boktips och kontaktuppgifter.<\/p>\n<p>Karin Ahlqvist, diakonibloggen<\/p>\n","protected":false},"excerpt":{"rendered":"<p>Vi hoppas och l\u00e4ngtar och tror att sommaren f\u00e5r inneb\u00e4ra n\u00e5gra stunder i h\u00e4ngmattan, vid stranden eller i ett soffh\u00f6rn uppkrupen med en bok. Vi brukar varje sommar recensera och tipsa om aktuella b\u00f6cker som ber\u00f6r det diakonala omr\u00e5det &#8211; s\u00e5 \u00e4ven i \u00e5r. Munken inom dig, Den helige Benedikts verktyg f\u00f6r ett gott liv [&hellip;]<\/p>\n","protected":false},"author":776,"featured_media":0,"comment_status":"open","ping_status":"open","sticky":false,"template":"","format":"standard","meta":{"_acf_changed":false,"footnotes":""},"categories":[23301],"tags":[23452,23667,23767,24610],"class_list":["post-7088","post","type-post","status-publish","format-standard","hentry","category-diakonalt-arbete","tag-annika-spalde","tag-bokrecension","tag-diakoni","tag-munken-inom-dig"],"acf":[],"yoast_head":"<!-- This site is optimized with the Yoast SEO plugin v27.1.1 - https:\/\/yoast.com\/product\/yoast-seo-wordpress\/ -->\n<title>Munken inom dig av Annika Spalde - Diakonibloggen<\/title>\n<meta name=\"robots\" content=\"index, follow, max-snippet:-1, max-image-preview:large, max-video-preview:-1\" \/>\n<link rel=\"canonical\" href=\"https:\/\/blogg.svenskakyrkan.se\/diakonibloggen\/2019\/07\/28\/munken-inom-dig-av-annika-spalde\/\" \/>\n<meta property=\"og:locale\" content=\"sv_SE\" \/>\n<meta property=\"og:type\" content=\"article\" \/>\n<meta property=\"og:title\" content=\"Munken inom dig av Annika Spalde - Diakonibloggen\" \/>\n<meta property=\"og:description\" content=\"Vi hoppas och l\u00e4ngtar och tror att sommaren f\u00e5r inneb\u00e4ra n\u00e5gra stunder i h\u00e4ngmattan, vid stranden eller i ett soffh\u00f6rn uppkrupen med en bok. Vi brukar varje sommar recensera och tipsa om aktuella b\u00f6cker som ber\u00f6r det diakonala omr\u00e5det &#8211; s\u00e5 \u00e4ven i \u00e5r. Munken inom dig, Den helige Benedikts verktyg f\u00f6r ett gott liv [&hellip;]\" \/>\n<meta property=\"og:url\" content=\"https:\/\/blogg.svenskakyrkan.se\/diakonibloggen\/2019\/07\/28\/munken-inom-dig-av-annika-spalde\/\" \/>\n<meta property=\"og:site_name\" content=\"Diakonibloggen\" \/>\n<meta property=\"article:published_time\" content=\"2019-07-28T13:25:20+00:00\" \/>\n<meta property=\"article:modified_time\" content=\"2020-12-17T15:16:27+00:00\" \/>\n<meta property=\"og:image\" content=\"https:\/\/diakonibloggen.files.wordpress.com\/2019\/06\/skc3a4rmavbild-2019-06-26-kl.-11.56.25.png?w=176\" \/>\n<meta name=\"author\" content=\"diakonibloggen\" \/>\n<meta name=\"twitter:card\" content=\"summary_large_image\" \/>\n<meta name=\"twitter:label1\" content=\"Skriven av\" \/>\n\t<meta name=\"twitter:data1\" content=\"diakonibloggen\" \/>\n\t<meta name=\"twitter:label2\" content=\"Ber\u00e4knad l\u00e4stid\" \/>\n\t<meta name=\"twitter:data2\" content=\"2 minuter\" \/>\n<script type=\"application\/ld+json\" class=\"yoast-schema-graph\">{\"@context\":\"https:\/\/schema.org\",\"@graph\":[{\"@type\":\"Article\",\"@id\":\"https:\/\/blogg.svenskakyrkan.se\/diakonibloggen\/2019\/07\/28\/munken-inom-dig-av-annika-spalde\/#article\",\"isPartOf\":{\"@id\":\"https:\/\/blogg.svenskakyrkan.se\/diakonibloggen\/2019\/07\/28\/munken-inom-dig-av-annika-spalde\/\"},\"author\":{\"name\":\"diakonibloggen\",\"@id\":\"https:\/\/blogg.svenskakyrkan.se\/diakonibloggen\/#\/schema\/person\/8f6a6fe8efab23c141c7e274fec6405f\"},\"headline\":\"Munken inom dig av Annika Spalde\",\"datePublished\":\"2019-07-28T13:25:20+00:00\",\"dateModified\":\"2020-12-17T15:16:27+00:00\",\"mainEntityOfPage\":{\"@id\":\"https:\/\/blogg.svenskakyrkan.se\/diakonibloggen\/2019\/07\/28\/munken-inom-dig-av-annika-spalde\/\"},\"wordCount\":488,\"commentCount\":0,\"image\":{\"@id\":\"https:\/\/blogg.svenskakyrkan.se\/diakonibloggen\/2019\/07\/28\/munken-inom-dig-av-annika-spalde\/#primaryimage\"},\"thumbnailUrl\":\"https:\/\/diakonibloggen.files.wordpress.com\/2019\/06\/skc3a4rmavbild-2019-06-26-kl.-11.56.25.png?w=176\",\"keywords\":[\"Annika Spalde\",\"Bokrecension\",\"diakoni\",\"Munken inom dig\"],\"articleSection\":[\"Diakonalt arbete\"],\"inLanguage\":\"sv-SE\",\"potentialAction\":[{\"@type\":\"CommentAction\",\"name\":\"Comment\",\"target\":[\"https:\/\/blogg.svenskakyrkan.se\/diakonibloggen\/2019\/07\/28\/munken-inom-dig-av-annika-spalde\/#respond\"]}]},{\"@type\":\"WebPage\",\"@id\":\"https:\/\/blogg.svenskakyrkan.se\/diakonibloggen\/2019\/07\/28\/munken-inom-dig-av-annika-spalde\/\",\"url\":\"https:\/\/blogg.svenskakyrkan.se\/diakonibloggen\/2019\/07\/28\/munken-inom-dig-av-annika-spalde\/\",\"name\":\"Munken inom dig av Annika Spalde - Diakonibloggen\",\"isPartOf\":{\"@id\":\"https:\/\/blogg.svenskakyrkan.se\/diakonibloggen\/#website\"},\"primaryImageOfPage\":{\"@id\":\"https:\/\/blogg.svenskakyrkan.se\/diakonibloggen\/2019\/07\/28\/munken-inom-dig-av-annika-spalde\/#primaryimage\"},\"image\":{\"@id\":\"https:\/\/blogg.svenskakyrkan.se\/diakonibloggen\/2019\/07\/28\/munken-inom-dig-av-annika-spalde\/#primaryimage\"},\"thumbnailUrl\":\"https:\/\/diakonibloggen.files.wordpress.com\/2019\/06\/skc3a4rmavbild-2019-06-26-kl.-11.56.25.png?w=176\",\"datePublished\":\"2019-07-28T13:25:20+00:00\",\"dateModified\":\"2020-12-17T15:16:27+00:00\",\"author\":{\"@id\":\"https:\/\/blogg.svenskakyrkan.se\/diakonibloggen\/#\/schema\/person\/8f6a6fe8efab23c141c7e274fec6405f\"},\"breadcrumb\":{\"@id\":\"https:\/\/blogg.svenskakyrkan.se\/diakonibloggen\/2019\/07\/28\/munken-inom-dig-av-annika-spalde\/#breadcrumb\"},\"inLanguage\":\"sv-SE\",\"potentialAction\":[{\"@type\":\"ReadAction\",\"target\":[\"https:\/\/blogg.svenskakyrkan.se\/diakonibloggen\/2019\/07\/28\/munken-inom-dig-av-annika-spalde\/\"]}]},{\"@type\":\"ImageObject\",\"inLanguage\":\"sv-SE\",\"@id\":\"https:\/\/blogg.svenskakyrkan.se\/diakonibloggen\/2019\/07\/28\/munken-inom-dig-av-annika-spalde\/#primaryimage\",\"url\":\"https:\/\/diakonibloggen.files.wordpress.com\/2019\/06\/skc3a4rmavbild-2019-06-26-kl.-11.56.25.png?w=176\",\"contentUrl\":\"https:\/\/diakonibloggen.files.wordpress.com\/2019\/06\/skc3a4rmavbild-2019-06-26-kl.-11.56.25.png?w=176\"},{\"@type\":\"BreadcrumbList\",\"@id\":\"https:\/\/blogg.svenskakyrkan.se\/diakonibloggen\/2019\/07\/28\/munken-inom-dig-av-annika-spalde\/#breadcrumb\",\"itemListElement\":[{\"@type\":\"ListItem\",\"position\":1,\"name\":\"Hem\",\"item\":\"https:\/\/blogg.svenskakyrkan.se\/diakonibloggen\/\"},{\"@type\":\"ListItem\",\"position\":2,\"name\":\"Munken inom dig av Annika Spalde\"}]},{\"@type\":\"WebSite\",\"@id\":\"https:\/\/blogg.svenskakyrkan.se\/diakonibloggen\/#website\",\"url\":\"https:\/\/blogg.svenskakyrkan.se\/diakonibloggen\/\",\"name\":\"Diakonibloggen\",\"description\":\"Vi lyfter fram, hyllar, diskuterar och inspirerar till diakonalt arbete inom och utanf\u00f6r Svenska kyrkans ramar.\",\"potentialAction\":[{\"@type\":\"SearchAction\",\"target\":{\"@type\":\"EntryPoint\",\"urlTemplate\":\"https:\/\/blogg.svenskakyrkan.se\/diakonibloggen\/?s={search_term_string}\"},\"query-input\":{\"@type\":\"PropertyValueSpecification\",\"valueRequired\":true,\"valueName\":\"search_term_string\"}}],\"inLanguage\":\"sv-SE\"},{\"@type\":\"Person\",\"@id\":\"https:\/\/blogg.svenskakyrkan.se\/diakonibloggen\/#\/schema\/person\/8f6a6fe8efab23c141c7e274fec6405f\",\"name\":\"diakonibloggen\",\"image\":{\"@type\":\"ImageObject\",\"inLanguage\":\"sv-SE\",\"@id\":\"https:\/\/blogg.svenskakyrkan.se\/diakonibloggen\/#\/schema\/person\/image\/\",\"url\":\"https:\/\/secure.gravatar.com\/avatar\/95c0ca86fd13e3d8c1b7b7e9864c9a2ccb7b48c6f756a3b5447bcc13dd630488?s=96&d=mm&r=g\",\"contentUrl\":\"https:\/\/secure.gravatar.com\/avatar\/95c0ca86fd13e3d8c1b7b7e9864c9a2ccb7b48c6f756a3b5447bcc13dd630488?s=96&d=mm&r=g\",\"caption\":\"diakonibloggen\"},\"url\":\"https:\/\/blogg.svenskakyrkan.se\/diakonibloggen\/author\/diakonibloggen\/\"}]}<\/script>\n<!-- \/ Yoast SEO plugin. -->","yoast_head_json":{"title":"Munken inom dig av Annika Spalde - Diakonibloggen","robots":{"index":"index","follow":"follow","max-snippet":"max-snippet:-1","max-image-preview":"max-image-preview:large","max-video-preview":"max-video-preview:-1"},"canonical":"https:\/\/blogg.svenskakyrkan.se\/diakonibloggen\/2019\/07\/28\/munken-inom-dig-av-annika-spalde\/","og_locale":"sv_SE","og_type":"article","og_title":"Munken inom dig av Annika Spalde - Diakonibloggen","og_description":"Vi hoppas och l\u00e4ngtar och tror att sommaren f\u00e5r inneb\u00e4ra n\u00e5gra stunder i h\u00e4ngmattan, vid stranden eller i ett soffh\u00f6rn uppkrupen med en bok. Vi brukar varje sommar recensera och tipsa om aktuella b\u00f6cker som ber\u00f6r det diakonala omr\u00e5det &#8211; s\u00e5 \u00e4ven i \u00e5r. Munken inom dig, Den helige Benedikts verktyg f\u00f6r ett gott liv [&hellip;]","og_url":"https:\/\/blogg.svenskakyrkan.se\/diakonibloggen\/2019\/07\/28\/munken-inom-dig-av-annika-spalde\/","og_site_name":"Diakonibloggen","article_published_time":"2019-07-28T13:25:20+00:00","article_modified_time":"2020-12-17T15:16:27+00:00","og_image":[{"url":"https:\/\/diakonibloggen.files.wordpress.com\/2019\/06\/skc3a4rmavbild-2019-06-26-kl.-11.56.25.png?w=176","type":"","width":"","height":""}],"author":"diakonibloggen","twitter_card":"summary_large_image","twitter_misc":{"Skriven av":"diakonibloggen","Ber\u00e4knad l\u00e4stid":"2 minuter"},"schema":{"@context":"https:\/\/schema.org","@graph":[{"@type":"Article","@id":"https:\/\/blogg.svenskakyrkan.se\/diakonibloggen\/2019\/07\/28\/munken-inom-dig-av-annika-spalde\/#article","isPartOf":{"@id":"https:\/\/blogg.svenskakyrkan.se\/diakonibloggen\/2019\/07\/28\/munken-inom-dig-av-annika-spalde\/"},"author":{"name":"diakonibloggen","@id":"https:\/\/blogg.svenskakyrkan.se\/diakonibloggen\/#\/schema\/person\/8f6a6fe8efab23c141c7e274fec6405f"},"headline":"Munken inom dig av Annika Spalde","datePublished":"2019-07-28T13:25:20+00:00","dateModified":"2020-12-17T15:16:27+00:00","mainEntityOfPage":{"@id":"https:\/\/blogg.svenskakyrkan.se\/diakonibloggen\/2019\/07\/28\/munken-inom-dig-av-annika-spalde\/"},"wordCount":488,"commentCount":0,"image":{"@id":"https:\/\/blogg.svenskakyrkan.se\/diakonibloggen\/2019\/07\/28\/munken-inom-dig-av-annika-spalde\/#primaryimage"},"thumbnailUrl":"https:\/\/diakonibloggen.files.wordpress.com\/2019\/06\/skc3a4rmavbild-2019-06-26-kl.-11.56.25.png?w=176","keywords":["Annika Spalde","Bokrecension","diakoni","Munken inom dig"],"articleSection":["Diakonalt arbete"],"inLanguage":"sv-SE","potentialAction":[{"@type":"CommentAction","name":"Comment","target":["https:\/\/blogg.svenskakyrkan.se\/diakonibloggen\/2019\/07\/28\/munken-inom-dig-av-annika-spalde\/#respond"]}]},{"@type":"WebPage","@id":"https:\/\/blogg.svenskakyrkan.se\/diakonibloggen\/2019\/07\/28\/munken-inom-dig-av-annika-spalde\/","url":"https:\/\/blogg.svenskakyrkan.se\/diakonibloggen\/2019\/07\/28\/munken-inom-dig-av-annika-spalde\/","name":"Munken inom dig av Annika Spalde - Diakonibloggen","isPartOf":{"@id":"https:\/\/blogg.svenskakyrkan.se\/diakonibloggen\/#website"},"primaryImageOfPage":{"@id":"https:\/\/blogg.svenskakyrkan.se\/diakonibloggen\/2019\/07\/28\/munken-inom-dig-av-annika-spalde\/#primaryimage"},"image":{"@id":"https:\/\/blogg.svenskakyrkan.se\/diakonibloggen\/2019\/07\/28\/munken-inom-dig-av-annika-spalde\/#primaryimage"},"thumbnailUrl":"https:\/\/diakonibloggen.files.wordpress.com\/2019\/06\/skc3a4rmavbild-2019-06-26-kl.-11.56.25.png?w=176","datePublished":"2019-07-28T13:25:20+00:00","dateModified":"2020-12-17T15:16:27+00:00","author":{"@id":"https:\/\/blogg.svenskakyrkan.se\/diakonibloggen\/#\/schema\/person\/8f6a6fe8efab23c141c7e274fec6405f"},"breadcrumb":{"@id":"https:\/\/blogg.svenskakyrkan.se\/diakonibloggen\/2019\/07\/28\/munken-inom-dig-av-annika-spalde\/#breadcrumb"},"inLanguage":"sv-SE","potentialAction":[{"@type":"ReadAction","target":["https:\/\/blogg.svenskakyrkan.se\/diakonibloggen\/2019\/07\/28\/munken-inom-dig-av-annika-spalde\/"]}]},{"@type":"ImageObject","inLanguage":"sv-SE","@id":"https:\/\/blogg.svenskakyrkan.se\/diakonibloggen\/2019\/07\/28\/munken-inom-dig-av-annika-spalde\/#primaryimage","url":"https:\/\/diakonibloggen.files.wordpress.com\/2019\/06\/skc3a4rmavbild-2019-06-26-kl.-11.56.25.png?w=176","contentUrl":"https:\/\/diakonibloggen.files.wordpress.com\/2019\/06\/skc3a4rmavbild-2019-06-26-kl.-11.56.25.png?w=176"},{"@type":"BreadcrumbList","@id":"https:\/\/blogg.svenskakyrkan.se\/diakonibloggen\/2019\/07\/28\/munken-inom-dig-av-annika-spalde\/#breadcrumb","itemListElement":[{"@type":"ListItem","position":1,"name":"Hem","item":"https:\/\/blogg.svenskakyrkan.se\/diakonibloggen\/"},{"@type":"ListItem","position":2,"name":"Munken inom dig av Annika Spalde"}]},{"@type":"WebSite","@id":"https:\/\/blogg.svenskakyrkan.se\/diakonibloggen\/#website","url":"https:\/\/blogg.svenskakyrkan.se\/diakonibloggen\/","name":"Diakonibloggen","description":"Vi lyfter fram, hyllar, diskuterar och inspirerar till diakonalt arbete inom och utanf\u00f6r Svenska kyrkans ramar.","potentialAction":[{"@type":"SearchAction","target":{"@type":"EntryPoint","urlTemplate":"https:\/\/blogg.svenskakyrkan.se\/diakonibloggen\/?s={search_term_string}"},"query-input":{"@type":"PropertyValueSpecification","valueRequired":true,"valueName":"search_term_string"}}],"inLanguage":"sv-SE"},{"@type":"Person","@id":"https:\/\/blogg.svenskakyrkan.se\/diakonibloggen\/#\/schema\/person\/8f6a6fe8efab23c141c7e274fec6405f","name":"diakonibloggen","image":{"@type":"ImageObject","inLanguage":"sv-SE","@id":"https:\/\/blogg.svenskakyrkan.se\/diakonibloggen\/#\/schema\/person\/image\/","url":"https:\/\/secure.gravatar.com\/avatar\/95c0ca86fd13e3d8c1b7b7e9864c9a2ccb7b48c6f756a3b5447bcc13dd630488?s=96&d=mm&r=g","contentUrl":"https:\/\/secure.gravatar.com\/avatar\/95c0ca86fd13e3d8c1b7b7e9864c9a2ccb7b48c6f756a3b5447bcc13dd630488?s=96&d=mm&r=g","caption":"diakonibloggen"},"url":"https:\/\/blogg.svenskakyrkan.se\/diakonibloggen\/author\/diakonibloggen\/"}]}},"author_meta":{"ID":"776","user_nicename":"diakonibloggen","user_registered":"2020-12-17 14:50:06","display_name":"diakonibloggen","avatar":"https:\/\/blogg.svenskakyrkan.se\/diakonibloggen\/files\/2021\/02\/Sk\u00e4rmavbild-2019-04-12-kl.-14.20.54-150x150.png"},"featured_image":false,"bloginfo":{"name":"Diakonibloggen","url":"https:\/\/blogg.svenskakyrkan.se\/diakonibloggen"},"_links":{"self":[{"href":"https:\/\/blogg.svenskakyrkan.se\/diakonibloggen\/wp-json\/wp\/v2\/posts\/7088","targetHints":{"allow":["GET"]}}],"collection":[{"href":"https:\/\/blogg.svenskakyrkan.se\/diakonibloggen\/wp-json\/wp\/v2\/posts"}],"about":[{"href":"https:\/\/blogg.svenskakyrkan.se\/diakonibloggen\/wp-json\/wp\/v2\/types\/post"}],"author":[{"embeddable":true,"href":"https:\/\/blogg.svenskakyrkan.se\/diakonibloggen\/wp-json\/wp\/v2\/users\/776"}],"replies":[{"embeddable":true,"href":"https:\/\/blogg.svenskakyrkan.se\/diakonibloggen\/wp-json\/wp\/v2\/comments?post=7088"}],"version-history":[{"count":1,"href":"https:\/\/blogg.svenskakyrkan.se\/diakonibloggen\/wp-json\/wp\/v2\/posts\/7088\/revisions"}],"predecessor-version":[{"id":8272,"href":"https:\/\/blogg.svenskakyrkan.se\/diakonibloggen\/wp-json\/wp\/v2\/posts\/7088\/revisions\/8272"}],"wp:attachment":[{"href":"https:\/\/blogg.svenskakyrkan.se\/diakonibloggen\/wp-json\/wp\/v2\/media?parent=7088"}],"wp:term":[{"taxonomy":"category","embeddable":true,"href":"https:\/\/blogg.svenskakyrkan.se\/diakonibloggen\/wp-json\/wp\/v2\/categories?post=7088"},{"taxonomy":"post_tag","embeddable":true,"href":"https:\/\/blogg.svenskakyrkan.se\/diakonibloggen\/wp-json\/wp\/v2\/tags?post=7088"}],"curies":[{"name":"wp","href":"https:\/\/api.w.org\/{rel}","templated":true}]}}