{"id":7139,"date":"2019-08-18T10:13:05","date_gmt":"2019-08-18T10:13:05","guid":{"rendered":"http:\/\/diakonibloggen.com\/?p=7139"},"modified":"2020-12-17T15:16:16","modified_gmt":"2020-12-17T15:16:16","slug":"feminism-och-kyrkan","status":"publish","type":"post","link":"https:\/\/blogg.svenskakyrkan.se\/diakonibloggen\/2019\/08\/18\/feminism-och-kyrkan\/","title":{"rendered":"Feminism och kyrkan"},"content":{"rendered":"<p>Vi hoppas och l\u00e4ngtar och tror att sommaren f\u00e5r inneb\u00e4ra n\u00e5gra stunder i h\u00e4ngmattan, vid stranden eller i ett soffh\u00f6rn uppkrupen med en bok.\u00a0Vi brukar varje sommar recensera och tipsa om aktuella b\u00f6cker som ber\u00f6r det diakonala omr\u00e5det \u2013 s\u00e5 \u00e4ven i \u00e5r.<\/p>\n<p><a href=\"https:\/\/www.argument.se\/produkt\/andakt-bon-och-fordjupning\/feminism-och-kyrkan\/\"><strong>Feminism och kyrkan; Lina Mattebo (red), Argument\/Bilda 2014<\/strong><\/a><em><br \/>\n<\/em><em><br \/>\n<\/em>Jag \u00e4lskar kyrkan, kanske \u00e4r det d\u00e4rf\u00f6r den ibland g\u00f6r mig s\u00e5 vansinnigt frustrerad. S\u00e5 inleds antologin <em>Feminism och kyrkan<\/em>. Texterna (och serieteckningarna) i boken utg\u00e5r fr\u00e5n en k\u00e4rlek till kyrkan men samtidigt just en frustration n\u00e4r kyrkan inte tar tillvara det arv av frig\u00f6relse fr\u00e5n patriarkat och k\u00f6nsf\u00f6rtryck som faktiskt finns och ist\u00e4llet snarare bevarar arvet av just f\u00f6rtrycket.<\/p>\n<p><a href=\"http:\/\/diakonibloggen.com\/2019\/08\/18\/feminism-och-kyrkan\/skarmavbild-2019-08-12-kl-10-10-44\/\" rel=\"attachment wp-att-7141\"><img loading=\"lazy\" decoding=\"async\" class=\"alignleft size-full wp-image-7141\" src=\"https:\/\/diakonibloggen.files.wordpress.com\/2019\/08\/skc3a4rmavbild-2019-08-12-kl.-10.10.44.png\" alt=\"\" width=\"158\" height=\"213\" \/><\/a>Det m\u00e4rks att boken har skrivits tillsammans med ett \u201dfrikyrkligt\u201d studief\u00f6rbund . De flesta texter \u00e4r f\u00f6rfattade av kvinnor och m\u00e4n med sin hemvist i frikyrkorna och de \u00e4r skrivna ur ett folkbildande perspektiv. Detta \u00e4r n\u00e5got jag sj\u00e4lv uppskattade \u2013 just att texterna \u00e4r skrivna p\u00e5 ett s\u00e4tt som \u00e4r tillg\u00e4ngligt f\u00f6r vanliga f\u00f6rsamlingsmedlemmar utan vara \u00f6verbelastad med en genusteoretisk och sekul\u00e4r begreppsapparat, som \u00e4r satt i ett verkligt f\u00f6rsamlingssammanhang och som tar upp fr\u00e5gor som vanliga kristna brottas med n\u00e4r det kommer till tro och j\u00e4mlikhet. Det g\u00f6r boken fullt anv\u00e4ndbar f\u00f6r samtalsgrupper i f\u00f6rsamlingslivet, \u00e4ven inom Svenska kyrkan.<\/p>\n<p>Boken tar upp \u00e4mnen som de sv\u00e5ra och goda bibelorden och bibelber\u00e4ttelserna (till exempel Johanna Gustavsson om den kvinnliga l\u00f6ftestraditionen), om spr\u00e5ket f\u00f6r Gud, om kyrkan som motst\u00e5nd till patriarkatet och som f\u00f6r\u00e4ndringskraft till j\u00e4mlikhet, om att vara feministisk kyrka och kristen feminist och om grundl\u00e4ggande feministiska iakttagelser i den kyrkliga milj\u00f6n. Genomg\u00e5ende, som en r\u00f6d tr\u00e5d finns bibelordet fr\u00e5n Galaterbrevet 3:28: <em>Nu \u00e4r ingen l\u00e4ngre jude eller grek, slav eller fri, man eller kvinna. Alla \u00e4r ni ett i Kristus Jesus. <\/em>N\u00e5got som ocks\u00e5 \u00e5terkommer som och som bland annat Lina Mattebo tar upp \u00e4r v\u00e4ckelser\u00f6relsernas inledande j\u00e4mlikhetsideal: <em>Budskapet om Guds k\u00e4rlek och anspr\u00e5k var viktigare \u00e4n k\u00f6nsrollerna och gjorde d\u00e4rf\u00f6r att kvinnor fick predika och i vissa fall bli ledare i r\u00f6relsen.\u00a0<\/em>Det \u00e4r viktigt\u00a0att reflektera f\u00f6r en svenskkyrklig \u00f6ver v\u00e4ckelser\u00f6relsens historia n\u00e4r det kommer till j\u00e4mlikhet och patriarkala m\u00f6nster. Vi sl\u00e5r oss ibland g\u00e4rna f\u00f6r br\u00f6stet men har mycket att h\u00e4mta och l\u00e4ra. \u00c4n idag.<\/p>\n<p>M\u00e4rkligt i bokens sammanhang blir Johanna Gustafsson Lundbergs text om genusperspektiv i kyrkan som bryter tonen i antologin med att h\u00e5lla en ganska h\u00f6g akademisk niv\u00e5 samt v\u00e4lja att ganska h\u00e5rt kritisera en av bokens medf\u00f6rfattare Patrik Hagmans teologi. Hagman f\u00e5r sj\u00e4lv aldrig svara p\u00e5 den kritiken. Ist\u00e4llet har han skrivit en av bokens starkaste bidrag till samtalet om varf\u00f6r feminismen och kyrkan verkligen beh\u00f6ver varandra. Han skriver om kyrkan: <em>\u2026en kropp som samtidigt bejakar olikhet och lika v\u00e4rde.\u00a0<\/em><em>Att vara den kroppen \u00e4r att f\u00f6rs\u00f6ka leva ett liv d\u00e4r k\u00e4rlek g\u00e5r f\u00f6re prestation och d\u00e4r f\u00f6rl\u00e5telse, inte exkludering, \u00e4r svaret p\u00e5 v\u00e5ra misslyckanden.<\/em><\/p>\n<p>Fredrik Hollertz,\u00a0pr\u00e4st i R\u00e5sl\u00e4tts kyrka<\/p>\n","protected":false},"excerpt":{"rendered":"<p>Vi hoppas och l\u00e4ngtar och tror att sommaren f\u00e5r inneb\u00e4ra n\u00e5gra stunder i h\u00e4ngmattan, vid stranden eller i ett soffh\u00f6rn uppkrupen med en bok.\u00a0Vi brukar varje sommar recensera och tipsa om aktuella b\u00f6cker som ber\u00f6r det diakonala omr\u00e5det \u2013 s\u00e5 \u00e4ven i \u00e5r. Feminism och kyrkan; Lina Mattebo (red), Argument\/Bilda 2014 Jag \u00e4lskar kyrkan, kanske [&hellip;]<\/p>\n","protected":false},"author":776,"featured_media":0,"comment_status":"open","ping_status":"open","sticky":false,"template":"","format":"standard","meta":{"_acf_changed":false,"footnotes":""},"categories":[23298,23301,23302],"tags":[23979,24027,24705],"class_list":["post-7139","post","type-post","status-publish","format-standard","hentry","category-bokrecension","category-diakonalt-arbete","category-diakoni","tag-feminism-och-kyrkan","tag-fredrik-hollertz","tag-patriarkat"],"acf":[],"yoast_head":"<!-- This site is optimized with the Yoast SEO plugin v27.1.1 - https:\/\/yoast.com\/product\/yoast-seo-wordpress\/ -->\n<title>Feminism och kyrkan - Diakonibloggen<\/title>\n<meta name=\"robots\" content=\"index, follow, max-snippet:-1, max-image-preview:large, max-video-preview:-1\" \/>\n<link rel=\"canonical\" href=\"https:\/\/blogg.svenskakyrkan.se\/diakonibloggen\/2019\/08\/18\/feminism-och-kyrkan\/\" \/>\n<meta property=\"og:locale\" content=\"sv_SE\" \/>\n<meta property=\"og:type\" content=\"article\" \/>\n<meta property=\"og:title\" content=\"Feminism och kyrkan - Diakonibloggen\" \/>\n<meta property=\"og:description\" content=\"Vi hoppas och l\u00e4ngtar och tror att sommaren f\u00e5r inneb\u00e4ra n\u00e5gra stunder i h\u00e4ngmattan, vid stranden eller i ett soffh\u00f6rn uppkrupen med en bok.\u00a0Vi brukar varje sommar recensera och tipsa om aktuella b\u00f6cker som ber\u00f6r det diakonala omr\u00e5det \u2013 s\u00e5 \u00e4ven i \u00e5r. Feminism och kyrkan; Lina Mattebo (red), Argument\/Bilda 2014 Jag \u00e4lskar kyrkan, kanske [&hellip;]\" \/>\n<meta property=\"og:url\" content=\"https:\/\/blogg.svenskakyrkan.se\/diakonibloggen\/2019\/08\/18\/feminism-och-kyrkan\/\" \/>\n<meta property=\"og:site_name\" content=\"Diakonibloggen\" \/>\n<meta property=\"article:published_time\" content=\"2019-08-18T10:13:05+00:00\" \/>\n<meta property=\"article:modified_time\" content=\"2020-12-17T15:16:16+00:00\" \/>\n<meta property=\"og:image\" content=\"https:\/\/diakonibloggen.files.wordpress.com\/2019\/08\/skc3a4rmavbild-2019-08-12-kl.-10.10.44.png\" \/>\n<meta name=\"author\" content=\"diakonibloggen\" \/>\n<meta name=\"twitter:card\" content=\"summary_large_image\" \/>\n<meta name=\"twitter:label1\" content=\"Skriven av\" \/>\n\t<meta name=\"twitter:data1\" content=\"diakonibloggen\" \/>\n\t<meta name=\"twitter:label2\" content=\"Ber\u00e4knad l\u00e4stid\" \/>\n\t<meta name=\"twitter:data2\" content=\"3 minuter\" \/>\n<script type=\"application\/ld+json\" class=\"yoast-schema-graph\">{\"@context\":\"https:\/\/schema.org\",\"@graph\":[{\"@type\":\"Article\",\"@id\":\"https:\/\/blogg.svenskakyrkan.se\/diakonibloggen\/2019\/08\/18\/feminism-och-kyrkan\/#article\",\"isPartOf\":{\"@id\":\"https:\/\/blogg.svenskakyrkan.se\/diakonibloggen\/2019\/08\/18\/feminism-och-kyrkan\/\"},\"author\":{\"name\":\"diakonibloggen\",\"@id\":\"https:\/\/blogg.svenskakyrkan.se\/diakonibloggen\/#\/schema\/person\/8f6a6fe8efab23c141c7e274fec6405f\"},\"headline\":\"Feminism och kyrkan\",\"datePublished\":\"2019-08-18T10:13:05+00:00\",\"dateModified\":\"2020-12-17T15:16:16+00:00\",\"mainEntityOfPage\":{\"@id\":\"https:\/\/blogg.svenskakyrkan.se\/diakonibloggen\/2019\/08\/18\/feminism-och-kyrkan\/\"},\"wordCount\":585,\"commentCount\":0,\"image\":{\"@id\":\"https:\/\/blogg.svenskakyrkan.se\/diakonibloggen\/2019\/08\/18\/feminism-och-kyrkan\/#primaryimage\"},\"thumbnailUrl\":\"https:\/\/diakonibloggen.files.wordpress.com\/2019\/08\/skc3a4rmavbild-2019-08-12-kl.-10.10.44.png\",\"keywords\":[\"Feminism och kyrkan\",\"Fredrik Hollertz\",\"patriarkat\"],\"articleSection\":[\"Bokrecension\",\"Diakonalt arbete\",\"diakoni\"],\"inLanguage\":\"sv-SE\",\"potentialAction\":[{\"@type\":\"CommentAction\",\"name\":\"Comment\",\"target\":[\"https:\/\/blogg.svenskakyrkan.se\/diakonibloggen\/2019\/08\/18\/feminism-och-kyrkan\/#respond\"]}]},{\"@type\":\"WebPage\",\"@id\":\"https:\/\/blogg.svenskakyrkan.se\/diakonibloggen\/2019\/08\/18\/feminism-och-kyrkan\/\",\"url\":\"https:\/\/blogg.svenskakyrkan.se\/diakonibloggen\/2019\/08\/18\/feminism-och-kyrkan\/\",\"name\":\"Feminism och kyrkan - Diakonibloggen\",\"isPartOf\":{\"@id\":\"https:\/\/blogg.svenskakyrkan.se\/diakonibloggen\/#website\"},\"primaryImageOfPage\":{\"@id\":\"https:\/\/blogg.svenskakyrkan.se\/diakonibloggen\/2019\/08\/18\/feminism-och-kyrkan\/#primaryimage\"},\"image\":{\"@id\":\"https:\/\/blogg.svenskakyrkan.se\/diakonibloggen\/2019\/08\/18\/feminism-och-kyrkan\/#primaryimage\"},\"thumbnailUrl\":\"https:\/\/diakonibloggen.files.wordpress.com\/2019\/08\/skc3a4rmavbild-2019-08-12-kl.-10.10.44.png\",\"datePublished\":\"2019-08-18T10:13:05+00:00\",\"dateModified\":\"2020-12-17T15:16:16+00:00\",\"author\":{\"@id\":\"https:\/\/blogg.svenskakyrkan.se\/diakonibloggen\/#\/schema\/person\/8f6a6fe8efab23c141c7e274fec6405f\"},\"breadcrumb\":{\"@id\":\"https:\/\/blogg.svenskakyrkan.se\/diakonibloggen\/2019\/08\/18\/feminism-och-kyrkan\/#breadcrumb\"},\"inLanguage\":\"sv-SE\",\"potentialAction\":[{\"@type\":\"ReadAction\",\"target\":[\"https:\/\/blogg.svenskakyrkan.se\/diakonibloggen\/2019\/08\/18\/feminism-och-kyrkan\/\"]}]},{\"@type\":\"ImageObject\",\"inLanguage\":\"sv-SE\",\"@id\":\"https:\/\/blogg.svenskakyrkan.se\/diakonibloggen\/2019\/08\/18\/feminism-och-kyrkan\/#primaryimage\",\"url\":\"https:\/\/diakonibloggen.files.wordpress.com\/2019\/08\/skc3a4rmavbild-2019-08-12-kl.-10.10.44.png\",\"contentUrl\":\"https:\/\/diakonibloggen.files.wordpress.com\/2019\/08\/skc3a4rmavbild-2019-08-12-kl.-10.10.44.png\"},{\"@type\":\"BreadcrumbList\",\"@id\":\"https:\/\/blogg.svenskakyrkan.se\/diakonibloggen\/2019\/08\/18\/feminism-och-kyrkan\/#breadcrumb\",\"itemListElement\":[{\"@type\":\"ListItem\",\"position\":1,\"name\":\"Hem\",\"item\":\"https:\/\/blogg.svenskakyrkan.se\/diakonibloggen\/\"},{\"@type\":\"ListItem\",\"position\":2,\"name\":\"Feminism och kyrkan\"}]},{\"@type\":\"WebSite\",\"@id\":\"https:\/\/blogg.svenskakyrkan.se\/diakonibloggen\/#website\",\"url\":\"https:\/\/blogg.svenskakyrkan.se\/diakonibloggen\/\",\"name\":\"Diakonibloggen\",\"description\":\"Vi lyfter fram, hyllar, diskuterar och inspirerar till diakonalt arbete inom och utanf\u00f6r Svenska kyrkans ramar.\",\"potentialAction\":[{\"@type\":\"SearchAction\",\"target\":{\"@type\":\"EntryPoint\",\"urlTemplate\":\"https:\/\/blogg.svenskakyrkan.se\/diakonibloggen\/?s={search_term_string}\"},\"query-input\":{\"@type\":\"PropertyValueSpecification\",\"valueRequired\":true,\"valueName\":\"search_term_string\"}}],\"inLanguage\":\"sv-SE\"},{\"@type\":\"Person\",\"@id\":\"https:\/\/blogg.svenskakyrkan.se\/diakonibloggen\/#\/schema\/person\/8f6a6fe8efab23c141c7e274fec6405f\",\"name\":\"diakonibloggen\",\"image\":{\"@type\":\"ImageObject\",\"inLanguage\":\"sv-SE\",\"@id\":\"https:\/\/blogg.svenskakyrkan.se\/diakonibloggen\/#\/schema\/person\/image\/\",\"url\":\"https:\/\/secure.gravatar.com\/avatar\/95c0ca86fd13e3d8c1b7b7e9864c9a2ccb7b48c6f756a3b5447bcc13dd630488?s=96&d=mm&r=g\",\"contentUrl\":\"https:\/\/secure.gravatar.com\/avatar\/95c0ca86fd13e3d8c1b7b7e9864c9a2ccb7b48c6f756a3b5447bcc13dd630488?s=96&d=mm&r=g\",\"caption\":\"diakonibloggen\"},\"url\":\"https:\/\/blogg.svenskakyrkan.se\/diakonibloggen\/author\/diakonibloggen\/\"}]}<\/script>\n<!-- \/ Yoast SEO plugin. -->","yoast_head_json":{"title":"Feminism och kyrkan - Diakonibloggen","robots":{"index":"index","follow":"follow","max-snippet":"max-snippet:-1","max-image-preview":"max-image-preview:large","max-video-preview":"max-video-preview:-1"},"canonical":"https:\/\/blogg.svenskakyrkan.se\/diakonibloggen\/2019\/08\/18\/feminism-och-kyrkan\/","og_locale":"sv_SE","og_type":"article","og_title":"Feminism och kyrkan - Diakonibloggen","og_description":"Vi hoppas och l\u00e4ngtar och tror att sommaren f\u00e5r inneb\u00e4ra n\u00e5gra stunder i h\u00e4ngmattan, vid stranden eller i ett soffh\u00f6rn uppkrupen med en bok.\u00a0Vi brukar varje sommar recensera och tipsa om aktuella b\u00f6cker som ber\u00f6r det diakonala omr\u00e5det \u2013 s\u00e5 \u00e4ven i \u00e5r. Feminism och kyrkan; Lina Mattebo (red), Argument\/Bilda 2014 Jag \u00e4lskar kyrkan, kanske [&hellip;]","og_url":"https:\/\/blogg.svenskakyrkan.se\/diakonibloggen\/2019\/08\/18\/feminism-och-kyrkan\/","og_site_name":"Diakonibloggen","article_published_time":"2019-08-18T10:13:05+00:00","article_modified_time":"2020-12-17T15:16:16+00:00","og_image":[{"url":"https:\/\/diakonibloggen.files.wordpress.com\/2019\/08\/skc3a4rmavbild-2019-08-12-kl.-10.10.44.png","type":"","width":"","height":""}],"author":"diakonibloggen","twitter_card":"summary_large_image","twitter_misc":{"Skriven av":"diakonibloggen","Ber\u00e4knad l\u00e4stid":"3 minuter"},"schema":{"@context":"https:\/\/schema.org","@graph":[{"@type":"Article","@id":"https:\/\/blogg.svenskakyrkan.se\/diakonibloggen\/2019\/08\/18\/feminism-och-kyrkan\/#article","isPartOf":{"@id":"https:\/\/blogg.svenskakyrkan.se\/diakonibloggen\/2019\/08\/18\/feminism-och-kyrkan\/"},"author":{"name":"diakonibloggen","@id":"https:\/\/blogg.svenskakyrkan.se\/diakonibloggen\/#\/schema\/person\/8f6a6fe8efab23c141c7e274fec6405f"},"headline":"Feminism och kyrkan","datePublished":"2019-08-18T10:13:05+00:00","dateModified":"2020-12-17T15:16:16+00:00","mainEntityOfPage":{"@id":"https:\/\/blogg.svenskakyrkan.se\/diakonibloggen\/2019\/08\/18\/feminism-och-kyrkan\/"},"wordCount":585,"commentCount":0,"image":{"@id":"https:\/\/blogg.svenskakyrkan.se\/diakonibloggen\/2019\/08\/18\/feminism-och-kyrkan\/#primaryimage"},"thumbnailUrl":"https:\/\/diakonibloggen.files.wordpress.com\/2019\/08\/skc3a4rmavbild-2019-08-12-kl.-10.10.44.png","keywords":["Feminism och kyrkan","Fredrik Hollertz","patriarkat"],"articleSection":["Bokrecension","Diakonalt arbete","diakoni"],"inLanguage":"sv-SE","potentialAction":[{"@type":"CommentAction","name":"Comment","target":["https:\/\/blogg.svenskakyrkan.se\/diakonibloggen\/2019\/08\/18\/feminism-och-kyrkan\/#respond"]}]},{"@type":"WebPage","@id":"https:\/\/blogg.svenskakyrkan.se\/diakonibloggen\/2019\/08\/18\/feminism-och-kyrkan\/","url":"https:\/\/blogg.svenskakyrkan.se\/diakonibloggen\/2019\/08\/18\/feminism-och-kyrkan\/","name":"Feminism och kyrkan - Diakonibloggen","isPartOf":{"@id":"https:\/\/blogg.svenskakyrkan.se\/diakonibloggen\/#website"},"primaryImageOfPage":{"@id":"https:\/\/blogg.svenskakyrkan.se\/diakonibloggen\/2019\/08\/18\/feminism-och-kyrkan\/#primaryimage"},"image":{"@id":"https:\/\/blogg.svenskakyrkan.se\/diakonibloggen\/2019\/08\/18\/feminism-och-kyrkan\/#primaryimage"},"thumbnailUrl":"https:\/\/diakonibloggen.files.wordpress.com\/2019\/08\/skc3a4rmavbild-2019-08-12-kl.-10.10.44.png","datePublished":"2019-08-18T10:13:05+00:00","dateModified":"2020-12-17T15:16:16+00:00","author":{"@id":"https:\/\/blogg.svenskakyrkan.se\/diakonibloggen\/#\/schema\/person\/8f6a6fe8efab23c141c7e274fec6405f"},"breadcrumb":{"@id":"https:\/\/blogg.svenskakyrkan.se\/diakonibloggen\/2019\/08\/18\/feminism-och-kyrkan\/#breadcrumb"},"inLanguage":"sv-SE","potentialAction":[{"@type":"ReadAction","target":["https:\/\/blogg.svenskakyrkan.se\/diakonibloggen\/2019\/08\/18\/feminism-och-kyrkan\/"]}]},{"@type":"ImageObject","inLanguage":"sv-SE","@id":"https:\/\/blogg.svenskakyrkan.se\/diakonibloggen\/2019\/08\/18\/feminism-och-kyrkan\/#primaryimage","url":"https:\/\/diakonibloggen.files.wordpress.com\/2019\/08\/skc3a4rmavbild-2019-08-12-kl.-10.10.44.png","contentUrl":"https:\/\/diakonibloggen.files.wordpress.com\/2019\/08\/skc3a4rmavbild-2019-08-12-kl.-10.10.44.png"},{"@type":"BreadcrumbList","@id":"https:\/\/blogg.svenskakyrkan.se\/diakonibloggen\/2019\/08\/18\/feminism-och-kyrkan\/#breadcrumb","itemListElement":[{"@type":"ListItem","position":1,"name":"Hem","item":"https:\/\/blogg.svenskakyrkan.se\/diakonibloggen\/"},{"@type":"ListItem","position":2,"name":"Feminism och kyrkan"}]},{"@type":"WebSite","@id":"https:\/\/blogg.svenskakyrkan.se\/diakonibloggen\/#website","url":"https:\/\/blogg.svenskakyrkan.se\/diakonibloggen\/","name":"Diakonibloggen","description":"Vi lyfter fram, hyllar, diskuterar och inspirerar till diakonalt arbete inom och utanf\u00f6r Svenska kyrkans ramar.","potentialAction":[{"@type":"SearchAction","target":{"@type":"EntryPoint","urlTemplate":"https:\/\/blogg.svenskakyrkan.se\/diakonibloggen\/?s={search_term_string}"},"query-input":{"@type":"PropertyValueSpecification","valueRequired":true,"valueName":"search_term_string"}}],"inLanguage":"sv-SE"},{"@type":"Person","@id":"https:\/\/blogg.svenskakyrkan.se\/diakonibloggen\/#\/schema\/person\/8f6a6fe8efab23c141c7e274fec6405f","name":"diakonibloggen","image":{"@type":"ImageObject","inLanguage":"sv-SE","@id":"https:\/\/blogg.svenskakyrkan.se\/diakonibloggen\/#\/schema\/person\/image\/","url":"https:\/\/secure.gravatar.com\/avatar\/95c0ca86fd13e3d8c1b7b7e9864c9a2ccb7b48c6f756a3b5447bcc13dd630488?s=96&d=mm&r=g","contentUrl":"https:\/\/secure.gravatar.com\/avatar\/95c0ca86fd13e3d8c1b7b7e9864c9a2ccb7b48c6f756a3b5447bcc13dd630488?s=96&d=mm&r=g","caption":"diakonibloggen"},"url":"https:\/\/blogg.svenskakyrkan.se\/diakonibloggen\/author\/diakonibloggen\/"}]}},"author_meta":{"ID":"776","user_nicename":"diakonibloggen","user_registered":"2020-12-17 14:50:06","display_name":"diakonibloggen","avatar":"https:\/\/blogg.svenskakyrkan.se\/diakonibloggen\/files\/2021\/02\/Sk\u00e4rmavbild-2019-04-12-kl.-14.20.54-150x150.png"},"featured_image":false,"bloginfo":{"name":"Diakonibloggen","url":"https:\/\/blogg.svenskakyrkan.se\/diakonibloggen"},"_links":{"self":[{"href":"https:\/\/blogg.svenskakyrkan.se\/diakonibloggen\/wp-json\/wp\/v2\/posts\/7139","targetHints":{"allow":["GET"]}}],"collection":[{"href":"https:\/\/blogg.svenskakyrkan.se\/diakonibloggen\/wp-json\/wp\/v2\/posts"}],"about":[{"href":"https:\/\/blogg.svenskakyrkan.se\/diakonibloggen\/wp-json\/wp\/v2\/types\/post"}],"author":[{"embeddable":true,"href":"https:\/\/blogg.svenskakyrkan.se\/diakonibloggen\/wp-json\/wp\/v2\/users\/776"}],"replies":[{"embeddable":true,"href":"https:\/\/blogg.svenskakyrkan.se\/diakonibloggen\/wp-json\/wp\/v2\/comments?post=7139"}],"version-history":[{"count":1,"href":"https:\/\/blogg.svenskakyrkan.se\/diakonibloggen\/wp-json\/wp\/v2\/posts\/7139\/revisions"}],"predecessor-version":[{"id":8269,"href":"https:\/\/blogg.svenskakyrkan.se\/diakonibloggen\/wp-json\/wp\/v2\/posts\/7139\/revisions\/8269"}],"wp:attachment":[{"href":"https:\/\/blogg.svenskakyrkan.se\/diakonibloggen\/wp-json\/wp\/v2\/media?parent=7139"}],"wp:term":[{"taxonomy":"category","embeddable":true,"href":"https:\/\/blogg.svenskakyrkan.se\/diakonibloggen\/wp-json\/wp\/v2\/categories?post=7139"},{"taxonomy":"post_tag","embeddable":true,"href":"https:\/\/blogg.svenskakyrkan.se\/diakonibloggen\/wp-json\/wp\/v2\/tags?post=7139"}],"curies":[{"name":"wp","href":"https:\/\/api.w.org\/{rel}","templated":true}]}}