{"id":7147,"date":"2019-08-25T13:28:05","date_gmt":"2019-08-25T13:28:05","guid":{"rendered":"http:\/\/diakonibloggen.com\/?p=7147"},"modified":"2020-12-17T15:16:16","modified_gmt":"2020-12-17T15:16:16","slug":"identitet-och-uppdrag","status":"publish","type":"post","link":"https:\/\/blogg.svenskakyrkan.se\/diakonibloggen\/2019\/08\/25\/identitet-och-uppdrag\/","title":{"rendered":"Identitet och uppdrag"},"content":{"rendered":"<p>Sommaren g\u00e5r mot sitt slut och h\u00e4r kommer v\u00e5rt sista boktips f\u00f6r den h\u00e4r sommaren. Snart kommer nytt tema p\u00e5 diakonibloggen. \/Karin &amp; Lotta<\/p>\n<p><a href=\"https:\/\/www.argument.se\/produkt\/dop-vigsel-och-sorg\/identitet-och-uppdrag\/\">Identitet och uppdrag &#8211; Sj\u00e4lav\u00e5rd n\u00e4r livet g\u00e5r s\u00f6nder, Kerstin Dillmar och Lars Bj\u00f6rklund, Argument, 2015<\/a>.<\/p>\n<p><a href=\"http:\/\/diakonibloggen.com\/2019\/08\/25\/identitet-och-uppdrag\/img_6669\/\" rel=\"attachment wp-att-7151\"><img loading=\"lazy\" decoding=\"async\" class=\"alignleft size-thumbnail wp-image-7151\" src=\"https:\/\/diakonibloggen.files.wordpress.com\/2019\/08\/img_6669.jpg?w=188\" alt=\"\" width=\"188\" height=\"250\" \/><\/a>Den h\u00e4r boken har skrivits i ett s\u00e4rskilt sammanhang &#8211; inom Sjukhuskyrkan. F\u00f6rfattarna upplevde att det fanns ett behov av att s\u00e4tta ord p\u00e5 och reflektera \u00f6ver det som uppkommer i den speciella kontext det inneb\u00e4r att vara kyrka i sjukhusmilj\u00f6 och m\u00f6ta s\u00e5 mycket av kris, sorg och sjukdom. Vad betyder det f\u00f6r Sjukhuskyrkans medarbetare att uts\u00e4ttas f\u00f6r andras utsatthet? Vad h\u00e4nder i m\u00f6tet med m\u00e4nniskor vars liv har g\u00e5tt s\u00f6nder?<\/p>\n<p>F\u00f6r att f\u00e5nga upp de tankar som uttrycks i denna bok har f\u00f6rfattarna samlat en ekumenisk grupp av Sjukhuskyrkans medarbetare, \u00e5tta personer. De har tr\u00e4ffats vid fyra tillf\u00e4llen och under ett dygn tagit tid att samtala och reflektera runt sitt arbete och de m\u00f6ten som det inneb\u00e4r.<\/p>\n<p>&#8221;Vi ville skapa rum f\u00f6r de djupa och ibland mycket sv\u00e5ra fr\u00e5gor om tro och teologi som m\u00f6tet med lidande m\u00e4nniskor v\u00e4cker. Medarbetare i existentiellt utsatta milj\u00f6er beh\u00f6ver f\u00e5 tillf\u00e4lle att tala om hur det k\u00e4nns p\u00e5 riktigt &#8211; inte bara om hur det borde k\u00e4nnas.&#8221;<\/p>\n<p>Boken \u00e4r indelad i fyra kapitel. Det f\u00f6rsta heter just <em>Identitet och uppdrag<\/em>, som \u00e4r bokens titel. Det handlar till exempel om otillr\u00e4ckligheten som arbetsvillkor och att se vanmakten som en m\u00f6tesplats. Kapitel tv\u00e5 handlar om <em>Hopp och hoppl\u00f6shet,<\/em> tillst\u00e5nd som kan existera sida vid sida. H\u00e4r lyfts bland annat n\u00e4rvarons betydelse och att vara uppm\u00e4rksam p\u00e5 sin egen vilja att hj\u00e4lpa. Del tre har f\u00e5tt rubriken <em>Vrede och l\u00e4ngtan<\/em> och h\u00e4r behandlas ocks\u00e5 begreppen skuld och skam. Sista avsnittet, <em>Del och helhet<\/em>, handlar om att &#8221;l\u00e4gga pussel&#8221; tillsammans med konfidenten, att s\u00f6ka m\u00f6jligheter f\u00f6r en forts\u00e4ttning och om ritens betydelse som ett \u00f6verg\u00e5ngsst\u00e4lle till en ny livssituation.<\/p>\n<p>En del av processen som de \u00e5terkommande tr\u00e4ffarna och samtalen har inneburit \u00e5terges i texten som reflektioner. Deltagarna har bidragit med tankar i personliga citat och h\u00e4r finns ocks\u00e5 exempel p\u00e5 m\u00f6ten ur medarbetarnas vardag. Sammantaget \u00e4r boken l\u00e4ttillg\u00e4nglig och relevant. Orden k\u00e4nns p\u00e5 samma g\u00e5ng stora och f\u00f6rankrade i verkligheten. De teologiska och teoretiska begreppen kl\u00e4s i praktiska uttryck. F\u00f6r mig som medarbetare i Sjukhuskyrkan \u00e4r boken angel\u00e4gen och mycket anv\u00e4ndbar och jag kommer s\u00e4kerligen att \u00e5terv\u00e4nda till den f\u00f6r vidare reflektion. Och \u00e4ven f\u00f6r andra som i samtal m\u00f6ter m\u00e4nniskor i sv\u00e5ra livssituationer kan den h\u00e4r boken rekommenderas f\u00f6r att fundera \u00f6ver den egna rollen som sj\u00e4lav\u00e5rdare.<\/p>\n<p>P\u00e5 ett st\u00e4lle skriver f\u00f6rfattarna om den existentiella ensamheten. D\u00e4r anv\u00e4nds bilden av hur en passepartout kan f\u00e5 en bild att bli tydligare &#8211; avgr\u00e4nsningen tydligg\u00f6r bilden. &#8221;N\u00e4r en sj\u00e4lav\u00e5rdare m\u00f6ter n\u00e5gon som \u00e4r utom sig \u00e4r uppgiften att fungera som en s\u00e5dan passepartout, s\u00e5 att den drabbade \u00e5terigen f\u00e5r syn p\u00e5 sig sj\u00e4lv.&#8221;<\/p>\n<p>Ett fint exempel p\u00e5 sj\u00e4lav\u00e5rdarens uppdrag att vandra bredvid, att vara ett st\u00f6d f\u00f6r den andre att hitta sin egen inneboende kraft och finna sin v\u00e4g fram\u00e5t.<\/p>\n<p>Charlotte S\u00e4ll, diakon i Sjukhuskyrkan<\/p>\n","protected":false},"excerpt":{"rendered":"<p>Sommaren g\u00e5r mot sitt slut och h\u00e4r kommer v\u00e5rt sista boktips f\u00f6r den h\u00e4r sommaren. Snart kommer nytt tema p\u00e5 diakonibloggen. \/Karin &amp; Lotta Identitet och uppdrag &#8211; Sj\u00e4lav\u00e5rd n\u00e4r livet g\u00e5r s\u00f6nder, Kerstin Dillmar och Lars Bj\u00f6rklund, Argument, 2015. Den h\u00e4r boken har skrivits i ett s\u00e4rskilt sammanhang &#8211; inom Sjukhuskyrkan. F\u00f6rfattarna upplevde att [&hellip;]<\/p>\n","protected":false},"author":776,"featured_media":0,"comment_status":"open","ping_status":"open","sticky":false,"template":"","format":"standard","meta":{"_acf_changed":false,"footnotes":""},"categories":[23298,23301,23302,23309],"tags":[23472,24202,24346,24444,24883,24898],"class_list":["post-7147","post","type-post","status-publish","format-standard","hentry","category-bokrecension","category-diakonalt-arbete","category-diakoni","category-existentiell-halsa","tag-argument-forlag","tag-identitet-och-uppdrag","tag-kerstin-dillmar","tag-lars-bjorklund","tag-sjalavard","tag-sjukhuskyrkan"],"acf":[],"yoast_head":"<!-- This site is optimized with the Yoast SEO plugin v27.1.1 - https:\/\/yoast.com\/product\/yoast-seo-wordpress\/ -->\n<title>Identitet och uppdrag - Diakonibloggen<\/title>\n<meta name=\"robots\" content=\"index, follow, max-snippet:-1, max-image-preview:large, max-video-preview:-1\" \/>\n<link rel=\"canonical\" href=\"https:\/\/blogg.svenskakyrkan.se\/diakonibloggen\/2019\/08\/25\/identitet-och-uppdrag\/\" \/>\n<meta property=\"og:locale\" content=\"sv_SE\" \/>\n<meta property=\"og:type\" content=\"article\" \/>\n<meta property=\"og:title\" content=\"Identitet och uppdrag - Diakonibloggen\" \/>\n<meta property=\"og:description\" content=\"Sommaren g\u00e5r mot sitt slut och h\u00e4r kommer v\u00e5rt sista boktips f\u00f6r den h\u00e4r sommaren. Snart kommer nytt tema p\u00e5 diakonibloggen. \/Karin &amp; Lotta Identitet och uppdrag &#8211; Sj\u00e4lav\u00e5rd n\u00e4r livet g\u00e5r s\u00f6nder, Kerstin Dillmar och Lars Bj\u00f6rklund, Argument, 2015. Den h\u00e4r boken har skrivits i ett s\u00e4rskilt sammanhang &#8211; inom Sjukhuskyrkan. F\u00f6rfattarna upplevde att [&hellip;]\" \/>\n<meta property=\"og:url\" content=\"https:\/\/blogg.svenskakyrkan.se\/diakonibloggen\/2019\/08\/25\/identitet-och-uppdrag\/\" \/>\n<meta property=\"og:site_name\" content=\"Diakonibloggen\" \/>\n<meta property=\"article:published_time\" content=\"2019-08-25T13:28:05+00:00\" \/>\n<meta property=\"article:modified_time\" content=\"2020-12-17T15:16:16+00:00\" \/>\n<meta property=\"og:image\" content=\"https:\/\/diakonibloggen.files.wordpress.com\/2019\/08\/img_6669.jpg?w=188\" \/>\n<meta name=\"author\" content=\"diakonibloggen\" \/>\n<meta name=\"twitter:card\" content=\"summary_large_image\" \/>\n<meta name=\"twitter:label1\" content=\"Skriven av\" \/>\n\t<meta name=\"twitter:data1\" content=\"diakonibloggen\" \/>\n\t<meta name=\"twitter:label2\" content=\"Ber\u00e4knad l\u00e4stid\" \/>\n\t<meta name=\"twitter:data2\" content=\"3 minuter\" \/>\n<script type=\"application\/ld+json\" class=\"yoast-schema-graph\">{\"@context\":\"https:\/\/schema.org\",\"@graph\":[{\"@type\":\"Article\",\"@id\":\"https:\/\/blogg.svenskakyrkan.se\/diakonibloggen\/2019\/08\/25\/identitet-och-uppdrag\/#article\",\"isPartOf\":{\"@id\":\"https:\/\/blogg.svenskakyrkan.se\/diakonibloggen\/2019\/08\/25\/identitet-och-uppdrag\/\"},\"author\":{\"name\":\"diakonibloggen\",\"@id\":\"https:\/\/blogg.svenskakyrkan.se\/diakonibloggen\/#\/schema\/person\/8f6a6fe8efab23c141c7e274fec6405f\"},\"headline\":\"Identitet och uppdrag\",\"datePublished\":\"2019-08-25T13:28:05+00:00\",\"dateModified\":\"2020-12-17T15:16:16+00:00\",\"mainEntityOfPage\":{\"@id\":\"https:\/\/blogg.svenskakyrkan.se\/diakonibloggen\/2019\/08\/25\/identitet-och-uppdrag\/\"},\"wordCount\":616,\"commentCount\":1,\"image\":{\"@id\":\"https:\/\/blogg.svenskakyrkan.se\/diakonibloggen\/2019\/08\/25\/identitet-och-uppdrag\/#primaryimage\"},\"thumbnailUrl\":\"https:\/\/diakonibloggen.files.wordpress.com\/2019\/08\/img_6669.jpg?w=188\",\"keywords\":[\"Argument f\u00f6rlag\",\"Identitet och uppdrag\",\"Kerstin Dillmar\",\"Lars Bj\u00f6rklund\",\"sj\u00e4lav\u00e5rd\",\"sjukhuskyrkan\"],\"articleSection\":[\"Bokrecension\",\"Diakonalt arbete\",\"diakoni\",\"existentiell h\u00e4lsa\"],\"inLanguage\":\"sv-SE\",\"potentialAction\":[{\"@type\":\"CommentAction\",\"name\":\"Comment\",\"target\":[\"https:\/\/blogg.svenskakyrkan.se\/diakonibloggen\/2019\/08\/25\/identitet-och-uppdrag\/#respond\"]}]},{\"@type\":\"WebPage\",\"@id\":\"https:\/\/blogg.svenskakyrkan.se\/diakonibloggen\/2019\/08\/25\/identitet-och-uppdrag\/\",\"url\":\"https:\/\/blogg.svenskakyrkan.se\/diakonibloggen\/2019\/08\/25\/identitet-och-uppdrag\/\",\"name\":\"Identitet och uppdrag - Diakonibloggen\",\"isPartOf\":{\"@id\":\"https:\/\/blogg.svenskakyrkan.se\/diakonibloggen\/#website\"},\"primaryImageOfPage\":{\"@id\":\"https:\/\/blogg.svenskakyrkan.se\/diakonibloggen\/2019\/08\/25\/identitet-och-uppdrag\/#primaryimage\"},\"image\":{\"@id\":\"https:\/\/blogg.svenskakyrkan.se\/diakonibloggen\/2019\/08\/25\/identitet-och-uppdrag\/#primaryimage\"},\"thumbnailUrl\":\"https:\/\/diakonibloggen.files.wordpress.com\/2019\/08\/img_6669.jpg?w=188\",\"datePublished\":\"2019-08-25T13:28:05+00:00\",\"dateModified\":\"2020-12-17T15:16:16+00:00\",\"author\":{\"@id\":\"https:\/\/blogg.svenskakyrkan.se\/diakonibloggen\/#\/schema\/person\/8f6a6fe8efab23c141c7e274fec6405f\"},\"breadcrumb\":{\"@id\":\"https:\/\/blogg.svenskakyrkan.se\/diakonibloggen\/2019\/08\/25\/identitet-och-uppdrag\/#breadcrumb\"},\"inLanguage\":\"sv-SE\",\"potentialAction\":[{\"@type\":\"ReadAction\",\"target\":[\"https:\/\/blogg.svenskakyrkan.se\/diakonibloggen\/2019\/08\/25\/identitet-och-uppdrag\/\"]}]},{\"@type\":\"ImageObject\",\"inLanguage\":\"sv-SE\",\"@id\":\"https:\/\/blogg.svenskakyrkan.se\/diakonibloggen\/2019\/08\/25\/identitet-och-uppdrag\/#primaryimage\",\"url\":\"https:\/\/diakonibloggen.files.wordpress.com\/2019\/08\/img_6669.jpg?w=188\",\"contentUrl\":\"https:\/\/diakonibloggen.files.wordpress.com\/2019\/08\/img_6669.jpg?w=188\"},{\"@type\":\"BreadcrumbList\",\"@id\":\"https:\/\/blogg.svenskakyrkan.se\/diakonibloggen\/2019\/08\/25\/identitet-och-uppdrag\/#breadcrumb\",\"itemListElement\":[{\"@type\":\"ListItem\",\"position\":1,\"name\":\"Hem\",\"item\":\"https:\/\/blogg.svenskakyrkan.se\/diakonibloggen\/\"},{\"@type\":\"ListItem\",\"position\":2,\"name\":\"Identitet och uppdrag\"}]},{\"@type\":\"WebSite\",\"@id\":\"https:\/\/blogg.svenskakyrkan.se\/diakonibloggen\/#website\",\"url\":\"https:\/\/blogg.svenskakyrkan.se\/diakonibloggen\/\",\"name\":\"Diakonibloggen\",\"description\":\"Vi lyfter fram, hyllar, diskuterar och inspirerar till diakonalt arbete inom och utanf\u00f6r Svenska kyrkans ramar.\",\"potentialAction\":[{\"@type\":\"SearchAction\",\"target\":{\"@type\":\"EntryPoint\",\"urlTemplate\":\"https:\/\/blogg.svenskakyrkan.se\/diakonibloggen\/?s={search_term_string}\"},\"query-input\":{\"@type\":\"PropertyValueSpecification\",\"valueRequired\":true,\"valueName\":\"search_term_string\"}}],\"inLanguage\":\"sv-SE\"},{\"@type\":\"Person\",\"@id\":\"https:\/\/blogg.svenskakyrkan.se\/diakonibloggen\/#\/schema\/person\/8f6a6fe8efab23c141c7e274fec6405f\",\"name\":\"diakonibloggen\",\"image\":{\"@type\":\"ImageObject\",\"inLanguage\":\"sv-SE\",\"@id\":\"https:\/\/blogg.svenskakyrkan.se\/diakonibloggen\/#\/schema\/person\/image\/\",\"url\":\"https:\/\/secure.gravatar.com\/avatar\/95c0ca86fd13e3d8c1b7b7e9864c9a2ccb7b48c6f756a3b5447bcc13dd630488?s=96&d=mm&r=g\",\"contentUrl\":\"https:\/\/secure.gravatar.com\/avatar\/95c0ca86fd13e3d8c1b7b7e9864c9a2ccb7b48c6f756a3b5447bcc13dd630488?s=96&d=mm&r=g\",\"caption\":\"diakonibloggen\"},\"url\":\"https:\/\/blogg.svenskakyrkan.se\/diakonibloggen\/author\/diakonibloggen\/\"}]}<\/script>\n<!-- \/ Yoast SEO plugin. -->","yoast_head_json":{"title":"Identitet och uppdrag - Diakonibloggen","robots":{"index":"index","follow":"follow","max-snippet":"max-snippet:-1","max-image-preview":"max-image-preview:large","max-video-preview":"max-video-preview:-1"},"canonical":"https:\/\/blogg.svenskakyrkan.se\/diakonibloggen\/2019\/08\/25\/identitet-och-uppdrag\/","og_locale":"sv_SE","og_type":"article","og_title":"Identitet och uppdrag - Diakonibloggen","og_description":"Sommaren g\u00e5r mot sitt slut och h\u00e4r kommer v\u00e5rt sista boktips f\u00f6r den h\u00e4r sommaren. Snart kommer nytt tema p\u00e5 diakonibloggen. \/Karin &amp; Lotta Identitet och uppdrag &#8211; Sj\u00e4lav\u00e5rd n\u00e4r livet g\u00e5r s\u00f6nder, Kerstin Dillmar och Lars Bj\u00f6rklund, Argument, 2015. Den h\u00e4r boken har skrivits i ett s\u00e4rskilt sammanhang &#8211; inom Sjukhuskyrkan. F\u00f6rfattarna upplevde att [&hellip;]","og_url":"https:\/\/blogg.svenskakyrkan.se\/diakonibloggen\/2019\/08\/25\/identitet-och-uppdrag\/","og_site_name":"Diakonibloggen","article_published_time":"2019-08-25T13:28:05+00:00","article_modified_time":"2020-12-17T15:16:16+00:00","og_image":[{"url":"https:\/\/diakonibloggen.files.wordpress.com\/2019\/08\/img_6669.jpg?w=188","type":"","width":"","height":""}],"author":"diakonibloggen","twitter_card":"summary_large_image","twitter_misc":{"Skriven av":"diakonibloggen","Ber\u00e4knad l\u00e4stid":"3 minuter"},"schema":{"@context":"https:\/\/schema.org","@graph":[{"@type":"Article","@id":"https:\/\/blogg.svenskakyrkan.se\/diakonibloggen\/2019\/08\/25\/identitet-och-uppdrag\/#article","isPartOf":{"@id":"https:\/\/blogg.svenskakyrkan.se\/diakonibloggen\/2019\/08\/25\/identitet-och-uppdrag\/"},"author":{"name":"diakonibloggen","@id":"https:\/\/blogg.svenskakyrkan.se\/diakonibloggen\/#\/schema\/person\/8f6a6fe8efab23c141c7e274fec6405f"},"headline":"Identitet och uppdrag","datePublished":"2019-08-25T13:28:05+00:00","dateModified":"2020-12-17T15:16:16+00:00","mainEntityOfPage":{"@id":"https:\/\/blogg.svenskakyrkan.se\/diakonibloggen\/2019\/08\/25\/identitet-och-uppdrag\/"},"wordCount":616,"commentCount":1,"image":{"@id":"https:\/\/blogg.svenskakyrkan.se\/diakonibloggen\/2019\/08\/25\/identitet-och-uppdrag\/#primaryimage"},"thumbnailUrl":"https:\/\/diakonibloggen.files.wordpress.com\/2019\/08\/img_6669.jpg?w=188","keywords":["Argument f\u00f6rlag","Identitet och uppdrag","Kerstin Dillmar","Lars Bj\u00f6rklund","sj\u00e4lav\u00e5rd","sjukhuskyrkan"],"articleSection":["Bokrecension","Diakonalt arbete","diakoni","existentiell h\u00e4lsa"],"inLanguage":"sv-SE","potentialAction":[{"@type":"CommentAction","name":"Comment","target":["https:\/\/blogg.svenskakyrkan.se\/diakonibloggen\/2019\/08\/25\/identitet-och-uppdrag\/#respond"]}]},{"@type":"WebPage","@id":"https:\/\/blogg.svenskakyrkan.se\/diakonibloggen\/2019\/08\/25\/identitet-och-uppdrag\/","url":"https:\/\/blogg.svenskakyrkan.se\/diakonibloggen\/2019\/08\/25\/identitet-och-uppdrag\/","name":"Identitet och uppdrag - Diakonibloggen","isPartOf":{"@id":"https:\/\/blogg.svenskakyrkan.se\/diakonibloggen\/#website"},"primaryImageOfPage":{"@id":"https:\/\/blogg.svenskakyrkan.se\/diakonibloggen\/2019\/08\/25\/identitet-och-uppdrag\/#primaryimage"},"image":{"@id":"https:\/\/blogg.svenskakyrkan.se\/diakonibloggen\/2019\/08\/25\/identitet-och-uppdrag\/#primaryimage"},"thumbnailUrl":"https:\/\/diakonibloggen.files.wordpress.com\/2019\/08\/img_6669.jpg?w=188","datePublished":"2019-08-25T13:28:05+00:00","dateModified":"2020-12-17T15:16:16+00:00","author":{"@id":"https:\/\/blogg.svenskakyrkan.se\/diakonibloggen\/#\/schema\/person\/8f6a6fe8efab23c141c7e274fec6405f"},"breadcrumb":{"@id":"https:\/\/blogg.svenskakyrkan.se\/diakonibloggen\/2019\/08\/25\/identitet-och-uppdrag\/#breadcrumb"},"inLanguage":"sv-SE","potentialAction":[{"@type":"ReadAction","target":["https:\/\/blogg.svenskakyrkan.se\/diakonibloggen\/2019\/08\/25\/identitet-och-uppdrag\/"]}]},{"@type":"ImageObject","inLanguage":"sv-SE","@id":"https:\/\/blogg.svenskakyrkan.se\/diakonibloggen\/2019\/08\/25\/identitet-och-uppdrag\/#primaryimage","url":"https:\/\/diakonibloggen.files.wordpress.com\/2019\/08\/img_6669.jpg?w=188","contentUrl":"https:\/\/diakonibloggen.files.wordpress.com\/2019\/08\/img_6669.jpg?w=188"},{"@type":"BreadcrumbList","@id":"https:\/\/blogg.svenskakyrkan.se\/diakonibloggen\/2019\/08\/25\/identitet-och-uppdrag\/#breadcrumb","itemListElement":[{"@type":"ListItem","position":1,"name":"Hem","item":"https:\/\/blogg.svenskakyrkan.se\/diakonibloggen\/"},{"@type":"ListItem","position":2,"name":"Identitet och uppdrag"}]},{"@type":"WebSite","@id":"https:\/\/blogg.svenskakyrkan.se\/diakonibloggen\/#website","url":"https:\/\/blogg.svenskakyrkan.se\/diakonibloggen\/","name":"Diakonibloggen","description":"Vi lyfter fram, hyllar, diskuterar och inspirerar till diakonalt arbete inom och utanf\u00f6r Svenska kyrkans ramar.","potentialAction":[{"@type":"SearchAction","target":{"@type":"EntryPoint","urlTemplate":"https:\/\/blogg.svenskakyrkan.se\/diakonibloggen\/?s={search_term_string}"},"query-input":{"@type":"PropertyValueSpecification","valueRequired":true,"valueName":"search_term_string"}}],"inLanguage":"sv-SE"},{"@type":"Person","@id":"https:\/\/blogg.svenskakyrkan.se\/diakonibloggen\/#\/schema\/person\/8f6a6fe8efab23c141c7e274fec6405f","name":"diakonibloggen","image":{"@type":"ImageObject","inLanguage":"sv-SE","@id":"https:\/\/blogg.svenskakyrkan.se\/diakonibloggen\/#\/schema\/person\/image\/","url":"https:\/\/secure.gravatar.com\/avatar\/95c0ca86fd13e3d8c1b7b7e9864c9a2ccb7b48c6f756a3b5447bcc13dd630488?s=96&d=mm&r=g","contentUrl":"https:\/\/secure.gravatar.com\/avatar\/95c0ca86fd13e3d8c1b7b7e9864c9a2ccb7b48c6f756a3b5447bcc13dd630488?s=96&d=mm&r=g","caption":"diakonibloggen"},"url":"https:\/\/blogg.svenskakyrkan.se\/diakonibloggen\/author\/diakonibloggen\/"}]}},"author_meta":{"ID":"776","user_nicename":"diakonibloggen","user_registered":"2020-12-17 14:50:06","display_name":"diakonibloggen","avatar":"https:\/\/blogg.svenskakyrkan.se\/diakonibloggen\/files\/2021\/02\/Sk\u00e4rmavbild-2019-04-12-kl.-14.20.54-150x150.png"},"featured_image":false,"bloginfo":{"name":"Diakonibloggen","url":"https:\/\/blogg.svenskakyrkan.se\/diakonibloggen"},"_links":{"self":[{"href":"https:\/\/blogg.svenskakyrkan.se\/diakonibloggen\/wp-json\/wp\/v2\/posts\/7147","targetHints":{"allow":["GET"]}}],"collection":[{"href":"https:\/\/blogg.svenskakyrkan.se\/diakonibloggen\/wp-json\/wp\/v2\/posts"}],"about":[{"href":"https:\/\/blogg.svenskakyrkan.se\/diakonibloggen\/wp-json\/wp\/v2\/types\/post"}],"author":[{"embeddable":true,"href":"https:\/\/blogg.svenskakyrkan.se\/diakonibloggen\/wp-json\/wp\/v2\/users\/776"}],"replies":[{"embeddable":true,"href":"https:\/\/blogg.svenskakyrkan.se\/diakonibloggen\/wp-json\/wp\/v2\/comments?post=7147"}],"version-history":[{"count":1,"href":"https:\/\/blogg.svenskakyrkan.se\/diakonibloggen\/wp-json\/wp\/v2\/posts\/7147\/revisions"}],"predecessor-version":[{"id":8268,"href":"https:\/\/blogg.svenskakyrkan.se\/diakonibloggen\/wp-json\/wp\/v2\/posts\/7147\/revisions\/8268"}],"wp:attachment":[{"href":"https:\/\/blogg.svenskakyrkan.se\/diakonibloggen\/wp-json\/wp\/v2\/media?parent=7147"}],"wp:term":[{"taxonomy":"category","embeddable":true,"href":"https:\/\/blogg.svenskakyrkan.se\/diakonibloggen\/wp-json\/wp\/v2\/categories?post=7147"},{"taxonomy":"post_tag","embeddable":true,"href":"https:\/\/blogg.svenskakyrkan.se\/diakonibloggen\/wp-json\/wp\/v2\/tags?post=7147"}],"curies":[{"name":"wp","href":"https:\/\/api.w.org\/{rel}","templated":true}]}}