{"id":7710,"date":"2020-06-21T18:46:57","date_gmt":"2020-06-21T18:46:57","guid":{"rendered":"http:\/\/diakonibloggen.com\/?p=7710"},"modified":"2020-12-17T15:16:15","modified_gmt":"2020-12-17T15:16:15","slug":"noden-foljer-inte-restriktioner-och-rekommendationer","status":"publish","type":"post","link":"https:\/\/blogg.svenskakyrkan.se\/diakonibloggen\/2020\/06\/21\/noden-foljer-inte-restriktioner-och-rekommendationer\/","title":{"rendered":"N\u00f6den f\u00f6ljer inte restriktioner och rekommendationer"},"content":{"rendered":"\n<div class=\"wp-block-image\"><figure class=\"alignleft size-thumbnail\"><img decoding=\"async\" src=\"https:\/\/diakonibloggen.files.wordpress.com\/2020\/05\/98184759_185121062677077_3791258230219341824_n.jpg?w=188\" alt=\"\" class=\"wp-image-7712\" \/><\/figure><\/div>\n\n\n\n<p>Katarina heter jag och arbetar p\u00e5 Kalmar Stadsmission. Den h\u00e4r v\u00e5ren blev ingenting som jag t\u00e4nkt eller kunnat dr\u00f6mma om. Som f\u00f6r alla andra s\u00e5 har jag f\u00e5tt tr\u00e4na mig i ett annat s\u00e4tt att planera och f\u00f6rh\u00e5lla mig till det mesta.<br><br>Ja, jag f\u00e5r erk\u00e4nna att jag har kramats under v\u00e5ren. Inte i n\u00e4rheten av vad jag brukar men ibland har n\u00f6den varit st\u00f6rre \u00e4n rekommendationer, restriktioner och pandemier.\u00a0N\u00e4r du st\u00e5r mittemot en m\u00e4nniska som \u00e4r i n\u00f6d s\u00e5 r\u00e4cker inte ord. Det som skiljer v\u00e5rens kramar \u00e4r att jag kommer ih\u00e5g dem, de \u00e4r starka medvetna val som st\u00e4llts mellan n\u00f6d och restriktioner.<br><br>Vi st\u00e5r p\u00e5 kyrkog\u00e5rden. Han har precis blivit \u00e4nkling, hans fru och mamma till hans tv\u00e5 s\u00f6ner har hastigt d\u00f6tt. Inte i covid-19. Massiv hj\u00e4rnbl\u00f6dning, hon gick inte att v\u00e4cka en fredag morgon. Han ber\u00e4ttar om bilden av hennes hj\u00e4rna utan liv som de f\u00e5tt se p\u00e5 sjukhuset. Hur de tagit farv\u00e4l n\u00e4r man kopplade ur respiratorn. Om det ofattbara. Det \u00e4r n\u00e5gra dagar sedan begravningen och han ber\u00e4ttar att han \u00e4r hos henne varje dag vid graven. T\u00e5rarna rinner, orden tar slut och jag h\u00e5ller om.\u00a0<\/p>\n\n\n\n<div class=\"wp-block-image\"><figure class=\"alignleft size-thumbnail\"><img decoding=\"async\" src=\"https:\/\/diakonibloggen.files.wordpress.com\/2020\/05\/98005277_248870436172251_6120299302691536896_n.jpg?w=188\" alt=\"\" class=\"wp-image-7713\" \/><\/figure><\/div>\n\n\n\n<p>Jag har m\u00f6tt hans fru under flera \u00e5r, i kamp med sjukskrivningar, ekonomi, skuldsanering, s\u00f6nerna som inte m\u00e5r bra, hot om vr\u00e4kning &#8211; listan kan g\u00f6ras l\u00e5ng. B\u00e5de som diakon och p\u00e5 diakonimottagningen har vi f\u00f6rs\u00f6kt st\u00f6tta. Sista g\u00e5ngen vi s\u00e5gs s\u00e5 gr\u00e4t hon, &#8221;jag orkar inte mer&#8221;, sa hon. Ingen kommer att s\u00e4ga att det var n\u00e5got annat \u00e4n en hj\u00e4rnbl\u00f6dning. Ingen kommer prata om den stress, de krav, det som myndigheter kr\u00e4vde utan att st\u00f6tta och hj\u00e4lpa. Ingen kommer n\u00e4mna det som en t\u00e4nkbar orsak. Att handl\u00e4ggaren \u00e4r hemma p\u00e5 grund av sjukdom, vid minsta symptom ska vi vara hemma i coronatid. Rehabiliteringsplanen blev f\u00f6rdr\u00f6jd och ers\u00e4ttningen fr\u00e5n F\u00f6rs\u00e4kringskassan var m\u00e5nga tusenlappar l\u00e4gre \u00e4n f\u00f6rv\u00e4ntat. Ingen som kan g\u00f6ra n\u00e5got, v\u00e4nta tills din handl\u00e4ggare \u00e4r tillbaka. Ingen som f\u00f6rst\u00e5r eller kan bry sig om konsekvenser. Press fr\u00e5n hyresv\u00e4rd. Press att inte kunna h\u00e4mta ut livsviktig medicin. &#8221;Jag orkar inte mer&#8230;&#8221;<br><br>Ofta pratar man om att de utsatta blir mer utsatta n\u00e4r det h\u00e4nder sv\u00e5ra saker i v\u00e4rlden. Jag tycker skillnaden \u00e4r att de mest utsatta \u00e4r \u201dvana\u201d vid att k\u00e4mpa, m\u00e5nga har under hela\u00a0livet f\u00e5tt m\u00f6ta sv\u00e5righeter, sjukdomar, ekonomi, arbetsl\u00f6shet, f\u00f6rluster&#8230; Det ena avl\u00f6ser det andra. Livet \u00e4r inte r\u00e4ttvist.<br><br>En familj som kom till oss hade bott i sin bil en tid, mamma och pappa och en 1,5-\u00e5ring, mamman h\u00f6ggravid. I v\u00e4ntan p\u00e5 andra barnet hade man tagit beslut om att flytta fr\u00e5n en stad till Kalmar. Man hade bott d\u00e4r tidigare. Valde att bo i bilen och att f\u00f6rs\u00f6ka ordna saker n\u00e4r man var p\u00e5 plats. Vi kunde ordna tillf\u00e4lligt boende n\u00e5gra veckor i kyrkans sommarhem som stod tomt. Under tiden letade de bostad och arbete. De fick bostad, hyra en l\u00e4genhet. Fick jobb inom restaurang. S\u00e5 kom Corona och det tillt\u00e4nkta jobbet blev inte av. Ingen gick p\u00e5 restaurang l\u00e4ngre, allt \u00e4ndrades fr\u00e5n en dag till en annan. \u00c4garen kunde inte nyanst\u00e4lla. Bebisen kom tre veckor f\u00f6r tidigt, v\u00e4gde 2000 gram. Familjen lever p\u00e5 mammans f\u00f6r\u00e4ldrapenning. Vi ger matkassar, bl\u00f6jor och pengar till bensin. Kramar, h\u00e5ller om.<br><br>Imorgon b\u00f6rjar jag med cellgifter, ber\u00e4ttade kvinnan som satt framf\u00f6r mig. Kn\u00f6lar, v\u00e5rdcentral, operation och p\u00e5 bara n\u00e5gra veckor f\u00f6r\u00e4ndras allt. Elakartade tum\u00f6rer. Cellgift, kramas l\u00e4nge, l\u00e4nge f\u00f6r orden r\u00e4cker inte.<br><br>N\u00f6den f\u00f6ljer inte restriktioner och rekommendationer.\u00a0<br><br>Idag har vi mer \u00e4n 100 hush\u00e5ll som varje vecka f\u00e5r en matkasse av matsvinn som vi f\u00e5r h\u00e4mta i butikerna. I onsdags p\u00e5 diakonimottagningen var det fyra nya som s\u00f6kte. Att f\u00e5 ut 10 000 kr i m\u00e5naden som \u201df\u00f6rtidspension\u00e4r\u201d g\u00f6r det sv\u00e5rt att f\u00e5 ekonomin att g\u00e5 ihop, s\u00e4rskilt sv\u00e5rt som ensamst\u00e5ende mamma med en ton\u00e5ring hemma.\u00a0<br><br>Alla kan inte hamstra. Bara k\u00f6pa det n\u00f6dv\u00e4ndigaste. Of\u00f6rutsedda utgifter st\u00e4ller till det. Att se till att man har en buffert \u00e4r bra men d\u00e5 beh\u00f6ver det bli pengar \u00f6ver. Ett st\u00e4ndigt k\u00e4mpande att f\u00e5 ekonomin att g\u00e5 ihop. Oro, stress och \u00e4ngslan.<br><br>Att resa kollektivt i coronatid g\u00f6r bara de som m\u00e5ste och har r\u00e5d. Vi andra r\u00f6r oss s\u00e5 vi ska kunna h\u00e5lla avst\u00e5nd. Det g\u00e5r inte att k\u00f6pa \u201dvanligt\u201d reskassakort l\u00e4ngre. Bara genom app eller m\u00e5nadskort. Jag skulle k\u00f6pa reskassakort till en mamma som beh\u00f6vde till sig och sin son, men eftersom man inte g\u00e5r genom framd\u00f6rren l\u00e4ngre kan man inte anv\u00e4nda ett reskassakort. Ingen m\u00f6jlighet att anv\u00e4nda appen eftersom hon inte hade pengar att k\u00f6pa biljett f\u00f6r. M\u00e5nadskort hade blivit bara f\u00f6r en person och mycket dyrare. Vi har inte l\u00f6st det \u00e4n. Vi f\u00e5r fundera lite till.<\/p>\n\n\n\n<p>En annan tyckte att g\u00e5 p\u00e5 d\u00e4r bak i bussen var r\u00e4ddningen. Han hade inte r\u00e5d att k\u00f6pa m\u00e5nadskort eller anv\u00e4nda appen. D\u00e4r bak p\u00e5 bussen kan man g\u00e5 p\u00e5 utan att betala och det blir bara jobbigt om det blir kontroll, nu kunde han ta sig fram l\u00e4ttare.\u00a0<br><br>Det drabbar oss olika.<br><br>Jag tycker att jag har ett lugnare tempo p\u00e5 jobbet, men jag kan inte planera vilket \u00e4r frustrerande. Lite som att leva i ett vacuum. Eller kanske det \u00e4r att leva i nuet. Varje dag beh\u00f6ver jag f\u00f6rh\u00e5lla mig till riktlinjer och rekommendationer s\u00e5 jag utf\u00f6r mitt jobb s\u00e5 s\u00e4kert som m\u00f6jligt f\u00f6r dem jag m\u00f6ter. Vi har st\u00e4llt om, f\u00f6r att kunna h\u00e5lla \u00f6ppet. Den \u00f6ppna dagverksamhetens bes\u00f6kare kommer som de brukar, \u00e4ter frukost, l\u00e4ser tidning, pratar. Vi \u00e4r viktiga f\u00f6r dem och att det \u00e4r som det brukar. Vi beh\u00f6ver finnas, st\u00e5 kvar och h\u00e5lla ut, om det g\u00e5r. En del bryr sig inte s\u00e5 mycket, andra \u00e4r v\u00e4ldigt oroliga och beh\u00f6ver f\u00e5 prata om det.<br><br>Jag har bes\u00f6kt min mamma som \u00e4r 80 plus tv\u00e5 g\u00e5nger sedan Corona br\u00f6t ut, vi har suttit ute och f\u00f6rs\u00f6kt h\u00e5lla avst\u00e5nd. Vi ringer flera g\u00e5nger i veckan men det blir ensamt att vara \u00e4ldre och inte kunna g\u00e5 ut eller umg\u00e5s med familj och v\u00e4nner. Tv\u00e5 av barnen som \u00e4r vuxna, 22 och 24, har nu f\u00e5tt flytta hem tillf\u00e4lligt n\u00e4r deras studier och s\u00e4songsarbete avslutats och \u00e4ndrats till distans ist\u00e4llet. Ovisshet och att f\u00f6rs\u00f6ka t\u00e4nka om utan att veta vad som h\u00e4nder \u00e4r p\u00e5frestande och det \u00e4r l\u00e4tt att oroa sig. Men vi har varandra.<br><br>Ingen vet eller har svar p\u00e5 hur det kommer g\u00e5 eller vilka konsekvenserna blir. Hur kommer v\u00e5rt samh\u00e4lle se ut om det blir utdraget? Alla drabbas men drabbas vi alla lika h\u00e5rt?<br><br>Att h\u00e5lla avst\u00e5nd, att vi \u00e4r varandras \u201dfiender\u201d g\u00f6r n\u00e5t med oss. En hostning eller nysning kan f\u00e5 oss att stanna upp och titta med blickar som talar om att du \u00e4r farlig&#8230; Till skillnad fr\u00e5n armb\u00e5gsh\u00e4lsningar, nickningar och vinkningar p\u00e5 tv\u00e5 meters avst\u00e5nd s\u00e5 kommer jag ih\u00e5g kramarna. Vi ska h\u00e5lla distans, vi ska vara r\u00e4dda om varandra men om det g\u00f6r oss till att vi blir om\u00e4nskliga, att vi slutar ta i varandra, att vi \u00e4r r\u00e4dda f\u00f6r ber\u00f6ring s\u00e5 blir jag \u00e4nnu r\u00e4ddare f\u00f6r konsekvenserna. Att k\u00e4nna n\u00e4rhet och n\u00e5gon som h\u00e5ller om mig n\u00e4r allt annat g\u00e5tt s\u00f6nder kan vara det som g\u00f6r att jag k\u00e4nner att jag h\u00e5ller ihop. Min hud och kropp som \u00e4r min yttre gr\u00e4ns beh\u00f6ver f\u00e5 hj\u00e4lp att k\u00e4nnas.\u00a0<br><br>Som troende, diakon i kyrkans tj\u00e4nst, vad beh\u00f6ver m\u00e4nniskor av mig i det h\u00e4r? Hur syns min tro i m\u00f6ten med m\u00e4nniskor i oro och n\u00f6d? Jag \u00f6nskar man ska se att min tro lyser igenom, att jag ska v\u00e5ga st\u00e5 kvar och h\u00e5lla ut, inte l\u00e5ta r\u00e4dslan ta \u00f6ver. Och n\u00e4r det beh\u00f6vs en kram som h\u00e5ller om och h\u00e5ller i, s\u00e5 \u00e4r jag Jesu famn &#8211; mina armar ger hopp, lugn och tr\u00f6st. F\u00f6r den som \u00e4r r\u00e4dd f\u00f6r ber\u00f6ring st\u00e5r jag kvar p\u00e5 det avst\u00e5nd som k\u00e4nns lugnt och tryggt. Att se och vara lyh\u00f6rd f\u00f6r varje persons behov blir v\u00e5r uppgift. Som Jesus, han s\u00e5g m\u00e4nniskor.<br><br>S\u00e5 \u00e4r min tro. Jag ber:<\/p>\n\n\n\n<p>Gud ge mig sinnesro att acceptera det jag inte kan f\u00f6r\u00e4ndra<br>mod att f\u00f6r\u00e4ndra det jag kan<br>och f\u00f6rst\u00e5nd att inse skillnaden.<\/p>\n\n\n\n<p>Amen&nbsp;<\/p>\n\n\n\n<p>Katarina Borgemo, Kalmar Stadsmission<br><br>Vi delar tankar och reflektioner med anledning av coronautbrottet. Har du funderingar som du vill dela med dig av? H\u00f6r av dig till diakoni.se@gmail.com. \/Karin &amp; Lotta<\/p>\n","protected":false},"excerpt":{"rendered":"<p>Katarina heter jag och arbetar p\u00e5 Kalmar Stadsmission. Den h\u00e4r v\u00e5ren blev ingenting som jag t\u00e4nkt eller kunnat dr\u00f6mma om. Som f\u00f6r alla andra s\u00e5 har jag f\u00e5tt tr\u00e4na mig i ett annat s\u00e4tt att planera och f\u00f6rh\u00e5lla mig till det mesta. Ja, jag f\u00e5r erk\u00e4nna att jag har kramats under v\u00e5ren. Inte i n\u00e4rheten [&hellip;]<\/p>\n","protected":false},"author":776,"featured_media":7712,"comment_status":"open","ping_status":"open","sticky":false,"template":"","format":"standard","meta":{"_acf_changed":false,"footnotes":""},"categories":[23302,23307],"tags":[23714,23716,23812,24385,24880,24972],"class_list":["post-7710","post","type-post","status-publish","format-standard","has-post-thumbnail","hentry","category-diakoni","category-ensamhet","tag-corona","tag-coronavirus","tag-distans","tag-kram","tag-sinnesrobonen","tag-stadsmissionen"],"acf":[],"yoast_head":"<!-- This site is optimized with the Yoast SEO plugin v27.1.1 - https:\/\/yoast.com\/product\/yoast-seo-wordpress\/ -->\n<title>N\u00f6den f\u00f6ljer inte restriktioner och rekommendationer - Diakonibloggen<\/title>\n<meta name=\"robots\" content=\"index, follow, max-snippet:-1, max-image-preview:large, max-video-preview:-1\" \/>\n<link rel=\"canonical\" href=\"https:\/\/blogg.svenskakyrkan.se\/diakonibloggen\/2020\/06\/21\/noden-foljer-inte-restriktioner-och-rekommendationer\/\" \/>\n<meta property=\"og:locale\" content=\"sv_SE\" \/>\n<meta property=\"og:type\" content=\"article\" \/>\n<meta property=\"og:title\" content=\"N\u00f6den f\u00f6ljer inte restriktioner och rekommendationer - Diakonibloggen\" \/>\n<meta property=\"og:description\" content=\"Katarina heter jag och arbetar p\u00e5 Kalmar Stadsmission. Den h\u00e4r v\u00e5ren blev ingenting som jag t\u00e4nkt eller kunnat dr\u00f6mma om. Som f\u00f6r alla andra s\u00e5 har jag f\u00e5tt tr\u00e4na mig i ett annat s\u00e4tt att planera och f\u00f6rh\u00e5lla mig till det mesta. Ja, jag f\u00e5r erk\u00e4nna att jag har kramats under v\u00e5ren. Inte i n\u00e4rheten [&hellip;]\" \/>\n<meta property=\"og:url\" content=\"https:\/\/blogg.svenskakyrkan.se\/diakonibloggen\/2020\/06\/21\/noden-foljer-inte-restriktioner-och-rekommendationer\/\" \/>\n<meta property=\"og:site_name\" content=\"Diakonibloggen\" \/>\n<meta property=\"article:published_time\" content=\"2020-06-21T18:46:57+00:00\" \/>\n<meta property=\"article:modified_time\" content=\"2020-12-17T15:16:15+00:00\" \/>\n<meta name=\"author\" content=\"diakonibloggen\" \/>\n<meta name=\"twitter:card\" content=\"summary_large_image\" \/>\n<meta name=\"twitter:label1\" content=\"Skriven av\" \/>\n\t<meta name=\"twitter:data1\" content=\"diakonibloggen\" \/>\n\t<meta name=\"twitter:label2\" content=\"Ber\u00e4knad l\u00e4stid\" \/>\n\t<meta name=\"twitter:data2\" content=\"8 minuter\" \/>\n<script type=\"application\/ld+json\" class=\"yoast-schema-graph\">{\"@context\":\"https:\/\/schema.org\",\"@graph\":[{\"@type\":\"Article\",\"@id\":\"https:\/\/blogg.svenskakyrkan.se\/diakonibloggen\/2020\/06\/21\/noden-foljer-inte-restriktioner-och-rekommendationer\/#article\",\"isPartOf\":{\"@id\":\"https:\/\/blogg.svenskakyrkan.se\/diakonibloggen\/2020\/06\/21\/noden-foljer-inte-restriktioner-och-rekommendationer\/\"},\"author\":{\"name\":\"diakonibloggen\",\"@id\":\"https:\/\/blogg.svenskakyrkan.se\/diakonibloggen\/#\/schema\/person\/8f6a6fe8efab23c141c7e274fec6405f\"},\"headline\":\"N\u00f6den f\u00f6ljer inte restriktioner och rekommendationer\",\"datePublished\":\"2020-06-21T18:46:57+00:00\",\"dateModified\":\"2020-12-17T15:16:15+00:00\",\"mainEntityOfPage\":{\"@id\":\"https:\/\/blogg.svenskakyrkan.se\/diakonibloggen\/2020\/06\/21\/noden-foljer-inte-restriktioner-och-rekommendationer\/\"},\"wordCount\":1672,\"commentCount\":0,\"image\":{\"@id\":\"https:\/\/blogg.svenskakyrkan.se\/diakonibloggen\/2020\/06\/21\/noden-foljer-inte-restriktioner-och-rekommendationer\/#primaryimage\"},\"thumbnailUrl\":\"\",\"keywords\":[\"corona\",\"coronavirus\",\"distans\",\"kram\",\"sinnesrob\u00f6nen\",\"Stadsmissionen\"],\"articleSection\":[\"diakoni\",\"Ensamhet\"],\"inLanguage\":\"sv-SE\",\"potentialAction\":[{\"@type\":\"CommentAction\",\"name\":\"Comment\",\"target\":[\"https:\/\/blogg.svenskakyrkan.se\/diakonibloggen\/2020\/06\/21\/noden-foljer-inte-restriktioner-och-rekommendationer\/#respond\"]}]},{\"@type\":\"WebPage\",\"@id\":\"https:\/\/blogg.svenskakyrkan.se\/diakonibloggen\/2020\/06\/21\/noden-foljer-inte-restriktioner-och-rekommendationer\/\",\"url\":\"https:\/\/blogg.svenskakyrkan.se\/diakonibloggen\/2020\/06\/21\/noden-foljer-inte-restriktioner-och-rekommendationer\/\",\"name\":\"N\u00f6den f\u00f6ljer inte restriktioner och rekommendationer - Diakonibloggen\",\"isPartOf\":{\"@id\":\"https:\/\/blogg.svenskakyrkan.se\/diakonibloggen\/#website\"},\"primaryImageOfPage\":{\"@id\":\"https:\/\/blogg.svenskakyrkan.se\/diakonibloggen\/2020\/06\/21\/noden-foljer-inte-restriktioner-och-rekommendationer\/#primaryimage\"},\"image\":{\"@id\":\"https:\/\/blogg.svenskakyrkan.se\/diakonibloggen\/2020\/06\/21\/noden-foljer-inte-restriktioner-och-rekommendationer\/#primaryimage\"},\"thumbnailUrl\":\"\",\"datePublished\":\"2020-06-21T18:46:57+00:00\",\"dateModified\":\"2020-12-17T15:16:15+00:00\",\"author\":{\"@id\":\"https:\/\/blogg.svenskakyrkan.se\/diakonibloggen\/#\/schema\/person\/8f6a6fe8efab23c141c7e274fec6405f\"},\"breadcrumb\":{\"@id\":\"https:\/\/blogg.svenskakyrkan.se\/diakonibloggen\/2020\/06\/21\/noden-foljer-inte-restriktioner-och-rekommendationer\/#breadcrumb\"},\"inLanguage\":\"sv-SE\",\"potentialAction\":[{\"@type\":\"ReadAction\",\"target\":[\"https:\/\/blogg.svenskakyrkan.se\/diakonibloggen\/2020\/06\/21\/noden-foljer-inte-restriktioner-och-rekommendationer\/\"]}]},{\"@type\":\"ImageObject\",\"inLanguage\":\"sv-SE\",\"@id\":\"https:\/\/blogg.svenskakyrkan.se\/diakonibloggen\/2020\/06\/21\/noden-foljer-inte-restriktioner-och-rekommendationer\/#primaryimage\",\"url\":\"\",\"contentUrl\":\"\"},{\"@type\":\"BreadcrumbList\",\"@id\":\"https:\/\/blogg.svenskakyrkan.se\/diakonibloggen\/2020\/06\/21\/noden-foljer-inte-restriktioner-och-rekommendationer\/#breadcrumb\",\"itemListElement\":[{\"@type\":\"ListItem\",\"position\":1,\"name\":\"Hem\",\"item\":\"https:\/\/blogg.svenskakyrkan.se\/diakonibloggen\/\"},{\"@type\":\"ListItem\",\"position\":2,\"name\":\"N\u00f6den f\u00f6ljer inte restriktioner och rekommendationer\"}]},{\"@type\":\"WebSite\",\"@id\":\"https:\/\/blogg.svenskakyrkan.se\/diakonibloggen\/#website\",\"url\":\"https:\/\/blogg.svenskakyrkan.se\/diakonibloggen\/\",\"name\":\"Diakonibloggen\",\"description\":\"Vi lyfter fram, hyllar, diskuterar och inspirerar till diakonalt arbete inom och utanf\u00f6r Svenska kyrkans ramar.\",\"potentialAction\":[{\"@type\":\"SearchAction\",\"target\":{\"@type\":\"EntryPoint\",\"urlTemplate\":\"https:\/\/blogg.svenskakyrkan.se\/diakonibloggen\/?s={search_term_string}\"},\"query-input\":{\"@type\":\"PropertyValueSpecification\",\"valueRequired\":true,\"valueName\":\"search_term_string\"}}],\"inLanguage\":\"sv-SE\"},{\"@type\":\"Person\",\"@id\":\"https:\/\/blogg.svenskakyrkan.se\/diakonibloggen\/#\/schema\/person\/8f6a6fe8efab23c141c7e274fec6405f\",\"name\":\"diakonibloggen\",\"image\":{\"@type\":\"ImageObject\",\"inLanguage\":\"sv-SE\",\"@id\":\"https:\/\/blogg.svenskakyrkan.se\/diakonibloggen\/#\/schema\/person\/image\/\",\"url\":\"https:\/\/secure.gravatar.com\/avatar\/95c0ca86fd13e3d8c1b7b7e9864c9a2ccb7b48c6f756a3b5447bcc13dd630488?s=96&d=mm&r=g\",\"contentUrl\":\"https:\/\/secure.gravatar.com\/avatar\/95c0ca86fd13e3d8c1b7b7e9864c9a2ccb7b48c6f756a3b5447bcc13dd630488?s=96&d=mm&r=g\",\"caption\":\"diakonibloggen\"},\"url\":\"https:\/\/blogg.svenskakyrkan.se\/diakonibloggen\/author\/diakonibloggen\/\"}]}<\/script>\n<!-- \/ Yoast SEO plugin. -->","yoast_head_json":{"title":"N\u00f6den f\u00f6ljer inte restriktioner och rekommendationer - Diakonibloggen","robots":{"index":"index","follow":"follow","max-snippet":"max-snippet:-1","max-image-preview":"max-image-preview:large","max-video-preview":"max-video-preview:-1"},"canonical":"https:\/\/blogg.svenskakyrkan.se\/diakonibloggen\/2020\/06\/21\/noden-foljer-inte-restriktioner-och-rekommendationer\/","og_locale":"sv_SE","og_type":"article","og_title":"N\u00f6den f\u00f6ljer inte restriktioner och rekommendationer - Diakonibloggen","og_description":"Katarina heter jag och arbetar p\u00e5 Kalmar Stadsmission. Den h\u00e4r v\u00e5ren blev ingenting som jag t\u00e4nkt eller kunnat dr\u00f6mma om. Som f\u00f6r alla andra s\u00e5 har jag f\u00e5tt tr\u00e4na mig i ett annat s\u00e4tt att planera och f\u00f6rh\u00e5lla mig till det mesta. Ja, jag f\u00e5r erk\u00e4nna att jag har kramats under v\u00e5ren. Inte i n\u00e4rheten [&hellip;]","og_url":"https:\/\/blogg.svenskakyrkan.se\/diakonibloggen\/2020\/06\/21\/noden-foljer-inte-restriktioner-och-rekommendationer\/","og_site_name":"Diakonibloggen","article_published_time":"2020-06-21T18:46:57+00:00","article_modified_time":"2020-12-17T15:16:15+00:00","author":"diakonibloggen","twitter_card":"summary_large_image","twitter_misc":{"Skriven av":"diakonibloggen","Ber\u00e4knad l\u00e4stid":"8 minuter"},"schema":{"@context":"https:\/\/schema.org","@graph":[{"@type":"Article","@id":"https:\/\/blogg.svenskakyrkan.se\/diakonibloggen\/2020\/06\/21\/noden-foljer-inte-restriktioner-och-rekommendationer\/#article","isPartOf":{"@id":"https:\/\/blogg.svenskakyrkan.se\/diakonibloggen\/2020\/06\/21\/noden-foljer-inte-restriktioner-och-rekommendationer\/"},"author":{"name":"diakonibloggen","@id":"https:\/\/blogg.svenskakyrkan.se\/diakonibloggen\/#\/schema\/person\/8f6a6fe8efab23c141c7e274fec6405f"},"headline":"N\u00f6den f\u00f6ljer inte restriktioner och rekommendationer","datePublished":"2020-06-21T18:46:57+00:00","dateModified":"2020-12-17T15:16:15+00:00","mainEntityOfPage":{"@id":"https:\/\/blogg.svenskakyrkan.se\/diakonibloggen\/2020\/06\/21\/noden-foljer-inte-restriktioner-och-rekommendationer\/"},"wordCount":1672,"commentCount":0,"image":{"@id":"https:\/\/blogg.svenskakyrkan.se\/diakonibloggen\/2020\/06\/21\/noden-foljer-inte-restriktioner-och-rekommendationer\/#primaryimage"},"thumbnailUrl":"","keywords":["corona","coronavirus","distans","kram","sinnesrob\u00f6nen","Stadsmissionen"],"articleSection":["diakoni","Ensamhet"],"inLanguage":"sv-SE","potentialAction":[{"@type":"CommentAction","name":"Comment","target":["https:\/\/blogg.svenskakyrkan.se\/diakonibloggen\/2020\/06\/21\/noden-foljer-inte-restriktioner-och-rekommendationer\/#respond"]}]},{"@type":"WebPage","@id":"https:\/\/blogg.svenskakyrkan.se\/diakonibloggen\/2020\/06\/21\/noden-foljer-inte-restriktioner-och-rekommendationer\/","url":"https:\/\/blogg.svenskakyrkan.se\/diakonibloggen\/2020\/06\/21\/noden-foljer-inte-restriktioner-och-rekommendationer\/","name":"N\u00f6den f\u00f6ljer inte restriktioner och rekommendationer - Diakonibloggen","isPartOf":{"@id":"https:\/\/blogg.svenskakyrkan.se\/diakonibloggen\/#website"},"primaryImageOfPage":{"@id":"https:\/\/blogg.svenskakyrkan.se\/diakonibloggen\/2020\/06\/21\/noden-foljer-inte-restriktioner-och-rekommendationer\/#primaryimage"},"image":{"@id":"https:\/\/blogg.svenskakyrkan.se\/diakonibloggen\/2020\/06\/21\/noden-foljer-inte-restriktioner-och-rekommendationer\/#primaryimage"},"thumbnailUrl":"","datePublished":"2020-06-21T18:46:57+00:00","dateModified":"2020-12-17T15:16:15+00:00","author":{"@id":"https:\/\/blogg.svenskakyrkan.se\/diakonibloggen\/#\/schema\/person\/8f6a6fe8efab23c141c7e274fec6405f"},"breadcrumb":{"@id":"https:\/\/blogg.svenskakyrkan.se\/diakonibloggen\/2020\/06\/21\/noden-foljer-inte-restriktioner-och-rekommendationer\/#breadcrumb"},"inLanguage":"sv-SE","potentialAction":[{"@type":"ReadAction","target":["https:\/\/blogg.svenskakyrkan.se\/diakonibloggen\/2020\/06\/21\/noden-foljer-inte-restriktioner-och-rekommendationer\/"]}]},{"@type":"ImageObject","inLanguage":"sv-SE","@id":"https:\/\/blogg.svenskakyrkan.se\/diakonibloggen\/2020\/06\/21\/noden-foljer-inte-restriktioner-och-rekommendationer\/#primaryimage","url":"","contentUrl":""},{"@type":"BreadcrumbList","@id":"https:\/\/blogg.svenskakyrkan.se\/diakonibloggen\/2020\/06\/21\/noden-foljer-inte-restriktioner-och-rekommendationer\/#breadcrumb","itemListElement":[{"@type":"ListItem","position":1,"name":"Hem","item":"https:\/\/blogg.svenskakyrkan.se\/diakonibloggen\/"},{"@type":"ListItem","position":2,"name":"N\u00f6den f\u00f6ljer inte restriktioner och rekommendationer"}]},{"@type":"WebSite","@id":"https:\/\/blogg.svenskakyrkan.se\/diakonibloggen\/#website","url":"https:\/\/blogg.svenskakyrkan.se\/diakonibloggen\/","name":"Diakonibloggen","description":"Vi lyfter fram, hyllar, diskuterar och inspirerar till diakonalt arbete inom och utanf\u00f6r Svenska kyrkans ramar.","potentialAction":[{"@type":"SearchAction","target":{"@type":"EntryPoint","urlTemplate":"https:\/\/blogg.svenskakyrkan.se\/diakonibloggen\/?s={search_term_string}"},"query-input":{"@type":"PropertyValueSpecification","valueRequired":true,"valueName":"search_term_string"}}],"inLanguage":"sv-SE"},{"@type":"Person","@id":"https:\/\/blogg.svenskakyrkan.se\/diakonibloggen\/#\/schema\/person\/8f6a6fe8efab23c141c7e274fec6405f","name":"diakonibloggen","image":{"@type":"ImageObject","inLanguage":"sv-SE","@id":"https:\/\/blogg.svenskakyrkan.se\/diakonibloggen\/#\/schema\/person\/image\/","url":"https:\/\/secure.gravatar.com\/avatar\/95c0ca86fd13e3d8c1b7b7e9864c9a2ccb7b48c6f756a3b5447bcc13dd630488?s=96&d=mm&r=g","contentUrl":"https:\/\/secure.gravatar.com\/avatar\/95c0ca86fd13e3d8c1b7b7e9864c9a2ccb7b48c6f756a3b5447bcc13dd630488?s=96&d=mm&r=g","caption":"diakonibloggen"},"url":"https:\/\/blogg.svenskakyrkan.se\/diakonibloggen\/author\/diakonibloggen\/"}]}},"author_meta":{"ID":"776","user_nicename":"diakonibloggen","user_registered":"2020-12-17 14:50:06","display_name":"diakonibloggen","avatar":"https:\/\/blogg.svenskakyrkan.se\/diakonibloggen\/files\/2021\/02\/Sk\u00e4rmavbild-2019-04-12-kl.-14.20.54-150x150.png"},"featured_image":false,"bloginfo":{"name":"Diakonibloggen","url":"https:\/\/blogg.svenskakyrkan.se\/diakonibloggen"},"_links":{"self":[{"href":"https:\/\/blogg.svenskakyrkan.se\/diakonibloggen\/wp-json\/wp\/v2\/posts\/7710","targetHints":{"allow":["GET"]}}],"collection":[{"href":"https:\/\/blogg.svenskakyrkan.se\/diakonibloggen\/wp-json\/wp\/v2\/posts"}],"about":[{"href":"https:\/\/blogg.svenskakyrkan.se\/diakonibloggen\/wp-json\/wp\/v2\/types\/post"}],"author":[{"embeddable":true,"href":"https:\/\/blogg.svenskakyrkan.se\/diakonibloggen\/wp-json\/wp\/v2\/users\/776"}],"replies":[{"embeddable":true,"href":"https:\/\/blogg.svenskakyrkan.se\/diakonibloggen\/wp-json\/wp\/v2\/comments?post=7710"}],"version-history":[{"count":1,"href":"https:\/\/blogg.svenskakyrkan.se\/diakonibloggen\/wp-json\/wp\/v2\/posts\/7710\/revisions"}],"predecessor-version":[{"id":8207,"href":"https:\/\/blogg.svenskakyrkan.se\/diakonibloggen\/wp-json\/wp\/v2\/posts\/7710\/revisions\/8207"}],"wp:featuredmedia":[{"embeddable":true,"href":"https:\/\/blogg.svenskakyrkan.se\/diakonibloggen\/wp-json\/"}],"wp:attachment":[{"href":"https:\/\/blogg.svenskakyrkan.se\/diakonibloggen\/wp-json\/wp\/v2\/media?parent=7710"}],"wp:term":[{"taxonomy":"category","embeddable":true,"href":"https:\/\/blogg.svenskakyrkan.se\/diakonibloggen\/wp-json\/wp\/v2\/categories?post=7710"},{"taxonomy":"post_tag","embeddable":true,"href":"https:\/\/blogg.svenskakyrkan.se\/diakonibloggen\/wp-json\/wp\/v2\/tags?post=7710"}],"curies":[{"name":"wp","href":"https:\/\/api.w.org\/{rel}","templated":true}]}}