{"id":7892,"date":"2020-08-27T18:15:34","date_gmt":"2020-08-27T18:15:34","guid":{"rendered":"http:\/\/diakonibloggen.com\/?p=7892"},"modified":"2020-12-17T15:16:15","modified_gmt":"2020-12-17T15:16:15","slug":"vi-bar-alla-pa-en-historia","status":"publish","type":"post","link":"https:\/\/blogg.svenskakyrkan.se\/diakonibloggen\/2020\/08\/27\/vi-bar-alla-pa-en-historia\/","title":{"rendered":"Vi b\u00e4r alla p\u00e5 en historia"},"content":{"rendered":"\n<p>I tider av oro, ovisshet och r\u00e4dsla f\u00e5r vi ocks\u00e5 komma ih\u00e5g att vid sidan av virus och restriktioner vet vi inte vad livet kommer att inneb\u00e4ra f\u00f6r oss eller f\u00f6r dem vi m\u00f6ter. Vi delar en film fr\u00e5n Region Kalmar l\u00e4n som ber\u00f6r just detta &#8211; livets sk\u00f6rhet och att vi alla \u00e4r en del av det. En film som vill uppmuntra oss att alltid bem\u00f6ta varandra med v\u00e4rme, omtanke och respekt. F\u00f6r vi k\u00e4nner inte till varandras historia.<\/p>\n\n\n\n<figure class=\"wp-block-embed-youtube wp-block-embed is-type-rich wp-embed-aspect-16-9 wp-has-aspect-ratio\"><div class=\"wp-block-embed__wrapper\">\nhttps:\/\/www.youtube.com\/watch?v=aycjKFnzjMQ\n<\/div><\/figure>\n","protected":false},"excerpt":{"rendered":"<p>I tider av oro, ovisshet och r\u00e4dsla f\u00e5r vi ocks\u00e5 komma ih\u00e5g att vid sidan av virus och restriktioner vet vi inte vad livet kommer att inneb\u00e4ra f\u00f6r oss eller f\u00f6r dem vi m\u00f6ter. Vi delar en film fr\u00e5n Region Kalmar l\u00e4n som ber\u00f6r just detta &#8211; livets sk\u00f6rhet och att vi alla \u00e4r en [&hellip;]<\/p>\n","protected":false},"author":776,"featured_media":7897,"comment_status":"open","ping_status":"open","sticky":false,"template":"","format":"standard","meta":{"_acf_changed":false,"footnotes":""},"categories":[23301,23302],"tags":[23597,23627,24315,24792],"class_list":["post-7892","post","type-post","status-publish","format-standard","has-post-thumbnail","hentry","category-diakonalt-arbete","category-diakoni","tag-bara-pa-en-historia","tag-bemotande","tag-kalmar-lan","tag-region-kalmar"],"acf":[],"yoast_head":"<!-- This site is optimized with the Yoast SEO plugin v27.1.1 - https:\/\/yoast.com\/product\/yoast-seo-wordpress\/ -->\n<title>Vi b\u00e4r alla p\u00e5 en historia - Diakonibloggen<\/title>\n<meta name=\"robots\" content=\"index, follow, max-snippet:-1, max-image-preview:large, max-video-preview:-1\" \/>\n<link rel=\"canonical\" href=\"https:\/\/blogg.svenskakyrkan.se\/diakonibloggen\/2020\/08\/27\/vi-bar-alla-pa-en-historia\/\" \/>\n<meta property=\"og:locale\" content=\"sv_SE\" \/>\n<meta property=\"og:type\" content=\"article\" \/>\n<meta property=\"og:title\" content=\"Vi b\u00e4r alla p\u00e5 en historia - Diakonibloggen\" \/>\n<meta property=\"og:description\" content=\"I tider av oro, ovisshet och r\u00e4dsla f\u00e5r vi ocks\u00e5 komma ih\u00e5g att vid sidan av virus och restriktioner vet vi inte vad livet kommer att inneb\u00e4ra f\u00f6r oss eller f\u00f6r dem vi m\u00f6ter. Vi delar en film fr\u00e5n Region Kalmar l\u00e4n som ber\u00f6r just detta &#8211; livets sk\u00f6rhet och att vi alla \u00e4r en [&hellip;]\" \/>\n<meta property=\"og:url\" content=\"https:\/\/blogg.svenskakyrkan.se\/diakonibloggen\/2020\/08\/27\/vi-bar-alla-pa-en-historia\/\" \/>\n<meta property=\"og:site_name\" content=\"Diakonibloggen\" \/>\n<meta property=\"article:published_time\" content=\"2020-08-27T18:15:34+00:00\" \/>\n<meta property=\"article:modified_time\" content=\"2020-12-17T15:16:15+00:00\" \/>\n<meta name=\"author\" content=\"diakonibloggen\" \/>\n<meta name=\"twitter:card\" content=\"summary_large_image\" \/>\n<meta name=\"twitter:label1\" content=\"Skriven av\" \/>\n\t<meta name=\"twitter:data1\" content=\"diakonibloggen\" \/>\n\t<meta name=\"twitter:label2\" content=\"Ber\u00e4knad l\u00e4stid\" \/>\n\t<meta name=\"twitter:data2\" content=\"1 minut\" \/>\n<script type=\"application\/ld+json\" class=\"yoast-schema-graph\">{\"@context\":\"https:\/\/schema.org\",\"@graph\":[{\"@type\":\"Article\",\"@id\":\"https:\/\/blogg.svenskakyrkan.se\/diakonibloggen\/2020\/08\/27\/vi-bar-alla-pa-en-historia\/#article\",\"isPartOf\":{\"@id\":\"https:\/\/blogg.svenskakyrkan.se\/diakonibloggen\/2020\/08\/27\/vi-bar-alla-pa-en-historia\/\"},\"author\":{\"name\":\"diakonibloggen\",\"@id\":\"https:\/\/blogg.svenskakyrkan.se\/diakonibloggen\/#\/schema\/person\/8f6a6fe8efab23c141c7e274fec6405f\"},\"headline\":\"Vi b\u00e4r alla p\u00e5 en historia\",\"datePublished\":\"2020-08-27T18:15:34+00:00\",\"dateModified\":\"2020-12-17T15:16:15+00:00\",\"mainEntityOfPage\":{\"@id\":\"https:\/\/blogg.svenskakyrkan.se\/diakonibloggen\/2020\/08\/27\/vi-bar-alla-pa-en-historia\/\"},\"wordCount\":109,\"commentCount\":0,\"image\":{\"@id\":\"https:\/\/blogg.svenskakyrkan.se\/diakonibloggen\/2020\/08\/27\/vi-bar-alla-pa-en-historia\/#primaryimage\"},\"thumbnailUrl\":\"\",\"keywords\":[\"b\u00e4ra p\u00e5 en historia\",\"Bem\u00f6tande\",\"Kalmar l\u00e4n\",\"Region Kalmar\"],\"articleSection\":[\"Diakonalt arbete\",\"diakoni\"],\"inLanguage\":\"sv-SE\",\"potentialAction\":[{\"@type\":\"CommentAction\",\"name\":\"Comment\",\"target\":[\"https:\/\/blogg.svenskakyrkan.se\/diakonibloggen\/2020\/08\/27\/vi-bar-alla-pa-en-historia\/#respond\"]}]},{\"@type\":\"WebPage\",\"@id\":\"https:\/\/blogg.svenskakyrkan.se\/diakonibloggen\/2020\/08\/27\/vi-bar-alla-pa-en-historia\/\",\"url\":\"https:\/\/blogg.svenskakyrkan.se\/diakonibloggen\/2020\/08\/27\/vi-bar-alla-pa-en-historia\/\",\"name\":\"Vi b\u00e4r alla p\u00e5 en historia - Diakonibloggen\",\"isPartOf\":{\"@id\":\"https:\/\/blogg.svenskakyrkan.se\/diakonibloggen\/#website\"},\"primaryImageOfPage\":{\"@id\":\"https:\/\/blogg.svenskakyrkan.se\/diakonibloggen\/2020\/08\/27\/vi-bar-alla-pa-en-historia\/#primaryimage\"},\"image\":{\"@id\":\"https:\/\/blogg.svenskakyrkan.se\/diakonibloggen\/2020\/08\/27\/vi-bar-alla-pa-en-historia\/#primaryimage\"},\"thumbnailUrl\":\"\",\"datePublished\":\"2020-08-27T18:15:34+00:00\",\"dateModified\":\"2020-12-17T15:16:15+00:00\",\"author\":{\"@id\":\"https:\/\/blogg.svenskakyrkan.se\/diakonibloggen\/#\/schema\/person\/8f6a6fe8efab23c141c7e274fec6405f\"},\"breadcrumb\":{\"@id\":\"https:\/\/blogg.svenskakyrkan.se\/diakonibloggen\/2020\/08\/27\/vi-bar-alla-pa-en-historia\/#breadcrumb\"},\"inLanguage\":\"sv-SE\",\"potentialAction\":[{\"@type\":\"ReadAction\",\"target\":[\"https:\/\/blogg.svenskakyrkan.se\/diakonibloggen\/2020\/08\/27\/vi-bar-alla-pa-en-historia\/\"]}]},{\"@type\":\"ImageObject\",\"inLanguage\":\"sv-SE\",\"@id\":\"https:\/\/blogg.svenskakyrkan.se\/diakonibloggen\/2020\/08\/27\/vi-bar-alla-pa-en-historia\/#primaryimage\",\"url\":\"\",\"contentUrl\":\"\"},{\"@type\":\"BreadcrumbList\",\"@id\":\"https:\/\/blogg.svenskakyrkan.se\/diakonibloggen\/2020\/08\/27\/vi-bar-alla-pa-en-historia\/#breadcrumb\",\"itemListElement\":[{\"@type\":\"ListItem\",\"position\":1,\"name\":\"Hem\",\"item\":\"https:\/\/blogg.svenskakyrkan.se\/diakonibloggen\/\"},{\"@type\":\"ListItem\",\"position\":2,\"name\":\"Vi b\u00e4r alla p\u00e5 en historia\"}]},{\"@type\":\"WebSite\",\"@id\":\"https:\/\/blogg.svenskakyrkan.se\/diakonibloggen\/#website\",\"url\":\"https:\/\/blogg.svenskakyrkan.se\/diakonibloggen\/\",\"name\":\"Diakonibloggen\",\"description\":\"Vi lyfter fram, hyllar, diskuterar och inspirerar till diakonalt arbete inom och utanf\u00f6r Svenska kyrkans ramar.\",\"potentialAction\":[{\"@type\":\"SearchAction\",\"target\":{\"@type\":\"EntryPoint\",\"urlTemplate\":\"https:\/\/blogg.svenskakyrkan.se\/diakonibloggen\/?s={search_term_string}\"},\"query-input\":{\"@type\":\"PropertyValueSpecification\",\"valueRequired\":true,\"valueName\":\"search_term_string\"}}],\"inLanguage\":\"sv-SE\"},{\"@type\":\"Person\",\"@id\":\"https:\/\/blogg.svenskakyrkan.se\/diakonibloggen\/#\/schema\/person\/8f6a6fe8efab23c141c7e274fec6405f\",\"name\":\"diakonibloggen\",\"image\":{\"@type\":\"ImageObject\",\"inLanguage\":\"sv-SE\",\"@id\":\"https:\/\/blogg.svenskakyrkan.se\/diakonibloggen\/#\/schema\/person\/image\/\",\"url\":\"https:\/\/secure.gravatar.com\/avatar\/95c0ca86fd13e3d8c1b7b7e9864c9a2ccb7b48c6f756a3b5447bcc13dd630488?s=96&d=mm&r=g\",\"contentUrl\":\"https:\/\/secure.gravatar.com\/avatar\/95c0ca86fd13e3d8c1b7b7e9864c9a2ccb7b48c6f756a3b5447bcc13dd630488?s=96&d=mm&r=g\",\"caption\":\"diakonibloggen\"},\"url\":\"https:\/\/blogg.svenskakyrkan.se\/diakonibloggen\/author\/diakonibloggen\/\"}]}<\/script>\n<!-- \/ Yoast SEO plugin. -->","yoast_head_json":{"title":"Vi b\u00e4r alla p\u00e5 en historia - Diakonibloggen","robots":{"index":"index","follow":"follow","max-snippet":"max-snippet:-1","max-image-preview":"max-image-preview:large","max-video-preview":"max-video-preview:-1"},"canonical":"https:\/\/blogg.svenskakyrkan.se\/diakonibloggen\/2020\/08\/27\/vi-bar-alla-pa-en-historia\/","og_locale":"sv_SE","og_type":"article","og_title":"Vi b\u00e4r alla p\u00e5 en historia - Diakonibloggen","og_description":"I tider av oro, ovisshet och r\u00e4dsla f\u00e5r vi ocks\u00e5 komma ih\u00e5g att vid sidan av virus och restriktioner vet vi inte vad livet kommer att inneb\u00e4ra f\u00f6r oss eller f\u00f6r dem vi m\u00f6ter. Vi delar en film fr\u00e5n Region Kalmar l\u00e4n som ber\u00f6r just detta &#8211; livets sk\u00f6rhet och att vi alla \u00e4r en [&hellip;]","og_url":"https:\/\/blogg.svenskakyrkan.se\/diakonibloggen\/2020\/08\/27\/vi-bar-alla-pa-en-historia\/","og_site_name":"Diakonibloggen","article_published_time":"2020-08-27T18:15:34+00:00","article_modified_time":"2020-12-17T15:16:15+00:00","author":"diakonibloggen","twitter_card":"summary_large_image","twitter_misc":{"Skriven av":"diakonibloggen","Ber\u00e4knad l\u00e4stid":"1 minut"},"schema":{"@context":"https:\/\/schema.org","@graph":[{"@type":"Article","@id":"https:\/\/blogg.svenskakyrkan.se\/diakonibloggen\/2020\/08\/27\/vi-bar-alla-pa-en-historia\/#article","isPartOf":{"@id":"https:\/\/blogg.svenskakyrkan.se\/diakonibloggen\/2020\/08\/27\/vi-bar-alla-pa-en-historia\/"},"author":{"name":"diakonibloggen","@id":"https:\/\/blogg.svenskakyrkan.se\/diakonibloggen\/#\/schema\/person\/8f6a6fe8efab23c141c7e274fec6405f"},"headline":"Vi b\u00e4r alla p\u00e5 en historia","datePublished":"2020-08-27T18:15:34+00:00","dateModified":"2020-12-17T15:16:15+00:00","mainEntityOfPage":{"@id":"https:\/\/blogg.svenskakyrkan.se\/diakonibloggen\/2020\/08\/27\/vi-bar-alla-pa-en-historia\/"},"wordCount":109,"commentCount":0,"image":{"@id":"https:\/\/blogg.svenskakyrkan.se\/diakonibloggen\/2020\/08\/27\/vi-bar-alla-pa-en-historia\/#primaryimage"},"thumbnailUrl":"","keywords":["b\u00e4ra p\u00e5 en historia","Bem\u00f6tande","Kalmar l\u00e4n","Region Kalmar"],"articleSection":["Diakonalt arbete","diakoni"],"inLanguage":"sv-SE","potentialAction":[{"@type":"CommentAction","name":"Comment","target":["https:\/\/blogg.svenskakyrkan.se\/diakonibloggen\/2020\/08\/27\/vi-bar-alla-pa-en-historia\/#respond"]}]},{"@type":"WebPage","@id":"https:\/\/blogg.svenskakyrkan.se\/diakonibloggen\/2020\/08\/27\/vi-bar-alla-pa-en-historia\/","url":"https:\/\/blogg.svenskakyrkan.se\/diakonibloggen\/2020\/08\/27\/vi-bar-alla-pa-en-historia\/","name":"Vi b\u00e4r alla p\u00e5 en historia - Diakonibloggen","isPartOf":{"@id":"https:\/\/blogg.svenskakyrkan.se\/diakonibloggen\/#website"},"primaryImageOfPage":{"@id":"https:\/\/blogg.svenskakyrkan.se\/diakonibloggen\/2020\/08\/27\/vi-bar-alla-pa-en-historia\/#primaryimage"},"image":{"@id":"https:\/\/blogg.svenskakyrkan.se\/diakonibloggen\/2020\/08\/27\/vi-bar-alla-pa-en-historia\/#primaryimage"},"thumbnailUrl":"","datePublished":"2020-08-27T18:15:34+00:00","dateModified":"2020-12-17T15:16:15+00:00","author":{"@id":"https:\/\/blogg.svenskakyrkan.se\/diakonibloggen\/#\/schema\/person\/8f6a6fe8efab23c141c7e274fec6405f"},"breadcrumb":{"@id":"https:\/\/blogg.svenskakyrkan.se\/diakonibloggen\/2020\/08\/27\/vi-bar-alla-pa-en-historia\/#breadcrumb"},"inLanguage":"sv-SE","potentialAction":[{"@type":"ReadAction","target":["https:\/\/blogg.svenskakyrkan.se\/diakonibloggen\/2020\/08\/27\/vi-bar-alla-pa-en-historia\/"]}]},{"@type":"ImageObject","inLanguage":"sv-SE","@id":"https:\/\/blogg.svenskakyrkan.se\/diakonibloggen\/2020\/08\/27\/vi-bar-alla-pa-en-historia\/#primaryimage","url":"","contentUrl":""},{"@type":"BreadcrumbList","@id":"https:\/\/blogg.svenskakyrkan.se\/diakonibloggen\/2020\/08\/27\/vi-bar-alla-pa-en-historia\/#breadcrumb","itemListElement":[{"@type":"ListItem","position":1,"name":"Hem","item":"https:\/\/blogg.svenskakyrkan.se\/diakonibloggen\/"},{"@type":"ListItem","position":2,"name":"Vi b\u00e4r alla p\u00e5 en historia"}]},{"@type":"WebSite","@id":"https:\/\/blogg.svenskakyrkan.se\/diakonibloggen\/#website","url":"https:\/\/blogg.svenskakyrkan.se\/diakonibloggen\/","name":"Diakonibloggen","description":"Vi lyfter fram, hyllar, diskuterar och inspirerar till diakonalt arbete inom och utanf\u00f6r Svenska kyrkans ramar.","potentialAction":[{"@type":"SearchAction","target":{"@type":"EntryPoint","urlTemplate":"https:\/\/blogg.svenskakyrkan.se\/diakonibloggen\/?s={search_term_string}"},"query-input":{"@type":"PropertyValueSpecification","valueRequired":true,"valueName":"search_term_string"}}],"inLanguage":"sv-SE"},{"@type":"Person","@id":"https:\/\/blogg.svenskakyrkan.se\/diakonibloggen\/#\/schema\/person\/8f6a6fe8efab23c141c7e274fec6405f","name":"diakonibloggen","image":{"@type":"ImageObject","inLanguage":"sv-SE","@id":"https:\/\/blogg.svenskakyrkan.se\/diakonibloggen\/#\/schema\/person\/image\/","url":"https:\/\/secure.gravatar.com\/avatar\/95c0ca86fd13e3d8c1b7b7e9864c9a2ccb7b48c6f756a3b5447bcc13dd630488?s=96&d=mm&r=g","contentUrl":"https:\/\/secure.gravatar.com\/avatar\/95c0ca86fd13e3d8c1b7b7e9864c9a2ccb7b48c6f756a3b5447bcc13dd630488?s=96&d=mm&r=g","caption":"diakonibloggen"},"url":"https:\/\/blogg.svenskakyrkan.se\/diakonibloggen\/author\/diakonibloggen\/"}]}},"author_meta":{"ID":"776","user_nicename":"diakonibloggen","user_registered":"2020-12-17 14:50:06","display_name":"diakonibloggen","avatar":"https:\/\/blogg.svenskakyrkan.se\/diakonibloggen\/files\/2021\/02\/Sk\u00e4rmavbild-2019-04-12-kl.-14.20.54-150x150.png"},"featured_image":false,"bloginfo":{"name":"Diakonibloggen","url":"https:\/\/blogg.svenskakyrkan.se\/diakonibloggen"},"_links":{"self":[{"href":"https:\/\/blogg.svenskakyrkan.se\/diakonibloggen\/wp-json\/wp\/v2\/posts\/7892","targetHints":{"allow":["GET"]}}],"collection":[{"href":"https:\/\/blogg.svenskakyrkan.se\/diakonibloggen\/wp-json\/wp\/v2\/posts"}],"about":[{"href":"https:\/\/blogg.svenskakyrkan.se\/diakonibloggen\/wp-json\/wp\/v2\/types\/post"}],"author":[{"embeddable":true,"href":"https:\/\/blogg.svenskakyrkan.se\/diakonibloggen\/wp-json\/wp\/v2\/users\/776"}],"replies":[{"embeddable":true,"href":"https:\/\/blogg.svenskakyrkan.se\/diakonibloggen\/wp-json\/wp\/v2\/comments?post=7892"}],"version-history":[{"count":1,"href":"https:\/\/blogg.svenskakyrkan.se\/diakonibloggen\/wp-json\/wp\/v2\/posts\/7892\/revisions"}],"predecessor-version":[{"id":8194,"href":"https:\/\/blogg.svenskakyrkan.se\/diakonibloggen\/wp-json\/wp\/v2\/posts\/7892\/revisions\/8194"}],"wp:featuredmedia":[{"embeddable":true,"href":"https:\/\/blogg.svenskakyrkan.se\/diakonibloggen\/wp-json\/"}],"wp:attachment":[{"href":"https:\/\/blogg.svenskakyrkan.se\/diakonibloggen\/wp-json\/wp\/v2\/media?parent=7892"}],"wp:term":[{"taxonomy":"category","embeddable":true,"href":"https:\/\/blogg.svenskakyrkan.se\/diakonibloggen\/wp-json\/wp\/v2\/categories?post=7892"},{"taxonomy":"post_tag","embeddable":true,"href":"https:\/\/blogg.svenskakyrkan.se\/diakonibloggen\/wp-json\/wp\/v2\/tags?post=7892"}],"curies":[{"name":"wp","href":"https:\/\/api.w.org\/{rel}","templated":true}]}}