{"id":83,"date":"2012-08-28T08:34:22","date_gmt":"2012-08-28T08:34:22","guid":{"rendered":"http:\/\/diakonibloggen.wordpress.com\/?p=83"},"modified":"2012-08-28T08:34:22","modified_gmt":"2012-08-28T08:34:22","slug":"10-fikat","status":"publish","type":"post","link":"https:\/\/blogg.svenskakyrkan.se\/diakonibloggen\/2012\/08\/28\/10-fikat\/","title":{"rendered":"10-fikat"},"content":{"rendered":"<p><a href=\"http:\/\/blogg.svenskakyrkan.se\/diakonibloggen\/files\/2012\/08\/skc3a4rmavbild-2012-08-28-kl-10-31-42.png\"><img loading=\"lazy\" decoding=\"async\" class=\"alignleft size-full wp-image-84\" title=\"Fairtradefika\" src=\"http:\/\/blogg.svenskakyrkan.se\/diakonibloggen\/files\/2012\/08\/skc3a4rmavbild-2012-08-28-kl-10-31-42.png\" alt=\"\" width=\"260\" height=\"134\" \/><\/a>F\u00f6rr var det s\u00f6ndagsmiddagen som var samlingspunkten f\u00f6r familjen. Numera talas det mer om det &#8221;heliga&#8221; fredagsmyset, i alla fall bland tr\u00f6tta och slitna sm\u00e5barnsf\u00f6r\u00e4ldrar. Men vi fikar ju och umg\u00e5s \u00e4ven p\u00e5 jobbet och vi tror att ni \u00e4r n\u00e5gra med oss som ocks\u00e5 sitter och l\u00e4ngtar lite till kafferasten p\u00e5 morgonkvisten.\u00a0Den <strong>18 oktober<\/strong> \u00e4r det \u00e5terigen dags f\u00f6r Fairtrade Challenge, en utmaning till f\u00f6retag, anst\u00e4llda och organisationer. Utmaningen \u00e4r att vi tillsammans bli \u00f6ver en halv miljon svenskar som fikar Fairtrade-m\u00e4rkt och g\u00f6r skillnad f\u00f6r odlare och anst\u00e4llda i utvecklingsl\u00e4nder. L\u00e4s g\u00e4rna mer och anm\u00e4l dig och ditt arbetslag till en r\u00e4ttvisefika.<\/p>\n","protected":false},"excerpt":{"rendered":"<p>F\u00f6rr var det s\u00f6ndagsmiddagen som var samlingspunkten f\u00f6r familjen. Numera talas det mer om det &#8221;heliga&#8221; fredagsmyset, i alla fall bland tr\u00f6tta och slitna sm\u00e5barnsf\u00f6r\u00e4ldrar. Men vi fikar ju och umg\u00e5s \u00e4ven p\u00e5 jobbet och vi tror att ni \u00e4r n\u00e5gra med oss som ocks\u00e5 sitter och l\u00e4ngtar lite till kafferasten p\u00e5 morgonkvisten.\u00a0Den 18 oktober [&hellip;]<\/p>\n","protected":false},"author":776,"featured_media":0,"comment_status":"open","ping_status":"open","sticky":false,"template":"","format":"standard","meta":{"_acf_changed":false,"footnotes":""},"categories":[23328],"tags":[],"class_list":["post-83","post","type-post","status-publish","format-standard","hentry","category-uncategorized"],"acf":[],"yoast_head":"<!-- This site is optimized with the Yoast SEO plugin v27.1.1 - https:\/\/yoast.com\/product\/yoast-seo-wordpress\/ -->\n<title>10-fikat - Diakonibloggen<\/title>\n<meta name=\"robots\" content=\"index, follow, max-snippet:-1, max-image-preview:large, max-video-preview:-1\" \/>\n<link rel=\"canonical\" href=\"https:\/\/blogg.svenskakyrkan.se\/diakonibloggen\/2012\/08\/28\/10-fikat\/\" \/>\n<meta property=\"og:locale\" content=\"sv_SE\" \/>\n<meta property=\"og:type\" content=\"article\" \/>\n<meta property=\"og:title\" content=\"10-fikat - Diakonibloggen\" \/>\n<meta property=\"og:description\" content=\"F\u00f6rr var det s\u00f6ndagsmiddagen som var samlingspunkten f\u00f6r familjen. Numera talas det mer om det &#8221;heliga&#8221; fredagsmyset, i alla fall bland tr\u00f6tta och slitna sm\u00e5barnsf\u00f6r\u00e4ldrar. Men vi fikar ju och umg\u00e5s \u00e4ven p\u00e5 jobbet och vi tror att ni \u00e4r n\u00e5gra med oss som ocks\u00e5 sitter och l\u00e4ngtar lite till kafferasten p\u00e5 morgonkvisten.\u00a0Den 18 oktober [&hellip;]\" \/>\n<meta property=\"og:url\" content=\"https:\/\/blogg.svenskakyrkan.se\/diakonibloggen\/2012\/08\/28\/10-fikat\/\" \/>\n<meta property=\"og:site_name\" content=\"Diakonibloggen\" \/>\n<meta property=\"article:published_time\" content=\"2012-08-28T08:34:22+00:00\" \/>\n<meta property=\"og:image\" content=\"http:\/\/blogg.svenskakyrkan.se\/diakonibloggen\/files\/2012\/08\/skc3a4rmavbild-2012-08-28-kl-10-31-42.png\" \/>\n<meta name=\"author\" content=\"diakonibloggen\" \/>\n<meta name=\"twitter:card\" content=\"summary_large_image\" \/>\n<meta name=\"twitter:label1\" content=\"Skriven av\" \/>\n\t<meta name=\"twitter:data1\" content=\"diakonibloggen\" \/>\n\t<meta name=\"twitter:label2\" content=\"Ber\u00e4knad l\u00e4stid\" \/>\n\t<meta name=\"twitter:data2\" content=\"1 minut\" \/>\n<script type=\"application\/ld+json\" class=\"yoast-schema-graph\">{\"@context\":\"https:\/\/schema.org\",\"@graph\":[{\"@type\":\"Article\",\"@id\":\"https:\/\/blogg.svenskakyrkan.se\/diakonibloggen\/2012\/08\/28\/10-fikat\/#article\",\"isPartOf\":{\"@id\":\"https:\/\/blogg.svenskakyrkan.se\/diakonibloggen\/2012\/08\/28\/10-fikat\/\"},\"author\":{\"name\":\"diakonibloggen\",\"@id\":\"https:\/\/blogg.svenskakyrkan.se\/diakonibloggen\/#\/schema\/person\/8f6a6fe8efab23c141c7e274fec6405f\"},\"headline\":\"10-fikat\",\"datePublished\":\"2012-08-28T08:34:22+00:00\",\"mainEntityOfPage\":{\"@id\":\"https:\/\/blogg.svenskakyrkan.se\/diakonibloggen\/2012\/08\/28\/10-fikat\/\"},\"wordCount\":127,\"commentCount\":0,\"image\":{\"@id\":\"https:\/\/blogg.svenskakyrkan.se\/diakonibloggen\/2012\/08\/28\/10-fikat\/#primaryimage\"},\"thumbnailUrl\":\"http:\/\/blogg.svenskakyrkan.se\/diakonibloggen\/files\/2012\/08\/skc3a4rmavbild-2012-08-28-kl-10-31-42.png\",\"articleSection\":[\"Uncategorized\"],\"inLanguage\":\"sv-SE\",\"potentialAction\":[{\"@type\":\"CommentAction\",\"name\":\"Comment\",\"target\":[\"https:\/\/blogg.svenskakyrkan.se\/diakonibloggen\/2012\/08\/28\/10-fikat\/#respond\"]}]},{\"@type\":\"WebPage\",\"@id\":\"https:\/\/blogg.svenskakyrkan.se\/diakonibloggen\/2012\/08\/28\/10-fikat\/\",\"url\":\"https:\/\/blogg.svenskakyrkan.se\/diakonibloggen\/2012\/08\/28\/10-fikat\/\",\"name\":\"10-fikat - Diakonibloggen\",\"isPartOf\":{\"@id\":\"https:\/\/blogg.svenskakyrkan.se\/diakonibloggen\/#website\"},\"primaryImageOfPage\":{\"@id\":\"https:\/\/blogg.svenskakyrkan.se\/diakonibloggen\/2012\/08\/28\/10-fikat\/#primaryimage\"},\"image\":{\"@id\":\"https:\/\/blogg.svenskakyrkan.se\/diakonibloggen\/2012\/08\/28\/10-fikat\/#primaryimage\"},\"thumbnailUrl\":\"http:\/\/blogg.svenskakyrkan.se\/diakonibloggen\/files\/2012\/08\/skc3a4rmavbild-2012-08-28-kl-10-31-42.png\",\"datePublished\":\"2012-08-28T08:34:22+00:00\",\"author\":{\"@id\":\"https:\/\/blogg.svenskakyrkan.se\/diakonibloggen\/#\/schema\/person\/8f6a6fe8efab23c141c7e274fec6405f\"},\"breadcrumb\":{\"@id\":\"https:\/\/blogg.svenskakyrkan.se\/diakonibloggen\/2012\/08\/28\/10-fikat\/#breadcrumb\"},\"inLanguage\":\"sv-SE\",\"potentialAction\":[{\"@type\":\"ReadAction\",\"target\":[\"https:\/\/blogg.svenskakyrkan.se\/diakonibloggen\/2012\/08\/28\/10-fikat\/\"]}]},{\"@type\":\"ImageObject\",\"inLanguage\":\"sv-SE\",\"@id\":\"https:\/\/blogg.svenskakyrkan.se\/diakonibloggen\/2012\/08\/28\/10-fikat\/#primaryimage\",\"url\":\"http:\/\/blogg.svenskakyrkan.se\/diakonibloggen\/files\/2012\/08\/skc3a4rmavbild-2012-08-28-kl-10-31-42.png\",\"contentUrl\":\"http:\/\/blogg.svenskakyrkan.se\/diakonibloggen\/files\/2012\/08\/skc3a4rmavbild-2012-08-28-kl-10-31-42.png\"},{\"@type\":\"BreadcrumbList\",\"@id\":\"https:\/\/blogg.svenskakyrkan.se\/diakonibloggen\/2012\/08\/28\/10-fikat\/#breadcrumb\",\"itemListElement\":[{\"@type\":\"ListItem\",\"position\":1,\"name\":\"Hem\",\"item\":\"https:\/\/blogg.svenskakyrkan.se\/diakonibloggen\/\"},{\"@type\":\"ListItem\",\"position\":2,\"name\":\"10-fikat\"}]},{\"@type\":\"WebSite\",\"@id\":\"https:\/\/blogg.svenskakyrkan.se\/diakonibloggen\/#website\",\"url\":\"https:\/\/blogg.svenskakyrkan.se\/diakonibloggen\/\",\"name\":\"Diakonibloggen\",\"description\":\"Vi lyfter fram, hyllar, diskuterar och inspirerar till diakonalt arbete inom och utanf\u00f6r Svenska kyrkans ramar.\",\"potentialAction\":[{\"@type\":\"SearchAction\",\"target\":{\"@type\":\"EntryPoint\",\"urlTemplate\":\"https:\/\/blogg.svenskakyrkan.se\/diakonibloggen\/?s={search_term_string}\"},\"query-input\":{\"@type\":\"PropertyValueSpecification\",\"valueRequired\":true,\"valueName\":\"search_term_string\"}}],\"inLanguage\":\"sv-SE\"},{\"@type\":\"Person\",\"@id\":\"https:\/\/blogg.svenskakyrkan.se\/diakonibloggen\/#\/schema\/person\/8f6a6fe8efab23c141c7e274fec6405f\",\"name\":\"diakonibloggen\",\"image\":{\"@type\":\"ImageObject\",\"inLanguage\":\"sv-SE\",\"@id\":\"https:\/\/blogg.svenskakyrkan.se\/diakonibloggen\/#\/schema\/person\/image\/\",\"url\":\"https:\/\/secure.gravatar.com\/avatar\/95c0ca86fd13e3d8c1b7b7e9864c9a2ccb7b48c6f756a3b5447bcc13dd630488?s=96&d=mm&r=g\",\"contentUrl\":\"https:\/\/secure.gravatar.com\/avatar\/95c0ca86fd13e3d8c1b7b7e9864c9a2ccb7b48c6f756a3b5447bcc13dd630488?s=96&d=mm&r=g\",\"caption\":\"diakonibloggen\"},\"url\":\"https:\/\/blogg.svenskakyrkan.se\/diakonibloggen\/author\/diakonibloggen\/\"}]}<\/script>\n<!-- \/ Yoast SEO plugin. -->","yoast_head_json":{"title":"10-fikat - Diakonibloggen","robots":{"index":"index","follow":"follow","max-snippet":"max-snippet:-1","max-image-preview":"max-image-preview:large","max-video-preview":"max-video-preview:-1"},"canonical":"https:\/\/blogg.svenskakyrkan.se\/diakonibloggen\/2012\/08\/28\/10-fikat\/","og_locale":"sv_SE","og_type":"article","og_title":"10-fikat - Diakonibloggen","og_description":"F\u00f6rr var det s\u00f6ndagsmiddagen som var samlingspunkten f\u00f6r familjen. Numera talas det mer om det &#8221;heliga&#8221; fredagsmyset, i alla fall bland tr\u00f6tta och slitna sm\u00e5barnsf\u00f6r\u00e4ldrar. Men vi fikar ju och umg\u00e5s \u00e4ven p\u00e5 jobbet och vi tror att ni \u00e4r n\u00e5gra med oss som ocks\u00e5 sitter och l\u00e4ngtar lite till kafferasten p\u00e5 morgonkvisten.\u00a0Den 18 oktober [&hellip;]","og_url":"https:\/\/blogg.svenskakyrkan.se\/diakonibloggen\/2012\/08\/28\/10-fikat\/","og_site_name":"Diakonibloggen","article_published_time":"2012-08-28T08:34:22+00:00","og_image":[{"url":"http:\/\/blogg.svenskakyrkan.se\/diakonibloggen\/files\/2012\/08\/skc3a4rmavbild-2012-08-28-kl-10-31-42.png","type":"","width":"","height":""}],"author":"diakonibloggen","twitter_card":"summary_large_image","twitter_misc":{"Skriven av":"diakonibloggen","Ber\u00e4knad l\u00e4stid":"1 minut"},"schema":{"@context":"https:\/\/schema.org","@graph":[{"@type":"Article","@id":"https:\/\/blogg.svenskakyrkan.se\/diakonibloggen\/2012\/08\/28\/10-fikat\/#article","isPartOf":{"@id":"https:\/\/blogg.svenskakyrkan.se\/diakonibloggen\/2012\/08\/28\/10-fikat\/"},"author":{"name":"diakonibloggen","@id":"https:\/\/blogg.svenskakyrkan.se\/diakonibloggen\/#\/schema\/person\/8f6a6fe8efab23c141c7e274fec6405f"},"headline":"10-fikat","datePublished":"2012-08-28T08:34:22+00:00","mainEntityOfPage":{"@id":"https:\/\/blogg.svenskakyrkan.se\/diakonibloggen\/2012\/08\/28\/10-fikat\/"},"wordCount":127,"commentCount":0,"image":{"@id":"https:\/\/blogg.svenskakyrkan.se\/diakonibloggen\/2012\/08\/28\/10-fikat\/#primaryimage"},"thumbnailUrl":"http:\/\/blogg.svenskakyrkan.se\/diakonibloggen\/files\/2012\/08\/skc3a4rmavbild-2012-08-28-kl-10-31-42.png","articleSection":["Uncategorized"],"inLanguage":"sv-SE","potentialAction":[{"@type":"CommentAction","name":"Comment","target":["https:\/\/blogg.svenskakyrkan.se\/diakonibloggen\/2012\/08\/28\/10-fikat\/#respond"]}]},{"@type":"WebPage","@id":"https:\/\/blogg.svenskakyrkan.se\/diakonibloggen\/2012\/08\/28\/10-fikat\/","url":"https:\/\/blogg.svenskakyrkan.se\/diakonibloggen\/2012\/08\/28\/10-fikat\/","name":"10-fikat - Diakonibloggen","isPartOf":{"@id":"https:\/\/blogg.svenskakyrkan.se\/diakonibloggen\/#website"},"primaryImageOfPage":{"@id":"https:\/\/blogg.svenskakyrkan.se\/diakonibloggen\/2012\/08\/28\/10-fikat\/#primaryimage"},"image":{"@id":"https:\/\/blogg.svenskakyrkan.se\/diakonibloggen\/2012\/08\/28\/10-fikat\/#primaryimage"},"thumbnailUrl":"http:\/\/blogg.svenskakyrkan.se\/diakonibloggen\/files\/2012\/08\/skc3a4rmavbild-2012-08-28-kl-10-31-42.png","datePublished":"2012-08-28T08:34:22+00:00","author":{"@id":"https:\/\/blogg.svenskakyrkan.se\/diakonibloggen\/#\/schema\/person\/8f6a6fe8efab23c141c7e274fec6405f"},"breadcrumb":{"@id":"https:\/\/blogg.svenskakyrkan.se\/diakonibloggen\/2012\/08\/28\/10-fikat\/#breadcrumb"},"inLanguage":"sv-SE","potentialAction":[{"@type":"ReadAction","target":["https:\/\/blogg.svenskakyrkan.se\/diakonibloggen\/2012\/08\/28\/10-fikat\/"]}]},{"@type":"ImageObject","inLanguage":"sv-SE","@id":"https:\/\/blogg.svenskakyrkan.se\/diakonibloggen\/2012\/08\/28\/10-fikat\/#primaryimage","url":"http:\/\/blogg.svenskakyrkan.se\/diakonibloggen\/files\/2012\/08\/skc3a4rmavbild-2012-08-28-kl-10-31-42.png","contentUrl":"http:\/\/blogg.svenskakyrkan.se\/diakonibloggen\/files\/2012\/08\/skc3a4rmavbild-2012-08-28-kl-10-31-42.png"},{"@type":"BreadcrumbList","@id":"https:\/\/blogg.svenskakyrkan.se\/diakonibloggen\/2012\/08\/28\/10-fikat\/#breadcrumb","itemListElement":[{"@type":"ListItem","position":1,"name":"Hem","item":"https:\/\/blogg.svenskakyrkan.se\/diakonibloggen\/"},{"@type":"ListItem","position":2,"name":"10-fikat"}]},{"@type":"WebSite","@id":"https:\/\/blogg.svenskakyrkan.se\/diakonibloggen\/#website","url":"https:\/\/blogg.svenskakyrkan.se\/diakonibloggen\/","name":"Diakonibloggen","description":"Vi lyfter fram, hyllar, diskuterar och inspirerar till diakonalt arbete inom och utanf\u00f6r Svenska kyrkans ramar.","potentialAction":[{"@type":"SearchAction","target":{"@type":"EntryPoint","urlTemplate":"https:\/\/blogg.svenskakyrkan.se\/diakonibloggen\/?s={search_term_string}"},"query-input":{"@type":"PropertyValueSpecification","valueRequired":true,"valueName":"search_term_string"}}],"inLanguage":"sv-SE"},{"@type":"Person","@id":"https:\/\/blogg.svenskakyrkan.se\/diakonibloggen\/#\/schema\/person\/8f6a6fe8efab23c141c7e274fec6405f","name":"diakonibloggen","image":{"@type":"ImageObject","inLanguage":"sv-SE","@id":"https:\/\/blogg.svenskakyrkan.se\/diakonibloggen\/#\/schema\/person\/image\/","url":"https:\/\/secure.gravatar.com\/avatar\/95c0ca86fd13e3d8c1b7b7e9864c9a2ccb7b48c6f756a3b5447bcc13dd630488?s=96&d=mm&r=g","contentUrl":"https:\/\/secure.gravatar.com\/avatar\/95c0ca86fd13e3d8c1b7b7e9864c9a2ccb7b48c6f756a3b5447bcc13dd630488?s=96&d=mm&r=g","caption":"diakonibloggen"},"url":"https:\/\/blogg.svenskakyrkan.se\/diakonibloggen\/author\/diakonibloggen\/"}]}},"author_meta":{"ID":"776","user_nicename":"diakonibloggen","user_registered":"2020-12-17 14:50:06","display_name":"diakonibloggen","avatar":"https:\/\/blogg.svenskakyrkan.se\/diakonibloggen\/files\/2021\/02\/Sk\u00e4rmavbild-2019-04-12-kl.-14.20.54-150x150.png"},"featured_image":false,"bloginfo":{"name":"Diakonibloggen","url":"https:\/\/blogg.svenskakyrkan.se\/diakonibloggen"},"_links":{"self":[{"href":"https:\/\/blogg.svenskakyrkan.se\/diakonibloggen\/wp-json\/wp\/v2\/posts\/83","targetHints":{"allow":["GET"]}}],"collection":[{"href":"https:\/\/blogg.svenskakyrkan.se\/diakonibloggen\/wp-json\/wp\/v2\/posts"}],"about":[{"href":"https:\/\/blogg.svenskakyrkan.se\/diakonibloggen\/wp-json\/wp\/v2\/types\/post"}],"author":[{"embeddable":true,"href":"https:\/\/blogg.svenskakyrkan.se\/diakonibloggen\/wp-json\/wp\/v2\/users\/776"}],"replies":[{"embeddable":true,"href":"https:\/\/blogg.svenskakyrkan.se\/diakonibloggen\/wp-json\/wp\/v2\/comments?post=83"}],"version-history":[{"count":0,"href":"https:\/\/blogg.svenskakyrkan.se\/diakonibloggen\/wp-json\/wp\/v2\/posts\/83\/revisions"}],"wp:attachment":[{"href":"https:\/\/blogg.svenskakyrkan.se\/diakonibloggen\/wp-json\/wp\/v2\/media?parent=83"}],"wp:term":[{"taxonomy":"category","embeddable":true,"href":"https:\/\/blogg.svenskakyrkan.se\/diakonibloggen\/wp-json\/wp\/v2\/categories?post=83"},{"taxonomy":"post_tag","embeddable":true,"href":"https:\/\/blogg.svenskakyrkan.se\/diakonibloggen\/wp-json\/wp\/v2\/tags?post=83"}],"curies":[{"name":"wp","href":"https:\/\/api.w.org\/{rel}","templated":true}]}}