{"id":8654,"date":"2021-02-05T10:24:01","date_gmt":"2021-02-05T10:24:01","guid":{"rendered":"http:\/\/blogg.svenskakyrkan.se\/diakonibloggen\/?p=8654"},"modified":"2021-02-05T10:24:02","modified_gmt":"2021-02-05T10:24:02","slug":"kyss","status":"publish","type":"post","link":"https:\/\/blogg.svenskakyrkan.se\/diakonibloggen\/2021\/02\/05\/kyss\/","title":{"rendered":"KYSS"},"content":{"rendered":"\n\n\n<p><em>H\u00f6ga visan, S\u00e5ngernas s\u00e5ng, \u00e4r en k\u00e4rlekens revolution. Det h\u00e4r \u00e4r ber\u00e4ttelsen om en j\u00e4mb\u00f6rdig sexualitet. Om k\u00e5thet och lust. Den sinnliga k\u00e4rleken som en helighet som sker mellan oss, i v\u00e5ra kroppar och genom v\u00e5ra kroppar. Den \u00e4r ett hopp om att det som en g\u00e5ng g\u00e5tt f\u00f6rlorat kan \u00e5tertas. Att vi kan l\u00e4ka.<\/em><\/p>\n\n\n\n<div class=\"wp-block-image\"><figure class=\"alignleft size-large is-resized\"><img loading=\"lazy\" decoding=\"async\" src=\"http:\/\/blogg.svenskakyrkan.se\/diakonibloggen\/files\/2021\/02\/Sk\u00e4rmavbild-2021-02-05-kl.-10.57.15.png\" alt=\"\" class=\"wp-image-8655\" width=\"237\" height=\"287\" srcset=\"https:\/\/blogg.svenskakyrkan.se\/diakonibloggen\/files\/2021\/02\/Sk\u00e4rmavbild-2021-02-05-kl.-10.57.15.png 316w, https:\/\/blogg.svenskakyrkan.se\/diakonibloggen\/files\/2021\/02\/Sk\u00e4rmavbild-2021-02-05-kl.-10.57.15-248x300.png 248w\" sizes=\"auto, (max-width: 237px) 100vw, 237px\" \/><\/figure><\/div>\n\n\n\n<p>S\u00e5 st\u00e5r det p\u00e5 baksidan av boken Kyss. Stycket \u00e4r h\u00e4mtat ur Susanne Dahls betraktelse med rubriken K\u00e4rlekens revolution, ungef\u00e4r mitt i boken, d\u00e4r hon delar med sig av tankar om bland annat paradisets uppl\u00f6sning och m\u00e4nniskans l\u00e4ngtan tillbaka till enheten med varandra och Gud. I Kyss f\u00e5r vi ta del av tre olika slags tolkningar av H\u00f6ga Visan, Kent Wistis i form av mystiska erotiska bilder, Maria K\u00fcchens som i diktform svarar och l\u00e4gger till i H\u00f6ga visans text och Susanne Dahls egna ord om denna del av Bibeln som g\u00e4ckat s\u00e5 m\u00e5nga nyfikna, sugna och teologiskt korrekta genom alla tider.<\/p>\n\n\n\n<p>H\u00f6ga visan med sin vackra, tidl\u00f6sa och erotiska beskrivning av n\u00e4rhet, k\u00e4rlek, lust och passion sticker ut fr\u00e5n allt \u00f6vrigt och \u00e4r en skatt inte bara f\u00f6r oss bek\u00e4nnande kristna bibell\u00e4sare utan f\u00f6r gemene man. Det h\u00e4r \u00e4r ett modigt och stort kliv ut av f\u00f6rfattarna, ut ur gamla f\u00f6rest\u00e4llningar om kristendom och sexualitet, j\u00e4mlikhet och k\u00e4rlek.<\/p>\n\n\n\n<div class=\"wp-block-image\"><figure class=\"alignleft size-large is-resized\"><img loading=\"lazy\" decoding=\"async\" src=\"http:\/\/blogg.svenskakyrkan.se\/diakonibloggen\/files\/2021\/02\/kent6.jpg\" alt=\"\" class=\"wp-image-8656\" width=\"279\" height=\"400\" srcset=\"https:\/\/blogg.svenskakyrkan.se\/diakonibloggen\/files\/2021\/02\/kent6.jpg 558w, https:\/\/blogg.svenskakyrkan.se\/diakonibloggen\/files\/2021\/02\/kent6-210x300.jpg 210w\" sizes=\"auto, (max-width: 279px) 100vw, 279px\" \/><\/figure><\/div>\n\n\n\n<p>Samtalet om vad Bibeln s\u00e4ger om sexualitet och relationer mellan alla k\u00f6n har lyst med sin fr\u00e5nvaro alternativt l\u00e4mnats or\u00f6rt. Svaret p\u00e5 fr\u00e5gan om anledningen till allt har olika svar, beroende p\u00e5 vem som f\u00e5r fr\u00e5gan. Om jag fick fr\u00e5gan skulle svaret bli n\u00e5got i stil med att det har att g\u00f6ra med kyrkans f\u00f6rs\u00f6k genom tiderna att kontrollera den enorma kraft som v\u00e5r sexualitet utg\u00f6r och det har gjorts genom att anv\u00e4nda skammens giftiga vapen. Det har ju varit viktigt \u00e4ven p\u00e5 andra s\u00e4tt f\u00f6r kyrkan att ha kontroll \u00f6ver m\u00e4nniskorna genom \u2013 som om Gud skulle f\u00f6rsvinna med kyrkans makt och inflytande. Och g\u00e5r vi tillbaka till tiden innan det s\u00e5 hittar vi ju H\u00f6ga visan, S\u00e5ngernas s\u00e5ng \u2013 K\u00e4rlekens revolution.<\/p>\n\n\n\n<div class=\"wp-block-image\"><figure class=\"alignleft size-large is-resized\"><img loading=\"lazy\" decoding=\"async\" src=\"https:\/\/blogg.svenskakyrkan.se\/diakonibloggen\/files\/2021\/02\/Sk\u00e4rmavbild-2021-02-05-kl.-11.03.13.png\" alt=\"\" class=\"wp-image-8657\" width=\"205\" height=\"282\" srcset=\"https:\/\/blogg.svenskakyrkan.se\/diakonibloggen\/files\/2021\/02\/Sk\u00e4rmavbild-2021-02-05-kl.-11.03.13.png 410w, https:\/\/blogg.svenskakyrkan.se\/diakonibloggen\/files\/2021\/02\/Sk\u00e4rmavbild-2021-02-05-kl.-11.03.13-218x300.png 218w\" sizes=\"auto, (max-width: 205px) 100vw, 205px\" \/><\/figure><\/div>\n\n\n\n<p>Jag tror inte att det h\u00e4r \u00e4r en bok som jag kommer att s\u00e4tta i handen p\u00e5 en konfirmand. D\u00e4remot en ung vuxen och d\u00e4rifr\u00e5n finns ingen \u00e5ldersgr\u00e4ns upp\u00e5t. Det kan absolut vara ett uppslag f\u00f6r ett samtal i v\u00e5r kyrka om sex och relation, bruk och missbruk, men framf\u00f6rallt \u00e4r det en bok f\u00f6r oss alla var och en. F\u00f6r att eggas, inspireras, provoceras och f\u00f6r att t\u00e4nka till hur vi har det med oss sj\u00e4lva. Inte minst f\u00f6r oss som i andras \u00f6gon representerar v\u00e5r kyrka och ska kunna svara p\u00e5 fr\u00e5gor om detta s\u00e5 djupt m\u00e4nskliga och innerligt gudomliga.<\/p>\n\n\n\n<p>Sara Carlsson, diakon<\/p>\n","protected":false},"excerpt":{"rendered":"<p>H\u00f6ga visan, S\u00e5ngernas s\u00e5ng, \u00e4r en k\u00e4rlekens revolution. Det h\u00e4r \u00e4r ber\u00e4ttelsen om en j\u00e4mb\u00f6rdig sexualitet. Om k\u00e5thet och lust. Den sinnliga k\u00e4rleken som en helighet som sker mellan oss, i v\u00e5ra kroppar och genom v\u00e5ra kroppar. Den \u00e4r ett hopp om att det som en g\u00e5ng g\u00e5tt f\u00f6rlorat kan \u00e5tertas. Att vi kan l\u00e4ka. [&hellip;]<\/p>\n","protected":false},"author":776,"featured_media":8655,"comment_status":"open","ping_status":"open","sticky":false,"template":"","format":"standard","meta":{"_acf_changed":false,"footnotes":""},"categories":[23298,23302],"tags":[24138,24344,25281,24519,25280,25006],"class_list":["post-8654","post","type-post","status-publish","format-standard","has-post-thumbnail","hentry","category-bokrecension","category-diakoni","tag-hoga-visan","tag-kent-wisti","tag-kyss","tag-maria-kuchen","tag-skruv-forlag-ab","tag-susanne-dahl"],"acf":[],"yoast_head":"<!-- This site is optimized with the Yoast SEO plugin v27.1.1 - https:\/\/yoast.com\/product\/yoast-seo-wordpress\/ -->\n<title>KYSS - Diakonibloggen<\/title>\n<meta name=\"robots\" content=\"index, follow, max-snippet:-1, max-image-preview:large, max-video-preview:-1\" \/>\n<link rel=\"canonical\" href=\"https:\/\/blogg.svenskakyrkan.se\/diakonibloggen\/2021\/02\/05\/kyss\/\" \/>\n<meta property=\"og:locale\" content=\"sv_SE\" \/>\n<meta property=\"og:type\" content=\"article\" \/>\n<meta property=\"og:title\" content=\"KYSS - Diakonibloggen\" \/>\n<meta property=\"og:description\" content=\"H\u00f6ga visan, S\u00e5ngernas s\u00e5ng, \u00e4r en k\u00e4rlekens revolution. Det h\u00e4r \u00e4r ber\u00e4ttelsen om en j\u00e4mb\u00f6rdig sexualitet. Om k\u00e5thet och lust. Den sinnliga k\u00e4rleken som en helighet som sker mellan oss, i v\u00e5ra kroppar och genom v\u00e5ra kroppar. Den \u00e4r ett hopp om att det som en g\u00e5ng g\u00e5tt f\u00f6rlorat kan \u00e5tertas. Att vi kan l\u00e4ka. [&hellip;]\" \/>\n<meta property=\"og:url\" content=\"https:\/\/blogg.svenskakyrkan.se\/diakonibloggen\/2021\/02\/05\/kyss\/\" \/>\n<meta property=\"og:site_name\" content=\"Diakonibloggen\" \/>\n<meta property=\"article:published_time\" content=\"2021-02-05T10:24:01+00:00\" \/>\n<meta property=\"article:modified_time\" content=\"2021-02-05T10:24:02+00:00\" \/>\n<meta property=\"og:image\" content=\"https:\/\/blogg.svenskakyrkan.se\/diakonibloggen\/files\/2021\/02\/Sk\u00e4rmavbild-2021-02-05-kl.-10.57.15.png\" \/>\n\t<meta property=\"og:image:width\" content=\"316\" \/>\n\t<meta property=\"og:image:height\" content=\"383\" \/>\n\t<meta property=\"og:image:type\" content=\"image\/png\" \/>\n<meta name=\"author\" content=\"diakonibloggen\" \/>\n<meta name=\"twitter:card\" content=\"summary_large_image\" \/>\n<meta name=\"twitter:label1\" content=\"Skriven av\" \/>\n\t<meta name=\"twitter:data1\" content=\"diakonibloggen\" \/>\n\t<meta name=\"twitter:label2\" content=\"Ber\u00e4knad l\u00e4stid\" \/>\n\t<meta name=\"twitter:data2\" content=\"3 minuter\" \/>\n<script type=\"application\/ld+json\" class=\"yoast-schema-graph\">{\"@context\":\"https:\/\/schema.org\",\"@graph\":[{\"@type\":\"Article\",\"@id\":\"https:\/\/blogg.svenskakyrkan.se\/diakonibloggen\/2021\/02\/05\/kyss\/#article\",\"isPartOf\":{\"@id\":\"https:\/\/blogg.svenskakyrkan.se\/diakonibloggen\/2021\/02\/05\/kyss\/\"},\"author\":{\"name\":\"diakonibloggen\",\"@id\":\"https:\/\/blogg.svenskakyrkan.se\/diakonibloggen\/#\/schema\/person\/8f6a6fe8efab23c141c7e274fec6405f\"},\"headline\":\"KYSS\",\"datePublished\":\"2021-02-05T10:24:01+00:00\",\"dateModified\":\"2021-02-05T10:24:02+00:00\",\"mainEntityOfPage\":{\"@id\":\"https:\/\/blogg.svenskakyrkan.se\/diakonibloggen\/2021\/02\/05\/kyss\/\"},\"wordCount\":531,\"commentCount\":0,\"image\":{\"@id\":\"https:\/\/blogg.svenskakyrkan.se\/diakonibloggen\/2021\/02\/05\/kyss\/#primaryimage\"},\"thumbnailUrl\":\"https:\/\/blogg.svenskakyrkan.se\/diakonibloggen\/files\/2021\/02\/Sk\u00e4rmavbild-2021-02-05-kl.-10.57.15.png\",\"keywords\":[\"h\u00f6ga visan\",\"Kent Wisti\",\"Kyss\",\"Maria K\u00fcchen\",\"Skruv f\u00f6rlag AB\",\"Susanne Dahl\"],\"articleSection\":[\"Bokrecension\",\"diakoni\"],\"inLanguage\":\"sv-SE\",\"potentialAction\":[{\"@type\":\"CommentAction\",\"name\":\"Comment\",\"target\":[\"https:\/\/blogg.svenskakyrkan.se\/diakonibloggen\/2021\/02\/05\/kyss\/#respond\"]}]},{\"@type\":\"WebPage\",\"@id\":\"https:\/\/blogg.svenskakyrkan.se\/diakonibloggen\/2021\/02\/05\/kyss\/\",\"url\":\"https:\/\/blogg.svenskakyrkan.se\/diakonibloggen\/2021\/02\/05\/kyss\/\",\"name\":\"KYSS - Diakonibloggen\",\"isPartOf\":{\"@id\":\"https:\/\/blogg.svenskakyrkan.se\/diakonibloggen\/#website\"},\"primaryImageOfPage\":{\"@id\":\"https:\/\/blogg.svenskakyrkan.se\/diakonibloggen\/2021\/02\/05\/kyss\/#primaryimage\"},\"image\":{\"@id\":\"https:\/\/blogg.svenskakyrkan.se\/diakonibloggen\/2021\/02\/05\/kyss\/#primaryimage\"},\"thumbnailUrl\":\"https:\/\/blogg.svenskakyrkan.se\/diakonibloggen\/files\/2021\/02\/Sk\u00e4rmavbild-2021-02-05-kl.-10.57.15.png\",\"datePublished\":\"2021-02-05T10:24:01+00:00\",\"dateModified\":\"2021-02-05T10:24:02+00:00\",\"author\":{\"@id\":\"https:\/\/blogg.svenskakyrkan.se\/diakonibloggen\/#\/schema\/person\/8f6a6fe8efab23c141c7e274fec6405f\"},\"breadcrumb\":{\"@id\":\"https:\/\/blogg.svenskakyrkan.se\/diakonibloggen\/2021\/02\/05\/kyss\/#breadcrumb\"},\"inLanguage\":\"sv-SE\",\"potentialAction\":[{\"@type\":\"ReadAction\",\"target\":[\"https:\/\/blogg.svenskakyrkan.se\/diakonibloggen\/2021\/02\/05\/kyss\/\"]}]},{\"@type\":\"ImageObject\",\"inLanguage\":\"sv-SE\",\"@id\":\"https:\/\/blogg.svenskakyrkan.se\/diakonibloggen\/2021\/02\/05\/kyss\/#primaryimage\",\"url\":\"https:\/\/blogg.svenskakyrkan.se\/diakonibloggen\/files\/2021\/02\/Sk\u00e4rmavbild-2021-02-05-kl.-10.57.15.png\",\"contentUrl\":\"https:\/\/blogg.svenskakyrkan.se\/diakonibloggen\/files\/2021\/02\/Sk\u00e4rmavbild-2021-02-05-kl.-10.57.15.png\",\"width\":316,\"height\":383},{\"@type\":\"BreadcrumbList\",\"@id\":\"https:\/\/blogg.svenskakyrkan.se\/diakonibloggen\/2021\/02\/05\/kyss\/#breadcrumb\",\"itemListElement\":[{\"@type\":\"ListItem\",\"position\":1,\"name\":\"Hem\",\"item\":\"https:\/\/blogg.svenskakyrkan.se\/diakonibloggen\/\"},{\"@type\":\"ListItem\",\"position\":2,\"name\":\"KYSS\"}]},{\"@type\":\"WebSite\",\"@id\":\"https:\/\/blogg.svenskakyrkan.se\/diakonibloggen\/#website\",\"url\":\"https:\/\/blogg.svenskakyrkan.se\/diakonibloggen\/\",\"name\":\"Diakonibloggen\",\"description\":\"Vi lyfter fram, hyllar, diskuterar och inspirerar till diakonalt arbete inom och utanf\u00f6r Svenska kyrkans ramar.\",\"potentialAction\":[{\"@type\":\"SearchAction\",\"target\":{\"@type\":\"EntryPoint\",\"urlTemplate\":\"https:\/\/blogg.svenskakyrkan.se\/diakonibloggen\/?s={search_term_string}\"},\"query-input\":{\"@type\":\"PropertyValueSpecification\",\"valueRequired\":true,\"valueName\":\"search_term_string\"}}],\"inLanguage\":\"sv-SE\"},{\"@type\":\"Person\",\"@id\":\"https:\/\/blogg.svenskakyrkan.se\/diakonibloggen\/#\/schema\/person\/8f6a6fe8efab23c141c7e274fec6405f\",\"name\":\"diakonibloggen\",\"image\":{\"@type\":\"ImageObject\",\"inLanguage\":\"sv-SE\",\"@id\":\"https:\/\/blogg.svenskakyrkan.se\/diakonibloggen\/#\/schema\/person\/image\/\",\"url\":\"https:\/\/secure.gravatar.com\/avatar\/95c0ca86fd13e3d8c1b7b7e9864c9a2ccb7b48c6f756a3b5447bcc13dd630488?s=96&d=mm&r=g\",\"contentUrl\":\"https:\/\/secure.gravatar.com\/avatar\/95c0ca86fd13e3d8c1b7b7e9864c9a2ccb7b48c6f756a3b5447bcc13dd630488?s=96&d=mm&r=g\",\"caption\":\"diakonibloggen\"},\"url\":\"https:\/\/blogg.svenskakyrkan.se\/diakonibloggen\/author\/diakonibloggen\/\"}]}<\/script>\n<!-- \/ Yoast SEO plugin. -->","yoast_head_json":{"title":"KYSS - Diakonibloggen","robots":{"index":"index","follow":"follow","max-snippet":"max-snippet:-1","max-image-preview":"max-image-preview:large","max-video-preview":"max-video-preview:-1"},"canonical":"https:\/\/blogg.svenskakyrkan.se\/diakonibloggen\/2021\/02\/05\/kyss\/","og_locale":"sv_SE","og_type":"article","og_title":"KYSS - Diakonibloggen","og_description":"H\u00f6ga visan, S\u00e5ngernas s\u00e5ng, \u00e4r en k\u00e4rlekens revolution. Det h\u00e4r \u00e4r ber\u00e4ttelsen om en j\u00e4mb\u00f6rdig sexualitet. Om k\u00e5thet och lust. Den sinnliga k\u00e4rleken som en helighet som sker mellan oss, i v\u00e5ra kroppar och genom v\u00e5ra kroppar. Den \u00e4r ett hopp om att det som en g\u00e5ng g\u00e5tt f\u00f6rlorat kan \u00e5tertas. Att vi kan l\u00e4ka. [&hellip;]","og_url":"https:\/\/blogg.svenskakyrkan.se\/diakonibloggen\/2021\/02\/05\/kyss\/","og_site_name":"Diakonibloggen","article_published_time":"2021-02-05T10:24:01+00:00","article_modified_time":"2021-02-05T10:24:02+00:00","og_image":[{"width":316,"height":383,"url":"https:\/\/blogg.svenskakyrkan.se\/diakonibloggen\/files\/2021\/02\/Sk\u00e4rmavbild-2021-02-05-kl.-10.57.15.png","type":"image\/png"}],"author":"diakonibloggen","twitter_card":"summary_large_image","twitter_misc":{"Skriven av":"diakonibloggen","Ber\u00e4knad l\u00e4stid":"3 minuter"},"schema":{"@context":"https:\/\/schema.org","@graph":[{"@type":"Article","@id":"https:\/\/blogg.svenskakyrkan.se\/diakonibloggen\/2021\/02\/05\/kyss\/#article","isPartOf":{"@id":"https:\/\/blogg.svenskakyrkan.se\/diakonibloggen\/2021\/02\/05\/kyss\/"},"author":{"name":"diakonibloggen","@id":"https:\/\/blogg.svenskakyrkan.se\/diakonibloggen\/#\/schema\/person\/8f6a6fe8efab23c141c7e274fec6405f"},"headline":"KYSS","datePublished":"2021-02-05T10:24:01+00:00","dateModified":"2021-02-05T10:24:02+00:00","mainEntityOfPage":{"@id":"https:\/\/blogg.svenskakyrkan.se\/diakonibloggen\/2021\/02\/05\/kyss\/"},"wordCount":531,"commentCount":0,"image":{"@id":"https:\/\/blogg.svenskakyrkan.se\/diakonibloggen\/2021\/02\/05\/kyss\/#primaryimage"},"thumbnailUrl":"https:\/\/blogg.svenskakyrkan.se\/diakonibloggen\/files\/2021\/02\/Sk\u00e4rmavbild-2021-02-05-kl.-10.57.15.png","keywords":["h\u00f6ga visan","Kent Wisti","Kyss","Maria K\u00fcchen","Skruv f\u00f6rlag AB","Susanne Dahl"],"articleSection":["Bokrecension","diakoni"],"inLanguage":"sv-SE","potentialAction":[{"@type":"CommentAction","name":"Comment","target":["https:\/\/blogg.svenskakyrkan.se\/diakonibloggen\/2021\/02\/05\/kyss\/#respond"]}]},{"@type":"WebPage","@id":"https:\/\/blogg.svenskakyrkan.se\/diakonibloggen\/2021\/02\/05\/kyss\/","url":"https:\/\/blogg.svenskakyrkan.se\/diakonibloggen\/2021\/02\/05\/kyss\/","name":"KYSS - Diakonibloggen","isPartOf":{"@id":"https:\/\/blogg.svenskakyrkan.se\/diakonibloggen\/#website"},"primaryImageOfPage":{"@id":"https:\/\/blogg.svenskakyrkan.se\/diakonibloggen\/2021\/02\/05\/kyss\/#primaryimage"},"image":{"@id":"https:\/\/blogg.svenskakyrkan.se\/diakonibloggen\/2021\/02\/05\/kyss\/#primaryimage"},"thumbnailUrl":"https:\/\/blogg.svenskakyrkan.se\/diakonibloggen\/files\/2021\/02\/Sk\u00e4rmavbild-2021-02-05-kl.-10.57.15.png","datePublished":"2021-02-05T10:24:01+00:00","dateModified":"2021-02-05T10:24:02+00:00","author":{"@id":"https:\/\/blogg.svenskakyrkan.se\/diakonibloggen\/#\/schema\/person\/8f6a6fe8efab23c141c7e274fec6405f"},"breadcrumb":{"@id":"https:\/\/blogg.svenskakyrkan.se\/diakonibloggen\/2021\/02\/05\/kyss\/#breadcrumb"},"inLanguage":"sv-SE","potentialAction":[{"@type":"ReadAction","target":["https:\/\/blogg.svenskakyrkan.se\/diakonibloggen\/2021\/02\/05\/kyss\/"]}]},{"@type":"ImageObject","inLanguage":"sv-SE","@id":"https:\/\/blogg.svenskakyrkan.se\/diakonibloggen\/2021\/02\/05\/kyss\/#primaryimage","url":"https:\/\/blogg.svenskakyrkan.se\/diakonibloggen\/files\/2021\/02\/Sk\u00e4rmavbild-2021-02-05-kl.-10.57.15.png","contentUrl":"https:\/\/blogg.svenskakyrkan.se\/diakonibloggen\/files\/2021\/02\/Sk\u00e4rmavbild-2021-02-05-kl.-10.57.15.png","width":316,"height":383},{"@type":"BreadcrumbList","@id":"https:\/\/blogg.svenskakyrkan.se\/diakonibloggen\/2021\/02\/05\/kyss\/#breadcrumb","itemListElement":[{"@type":"ListItem","position":1,"name":"Hem","item":"https:\/\/blogg.svenskakyrkan.se\/diakonibloggen\/"},{"@type":"ListItem","position":2,"name":"KYSS"}]},{"@type":"WebSite","@id":"https:\/\/blogg.svenskakyrkan.se\/diakonibloggen\/#website","url":"https:\/\/blogg.svenskakyrkan.se\/diakonibloggen\/","name":"Diakonibloggen","description":"Vi lyfter fram, hyllar, diskuterar och inspirerar till diakonalt arbete inom och utanf\u00f6r Svenska kyrkans ramar.","potentialAction":[{"@type":"SearchAction","target":{"@type":"EntryPoint","urlTemplate":"https:\/\/blogg.svenskakyrkan.se\/diakonibloggen\/?s={search_term_string}"},"query-input":{"@type":"PropertyValueSpecification","valueRequired":true,"valueName":"search_term_string"}}],"inLanguage":"sv-SE"},{"@type":"Person","@id":"https:\/\/blogg.svenskakyrkan.se\/diakonibloggen\/#\/schema\/person\/8f6a6fe8efab23c141c7e274fec6405f","name":"diakonibloggen","image":{"@type":"ImageObject","inLanguage":"sv-SE","@id":"https:\/\/blogg.svenskakyrkan.se\/diakonibloggen\/#\/schema\/person\/image\/","url":"https:\/\/secure.gravatar.com\/avatar\/95c0ca86fd13e3d8c1b7b7e9864c9a2ccb7b48c6f756a3b5447bcc13dd630488?s=96&d=mm&r=g","contentUrl":"https:\/\/secure.gravatar.com\/avatar\/95c0ca86fd13e3d8c1b7b7e9864c9a2ccb7b48c6f756a3b5447bcc13dd630488?s=96&d=mm&r=g","caption":"diakonibloggen"},"url":"https:\/\/blogg.svenskakyrkan.se\/diakonibloggen\/author\/diakonibloggen\/"}]}},"author_meta":{"ID":"776","user_nicename":"diakonibloggen","user_registered":"2020-12-17 14:50:06","display_name":"diakonibloggen","avatar":"https:\/\/blogg.svenskakyrkan.se\/diakonibloggen\/files\/2021\/02\/Sk\u00e4rmavbild-2019-04-12-kl.-14.20.54-150x150.png"},"featured_image":["https:\/\/blogg.svenskakyrkan.se\/diakonibloggen\/files\/2021\/02\/Sk\u00e4rmavbild-2021-02-05-kl.-10.57.15.png",316,383,false],"bloginfo":{"name":"Diakonibloggen","url":"https:\/\/blogg.svenskakyrkan.se\/diakonibloggen"},"_links":{"self":[{"href":"https:\/\/blogg.svenskakyrkan.se\/diakonibloggen\/wp-json\/wp\/v2\/posts\/8654","targetHints":{"allow":["GET"]}}],"collection":[{"href":"https:\/\/blogg.svenskakyrkan.se\/diakonibloggen\/wp-json\/wp\/v2\/posts"}],"about":[{"href":"https:\/\/blogg.svenskakyrkan.se\/diakonibloggen\/wp-json\/wp\/v2\/types\/post"}],"author":[{"embeddable":true,"href":"https:\/\/blogg.svenskakyrkan.se\/diakonibloggen\/wp-json\/wp\/v2\/users\/776"}],"replies":[{"embeddable":true,"href":"https:\/\/blogg.svenskakyrkan.se\/diakonibloggen\/wp-json\/wp\/v2\/comments?post=8654"}],"version-history":[{"count":3,"href":"https:\/\/blogg.svenskakyrkan.se\/diakonibloggen\/wp-json\/wp\/v2\/posts\/8654\/revisions"}],"predecessor-version":[{"id":8666,"href":"https:\/\/blogg.svenskakyrkan.se\/diakonibloggen\/wp-json\/wp\/v2\/posts\/8654\/revisions\/8666"}],"wp:featuredmedia":[{"embeddable":true,"href":"https:\/\/blogg.svenskakyrkan.se\/diakonibloggen\/wp-json\/wp\/v2\/media\/8655"}],"wp:attachment":[{"href":"https:\/\/blogg.svenskakyrkan.se\/diakonibloggen\/wp-json\/wp\/v2\/media?parent=8654"}],"wp:term":[{"taxonomy":"category","embeddable":true,"href":"https:\/\/blogg.svenskakyrkan.se\/diakonibloggen\/wp-json\/wp\/v2\/categories?post=8654"},{"taxonomy":"post_tag","embeddable":true,"href":"https:\/\/blogg.svenskakyrkan.se\/diakonibloggen\/wp-json\/wp\/v2\/tags?post=8654"}],"curies":[{"name":"wp","href":"https:\/\/api.w.org\/{rel}","templated":true}]}}