{"id":9103,"date":"2022-05-10T13:41:54","date_gmt":"2022-05-10T13:41:54","guid":{"rendered":"https:\/\/blogg.svenskakyrkan.se\/diakonibloggen\/?p=9103"},"modified":"2022-05-10T13:41:55","modified_gmt":"2022-05-10T13:41:55","slug":"bokrecension-forsoningens-vag","status":"publish","type":"post","link":"https:\/\/blogg.svenskakyrkan.se\/diakonibloggen\/2022\/05\/10\/bokrecension-forsoningens-vag\/","title":{"rendered":"Bokrecension &#8211; F\u00f6rsoningens v\u00e4g"},"content":{"rendered":"\n\n\n<p class=\"has-text-align-center\"><img loading=\"lazy\" decoding=\"async\" width=\"202\" height=\"282\" class=\"wp-image-9104\" style=\"width: 150px\" src=\"http:\/\/blogg.svenskakyrkan.se\/diakonibloggen\/files\/2022\/01\/Skarmavbild-2022-01-21-kl.-11.51.52.png\" alt=\"\"><br><\/p>\n\n\n\n<p>Karin och Monica har l\u00e4st boken F\u00f6rsoningens v\u00e4g.<\/p>\n\n\n\n<p class=\"has-text-align-left\"><a href=\"https:\/\/www.verbum.se\/diakoni-sjalavard\/forsoningens-vag-p52638866\"><strong>F\u00f6rsoningens v\u00e4g<\/strong>, Ebba \u00c4lverbrant och Ulrika Fritzon. Verbum, 2022<\/a>.<br><br>Boken\u00a0handlar om livet, att hantera det som livet f\u00f6rt med sig. F\u00f6rfattarna ger oss en metod och olika verktyg f\u00f6r att n\u00e5 f\u00f6rsoning. Boken ger b\u00e5de en bred f\u00f6rst\u00e5else av f\u00f6rsoning som fenomen men ocks\u00e5 f\u00f6rdjupad kunskap om f\u00f6rsoning som process.\u00a0Genom bibelber\u00e4ttelser, egna livsber\u00e4ttelser och delande fr\u00e5n deltagare ger f\u00f6rfattarna oss en trov\u00e4rdig och pedagogisk v\u00e4g att f\u00e5 en djupare insikt i hur vi tillsammans kan leva mera helt. Att leva f\u00f6rsonade med att livet blev som det nu \u00e4r.\u00a0En helhet som tar sin utg\u00e5ngspunkt i att vi alla \u00e4r skapade och sedda i k\u00e4rlek och att det \u00e4r genom den k\u00e4rleken vi ocks\u00e5 kan erk\u00e4nna v\u00e5r brustenhet, v\u00e5ra \u00f6vertramp, v\u00e5ra misstag. Genom sj\u00e4lvrannsakan och sj\u00e4lvinsikt kan vi genom bokens uppl\u00e4gg ta oss igenom en livsvandring d\u00e4r m\u00e5let \u00e4r f\u00f6rsoning.\u00a0\u00a0<\/p>\n\n\n\n<p class=\"has-text-align-left\">F\u00f6rfattarna lyckas med att g\u00f6ra begreppet&nbsp;f\u00f6rsoning konkret och till\u00e4mpbart f\u00f6r att kunna vara till hj\u00e4lp i v\u00e5ra liv och \u00e4ven f\u00f6rankra metoden teologiskt. F\u00f6rfattarna menar att f\u00f6rsoning &#8221;tar sin utg\u00e5ngspunkt i tron p\u00e5 att m\u00e4nniskan \u00e4ger kapacitet att klara av att leva ocks\u00e5\u030a med det som hon inte vill leva med.\u201d Det \u00e4r inte en v\u00e4g som \u00e4r enkel och kravl\u00f6s men n\u00f6dv\u00e4ndig, f\u00f6r att citera f\u00f6rfattarna: \u201dDet \u00e4r i handling som f\u00f6r\u00e4ndringens m\u00f6jligheter ligger.\u201d<\/p>\n\n\n\n<p class=\"has-text-align-left\">F\u00f6rfattarnas egna bakgrunder som diakon respektive pr\u00e4st ger boken ytterligare en dimension d\u00e5 de teologiska och diakonala delarna fint samspelar f\u00f6r helheten. F\u00f6rfattarna inleder med att h\u00e4nvisa till Jesus uppmaning i Matteus kap. 25 som ett ledord:\u00a0\u201dJag satt i f\u00e4ngelse och ni bes\u00f6kte mig\u2026\u201d, f\u00f6rfattarna betonar det enligt f\u00f6ljande \u201d<em>Min skyldighet som m\u00e4nniska<\/em> var att\u00a0<em>se m\u00e4nniskan \u2013\u00a0<\/em>en m\u00e4nniska som jag sj\u00e4lv, en Guds avbild \u2013 och bes\u00f6ka honom eller henne\u00a0<em>som vore det Kristus jag m\u00f6tte\u201d.\u00a0<\/em>Ett citat<em>\u00a0<\/em>som uppmuntrar oss alla att m\u00f6ta varandra med ett diakonalt f\u00f6rh\u00e5llnings\u00e4tt med varsamhet och utan att d\u00f6ma. Att vara medvandrare, eller att sj\u00e4lv v\u00e5ga vandra f\u00f6rsoningens v\u00e4g, kr\u00e4ver b\u00e5de mod och styrka.<\/p>\n\n\n\n<p class=\"has-text-align-left\">Boken kan uppfattas som en inspiration till en f\u00f6rdjupad bibelf\u00f6rst\u00e5else men kanske fr\u00e4mst som ett konkret \u201dverktyg\u201d att arbeta med f\u00f6rsoningsprocessen. F\u00f6rsoningsprocessen m\u00e5ste f\u00e5 ta tid, och att i det arbetet f\u00e5 ha redskap i m\u00f6tet med b\u00e5de v\u00e5r egen och andras f\u00f6rsoningsprocess, ger oss trygghet, hopp och mod att finnas i processen \u00e4ven n\u00e4r vi inte tror eller ser att f\u00f6rsoning \u00e4r m\u00f6jlig. Metoden som beskrivs \u00e4r en v\u00e4g att ta sig ur v\u00e5ld och destruktivitet, att bli medveten om och ta ansvar f\u00f6r sina handlingar. V\u00e5r \u00f6vertygelse \u00e4r att den f\u00f6rsoningsprocess som beskrivs kan f\u00f6r\u00e4ndra oss som m\u00e4nniskor och vara en v\u00e4g till ett helare liv.<\/p>\n\n\n\n<p>Det \u00e4r en bok som ber\u00f6r p\u00e5 djupet, som talar om livet och dess sk\u00f6rhet, som ben\u00e4mner v\u00e5r r\u00e4dsla och v\u00e5r skam, som talar om befrielse och n\u00e5d och som inger hopp.\u00a0Som\u00a0varsamt visar att det p\u00e5 m\u00e5nga s\u00e4tt handlar om att n\u00e4rma sig sin egen ber\u00e4ttelse, inf\u00f6rliva, omfamna och v\u00e5ga vara sig sj\u00e4lv, med det som kommit att bli ens liv.<\/p>\n\n\n\n<p><br>Monica S\u00f6lvesdotter Olsson och Karin Ahlqvist, stiftsdiakoner i V\u00e4xj\u00f6 stift<br><br><\/p>\n","protected":false},"excerpt":{"rendered":"<p>Karin och Monica har l\u00e4st boken F\u00f6rsoningens v\u00e4g. F\u00f6rsoningens v\u00e4g, Ebba \u00c4lverbrant och Ulrika Fritzon. Verbum, 2022. Boken\u00a0handlar om livet, att hantera det som livet f\u00f6rt med sig. F\u00f6rfattarna ger oss en metod och olika verktyg f\u00f6r att n\u00e5 f\u00f6rsoning. Boken ger b\u00e5de en bred f\u00f6rst\u00e5else av f\u00f6rsoning som fenomen men ocks\u00e5 f\u00f6rdjupad kunskap om [&hellip;]<\/p>\n","protected":false},"author":776,"featured_media":9104,"comment_status":"open","ping_status":"open","sticky":false,"template":"","format":"standard","meta":{"_acf_changed":false,"footnotes":""},"categories":[23298,23302,23314],"tags":[23974,25437,25434,25436,25243],"class_list":["post-9103","post","type-post","status-publish","format-standard","has-post-thumbnail","hentry","category-bokrecension","category-diakoni","category-hopp","tag-forsoning","tag-forsoningens-vag","tag-forsoningsprocess","tag-helare-liv","tag-verbum"],"acf":[],"yoast_head":"<!-- This site is optimized with the Yoast SEO plugin v27.1.1 - https:\/\/yoast.com\/product\/yoast-seo-wordpress\/ -->\n<title>Bokrecension - F\u00f6rsoningens v\u00e4g - Diakonibloggen<\/title>\n<meta name=\"robots\" content=\"index, follow, max-snippet:-1, max-image-preview:large, max-video-preview:-1\" \/>\n<link rel=\"canonical\" href=\"https:\/\/blogg.svenskakyrkan.se\/diakonibloggen\/2022\/05\/10\/bokrecension-forsoningens-vag\/\" \/>\n<meta property=\"og:locale\" content=\"sv_SE\" \/>\n<meta property=\"og:type\" content=\"article\" \/>\n<meta property=\"og:title\" content=\"Bokrecension - F\u00f6rsoningens v\u00e4g - Diakonibloggen\" \/>\n<meta property=\"og:description\" content=\"Karin och Monica har l\u00e4st boken F\u00f6rsoningens v\u00e4g. F\u00f6rsoningens v\u00e4g, Ebba \u00c4lverbrant och Ulrika Fritzon. Verbum, 2022. Boken\u00a0handlar om livet, att hantera det som livet f\u00f6rt med sig. F\u00f6rfattarna ger oss en metod och olika verktyg f\u00f6r att n\u00e5 f\u00f6rsoning. Boken ger b\u00e5de en bred f\u00f6rst\u00e5else av f\u00f6rsoning som fenomen men ocks\u00e5 f\u00f6rdjupad kunskap om [&hellip;]\" \/>\n<meta property=\"og:url\" content=\"https:\/\/blogg.svenskakyrkan.se\/diakonibloggen\/2022\/05\/10\/bokrecension-forsoningens-vag\/\" \/>\n<meta property=\"og:site_name\" content=\"Diakonibloggen\" \/>\n<meta property=\"article:published_time\" content=\"2022-05-10T13:41:54+00:00\" \/>\n<meta property=\"article:modified_time\" content=\"2022-05-10T13:41:55+00:00\" \/>\n<meta property=\"og:image\" content=\"https:\/\/blogg.svenskakyrkan.se\/diakonibloggen\/files\/2022\/01\/Skarmavbild-2022-01-21-kl.-11.51.52.png\" \/>\n\t<meta property=\"og:image:width\" content=\"202\" \/>\n\t<meta property=\"og:image:height\" content=\"282\" \/>\n\t<meta property=\"og:image:type\" content=\"image\/png\" \/>\n<meta name=\"author\" content=\"diakonibloggen\" \/>\n<meta name=\"twitter:card\" content=\"summary_large_image\" \/>\n<meta name=\"twitter:label1\" content=\"Skriven av\" \/>\n\t<meta name=\"twitter:data1\" content=\"diakonibloggen\" \/>\n\t<meta name=\"twitter:label2\" content=\"Ber\u00e4knad l\u00e4stid\" \/>\n\t<meta name=\"twitter:data2\" content=\"3 minuter\" \/>\n<script type=\"application\/ld+json\" class=\"yoast-schema-graph\">{\"@context\":\"https:\/\/schema.org\",\"@graph\":[{\"@type\":\"Article\",\"@id\":\"https:\/\/blogg.svenskakyrkan.se\/diakonibloggen\/2022\/05\/10\/bokrecension-forsoningens-vag\/#article\",\"isPartOf\":{\"@id\":\"https:\/\/blogg.svenskakyrkan.se\/diakonibloggen\/2022\/05\/10\/bokrecension-forsoningens-vag\/\"},\"author\":{\"name\":\"diakonibloggen\",\"@id\":\"https:\/\/blogg.svenskakyrkan.se\/diakonibloggen\/#\/schema\/person\/8f6a6fe8efab23c141c7e274fec6405f\"},\"headline\":\"Bokrecension &#8211; F\u00f6rsoningens v\u00e4g\",\"datePublished\":\"2022-05-10T13:41:54+00:00\",\"dateModified\":\"2022-05-10T13:41:55+00:00\",\"mainEntityOfPage\":{\"@id\":\"https:\/\/blogg.svenskakyrkan.se\/diakonibloggen\/2022\/05\/10\/bokrecension-forsoningens-vag\/\"},\"wordCount\":644,\"commentCount\":0,\"image\":{\"@id\":\"https:\/\/blogg.svenskakyrkan.se\/diakonibloggen\/2022\/05\/10\/bokrecension-forsoningens-vag\/#primaryimage\"},\"thumbnailUrl\":\"https:\/\/blogg.svenskakyrkan.se\/diakonibloggen\/files\/2022\/01\/Skarmavbild-2022-01-21-kl.-11.51.52.png\",\"keywords\":[\"f\u00f6rsoning\",\"F\u00f6rsoningens v\u00e4g\",\"f\u00f6rsoningsprocess\",\"helare liv\",\"Verbum\"],\"articleSection\":[\"Bokrecension\",\"diakoni\",\"Hopp\"],\"inLanguage\":\"sv-SE\",\"potentialAction\":[{\"@type\":\"CommentAction\",\"name\":\"Comment\",\"target\":[\"https:\/\/blogg.svenskakyrkan.se\/diakonibloggen\/2022\/05\/10\/bokrecension-forsoningens-vag\/#respond\"]}]},{\"@type\":\"WebPage\",\"@id\":\"https:\/\/blogg.svenskakyrkan.se\/diakonibloggen\/2022\/05\/10\/bokrecension-forsoningens-vag\/\",\"url\":\"https:\/\/blogg.svenskakyrkan.se\/diakonibloggen\/2022\/05\/10\/bokrecension-forsoningens-vag\/\",\"name\":\"Bokrecension - F\u00f6rsoningens v\u00e4g - Diakonibloggen\",\"isPartOf\":{\"@id\":\"https:\/\/blogg.svenskakyrkan.se\/diakonibloggen\/#website\"},\"primaryImageOfPage\":{\"@id\":\"https:\/\/blogg.svenskakyrkan.se\/diakonibloggen\/2022\/05\/10\/bokrecension-forsoningens-vag\/#primaryimage\"},\"image\":{\"@id\":\"https:\/\/blogg.svenskakyrkan.se\/diakonibloggen\/2022\/05\/10\/bokrecension-forsoningens-vag\/#primaryimage\"},\"thumbnailUrl\":\"https:\/\/blogg.svenskakyrkan.se\/diakonibloggen\/files\/2022\/01\/Skarmavbild-2022-01-21-kl.-11.51.52.png\",\"datePublished\":\"2022-05-10T13:41:54+00:00\",\"dateModified\":\"2022-05-10T13:41:55+00:00\",\"author\":{\"@id\":\"https:\/\/blogg.svenskakyrkan.se\/diakonibloggen\/#\/schema\/person\/8f6a6fe8efab23c141c7e274fec6405f\"},\"breadcrumb\":{\"@id\":\"https:\/\/blogg.svenskakyrkan.se\/diakonibloggen\/2022\/05\/10\/bokrecension-forsoningens-vag\/#breadcrumb\"},\"inLanguage\":\"sv-SE\",\"potentialAction\":[{\"@type\":\"ReadAction\",\"target\":[\"https:\/\/blogg.svenskakyrkan.se\/diakonibloggen\/2022\/05\/10\/bokrecension-forsoningens-vag\/\"]}]},{\"@type\":\"ImageObject\",\"inLanguage\":\"sv-SE\",\"@id\":\"https:\/\/blogg.svenskakyrkan.se\/diakonibloggen\/2022\/05\/10\/bokrecension-forsoningens-vag\/#primaryimage\",\"url\":\"https:\/\/blogg.svenskakyrkan.se\/diakonibloggen\/files\/2022\/01\/Skarmavbild-2022-01-21-kl.-11.51.52.png\",\"contentUrl\":\"https:\/\/blogg.svenskakyrkan.se\/diakonibloggen\/files\/2022\/01\/Skarmavbild-2022-01-21-kl.-11.51.52.png\",\"width\":202,\"height\":282},{\"@type\":\"BreadcrumbList\",\"@id\":\"https:\/\/blogg.svenskakyrkan.se\/diakonibloggen\/2022\/05\/10\/bokrecension-forsoningens-vag\/#breadcrumb\",\"itemListElement\":[{\"@type\":\"ListItem\",\"position\":1,\"name\":\"Hem\",\"item\":\"https:\/\/blogg.svenskakyrkan.se\/diakonibloggen\/\"},{\"@type\":\"ListItem\",\"position\":2,\"name\":\"Bokrecension &#8211; F\u00f6rsoningens v\u00e4g\"}]},{\"@type\":\"WebSite\",\"@id\":\"https:\/\/blogg.svenskakyrkan.se\/diakonibloggen\/#website\",\"url\":\"https:\/\/blogg.svenskakyrkan.se\/diakonibloggen\/\",\"name\":\"Diakonibloggen\",\"description\":\"Vi lyfter fram, hyllar, diskuterar och inspirerar till diakonalt arbete inom och utanf\u00f6r Svenska kyrkans ramar.\",\"potentialAction\":[{\"@type\":\"SearchAction\",\"target\":{\"@type\":\"EntryPoint\",\"urlTemplate\":\"https:\/\/blogg.svenskakyrkan.se\/diakonibloggen\/?s={search_term_string}\"},\"query-input\":{\"@type\":\"PropertyValueSpecification\",\"valueRequired\":true,\"valueName\":\"search_term_string\"}}],\"inLanguage\":\"sv-SE\"},{\"@type\":\"Person\",\"@id\":\"https:\/\/blogg.svenskakyrkan.se\/diakonibloggen\/#\/schema\/person\/8f6a6fe8efab23c141c7e274fec6405f\",\"name\":\"diakonibloggen\",\"image\":{\"@type\":\"ImageObject\",\"inLanguage\":\"sv-SE\",\"@id\":\"https:\/\/blogg.svenskakyrkan.se\/diakonibloggen\/#\/schema\/person\/image\/\",\"url\":\"https:\/\/secure.gravatar.com\/avatar\/95c0ca86fd13e3d8c1b7b7e9864c9a2ccb7b48c6f756a3b5447bcc13dd630488?s=96&d=mm&r=g\",\"contentUrl\":\"https:\/\/secure.gravatar.com\/avatar\/95c0ca86fd13e3d8c1b7b7e9864c9a2ccb7b48c6f756a3b5447bcc13dd630488?s=96&d=mm&r=g\",\"caption\":\"diakonibloggen\"},\"url\":\"https:\/\/blogg.svenskakyrkan.se\/diakonibloggen\/author\/diakonibloggen\/\"}]}<\/script>\n<!-- \/ Yoast SEO plugin. -->","yoast_head_json":{"title":"Bokrecension - F\u00f6rsoningens v\u00e4g - Diakonibloggen","robots":{"index":"index","follow":"follow","max-snippet":"max-snippet:-1","max-image-preview":"max-image-preview:large","max-video-preview":"max-video-preview:-1"},"canonical":"https:\/\/blogg.svenskakyrkan.se\/diakonibloggen\/2022\/05\/10\/bokrecension-forsoningens-vag\/","og_locale":"sv_SE","og_type":"article","og_title":"Bokrecension - F\u00f6rsoningens v\u00e4g - Diakonibloggen","og_description":"Karin och Monica har l\u00e4st boken F\u00f6rsoningens v\u00e4g. F\u00f6rsoningens v\u00e4g, Ebba \u00c4lverbrant och Ulrika Fritzon. Verbum, 2022. Boken\u00a0handlar om livet, att hantera det som livet f\u00f6rt med sig. F\u00f6rfattarna ger oss en metod och olika verktyg f\u00f6r att n\u00e5 f\u00f6rsoning. Boken ger b\u00e5de en bred f\u00f6rst\u00e5else av f\u00f6rsoning som fenomen men ocks\u00e5 f\u00f6rdjupad kunskap om [&hellip;]","og_url":"https:\/\/blogg.svenskakyrkan.se\/diakonibloggen\/2022\/05\/10\/bokrecension-forsoningens-vag\/","og_site_name":"Diakonibloggen","article_published_time":"2022-05-10T13:41:54+00:00","article_modified_time":"2022-05-10T13:41:55+00:00","og_image":[{"width":202,"height":282,"url":"https:\/\/blogg.svenskakyrkan.se\/diakonibloggen\/files\/2022\/01\/Skarmavbild-2022-01-21-kl.-11.51.52.png","type":"image\/png"}],"author":"diakonibloggen","twitter_card":"summary_large_image","twitter_misc":{"Skriven av":"diakonibloggen","Ber\u00e4knad l\u00e4stid":"3 minuter"},"schema":{"@context":"https:\/\/schema.org","@graph":[{"@type":"Article","@id":"https:\/\/blogg.svenskakyrkan.se\/diakonibloggen\/2022\/05\/10\/bokrecension-forsoningens-vag\/#article","isPartOf":{"@id":"https:\/\/blogg.svenskakyrkan.se\/diakonibloggen\/2022\/05\/10\/bokrecension-forsoningens-vag\/"},"author":{"name":"diakonibloggen","@id":"https:\/\/blogg.svenskakyrkan.se\/diakonibloggen\/#\/schema\/person\/8f6a6fe8efab23c141c7e274fec6405f"},"headline":"Bokrecension &#8211; F\u00f6rsoningens v\u00e4g","datePublished":"2022-05-10T13:41:54+00:00","dateModified":"2022-05-10T13:41:55+00:00","mainEntityOfPage":{"@id":"https:\/\/blogg.svenskakyrkan.se\/diakonibloggen\/2022\/05\/10\/bokrecension-forsoningens-vag\/"},"wordCount":644,"commentCount":0,"image":{"@id":"https:\/\/blogg.svenskakyrkan.se\/diakonibloggen\/2022\/05\/10\/bokrecension-forsoningens-vag\/#primaryimage"},"thumbnailUrl":"https:\/\/blogg.svenskakyrkan.se\/diakonibloggen\/files\/2022\/01\/Skarmavbild-2022-01-21-kl.-11.51.52.png","keywords":["f\u00f6rsoning","F\u00f6rsoningens v\u00e4g","f\u00f6rsoningsprocess","helare liv","Verbum"],"articleSection":["Bokrecension","diakoni","Hopp"],"inLanguage":"sv-SE","potentialAction":[{"@type":"CommentAction","name":"Comment","target":["https:\/\/blogg.svenskakyrkan.se\/diakonibloggen\/2022\/05\/10\/bokrecension-forsoningens-vag\/#respond"]}]},{"@type":"WebPage","@id":"https:\/\/blogg.svenskakyrkan.se\/diakonibloggen\/2022\/05\/10\/bokrecension-forsoningens-vag\/","url":"https:\/\/blogg.svenskakyrkan.se\/diakonibloggen\/2022\/05\/10\/bokrecension-forsoningens-vag\/","name":"Bokrecension - F\u00f6rsoningens v\u00e4g - Diakonibloggen","isPartOf":{"@id":"https:\/\/blogg.svenskakyrkan.se\/diakonibloggen\/#website"},"primaryImageOfPage":{"@id":"https:\/\/blogg.svenskakyrkan.se\/diakonibloggen\/2022\/05\/10\/bokrecension-forsoningens-vag\/#primaryimage"},"image":{"@id":"https:\/\/blogg.svenskakyrkan.se\/diakonibloggen\/2022\/05\/10\/bokrecension-forsoningens-vag\/#primaryimage"},"thumbnailUrl":"https:\/\/blogg.svenskakyrkan.se\/diakonibloggen\/files\/2022\/01\/Skarmavbild-2022-01-21-kl.-11.51.52.png","datePublished":"2022-05-10T13:41:54+00:00","dateModified":"2022-05-10T13:41:55+00:00","author":{"@id":"https:\/\/blogg.svenskakyrkan.se\/diakonibloggen\/#\/schema\/person\/8f6a6fe8efab23c141c7e274fec6405f"},"breadcrumb":{"@id":"https:\/\/blogg.svenskakyrkan.se\/diakonibloggen\/2022\/05\/10\/bokrecension-forsoningens-vag\/#breadcrumb"},"inLanguage":"sv-SE","potentialAction":[{"@type":"ReadAction","target":["https:\/\/blogg.svenskakyrkan.se\/diakonibloggen\/2022\/05\/10\/bokrecension-forsoningens-vag\/"]}]},{"@type":"ImageObject","inLanguage":"sv-SE","@id":"https:\/\/blogg.svenskakyrkan.se\/diakonibloggen\/2022\/05\/10\/bokrecension-forsoningens-vag\/#primaryimage","url":"https:\/\/blogg.svenskakyrkan.se\/diakonibloggen\/files\/2022\/01\/Skarmavbild-2022-01-21-kl.-11.51.52.png","contentUrl":"https:\/\/blogg.svenskakyrkan.se\/diakonibloggen\/files\/2022\/01\/Skarmavbild-2022-01-21-kl.-11.51.52.png","width":202,"height":282},{"@type":"BreadcrumbList","@id":"https:\/\/blogg.svenskakyrkan.se\/diakonibloggen\/2022\/05\/10\/bokrecension-forsoningens-vag\/#breadcrumb","itemListElement":[{"@type":"ListItem","position":1,"name":"Hem","item":"https:\/\/blogg.svenskakyrkan.se\/diakonibloggen\/"},{"@type":"ListItem","position":2,"name":"Bokrecension &#8211; F\u00f6rsoningens v\u00e4g"}]},{"@type":"WebSite","@id":"https:\/\/blogg.svenskakyrkan.se\/diakonibloggen\/#website","url":"https:\/\/blogg.svenskakyrkan.se\/diakonibloggen\/","name":"Diakonibloggen","description":"Vi lyfter fram, hyllar, diskuterar och inspirerar till diakonalt arbete inom och utanf\u00f6r Svenska kyrkans ramar.","potentialAction":[{"@type":"SearchAction","target":{"@type":"EntryPoint","urlTemplate":"https:\/\/blogg.svenskakyrkan.se\/diakonibloggen\/?s={search_term_string}"},"query-input":{"@type":"PropertyValueSpecification","valueRequired":true,"valueName":"search_term_string"}}],"inLanguage":"sv-SE"},{"@type":"Person","@id":"https:\/\/blogg.svenskakyrkan.se\/diakonibloggen\/#\/schema\/person\/8f6a6fe8efab23c141c7e274fec6405f","name":"diakonibloggen","image":{"@type":"ImageObject","inLanguage":"sv-SE","@id":"https:\/\/blogg.svenskakyrkan.se\/diakonibloggen\/#\/schema\/person\/image\/","url":"https:\/\/secure.gravatar.com\/avatar\/95c0ca86fd13e3d8c1b7b7e9864c9a2ccb7b48c6f756a3b5447bcc13dd630488?s=96&d=mm&r=g","contentUrl":"https:\/\/secure.gravatar.com\/avatar\/95c0ca86fd13e3d8c1b7b7e9864c9a2ccb7b48c6f756a3b5447bcc13dd630488?s=96&d=mm&r=g","caption":"diakonibloggen"},"url":"https:\/\/blogg.svenskakyrkan.se\/diakonibloggen\/author\/diakonibloggen\/"}]}},"author_meta":{"ID":"776","user_nicename":"diakonibloggen","user_registered":"2020-12-17 14:50:06","display_name":"diakonibloggen","avatar":"https:\/\/blogg.svenskakyrkan.se\/diakonibloggen\/files\/2021\/02\/Sk\u00e4rmavbild-2019-04-12-kl.-14.20.54-150x150.png"},"featured_image":["https:\/\/blogg.svenskakyrkan.se\/diakonibloggen\/files\/2022\/01\/Skarmavbild-2022-01-21-kl.-11.51.52.png",202,282,false],"bloginfo":{"name":"Diakonibloggen","url":"https:\/\/blogg.svenskakyrkan.se\/diakonibloggen"},"_links":{"self":[{"href":"https:\/\/blogg.svenskakyrkan.se\/diakonibloggen\/wp-json\/wp\/v2\/posts\/9103","targetHints":{"allow":["GET"]}}],"collection":[{"href":"https:\/\/blogg.svenskakyrkan.se\/diakonibloggen\/wp-json\/wp\/v2\/posts"}],"about":[{"href":"https:\/\/blogg.svenskakyrkan.se\/diakonibloggen\/wp-json\/wp\/v2\/types\/post"}],"author":[{"embeddable":true,"href":"https:\/\/blogg.svenskakyrkan.se\/diakonibloggen\/wp-json\/wp\/v2\/users\/776"}],"replies":[{"embeddable":true,"href":"https:\/\/blogg.svenskakyrkan.se\/diakonibloggen\/wp-json\/wp\/v2\/comments?post=9103"}],"version-history":[{"count":4,"href":"https:\/\/blogg.svenskakyrkan.se\/diakonibloggen\/wp-json\/wp\/v2\/posts\/9103\/revisions"}],"predecessor-version":[{"id":9205,"href":"https:\/\/blogg.svenskakyrkan.se\/diakonibloggen\/wp-json\/wp\/v2\/posts\/9103\/revisions\/9205"}],"wp:featuredmedia":[{"embeddable":true,"href":"https:\/\/blogg.svenskakyrkan.se\/diakonibloggen\/wp-json\/wp\/v2\/media\/9104"}],"wp:attachment":[{"href":"https:\/\/blogg.svenskakyrkan.se\/diakonibloggen\/wp-json\/wp\/v2\/media?parent=9103"}],"wp:term":[{"taxonomy":"category","embeddable":true,"href":"https:\/\/blogg.svenskakyrkan.se\/diakonibloggen\/wp-json\/wp\/v2\/categories?post=9103"},{"taxonomy":"post_tag","embeddable":true,"href":"https:\/\/blogg.svenskakyrkan.se\/diakonibloggen\/wp-json\/wp\/v2\/tags?post=9103"}],"curies":[{"name":"wp","href":"https:\/\/api.w.org\/{rel}","templated":true}]}}