{"id":9475,"date":"2023-03-05T17:06:32","date_gmt":"2023-03-05T17:06:32","guid":{"rendered":"https:\/\/blogg.svenskakyrkan.se\/diakonibloggen\/?p=9475"},"modified":"2023-03-05T17:06:33","modified_gmt":"2023-03-05T17:06:33","slug":"rezan-en-van-och-blivande-besokshund","status":"publish","type":"post","link":"https:\/\/blogg.svenskakyrkan.se\/diakonibloggen\/2023\/03\/05\/rezan-en-van-och-blivande-besokshund\/","title":{"rendered":"Rezan &#8211; en v\u00e4n och blivande bes\u00f6kshund"},"content":{"rendered":"\n\n\n<figure class=\"wp-block-image size-medium\"><a href=\"https:\/\/blogg.svenskakyrkan.se\/diakonibloggen\/files\/2023\/02\/20230126_121610-11-Rezan.jpg\"><img loading=\"lazy\" decoding=\"async\" width=\"300\" height=\"293\" src=\"https:\/\/blogg.svenskakyrkan.se\/diakonibloggen\/files\/2023\/02\/20230126_121610-11-Rezan-300x293.jpg\" alt=\"\" class=\"wp-image-9477\" srcset=\"https:\/\/blogg.svenskakyrkan.se\/diakonibloggen\/files\/2023\/02\/20230126_121610-11-Rezan-300x293.jpg 300w, https:\/\/blogg.svenskakyrkan.se\/diakonibloggen\/files\/2023\/02\/20230126_121610-11-Rezan.jpg 640w\" sizes=\"auto, (max-width: 300px) 100vw, 300px\" \/><\/a><\/figure>\n\n\n\n<p>Vi delar ber\u00e4ttelser p\u00e5 temat djur i kyrkans arbete. I detta inl\u00e4gg ber\u00e4ttar diakonen Christel Sch\u00f6nbeck Nordh om sitt arbete med hunden Rezan. Har du ocks\u00e5 erfarenheter av diakonalt arbete med djur, h\u00f6r g\u00e4rna av dig till oss p\u00e5 diakoni.se@gmail.com. \/Karin och Lotta<\/p>\n\n\n\n<p>Rezan \u00e4r en storpudel, \u00e4ven kallad kungspudel. Pudeln \u00e4r en \u00e4ldre ras och g\u00e5r att finna avm\u00e5lad s\u00e5 l\u00e5ngt tillbaka som p\u00e5 1400-talet. Fr\u00e5n b\u00f6rjan \u00e4r storpudeln en apporterande vattenhund. Vikten ligger mellan 20 och 32 kg och mankh\u00f6jden m\u00e4ter 44-64 centimeter. Rasen \u00e4r en pigg, nyfiken, v\u00e4lvillig och allergiv\u00e4nlig hund. Att hundrasen var allergiv\u00e4nlig var en f\u00f6ruts\u00e4ttning f\u00f6r att jag skulle f\u00e5 m\u00f6jlighet att jobba med hund i mitt jobb som diakon.<\/p>\n\n\n\n<p>Rezan \u00e4r med p\u00e5 mitt jobb i samtal och hembes\u00f6k, p\u00e5 vandringar i skogen och kv\u00e4llsvandringar i byn. Rezans n\u00e4rvaro har visat sig ha stor betydelse i m\u00f6tet med en annan m\u00e4nniska oavsett \u00e5lder. N\u00e5gonting p\u00e5tagligt sker med oss n\u00e4r en hund ger oss sin fulla uppm\u00e4rksamhet och tid utan att kr\u00e4va n\u00e5gonting tillbaka.&nbsp;En hund kan bli en d\u00f6rr\u00f6ppnare till gl\u00e4dje och gemenskap, till att k\u00e4nna sig beh\u00f6vd och betydelsefull. Till trygghet, skratt och lekfullhet, till tr\u00f6st och kroppskontakt. De g\u00e5nger vi ger oss ut i skogen p\u00e5 &#8221;walk and talk&#8221; uppst\u00e5r det \u00e4ven h\u00e4r en win-win-situation, d\u00e4r r\u00f6relsebehov tillgodoses och en stunds avkoppling fr\u00e5n tankar som maler p\u00e5 i huvudet blir m\u00f6jligt.<\/p>\n\n\n\n<p>Namnet Rezan \u00e4r en sammans\u00e4ttning av tv\u00e5 kurdiska ord. Re = v\u00e4g och zan = att veta. Rezan = v\u00e4gvetare\/v\u00e4gvisare. I m\u00f6tet med Rezan \u00f6ppnas en ordl\u00f6s kommunikation som bygger p\u00e5 kravl\u00f6shet och h\u00e4nsynstagande. N\u00e4r sorgen \u00f6ver n\u00e5gonting som fattas en blir p\u00e5taglig, n\u00e4r t\u00e5rarna kommer rinnande nerf\u00f6r kinderna, l\u00e4gger Rezan sitt huvud i kn\u00e4t hos personen och vid de flesta tillf\u00e4llen l\u00e4gger personen sin hand p\u00e5 Rezans huvud och handen r\u00f6r sig sakta \u00f6ver hans huvud. Rent fysiologiskt sker n\u00e5gonting i personens kropp. H\u00e4r har forskningen p\u00e5visat att kontakt med en hund bland annat bidrar till att s\u00e4nka blocktrycket och minska sm\u00e4rta och stress.<\/p>\n\n\n\n<p>Det finns s\u00e5 mycket intressant forskning och kunskap att ta del av och detta forts\u00e4tter jag att g\u00f6ra under tiden som Rezan tr\u00e4nar sig i sin roll som blivande bes\u00f6kshund och vi tillsammans utbildar oss i att bli ett bes\u00f6kshundsteam.<\/p>\n\n\n\n<p>Christel Sch\u00f6nbeck Nordh<br>Diakon Sj\u00f6bo f\u00f6rsamling<\/p>\n","protected":false},"excerpt":{"rendered":"<p>Vi delar ber\u00e4ttelser p\u00e5 temat djur i kyrkans arbete. I detta inl\u00e4gg ber\u00e4ttar diakonen Christel Sch\u00f6nbeck Nordh om sitt arbete med hunden Rezan. Har du ocks\u00e5 erfarenheter av diakonalt arbete med djur, h\u00f6r g\u00e4rna av dig till oss p\u00e5 diakoni.se@gmail.com. \/Karin och Lotta Rezan \u00e4r en storpudel, \u00e4ven kallad kungspudel. Pudeln \u00e4r en \u00e4ldre ras [&hellip;]<\/p>\n","protected":false},"author":776,"featured_media":9477,"comment_status":"open","ping_status":"open","sticky":false,"template":"","format":"standard","meta":{"_acf_changed":false,"footnotes":""},"categories":[23293,23301,23302,23304,25543],"tags":[25555,24162,25558,25019,25124,25137,25559],"class_list":["post-9475","post","type-post","status-publish","format-standard","has-post-thumbnail","hentry","category-att-behovas","category-diakonalt-arbete","category-diakoni","category-diakoni-och-forskning","category-djur","tag-besokshund","tag-hembesok","tag-hund","tag-svenska-kyrkan","tag-trost","tag-trygghet","tag-vagvisare"],"acf":[],"yoast_head":"<!-- This site is optimized with the Yoast SEO plugin v27.1.1 - https:\/\/yoast.com\/product\/yoast-seo-wordpress\/ -->\n<title>Rezan - en v\u00e4n och blivande bes\u00f6kshund - Diakonibloggen<\/title>\n<meta name=\"robots\" content=\"index, follow, max-snippet:-1, max-image-preview:large, max-video-preview:-1\" \/>\n<link rel=\"canonical\" href=\"https:\/\/blogg.svenskakyrkan.se\/diakonibloggen\/2023\/03\/05\/rezan-en-van-och-blivande-besokshund\/\" \/>\n<meta property=\"og:locale\" content=\"sv_SE\" \/>\n<meta property=\"og:type\" content=\"article\" \/>\n<meta property=\"og:title\" content=\"Rezan - en v\u00e4n och blivande bes\u00f6kshund - Diakonibloggen\" \/>\n<meta property=\"og:description\" content=\"Vi delar ber\u00e4ttelser p\u00e5 temat djur i kyrkans arbete. I detta inl\u00e4gg ber\u00e4ttar diakonen Christel Sch\u00f6nbeck Nordh om sitt arbete med hunden Rezan. Har du ocks\u00e5 erfarenheter av diakonalt arbete med djur, h\u00f6r g\u00e4rna av dig till oss p\u00e5 diakoni.se@gmail.com. \/Karin och Lotta Rezan \u00e4r en storpudel, \u00e4ven kallad kungspudel. Pudeln \u00e4r en \u00e4ldre ras [&hellip;]\" \/>\n<meta property=\"og:url\" content=\"https:\/\/blogg.svenskakyrkan.se\/diakonibloggen\/2023\/03\/05\/rezan-en-van-och-blivande-besokshund\/\" \/>\n<meta property=\"og:site_name\" content=\"Diakonibloggen\" \/>\n<meta property=\"article:published_time\" content=\"2023-03-05T17:06:32+00:00\" \/>\n<meta property=\"article:modified_time\" content=\"2023-03-05T17:06:33+00:00\" \/>\n<meta property=\"og:image\" content=\"https:\/\/blogg.svenskakyrkan.se\/diakonibloggen\/files\/2023\/02\/20230126_121610-11-Rezan.jpg\" \/>\n\t<meta property=\"og:image:width\" content=\"640\" \/>\n\t<meta property=\"og:image:height\" content=\"624\" \/>\n\t<meta property=\"og:image:type\" content=\"image\/jpeg\" \/>\n<meta name=\"author\" content=\"diakonibloggen\" \/>\n<meta name=\"twitter:card\" content=\"summary_large_image\" \/>\n<meta name=\"twitter:label1\" content=\"Skriven av\" \/>\n\t<meta name=\"twitter:data1\" content=\"diakonibloggen\" \/>\n\t<meta name=\"twitter:label2\" content=\"Ber\u00e4knad l\u00e4stid\" \/>\n\t<meta name=\"twitter:data2\" content=\"2 minuter\" \/>\n<script type=\"application\/ld+json\" class=\"yoast-schema-graph\">{\"@context\":\"https:\/\/schema.org\",\"@graph\":[{\"@type\":\"Article\",\"@id\":\"https:\/\/blogg.svenskakyrkan.se\/diakonibloggen\/2023\/03\/05\/rezan-en-van-och-blivande-besokshund\/#article\",\"isPartOf\":{\"@id\":\"https:\/\/blogg.svenskakyrkan.se\/diakonibloggen\/2023\/03\/05\/rezan-en-van-och-blivande-besokshund\/\"},\"author\":{\"name\":\"diakonibloggen\",\"@id\":\"https:\/\/blogg.svenskakyrkan.se\/diakonibloggen\/#\/schema\/person\/8f6a6fe8efab23c141c7e274fec6405f\"},\"headline\":\"Rezan &#8211; en v\u00e4n och blivande bes\u00f6kshund\",\"datePublished\":\"2023-03-05T17:06:32+00:00\",\"dateModified\":\"2023-03-05T17:06:33+00:00\",\"mainEntityOfPage\":{\"@id\":\"https:\/\/blogg.svenskakyrkan.se\/diakonibloggen\/2023\/03\/05\/rezan-en-van-och-blivande-besokshund\/\"},\"wordCount\":465,\"commentCount\":0,\"image\":{\"@id\":\"https:\/\/blogg.svenskakyrkan.se\/diakonibloggen\/2023\/03\/05\/rezan-en-van-och-blivande-besokshund\/#primaryimage\"},\"thumbnailUrl\":\"https:\/\/blogg.svenskakyrkan.se\/diakonibloggen\/files\/2023\/02\/20230126_121610-11-Rezan.jpg\",\"keywords\":[\"bes\u00f6kshund\",\"hembes\u00f6k\",\"hund\",\"Svenska kyrkan\",\"tr\u00f6st\",\"trygghet\",\"v\u00e4gvisare\"],\"articleSection\":[\"Att beh\u00f6vas\",\"Diakonalt arbete\",\"diakoni\",\"diakoni och forskning\",\"Djur\"],\"inLanguage\":\"sv-SE\",\"potentialAction\":[{\"@type\":\"CommentAction\",\"name\":\"Comment\",\"target\":[\"https:\/\/blogg.svenskakyrkan.se\/diakonibloggen\/2023\/03\/05\/rezan-en-van-och-blivande-besokshund\/#respond\"]}]},{\"@type\":\"WebPage\",\"@id\":\"https:\/\/blogg.svenskakyrkan.se\/diakonibloggen\/2023\/03\/05\/rezan-en-van-och-blivande-besokshund\/\",\"url\":\"https:\/\/blogg.svenskakyrkan.se\/diakonibloggen\/2023\/03\/05\/rezan-en-van-och-blivande-besokshund\/\",\"name\":\"Rezan - en v\u00e4n och blivande bes\u00f6kshund - Diakonibloggen\",\"isPartOf\":{\"@id\":\"https:\/\/blogg.svenskakyrkan.se\/diakonibloggen\/#website\"},\"primaryImageOfPage\":{\"@id\":\"https:\/\/blogg.svenskakyrkan.se\/diakonibloggen\/2023\/03\/05\/rezan-en-van-och-blivande-besokshund\/#primaryimage\"},\"image\":{\"@id\":\"https:\/\/blogg.svenskakyrkan.se\/diakonibloggen\/2023\/03\/05\/rezan-en-van-och-blivande-besokshund\/#primaryimage\"},\"thumbnailUrl\":\"https:\/\/blogg.svenskakyrkan.se\/diakonibloggen\/files\/2023\/02\/20230126_121610-11-Rezan.jpg\",\"datePublished\":\"2023-03-05T17:06:32+00:00\",\"dateModified\":\"2023-03-05T17:06:33+00:00\",\"author\":{\"@id\":\"https:\/\/blogg.svenskakyrkan.se\/diakonibloggen\/#\/schema\/person\/8f6a6fe8efab23c141c7e274fec6405f\"},\"breadcrumb\":{\"@id\":\"https:\/\/blogg.svenskakyrkan.se\/diakonibloggen\/2023\/03\/05\/rezan-en-van-och-blivande-besokshund\/#breadcrumb\"},\"inLanguage\":\"sv-SE\",\"potentialAction\":[{\"@type\":\"ReadAction\",\"target\":[\"https:\/\/blogg.svenskakyrkan.se\/diakonibloggen\/2023\/03\/05\/rezan-en-van-och-blivande-besokshund\/\"]}]},{\"@type\":\"ImageObject\",\"inLanguage\":\"sv-SE\",\"@id\":\"https:\/\/blogg.svenskakyrkan.se\/diakonibloggen\/2023\/03\/05\/rezan-en-van-och-blivande-besokshund\/#primaryimage\",\"url\":\"https:\/\/blogg.svenskakyrkan.se\/diakonibloggen\/files\/2023\/02\/20230126_121610-11-Rezan.jpg\",\"contentUrl\":\"https:\/\/blogg.svenskakyrkan.se\/diakonibloggen\/files\/2023\/02\/20230126_121610-11-Rezan.jpg\",\"width\":640,\"height\":624},{\"@type\":\"BreadcrumbList\",\"@id\":\"https:\/\/blogg.svenskakyrkan.se\/diakonibloggen\/2023\/03\/05\/rezan-en-van-och-blivande-besokshund\/#breadcrumb\",\"itemListElement\":[{\"@type\":\"ListItem\",\"position\":1,\"name\":\"Hem\",\"item\":\"https:\/\/blogg.svenskakyrkan.se\/diakonibloggen\/\"},{\"@type\":\"ListItem\",\"position\":2,\"name\":\"Rezan &#8211; en v\u00e4n och blivande bes\u00f6kshund\"}]},{\"@type\":\"WebSite\",\"@id\":\"https:\/\/blogg.svenskakyrkan.se\/diakonibloggen\/#website\",\"url\":\"https:\/\/blogg.svenskakyrkan.se\/diakonibloggen\/\",\"name\":\"Diakonibloggen\",\"description\":\"Vi lyfter fram, hyllar, diskuterar och inspirerar till diakonalt arbete inom och utanf\u00f6r Svenska kyrkans ramar.\",\"potentialAction\":[{\"@type\":\"SearchAction\",\"target\":{\"@type\":\"EntryPoint\",\"urlTemplate\":\"https:\/\/blogg.svenskakyrkan.se\/diakonibloggen\/?s={search_term_string}\"},\"query-input\":{\"@type\":\"PropertyValueSpecification\",\"valueRequired\":true,\"valueName\":\"search_term_string\"}}],\"inLanguage\":\"sv-SE\"},{\"@type\":\"Person\",\"@id\":\"https:\/\/blogg.svenskakyrkan.se\/diakonibloggen\/#\/schema\/person\/8f6a6fe8efab23c141c7e274fec6405f\",\"name\":\"diakonibloggen\",\"image\":{\"@type\":\"ImageObject\",\"inLanguage\":\"sv-SE\",\"@id\":\"https:\/\/blogg.svenskakyrkan.se\/diakonibloggen\/#\/schema\/person\/image\/\",\"url\":\"https:\/\/secure.gravatar.com\/avatar\/95c0ca86fd13e3d8c1b7b7e9864c9a2ccb7b48c6f756a3b5447bcc13dd630488?s=96&d=mm&r=g\",\"contentUrl\":\"https:\/\/secure.gravatar.com\/avatar\/95c0ca86fd13e3d8c1b7b7e9864c9a2ccb7b48c6f756a3b5447bcc13dd630488?s=96&d=mm&r=g\",\"caption\":\"diakonibloggen\"},\"url\":\"https:\/\/blogg.svenskakyrkan.se\/diakonibloggen\/author\/diakonibloggen\/\"}]}<\/script>\n<!-- \/ Yoast SEO plugin. -->","yoast_head_json":{"title":"Rezan - en v\u00e4n och blivande bes\u00f6kshund - Diakonibloggen","robots":{"index":"index","follow":"follow","max-snippet":"max-snippet:-1","max-image-preview":"max-image-preview:large","max-video-preview":"max-video-preview:-1"},"canonical":"https:\/\/blogg.svenskakyrkan.se\/diakonibloggen\/2023\/03\/05\/rezan-en-van-och-blivande-besokshund\/","og_locale":"sv_SE","og_type":"article","og_title":"Rezan - en v\u00e4n och blivande bes\u00f6kshund - Diakonibloggen","og_description":"Vi delar ber\u00e4ttelser p\u00e5 temat djur i kyrkans arbete. I detta inl\u00e4gg ber\u00e4ttar diakonen Christel Sch\u00f6nbeck Nordh om sitt arbete med hunden Rezan. Har du ocks\u00e5 erfarenheter av diakonalt arbete med djur, h\u00f6r g\u00e4rna av dig till oss p\u00e5 diakoni.se@gmail.com. \/Karin och Lotta Rezan \u00e4r en storpudel, \u00e4ven kallad kungspudel. Pudeln \u00e4r en \u00e4ldre ras [&hellip;]","og_url":"https:\/\/blogg.svenskakyrkan.se\/diakonibloggen\/2023\/03\/05\/rezan-en-van-och-blivande-besokshund\/","og_site_name":"Diakonibloggen","article_published_time":"2023-03-05T17:06:32+00:00","article_modified_time":"2023-03-05T17:06:33+00:00","og_image":[{"width":640,"height":624,"url":"https:\/\/blogg.svenskakyrkan.se\/diakonibloggen\/files\/2023\/02\/20230126_121610-11-Rezan.jpg","type":"image\/jpeg"}],"author":"diakonibloggen","twitter_card":"summary_large_image","twitter_misc":{"Skriven av":"diakonibloggen","Ber\u00e4knad l\u00e4stid":"2 minuter"},"schema":{"@context":"https:\/\/schema.org","@graph":[{"@type":"Article","@id":"https:\/\/blogg.svenskakyrkan.se\/diakonibloggen\/2023\/03\/05\/rezan-en-van-och-blivande-besokshund\/#article","isPartOf":{"@id":"https:\/\/blogg.svenskakyrkan.se\/diakonibloggen\/2023\/03\/05\/rezan-en-van-och-blivande-besokshund\/"},"author":{"name":"diakonibloggen","@id":"https:\/\/blogg.svenskakyrkan.se\/diakonibloggen\/#\/schema\/person\/8f6a6fe8efab23c141c7e274fec6405f"},"headline":"Rezan &#8211; en v\u00e4n och blivande bes\u00f6kshund","datePublished":"2023-03-05T17:06:32+00:00","dateModified":"2023-03-05T17:06:33+00:00","mainEntityOfPage":{"@id":"https:\/\/blogg.svenskakyrkan.se\/diakonibloggen\/2023\/03\/05\/rezan-en-van-och-blivande-besokshund\/"},"wordCount":465,"commentCount":0,"image":{"@id":"https:\/\/blogg.svenskakyrkan.se\/diakonibloggen\/2023\/03\/05\/rezan-en-van-och-blivande-besokshund\/#primaryimage"},"thumbnailUrl":"https:\/\/blogg.svenskakyrkan.se\/diakonibloggen\/files\/2023\/02\/20230126_121610-11-Rezan.jpg","keywords":["bes\u00f6kshund","hembes\u00f6k","hund","Svenska kyrkan","tr\u00f6st","trygghet","v\u00e4gvisare"],"articleSection":["Att beh\u00f6vas","Diakonalt arbete","diakoni","diakoni och forskning","Djur"],"inLanguage":"sv-SE","potentialAction":[{"@type":"CommentAction","name":"Comment","target":["https:\/\/blogg.svenskakyrkan.se\/diakonibloggen\/2023\/03\/05\/rezan-en-van-och-blivande-besokshund\/#respond"]}]},{"@type":"WebPage","@id":"https:\/\/blogg.svenskakyrkan.se\/diakonibloggen\/2023\/03\/05\/rezan-en-van-och-blivande-besokshund\/","url":"https:\/\/blogg.svenskakyrkan.se\/diakonibloggen\/2023\/03\/05\/rezan-en-van-och-blivande-besokshund\/","name":"Rezan - en v\u00e4n och blivande bes\u00f6kshund - Diakonibloggen","isPartOf":{"@id":"https:\/\/blogg.svenskakyrkan.se\/diakonibloggen\/#website"},"primaryImageOfPage":{"@id":"https:\/\/blogg.svenskakyrkan.se\/diakonibloggen\/2023\/03\/05\/rezan-en-van-och-blivande-besokshund\/#primaryimage"},"image":{"@id":"https:\/\/blogg.svenskakyrkan.se\/diakonibloggen\/2023\/03\/05\/rezan-en-van-och-blivande-besokshund\/#primaryimage"},"thumbnailUrl":"https:\/\/blogg.svenskakyrkan.se\/diakonibloggen\/files\/2023\/02\/20230126_121610-11-Rezan.jpg","datePublished":"2023-03-05T17:06:32+00:00","dateModified":"2023-03-05T17:06:33+00:00","author":{"@id":"https:\/\/blogg.svenskakyrkan.se\/diakonibloggen\/#\/schema\/person\/8f6a6fe8efab23c141c7e274fec6405f"},"breadcrumb":{"@id":"https:\/\/blogg.svenskakyrkan.se\/diakonibloggen\/2023\/03\/05\/rezan-en-van-och-blivande-besokshund\/#breadcrumb"},"inLanguage":"sv-SE","potentialAction":[{"@type":"ReadAction","target":["https:\/\/blogg.svenskakyrkan.se\/diakonibloggen\/2023\/03\/05\/rezan-en-van-och-blivande-besokshund\/"]}]},{"@type":"ImageObject","inLanguage":"sv-SE","@id":"https:\/\/blogg.svenskakyrkan.se\/diakonibloggen\/2023\/03\/05\/rezan-en-van-och-blivande-besokshund\/#primaryimage","url":"https:\/\/blogg.svenskakyrkan.se\/diakonibloggen\/files\/2023\/02\/20230126_121610-11-Rezan.jpg","contentUrl":"https:\/\/blogg.svenskakyrkan.se\/diakonibloggen\/files\/2023\/02\/20230126_121610-11-Rezan.jpg","width":640,"height":624},{"@type":"BreadcrumbList","@id":"https:\/\/blogg.svenskakyrkan.se\/diakonibloggen\/2023\/03\/05\/rezan-en-van-och-blivande-besokshund\/#breadcrumb","itemListElement":[{"@type":"ListItem","position":1,"name":"Hem","item":"https:\/\/blogg.svenskakyrkan.se\/diakonibloggen\/"},{"@type":"ListItem","position":2,"name":"Rezan &#8211; en v\u00e4n och blivande bes\u00f6kshund"}]},{"@type":"WebSite","@id":"https:\/\/blogg.svenskakyrkan.se\/diakonibloggen\/#website","url":"https:\/\/blogg.svenskakyrkan.se\/diakonibloggen\/","name":"Diakonibloggen","description":"Vi lyfter fram, hyllar, diskuterar och inspirerar till diakonalt arbete inom och utanf\u00f6r Svenska kyrkans ramar.","potentialAction":[{"@type":"SearchAction","target":{"@type":"EntryPoint","urlTemplate":"https:\/\/blogg.svenskakyrkan.se\/diakonibloggen\/?s={search_term_string}"},"query-input":{"@type":"PropertyValueSpecification","valueRequired":true,"valueName":"search_term_string"}}],"inLanguage":"sv-SE"},{"@type":"Person","@id":"https:\/\/blogg.svenskakyrkan.se\/diakonibloggen\/#\/schema\/person\/8f6a6fe8efab23c141c7e274fec6405f","name":"diakonibloggen","image":{"@type":"ImageObject","inLanguage":"sv-SE","@id":"https:\/\/blogg.svenskakyrkan.se\/diakonibloggen\/#\/schema\/person\/image\/","url":"https:\/\/secure.gravatar.com\/avatar\/95c0ca86fd13e3d8c1b7b7e9864c9a2ccb7b48c6f756a3b5447bcc13dd630488?s=96&d=mm&r=g","contentUrl":"https:\/\/secure.gravatar.com\/avatar\/95c0ca86fd13e3d8c1b7b7e9864c9a2ccb7b48c6f756a3b5447bcc13dd630488?s=96&d=mm&r=g","caption":"diakonibloggen"},"url":"https:\/\/blogg.svenskakyrkan.se\/diakonibloggen\/author\/diakonibloggen\/"}]}},"author_meta":{"ID":"776","user_nicename":"diakonibloggen","user_registered":"2020-12-17 14:50:06","display_name":"diakonibloggen","avatar":"https:\/\/blogg.svenskakyrkan.se\/diakonibloggen\/files\/2021\/02\/Sk\u00e4rmavbild-2019-04-12-kl.-14.20.54-150x150.png"},"featured_image":["https:\/\/blogg.svenskakyrkan.se\/diakonibloggen\/files\/2023\/02\/20230126_121610-11-Rezan.jpg",640,624,false],"bloginfo":{"name":"Diakonibloggen","url":"https:\/\/blogg.svenskakyrkan.se\/diakonibloggen"},"_links":{"self":[{"href":"https:\/\/blogg.svenskakyrkan.se\/diakonibloggen\/wp-json\/wp\/v2\/posts\/9475","targetHints":{"allow":["GET"]}}],"collection":[{"href":"https:\/\/blogg.svenskakyrkan.se\/diakonibloggen\/wp-json\/wp\/v2\/posts"}],"about":[{"href":"https:\/\/blogg.svenskakyrkan.se\/diakonibloggen\/wp-json\/wp\/v2\/types\/post"}],"author":[{"embeddable":true,"href":"https:\/\/blogg.svenskakyrkan.se\/diakonibloggen\/wp-json\/wp\/v2\/users\/776"}],"replies":[{"embeddable":true,"href":"https:\/\/blogg.svenskakyrkan.se\/diakonibloggen\/wp-json\/wp\/v2\/comments?post=9475"}],"version-history":[{"count":7,"href":"https:\/\/blogg.svenskakyrkan.se\/diakonibloggen\/wp-json\/wp\/v2\/posts\/9475\/revisions"}],"predecessor-version":[{"id":9502,"href":"https:\/\/blogg.svenskakyrkan.se\/diakonibloggen\/wp-json\/wp\/v2\/posts\/9475\/revisions\/9502"}],"wp:featuredmedia":[{"embeddable":true,"href":"https:\/\/blogg.svenskakyrkan.se\/diakonibloggen\/wp-json\/wp\/v2\/media\/9477"}],"wp:attachment":[{"href":"https:\/\/blogg.svenskakyrkan.se\/diakonibloggen\/wp-json\/wp\/v2\/media?parent=9475"}],"wp:term":[{"taxonomy":"category","embeddable":true,"href":"https:\/\/blogg.svenskakyrkan.se\/diakonibloggen\/wp-json\/wp\/v2\/categories?post=9475"},{"taxonomy":"post_tag","embeddable":true,"href":"https:\/\/blogg.svenskakyrkan.se\/diakonibloggen\/wp-json\/wp\/v2\/tags?post=9475"}],"curies":[{"name":"wp","href":"https:\/\/api.w.org\/{rel}","templated":true}]}}