{"id":1325,"date":"2016-08-08T23:37:21","date_gmt":"2016-08-08T21:37:21","guid":{"rendered":"http:\/\/blogg.svenskakyrkan.se\/duromoll\/?p=1325"},"modified":"2016-08-08T23:39:31","modified_gmt":"2016-08-08T21:39:31","slug":"for-mycket-kor-eller-for-fa-sondagar","status":"publish","type":"post","link":"https:\/\/blogg.svenskakyrkan.se\/duromoll\/2016\/08\/08\/for-mycket-kor-eller-for-fa-sondagar\/","title":{"rendered":"F\u00f6r mycket k\u00f6r eller f\u00f6r f\u00e5 s\u00f6ndagar?"},"content":{"rendered":"<p>En ny termin st\u00e5r i farstun och stampar och hj\u00e4rnan jobbar frenetiskt. Redan. Den buktar \u00e5t alla m\u00f6jliga h\u00e5ll och jag antecknar \u00e4n h\u00e4r och \u00e4n d\u00e4r f\u00f6r att inte missa eller gl\u00f6mma n\u00e5got. H\u00e4romdagen skulle jag kolla n\u00e4r det d\u00e4r datumet var som Juniork\u00f6ren och Ungdomsk\u00f6ren skulle sjunga s\u00e5 att jag efter\u00e5t skulle kunna ha f\u00f6r\u00e4ldram\u00f6tet och pricka in alla f\u00f6r\u00e4ldrainsatser till \u00f6vernattningen i oktober&#8230; D\u00e5 visade det sig att alla s\u00f6ndagar redan \u00e4r upptagna med k\u00f6r eller solister, eller s\u00e5 \u00e4r jag ledig eller bortrest i tj\u00e4nsten. Numera jobbar jag bara 2 av fyra s\u00f6ndagar ist\u00e4llet f\u00f6r 3 av fyra. Det \u00e4r ju helt klart att jag ocks\u00e5 fattar att jag inte ska jobba f\u00f6r mycket. Men en m\u00e4rklig k\u00e4nsla att s\u00f6ndagarna liksom \u00e4r slut. Jahapp. Jag f\u00e5r fundera p\u00e5 det n\u00e5gra dagar.<\/p>\n<p>Denna veckan\u00a0\u00e4r jag p\u00e5 kurs p\u00e5 Malm\u00f6 H\u00f6gskola. Jag supportar barnk\u00f6rledarkursens \u00f6vnings-barnk\u00f6r s\u00e5tillvida att jag fixar fika och r\u00e4knar in alla barn och h\u00e4mtar pl\u00e5ster osv. Det \u00e4r en fenomenal start p\u00e5 terminen eftersom jag f\u00e5r s\u00e5 mycket inspiration och bra id\u00e9er. Varje f\u00f6rmiddag \u00e4r jag p\u00e5 Malm\u00f6 H\u00f6gskola och sen sk\u00f6ter jag min tj\u00e4nst i \u00f6vrigt med begravningar och planering och \u00f6vning. Och jag mjukstartar i morgon med en (1) orgelelev. Lajbans!<\/p>\n<p>N\u00e4r jag kom hem fr\u00e5n Malm\u00f6 h\u00f6gskola idag m\u00e5dde jag kass. Migr\u00e4nen var ett faktum och medicin intogs p\u00e5 hemv\u00e4gen. Jag var s\u00e5 tr\u00f6tt. Maken hade hela dagen fixat med en 3-hjulig vuxen-cykel <a href=\"http:\/\/blogg.svenskakyrkan.se\/duromoll\/files\/2016\/08\/2016-08-08-16.30.03-HDR.jpg\"><img loading=\"lazy\" decoding=\"async\" class=\"alignright wp-image-1328 size-thumbnail\" src=\"http:\/\/blogg.svenskakyrkan.se\/duromoll\/files\/2016\/08\/2016-08-08-16.30.03-HDR-150x150.jpg\" alt=\"2016-08-08 16.30.03 HDR\" width=\"150\" height=\"150\" \/><\/a>som vi alltid haft st\u00e5ende h\u00e4r hemma. F\u00f6r n\u00e5gra dagar sen kom vi p\u00e5 att min 91-\u00e5riga pappa kan ha nytta av den. Maken fixade allts\u00e5 till cykeln under dagen och ikv\u00e4ll k\u00f6rde vi dit med den. Pappa tog en provtur och tyckte den var fin,<a href=\"http:\/\/blogg.svenskakyrkan.se\/duromoll\/files\/2016\/08\/2016-08-08-17.32.21-e1470689885164.jpg\"><img loading=\"lazy\" decoding=\"async\" class=\" size-medium wp-image-1329 alignleft\" src=\"http:\/\/blogg.svenskakyrkan.se\/duromoll\/files\/2016\/08\/2016-08-08-17.32.21-e1470689885164-225x300.jpg\" alt=\"2016-08-08 17.32.21\" width=\"225\" height=\"300\" srcset=\"https:\/\/blogg.svenskakyrkan.se\/duromoll\/files\/2016\/08\/2016-08-08-17.32.21-e1470689885164-225x300.jpg 225w, https:\/\/blogg.svenskakyrkan.se\/duromoll\/files\/2016\/08\/2016-08-08-17.32.21-e1470689885164-768x1024.jpg 768w\" sizes=\"auto, (max-width: 225px) 100vw, 225px\" \/><\/a> och lite l\u00e4skig att sitta p\u00e5. M\u00e4rkligt med balansen i sv\u00e4ngarna. Men vi kom fram till att han nog v\u00e4njer sig snart. Sen bes\u00f6kte vi en av byns lokala pizzerior och intog en kv\u00e4llsmat tillsammans.<\/p>\n<p>Nu har jag g\u00e5tt en runda med min hund, jag har papprat en hel del och sett lite p\u00e5 slaskdeckare p\u00e5 tv, samt &#8221;The Vicar from Dibley&#8221;. Det blir nog bra denna terminen ocks\u00e5. Jag f\u00e5r forts\u00e4tta sjunga mina s\u00e5nger och det b\u00e4sta av allt \u00e4r att det kommer s\u00e5 m\u00e5nga som vill sjunga med mig. Det \u00e4r stort att f\u00e5 vara k\u00f6rledare.<\/p>\n<p>Tack f\u00f6r idag, tack f\u00f6r en underbar, vanlig dag.<\/p>\n","protected":false},"excerpt":{"rendered":"<p>En ny termin st\u00e5r i farstun och stampar och hj\u00e4rnan jobbar frenetiskt. Redan. Den buktar \u00e5t alla m\u00f6jliga h\u00e5ll och jag antecknar \u00e4n h\u00e4r och \u00e4n d\u00e4r f\u00f6r att inte missa eller gl\u00f6mma n\u00e5got. H\u00e4romdagen skulle jag kolla n\u00e4r det d\u00e4r datumet var som Juniork\u00f6ren och Ungdomsk\u00f6ren skulle sjunga s\u00e5 att jag efter\u00e5t skulle kunna [&hellip;]<\/p>\n","protected":false},"author":433,"featured_media":0,"comment_status":"open","ping_status":"open","sticky":false,"template":"","format":"standard","meta":{"_acf_changed":false,"footnotes":""},"categories":[9],"tags":[],"class_list":["post-1325","post","type-post","status-publish","format-standard","hentry","category-okategoriserade"],"acf":[],"yoast_head":"<!-- This site is optimized with the Yoast SEO plugin v27.1.1 - https:\/\/yoast.com\/product\/yoast-seo-wordpress\/ -->\n<title>F\u00f6r mycket k\u00f6r eller f\u00f6r f\u00e5 s\u00f6ndagar? - Charlotta i dur och moll<\/title>\n<meta name=\"robots\" content=\"index, follow, max-snippet:-1, max-image-preview:large, max-video-preview:-1\" \/>\n<link rel=\"canonical\" href=\"https:\/\/blogg.svenskakyrkan.se\/duromoll\/2016\/08\/08\/for-mycket-kor-eller-for-fa-sondagar\/\" \/>\n<meta property=\"og:locale\" content=\"sv_SE\" \/>\n<meta property=\"og:type\" content=\"article\" \/>\n<meta property=\"og:title\" content=\"F\u00f6r mycket k\u00f6r eller f\u00f6r f\u00e5 s\u00f6ndagar? - Charlotta i dur och moll\" \/>\n<meta property=\"og:description\" content=\"En ny termin st\u00e5r i farstun och stampar och hj\u00e4rnan jobbar frenetiskt. Redan. Den buktar \u00e5t alla m\u00f6jliga h\u00e5ll och jag antecknar \u00e4n h\u00e4r och \u00e4n d\u00e4r f\u00f6r att inte missa eller gl\u00f6mma n\u00e5got. H\u00e4romdagen skulle jag kolla n\u00e4r det d\u00e4r datumet var som Juniork\u00f6ren och Ungdomsk\u00f6ren skulle sjunga s\u00e5 att jag efter\u00e5t skulle kunna [&hellip;]\" \/>\n<meta property=\"og:url\" content=\"https:\/\/blogg.svenskakyrkan.se\/duromoll\/2016\/08\/08\/for-mycket-kor-eller-for-fa-sondagar\/\" \/>\n<meta property=\"og:site_name\" content=\"Charlotta i dur och moll\" \/>\n<meta property=\"article:published_time\" content=\"2016-08-08T21:37:21+00:00\" \/>\n<meta property=\"article:modified_time\" content=\"2016-08-08T21:39:31+00:00\" \/>\n<meta property=\"og:image\" content=\"https:\/\/blogg.svenskakyrkan.se\/duromoll\/files\/2016\/08\/2016-08-08-16.30.03-HDR-1024x768.jpg\" \/>\n\t<meta property=\"og:image:width\" content=\"1024\" \/>\n\t<meta property=\"og:image:height\" content=\"768\" \/>\n\t<meta property=\"og:image:type\" content=\"image\/jpeg\" \/>\n<meta name=\"author\" content=\"duromoll\" \/>\n<meta name=\"twitter:card\" content=\"summary_large_image\" \/>\n<meta name=\"twitter:label1\" content=\"Skriven av\" \/>\n\t<meta name=\"twitter:data1\" content=\"duromoll\" \/>\n\t<meta name=\"twitter:label2\" content=\"Ber\u00e4knad l\u00e4stid\" \/>\n\t<meta name=\"twitter:data2\" content=\"2 minuter\" \/>\n<script type=\"application\/ld+json\" class=\"yoast-schema-graph\">{\"@context\":\"https:\/\/schema.org\",\"@graph\":[{\"@type\":\"Article\",\"@id\":\"https:\/\/blogg.svenskakyrkan.se\/duromoll\/2016\/08\/08\/for-mycket-kor-eller-for-fa-sondagar\/#article\",\"isPartOf\":{\"@id\":\"https:\/\/blogg.svenskakyrkan.se\/duromoll\/2016\/08\/08\/for-mycket-kor-eller-for-fa-sondagar\/\"},\"author\":{\"name\":\"duromoll\",\"@id\":\"https:\/\/blogg.svenskakyrkan.se\/duromoll\/#\/schema\/person\/779b2742472b73bcfa648544a7fb8445\"},\"headline\":\"F\u00f6r mycket k\u00f6r eller f\u00f6r f\u00e5 s\u00f6ndagar?\",\"datePublished\":\"2016-08-08T21:37:21+00:00\",\"dateModified\":\"2016-08-08T21:39:31+00:00\",\"mainEntityOfPage\":{\"@id\":\"https:\/\/blogg.svenskakyrkan.se\/duromoll\/2016\/08\/08\/for-mycket-kor-eller-for-fa-sondagar\/\"},\"wordCount\":477,\"commentCount\":0,\"image\":{\"@id\":\"https:\/\/blogg.svenskakyrkan.se\/duromoll\/2016\/08\/08\/for-mycket-kor-eller-for-fa-sondagar\/#primaryimage\"},\"thumbnailUrl\":\"http:\/\/blogg.svenskakyrkan.se\/duromoll\/files\/2016\/08\/2016-08-08-16.30.03-HDR-150x150.jpg\",\"inLanguage\":\"sv-SE\",\"potentialAction\":[{\"@type\":\"CommentAction\",\"name\":\"Comment\",\"target\":[\"https:\/\/blogg.svenskakyrkan.se\/duromoll\/2016\/08\/08\/for-mycket-kor-eller-for-fa-sondagar\/#respond\"]}]},{\"@type\":\"WebPage\",\"@id\":\"https:\/\/blogg.svenskakyrkan.se\/duromoll\/2016\/08\/08\/for-mycket-kor-eller-for-fa-sondagar\/\",\"url\":\"https:\/\/blogg.svenskakyrkan.se\/duromoll\/2016\/08\/08\/for-mycket-kor-eller-for-fa-sondagar\/\",\"name\":\"F\u00f6r mycket k\u00f6r eller f\u00f6r f\u00e5 s\u00f6ndagar? - Charlotta i dur och moll\",\"isPartOf\":{\"@id\":\"https:\/\/blogg.svenskakyrkan.se\/duromoll\/#website\"},\"primaryImageOfPage\":{\"@id\":\"https:\/\/blogg.svenskakyrkan.se\/duromoll\/2016\/08\/08\/for-mycket-kor-eller-for-fa-sondagar\/#primaryimage\"},\"image\":{\"@id\":\"https:\/\/blogg.svenskakyrkan.se\/duromoll\/2016\/08\/08\/for-mycket-kor-eller-for-fa-sondagar\/#primaryimage\"},\"thumbnailUrl\":\"http:\/\/blogg.svenskakyrkan.se\/duromoll\/files\/2016\/08\/2016-08-08-16.30.03-HDR-150x150.jpg\",\"datePublished\":\"2016-08-08T21:37:21+00:00\",\"dateModified\":\"2016-08-08T21:39:31+00:00\",\"author\":{\"@id\":\"https:\/\/blogg.svenskakyrkan.se\/duromoll\/#\/schema\/person\/779b2742472b73bcfa648544a7fb8445\"},\"breadcrumb\":{\"@id\":\"https:\/\/blogg.svenskakyrkan.se\/duromoll\/2016\/08\/08\/for-mycket-kor-eller-for-fa-sondagar\/#breadcrumb\"},\"inLanguage\":\"sv-SE\",\"potentialAction\":[{\"@type\":\"ReadAction\",\"target\":[\"https:\/\/blogg.svenskakyrkan.se\/duromoll\/2016\/08\/08\/for-mycket-kor-eller-for-fa-sondagar\/\"]}]},{\"@type\":\"ImageObject\",\"inLanguage\":\"sv-SE\",\"@id\":\"https:\/\/blogg.svenskakyrkan.se\/duromoll\/2016\/08\/08\/for-mycket-kor-eller-for-fa-sondagar\/#primaryimage\",\"url\":\"https:\/\/blogg.svenskakyrkan.se\/duromoll\/files\/2016\/08\/2016-08-08-16.30.03-HDR.jpg\",\"contentUrl\":\"https:\/\/blogg.svenskakyrkan.se\/duromoll\/files\/2016\/08\/2016-08-08-16.30.03-HDR.jpg\",\"width\":3264,\"height\":2448},{\"@type\":\"BreadcrumbList\",\"@id\":\"https:\/\/blogg.svenskakyrkan.se\/duromoll\/2016\/08\/08\/for-mycket-kor-eller-for-fa-sondagar\/#breadcrumb\",\"itemListElement\":[{\"@type\":\"ListItem\",\"position\":1,\"name\":\"Hem\",\"item\":\"https:\/\/blogg.svenskakyrkan.se\/duromoll\/\"},{\"@type\":\"ListItem\",\"position\":2,\"name\":\"F\u00f6r mycket k\u00f6r eller f\u00f6r f\u00e5 s\u00f6ndagar?\"}]},{\"@type\":\"WebSite\",\"@id\":\"https:\/\/blogg.svenskakyrkan.se\/duromoll\/#website\",\"url\":\"https:\/\/blogg.svenskakyrkan.se\/duromoll\/\",\"name\":\"Charlotta i dur och moll\",\"description\":\"Kyrkomusikern Charlotta Holmgren N\u00e9meth ventilerar tankar om sin vardag\",\"potentialAction\":[{\"@type\":\"SearchAction\",\"target\":{\"@type\":\"EntryPoint\",\"urlTemplate\":\"https:\/\/blogg.svenskakyrkan.se\/duromoll\/?s={search_term_string}\"},\"query-input\":{\"@type\":\"PropertyValueSpecification\",\"valueRequired\":true,\"valueName\":\"search_term_string\"}}],\"inLanguage\":\"sv-SE\"},{\"@type\":\"Person\",\"@id\":\"https:\/\/blogg.svenskakyrkan.se\/duromoll\/#\/schema\/person\/779b2742472b73bcfa648544a7fb8445\",\"name\":\"duromoll\",\"image\":{\"@type\":\"ImageObject\",\"inLanguage\":\"sv-SE\",\"@id\":\"https:\/\/blogg.svenskakyrkan.se\/duromoll\/#\/schema\/person\/image\/\",\"url\":\"https:\/\/secure.gravatar.com\/avatar\/c0aa21ceca5d1ebfe58c0b9ed21f1bc9d76f9308f1ac3fd8b1e1bacdfd53facb?s=96&d=mm&r=g\",\"contentUrl\":\"https:\/\/secure.gravatar.com\/avatar\/c0aa21ceca5d1ebfe58c0b9ed21f1bc9d76f9308f1ac3fd8b1e1bacdfd53facb?s=96&d=mm&r=g\",\"caption\":\"duromoll\"},\"url\":\"https:\/\/blogg.svenskakyrkan.se\/duromoll\/author\/duromoll\/\"}]}<\/script>\n<!-- \/ Yoast SEO plugin. -->","yoast_head_json":{"title":"F\u00f6r mycket k\u00f6r eller f\u00f6r f\u00e5 s\u00f6ndagar? - Charlotta i dur och moll","robots":{"index":"index","follow":"follow","max-snippet":"max-snippet:-1","max-image-preview":"max-image-preview:large","max-video-preview":"max-video-preview:-1"},"canonical":"https:\/\/blogg.svenskakyrkan.se\/duromoll\/2016\/08\/08\/for-mycket-kor-eller-for-fa-sondagar\/","og_locale":"sv_SE","og_type":"article","og_title":"F\u00f6r mycket k\u00f6r eller f\u00f6r f\u00e5 s\u00f6ndagar? - Charlotta i dur och moll","og_description":"En ny termin st\u00e5r i farstun och stampar och hj\u00e4rnan jobbar frenetiskt. Redan. Den buktar \u00e5t alla m\u00f6jliga h\u00e5ll och jag antecknar \u00e4n h\u00e4r och \u00e4n d\u00e4r f\u00f6r att inte missa eller gl\u00f6mma n\u00e5got. H\u00e4romdagen skulle jag kolla n\u00e4r det d\u00e4r datumet var som Juniork\u00f6ren och Ungdomsk\u00f6ren skulle sjunga s\u00e5 att jag efter\u00e5t skulle kunna [&hellip;]","og_url":"https:\/\/blogg.svenskakyrkan.se\/duromoll\/2016\/08\/08\/for-mycket-kor-eller-for-fa-sondagar\/","og_site_name":"Charlotta i dur och moll","article_published_time":"2016-08-08T21:37:21+00:00","article_modified_time":"2016-08-08T21:39:31+00:00","og_image":[{"width":1024,"height":768,"url":"https:\/\/blogg.svenskakyrkan.se\/duromoll\/files\/2016\/08\/2016-08-08-16.30.03-HDR-1024x768.jpg","type":"image\/jpeg"}],"author":"duromoll","twitter_card":"summary_large_image","twitter_misc":{"Skriven av":"duromoll","Ber\u00e4knad l\u00e4stid":"2 minuter"},"schema":{"@context":"https:\/\/schema.org","@graph":[{"@type":"Article","@id":"https:\/\/blogg.svenskakyrkan.se\/duromoll\/2016\/08\/08\/for-mycket-kor-eller-for-fa-sondagar\/#article","isPartOf":{"@id":"https:\/\/blogg.svenskakyrkan.se\/duromoll\/2016\/08\/08\/for-mycket-kor-eller-for-fa-sondagar\/"},"author":{"name":"duromoll","@id":"https:\/\/blogg.svenskakyrkan.se\/duromoll\/#\/schema\/person\/779b2742472b73bcfa648544a7fb8445"},"headline":"F\u00f6r mycket k\u00f6r eller f\u00f6r f\u00e5 s\u00f6ndagar?","datePublished":"2016-08-08T21:37:21+00:00","dateModified":"2016-08-08T21:39:31+00:00","mainEntityOfPage":{"@id":"https:\/\/blogg.svenskakyrkan.se\/duromoll\/2016\/08\/08\/for-mycket-kor-eller-for-fa-sondagar\/"},"wordCount":477,"commentCount":0,"image":{"@id":"https:\/\/blogg.svenskakyrkan.se\/duromoll\/2016\/08\/08\/for-mycket-kor-eller-for-fa-sondagar\/#primaryimage"},"thumbnailUrl":"http:\/\/blogg.svenskakyrkan.se\/duromoll\/files\/2016\/08\/2016-08-08-16.30.03-HDR-150x150.jpg","inLanguage":"sv-SE","potentialAction":[{"@type":"CommentAction","name":"Comment","target":["https:\/\/blogg.svenskakyrkan.se\/duromoll\/2016\/08\/08\/for-mycket-kor-eller-for-fa-sondagar\/#respond"]}]},{"@type":"WebPage","@id":"https:\/\/blogg.svenskakyrkan.se\/duromoll\/2016\/08\/08\/for-mycket-kor-eller-for-fa-sondagar\/","url":"https:\/\/blogg.svenskakyrkan.se\/duromoll\/2016\/08\/08\/for-mycket-kor-eller-for-fa-sondagar\/","name":"F\u00f6r mycket k\u00f6r eller f\u00f6r f\u00e5 s\u00f6ndagar? - Charlotta i dur och moll","isPartOf":{"@id":"https:\/\/blogg.svenskakyrkan.se\/duromoll\/#website"},"primaryImageOfPage":{"@id":"https:\/\/blogg.svenskakyrkan.se\/duromoll\/2016\/08\/08\/for-mycket-kor-eller-for-fa-sondagar\/#primaryimage"},"image":{"@id":"https:\/\/blogg.svenskakyrkan.se\/duromoll\/2016\/08\/08\/for-mycket-kor-eller-for-fa-sondagar\/#primaryimage"},"thumbnailUrl":"http:\/\/blogg.svenskakyrkan.se\/duromoll\/files\/2016\/08\/2016-08-08-16.30.03-HDR-150x150.jpg","datePublished":"2016-08-08T21:37:21+00:00","dateModified":"2016-08-08T21:39:31+00:00","author":{"@id":"https:\/\/blogg.svenskakyrkan.se\/duromoll\/#\/schema\/person\/779b2742472b73bcfa648544a7fb8445"},"breadcrumb":{"@id":"https:\/\/blogg.svenskakyrkan.se\/duromoll\/2016\/08\/08\/for-mycket-kor-eller-for-fa-sondagar\/#breadcrumb"},"inLanguage":"sv-SE","potentialAction":[{"@type":"ReadAction","target":["https:\/\/blogg.svenskakyrkan.se\/duromoll\/2016\/08\/08\/for-mycket-kor-eller-for-fa-sondagar\/"]}]},{"@type":"ImageObject","inLanguage":"sv-SE","@id":"https:\/\/blogg.svenskakyrkan.se\/duromoll\/2016\/08\/08\/for-mycket-kor-eller-for-fa-sondagar\/#primaryimage","url":"https:\/\/blogg.svenskakyrkan.se\/duromoll\/files\/2016\/08\/2016-08-08-16.30.03-HDR.jpg","contentUrl":"https:\/\/blogg.svenskakyrkan.se\/duromoll\/files\/2016\/08\/2016-08-08-16.30.03-HDR.jpg","width":3264,"height":2448},{"@type":"BreadcrumbList","@id":"https:\/\/blogg.svenskakyrkan.se\/duromoll\/2016\/08\/08\/for-mycket-kor-eller-for-fa-sondagar\/#breadcrumb","itemListElement":[{"@type":"ListItem","position":1,"name":"Hem","item":"https:\/\/blogg.svenskakyrkan.se\/duromoll\/"},{"@type":"ListItem","position":2,"name":"F\u00f6r mycket k\u00f6r eller f\u00f6r f\u00e5 s\u00f6ndagar?"}]},{"@type":"WebSite","@id":"https:\/\/blogg.svenskakyrkan.se\/duromoll\/#website","url":"https:\/\/blogg.svenskakyrkan.se\/duromoll\/","name":"Charlotta i dur och moll","description":"Kyrkomusikern Charlotta Holmgren N\u00e9meth ventilerar tankar om sin vardag","potentialAction":[{"@type":"SearchAction","target":{"@type":"EntryPoint","urlTemplate":"https:\/\/blogg.svenskakyrkan.se\/duromoll\/?s={search_term_string}"},"query-input":{"@type":"PropertyValueSpecification","valueRequired":true,"valueName":"search_term_string"}}],"inLanguage":"sv-SE"},{"@type":"Person","@id":"https:\/\/blogg.svenskakyrkan.se\/duromoll\/#\/schema\/person\/779b2742472b73bcfa648544a7fb8445","name":"duromoll","image":{"@type":"ImageObject","inLanguage":"sv-SE","@id":"https:\/\/blogg.svenskakyrkan.se\/duromoll\/#\/schema\/person\/image\/","url":"https:\/\/secure.gravatar.com\/avatar\/c0aa21ceca5d1ebfe58c0b9ed21f1bc9d76f9308f1ac3fd8b1e1bacdfd53facb?s=96&d=mm&r=g","contentUrl":"https:\/\/secure.gravatar.com\/avatar\/c0aa21ceca5d1ebfe58c0b9ed21f1bc9d76f9308f1ac3fd8b1e1bacdfd53facb?s=96&d=mm&r=g","caption":"duromoll"},"url":"https:\/\/blogg.svenskakyrkan.se\/duromoll\/author\/duromoll\/"}]}},"author_meta":{"ID":"433","user_nicename":"duromoll","user_registered":"2014-08-20 11:40:41","display_name":"duromoll","avatar":"https:\/\/secure.gravatar.com\/avatar\/c0aa21ceca5d1ebfe58c0b9ed21f1bc9d76f9308f1ac3fd8b1e1bacdfd53facb?s=96&d=mm&r=g"},"featured_image":false,"bloginfo":{"name":"Charlotta i dur och moll","url":"https:\/\/blogg.svenskakyrkan.se\/duromoll"},"_links":{"self":[{"href":"https:\/\/blogg.svenskakyrkan.se\/duromoll\/wp-json\/wp\/v2\/posts\/1325","targetHints":{"allow":["GET"]}}],"collection":[{"href":"https:\/\/blogg.svenskakyrkan.se\/duromoll\/wp-json\/wp\/v2\/posts"}],"about":[{"href":"https:\/\/blogg.svenskakyrkan.se\/duromoll\/wp-json\/wp\/v2\/types\/post"}],"author":[{"embeddable":true,"href":"https:\/\/blogg.svenskakyrkan.se\/duromoll\/wp-json\/wp\/v2\/users\/433"}],"replies":[{"embeddable":true,"href":"https:\/\/blogg.svenskakyrkan.se\/duromoll\/wp-json\/wp\/v2\/comments?post=1325"}],"version-history":[{"count":5,"href":"https:\/\/blogg.svenskakyrkan.se\/duromoll\/wp-json\/wp\/v2\/posts\/1325\/revisions"}],"predecessor-version":[{"id":1333,"href":"https:\/\/blogg.svenskakyrkan.se\/duromoll\/wp-json\/wp\/v2\/posts\/1325\/revisions\/1333"}],"wp:attachment":[{"href":"https:\/\/blogg.svenskakyrkan.se\/duromoll\/wp-json\/wp\/v2\/media?parent=1325"}],"wp:term":[{"taxonomy":"category","embeddable":true,"href":"https:\/\/blogg.svenskakyrkan.se\/duromoll\/wp-json\/wp\/v2\/categories?post=1325"},{"taxonomy":"post_tag","embeddable":true,"href":"https:\/\/blogg.svenskakyrkan.se\/duromoll\/wp-json\/wp\/v2\/tags?post=1325"}],"curies":[{"name":"wp","href":"https:\/\/api.w.org\/{rel}","templated":true}]}}