{"id":1616,"date":"2017-03-22T21:14:28","date_gmt":"2017-03-22T20:14:28","guid":{"rendered":"http:\/\/blogg.svenskakyrkan.se\/duromoll\/?p=1616"},"modified":"2017-03-24T07:15:34","modified_gmt":"2017-03-24T06:15:34","slug":"helt-upp-och-ner","status":"publish","type":"post","link":"https:\/\/blogg.svenskakyrkan.se\/duromoll\/2017\/03\/22\/helt-upp-och-ner\/","title":{"rendered":"Helt upp och ner"},"content":{"rendered":"<p>Ibland kan livet te sig helt upp och ner. Ibland \u00e4r det rena katastrofen, ibland \u00e4r det synnerligen livat.<\/p>\n<p>Idag var det helt upp och ner p\u00e5 orgellektionen &#8211; och synnerligen livat. Vi \u00f6vade igenom psalmen till p\u00e5skdagen och sen kollade vi i boken f\u00f6r den nya l\u00e4xan. L\u00e4xan var T\u00f6rnrosa. V<a href=\"http:\/\/blogg.svenskakyrkan.se\/duromoll\/files\/2017\/03\/2017-03-22-16.23.46.jpg\"><img loading=\"lazy\" decoding=\"async\" class=\" size-medium wp-image-1619 alignleft\" src=\"http:\/\/blogg.svenskakyrkan.se\/duromoll\/files\/2017\/03\/2017-03-22-16.23.46-300x225.jpg\" alt=\"2017-03-22 16.23.46\" width=\"300\" height=\"225\" srcset=\"https:\/\/blogg.svenskakyrkan.se\/duromoll\/files\/2017\/03\/2017-03-22-16.23.46-300x225.jpg 300w, https:\/\/blogg.svenskakyrkan.se\/duromoll\/files\/2017\/03\/2017-03-22-16.23.46-1024x768.jpg 1024w, https:\/\/blogg.svenskakyrkan.se\/duromoll\/files\/2017\/03\/2017-03-22-16.23.46-400x300.jpg 400w\" sizes=\"auto, (max-width: 300px) 100vw, 300px\" \/><\/a>i \u00f6vade igenom kompet i v\u00e4nsterhanden &#8211; ganska r\u00f6rligt och inte helt l\u00e4tt f\u00f6r liten 8-\u00e5rshand. S\u00e5 d\u00e5 \u00f6vade vi kompet i f\u00f6tterna i st\u00e4llet. Oj, vad mycket roligare det blev helt pl\u00f6tsligt! Som en liten toccata!! Sen lade vi pedalst\u00e4mman i v\u00e4nster-handen och det var lite lurigt, men efter n\u00e5gra sekunder gick \u00e4ven det med glans. Och s\u00e5 roade vi oss med att sjunga melodin till allt kompet. Det gick ocks\u00e5 med glans, och sen till sist satte vi ihop hela h\u00e4rligheten med b\u00e5da h\u00e4nderna och f\u00f6tterna.<\/p>\n<p>Det frapperande i sammanhanget \u00e4r att vi n\u00e4stan aldrig spelar som det st\u00e5r. Det \u00e4r s\u00e5 himmelens roligt och vi skrattar s\u00e5 mycket. <img loading=\"lazy\" decoding=\"async\" class=\" size-medium wp-image-1620 alignright\" src=\"http:\/\/blogg.svenskakyrkan.se\/duromoll\/files\/2017\/03\/2017-03-22-16.23.56-e1490212162179-225x300.jpg\" alt=\"2017-03-22 16.23.56\" width=\"225\" height=\"300\" srcset=\"https:\/\/blogg.svenskakyrkan.se\/duromoll\/files\/2017\/03\/2017-03-22-16.23.56-e1490212162179-225x300.jpg 225w, https:\/\/blogg.svenskakyrkan.se\/duromoll\/files\/2017\/03\/2017-03-22-16.23.56-e1490212162179-768x1024.jpg 768w\" sizes=\"auto, (max-width: 225px) 100vw, 225px\" \/>\u00a0Sen n\u00e5gon g\u00e5ng emellan\u00e5t spelar vi faktiskt som det st\u00e5r, bara f\u00f6r att ha gjort det, men sen g\u00e5r vi genast tillbaka till det vi \u00e4ndrade om till.<\/p>\n<p>Varje lektion de sista tv\u00e5 m\u00e5naderna har vi spelat igenom koralen till p\u00e5skdagen. Den har fem verser, och f\u00f6r att h\u00e5lla reda p\u00e5 turerna s\u00e5 spelar G introt = en vers, och sen vers 1-2, sen spelar jag vers 3 p\u00e5 flygeln och G hj\u00e4lper till med takt 5-6 och sen har han paus i tv\u00e5 takter och sen tar han sj\u00e4lv vers 4 och s\u00e5 avslutar vi med att spela tillsammans p\u00e5 vers 5. Idag fick jag veta att f\u00f6rra veckan hade jag gjort ett l\u00e5ngt glissando \u00f6ver hela klaviaturen n\u00e4r psalmen var f\u00e4rdigspelad, men det gl\u00f6mde jag idag, vilket G p\u00e5pekade mycket nogsamt, s\u00e5 nu \u00e4r det tillagt i v\u00e5rt utf\u00f6rande-schema. Det \u00e4r viktigt att ha alla turerna klara f\u00f6r sig i utf\u00f6randet!! Samtidigt g\u00f6r G ett motsvarande glissando p\u00e5 orgeln&#8230; det blir lite dunder men det \u00e4r synnerligen livat i sammanhanget!!<\/p>\n<p>F\u00f6r \u00f6vrigt har dagen fyllts av allehanda papprande och planerande. Tyv\u00e4rr har jag inte \u00f6vat s\u00e5 mycket f\u00f6r egen del&#8230; jo f\u00f6rresten, det gjorde jag i morse. Efter morgonens yogapass &#8211; solh\u00e4lsning A och B &#8211; fick jag \u00f6gonen p\u00e5 Schumann\u00b4s piano-h\u00e4fte och jag b\u00f6rjade bl\u00e4ddra och hittade sm\u00e5 p\u00e4rlor som jag spelade n\u00e4r jag gick p\u00e5 musikh\u00f6gskolan. Jag satte mig genast vid mitt piano och b\u00f6rjade spela (digitalpiano med h\u00f6rlurar till familjens gl\u00e4dje i tidig morgontimma)&#8230; S\u00e5 himmelens roligt att plocka fram och dyka in i underbar klangv\u00e4rld. Jag \u00e4r rik.<\/p>\n<p>Tack f\u00f6r idag, tack f\u00f6r en underbar, vanlig dag.<\/p>\n","protected":false},"excerpt":{"rendered":"<p>Ibland kan livet te sig helt upp och ner. Ibland \u00e4r det rena katastrofen, ibland \u00e4r det synnerligen livat. Idag var det helt upp och ner p\u00e5 orgellektionen &#8211; och synnerligen livat. Vi \u00f6vade igenom psalmen till p\u00e5skdagen och sen kollade vi i boken f\u00f6r den nya l\u00e4xan. L\u00e4xan var T\u00f6rnrosa. Vi \u00f6vade igenom kompet [&hellip;]<\/p>\n","protected":false},"author":433,"featured_media":0,"comment_status":"open","ping_status":"open","sticky":false,"template":"","format":"standard","meta":{"_acf_changed":false,"footnotes":""},"categories":[9],"tags":[],"class_list":["post-1616","post","type-post","status-publish","format-standard","hentry","category-okategoriserade"],"acf":[],"yoast_head":"<!-- This site is optimized with the Yoast SEO plugin v27.1.1 - https:\/\/yoast.com\/product\/yoast-seo-wordpress\/ -->\n<title>Helt upp och ner - Charlotta i dur och moll<\/title>\n<meta name=\"robots\" content=\"index, follow, max-snippet:-1, max-image-preview:large, max-video-preview:-1\" \/>\n<link rel=\"canonical\" href=\"https:\/\/blogg.svenskakyrkan.se\/duromoll\/2017\/03\/22\/helt-upp-och-ner\/\" \/>\n<meta property=\"og:locale\" content=\"sv_SE\" \/>\n<meta property=\"og:type\" content=\"article\" \/>\n<meta property=\"og:title\" content=\"Helt upp och ner - Charlotta i dur och moll\" \/>\n<meta property=\"og:description\" content=\"Ibland kan livet te sig helt upp och ner. Ibland \u00e4r det rena katastrofen, ibland \u00e4r det synnerligen livat. Idag var det helt upp och ner p\u00e5 orgellektionen &#8211; och synnerligen livat. Vi \u00f6vade igenom psalmen till p\u00e5skdagen och sen kollade vi i boken f\u00f6r den nya l\u00e4xan. L\u00e4xan var T\u00f6rnrosa. Vi \u00f6vade igenom kompet [&hellip;]\" \/>\n<meta property=\"og:url\" content=\"https:\/\/blogg.svenskakyrkan.se\/duromoll\/2017\/03\/22\/helt-upp-och-ner\/\" \/>\n<meta property=\"og:site_name\" content=\"Charlotta i dur och moll\" \/>\n<meta property=\"article:published_time\" content=\"2017-03-22T20:14:28+00:00\" \/>\n<meta property=\"article:modified_time\" content=\"2017-03-24T06:15:34+00:00\" \/>\n<meta property=\"og:image\" content=\"https:\/\/blogg.svenskakyrkan.se\/duromoll\/files\/2017\/03\/2017-03-22-16.23.46.jpg\" \/>\n\t<meta property=\"og:image:width\" content=\"3264\" \/>\n\t<meta property=\"og:image:height\" content=\"2448\" \/>\n\t<meta property=\"og:image:type\" content=\"image\/jpeg\" \/>\n<meta name=\"author\" content=\"duromoll\" \/>\n<meta name=\"twitter:card\" content=\"summary_large_image\" \/>\n<meta name=\"twitter:label1\" content=\"Skriven av\" \/>\n\t<meta name=\"twitter:data1\" content=\"duromoll\" \/>\n\t<meta name=\"twitter:label2\" content=\"Ber\u00e4knad l\u00e4stid\" \/>\n\t<meta name=\"twitter:data2\" content=\"2 minuter\" \/>\n<script type=\"application\/ld+json\" class=\"yoast-schema-graph\">{\"@context\":\"https:\/\/schema.org\",\"@graph\":[{\"@type\":\"Article\",\"@id\":\"https:\/\/blogg.svenskakyrkan.se\/duromoll\/2017\/03\/22\/helt-upp-och-ner\/#article\",\"isPartOf\":{\"@id\":\"https:\/\/blogg.svenskakyrkan.se\/duromoll\/2017\/03\/22\/helt-upp-och-ner\/\"},\"author\":{\"name\":\"duromoll\",\"@id\":\"https:\/\/blogg.svenskakyrkan.se\/duromoll\/#\/schema\/person\/779b2742472b73bcfa648544a7fb8445\"},\"headline\":\"Helt upp och ner\",\"datePublished\":\"2017-03-22T20:14:28+00:00\",\"dateModified\":\"2017-03-24T06:15:34+00:00\",\"mainEntityOfPage\":{\"@id\":\"https:\/\/blogg.svenskakyrkan.se\/duromoll\/2017\/03\/22\/helt-upp-och-ner\/\"},\"wordCount\":499,\"commentCount\":4,\"image\":{\"@id\":\"https:\/\/blogg.svenskakyrkan.se\/duromoll\/2017\/03\/22\/helt-upp-och-ner\/#primaryimage\"},\"thumbnailUrl\":\"http:\/\/blogg.svenskakyrkan.se\/duromoll\/files\/2017\/03\/2017-03-22-16.23.46-300x225.jpg\",\"inLanguage\":\"sv-SE\",\"potentialAction\":[{\"@type\":\"CommentAction\",\"name\":\"Comment\",\"target\":[\"https:\/\/blogg.svenskakyrkan.se\/duromoll\/2017\/03\/22\/helt-upp-och-ner\/#respond\"]}]},{\"@type\":\"WebPage\",\"@id\":\"https:\/\/blogg.svenskakyrkan.se\/duromoll\/2017\/03\/22\/helt-upp-och-ner\/\",\"url\":\"https:\/\/blogg.svenskakyrkan.se\/duromoll\/2017\/03\/22\/helt-upp-och-ner\/\",\"name\":\"Helt upp och ner - Charlotta i dur och moll\",\"isPartOf\":{\"@id\":\"https:\/\/blogg.svenskakyrkan.se\/duromoll\/#website\"},\"primaryImageOfPage\":{\"@id\":\"https:\/\/blogg.svenskakyrkan.se\/duromoll\/2017\/03\/22\/helt-upp-och-ner\/#primaryimage\"},\"image\":{\"@id\":\"https:\/\/blogg.svenskakyrkan.se\/duromoll\/2017\/03\/22\/helt-upp-och-ner\/#primaryimage\"},\"thumbnailUrl\":\"http:\/\/blogg.svenskakyrkan.se\/duromoll\/files\/2017\/03\/2017-03-22-16.23.46-300x225.jpg\",\"datePublished\":\"2017-03-22T20:14:28+00:00\",\"dateModified\":\"2017-03-24T06:15:34+00:00\",\"author\":{\"@id\":\"https:\/\/blogg.svenskakyrkan.se\/duromoll\/#\/schema\/person\/779b2742472b73bcfa648544a7fb8445\"},\"breadcrumb\":{\"@id\":\"https:\/\/blogg.svenskakyrkan.se\/duromoll\/2017\/03\/22\/helt-upp-och-ner\/#breadcrumb\"},\"inLanguage\":\"sv-SE\",\"potentialAction\":[{\"@type\":\"ReadAction\",\"target\":[\"https:\/\/blogg.svenskakyrkan.se\/duromoll\/2017\/03\/22\/helt-upp-och-ner\/\"]}]},{\"@type\":\"ImageObject\",\"inLanguage\":\"sv-SE\",\"@id\":\"https:\/\/blogg.svenskakyrkan.se\/duromoll\/2017\/03\/22\/helt-upp-och-ner\/#primaryimage\",\"url\":\"https:\/\/blogg.svenskakyrkan.se\/duromoll\/files\/2017\/03\/2017-03-22-16.23.46.jpg\",\"contentUrl\":\"https:\/\/blogg.svenskakyrkan.se\/duromoll\/files\/2017\/03\/2017-03-22-16.23.46.jpg\",\"width\":3264,\"height\":2448},{\"@type\":\"BreadcrumbList\",\"@id\":\"https:\/\/blogg.svenskakyrkan.se\/duromoll\/2017\/03\/22\/helt-upp-och-ner\/#breadcrumb\",\"itemListElement\":[{\"@type\":\"ListItem\",\"position\":1,\"name\":\"Hem\",\"item\":\"https:\/\/blogg.svenskakyrkan.se\/duromoll\/\"},{\"@type\":\"ListItem\",\"position\":2,\"name\":\"Helt upp och ner\"}]},{\"@type\":\"WebSite\",\"@id\":\"https:\/\/blogg.svenskakyrkan.se\/duromoll\/#website\",\"url\":\"https:\/\/blogg.svenskakyrkan.se\/duromoll\/\",\"name\":\"Charlotta i dur och moll\",\"description\":\"Kyrkomusikern Charlotta Holmgren N\u00e9meth ventilerar tankar om sin vardag\",\"potentialAction\":[{\"@type\":\"SearchAction\",\"target\":{\"@type\":\"EntryPoint\",\"urlTemplate\":\"https:\/\/blogg.svenskakyrkan.se\/duromoll\/?s={search_term_string}\"},\"query-input\":{\"@type\":\"PropertyValueSpecification\",\"valueRequired\":true,\"valueName\":\"search_term_string\"}}],\"inLanguage\":\"sv-SE\"},{\"@type\":\"Person\",\"@id\":\"https:\/\/blogg.svenskakyrkan.se\/duromoll\/#\/schema\/person\/779b2742472b73bcfa648544a7fb8445\",\"name\":\"duromoll\",\"image\":{\"@type\":\"ImageObject\",\"inLanguage\":\"sv-SE\",\"@id\":\"https:\/\/blogg.svenskakyrkan.se\/duromoll\/#\/schema\/person\/image\/\",\"url\":\"https:\/\/secure.gravatar.com\/avatar\/c0aa21ceca5d1ebfe58c0b9ed21f1bc9d76f9308f1ac3fd8b1e1bacdfd53facb?s=96&d=mm&r=g\",\"contentUrl\":\"https:\/\/secure.gravatar.com\/avatar\/c0aa21ceca5d1ebfe58c0b9ed21f1bc9d76f9308f1ac3fd8b1e1bacdfd53facb?s=96&d=mm&r=g\",\"caption\":\"duromoll\"},\"url\":\"https:\/\/blogg.svenskakyrkan.se\/duromoll\/author\/duromoll\/\"}]}<\/script>\n<!-- \/ Yoast SEO plugin. -->","yoast_head_json":{"title":"Helt upp och ner - Charlotta i dur och moll","robots":{"index":"index","follow":"follow","max-snippet":"max-snippet:-1","max-image-preview":"max-image-preview:large","max-video-preview":"max-video-preview:-1"},"canonical":"https:\/\/blogg.svenskakyrkan.se\/duromoll\/2017\/03\/22\/helt-upp-och-ner\/","og_locale":"sv_SE","og_type":"article","og_title":"Helt upp och ner - Charlotta i dur och moll","og_description":"Ibland kan livet te sig helt upp och ner. Ibland \u00e4r det rena katastrofen, ibland \u00e4r det synnerligen livat. Idag var det helt upp och ner p\u00e5 orgellektionen &#8211; och synnerligen livat. Vi \u00f6vade igenom psalmen till p\u00e5skdagen och sen kollade vi i boken f\u00f6r den nya l\u00e4xan. L\u00e4xan var T\u00f6rnrosa. Vi \u00f6vade igenom kompet [&hellip;]","og_url":"https:\/\/blogg.svenskakyrkan.se\/duromoll\/2017\/03\/22\/helt-upp-och-ner\/","og_site_name":"Charlotta i dur och moll","article_published_time":"2017-03-22T20:14:28+00:00","article_modified_time":"2017-03-24T06:15:34+00:00","og_image":[{"width":3264,"height":2448,"url":"https:\/\/blogg.svenskakyrkan.se\/duromoll\/files\/2017\/03\/2017-03-22-16.23.46.jpg","type":"image\/jpeg"}],"author":"duromoll","twitter_card":"summary_large_image","twitter_misc":{"Skriven av":"duromoll","Ber\u00e4knad l\u00e4stid":"2 minuter"},"schema":{"@context":"https:\/\/schema.org","@graph":[{"@type":"Article","@id":"https:\/\/blogg.svenskakyrkan.se\/duromoll\/2017\/03\/22\/helt-upp-och-ner\/#article","isPartOf":{"@id":"https:\/\/blogg.svenskakyrkan.se\/duromoll\/2017\/03\/22\/helt-upp-och-ner\/"},"author":{"name":"duromoll","@id":"https:\/\/blogg.svenskakyrkan.se\/duromoll\/#\/schema\/person\/779b2742472b73bcfa648544a7fb8445"},"headline":"Helt upp och ner","datePublished":"2017-03-22T20:14:28+00:00","dateModified":"2017-03-24T06:15:34+00:00","mainEntityOfPage":{"@id":"https:\/\/blogg.svenskakyrkan.se\/duromoll\/2017\/03\/22\/helt-upp-och-ner\/"},"wordCount":499,"commentCount":4,"image":{"@id":"https:\/\/blogg.svenskakyrkan.se\/duromoll\/2017\/03\/22\/helt-upp-och-ner\/#primaryimage"},"thumbnailUrl":"http:\/\/blogg.svenskakyrkan.se\/duromoll\/files\/2017\/03\/2017-03-22-16.23.46-300x225.jpg","inLanguage":"sv-SE","potentialAction":[{"@type":"CommentAction","name":"Comment","target":["https:\/\/blogg.svenskakyrkan.se\/duromoll\/2017\/03\/22\/helt-upp-och-ner\/#respond"]}]},{"@type":"WebPage","@id":"https:\/\/blogg.svenskakyrkan.se\/duromoll\/2017\/03\/22\/helt-upp-och-ner\/","url":"https:\/\/blogg.svenskakyrkan.se\/duromoll\/2017\/03\/22\/helt-upp-och-ner\/","name":"Helt upp och ner - Charlotta i dur och moll","isPartOf":{"@id":"https:\/\/blogg.svenskakyrkan.se\/duromoll\/#website"},"primaryImageOfPage":{"@id":"https:\/\/blogg.svenskakyrkan.se\/duromoll\/2017\/03\/22\/helt-upp-och-ner\/#primaryimage"},"image":{"@id":"https:\/\/blogg.svenskakyrkan.se\/duromoll\/2017\/03\/22\/helt-upp-och-ner\/#primaryimage"},"thumbnailUrl":"http:\/\/blogg.svenskakyrkan.se\/duromoll\/files\/2017\/03\/2017-03-22-16.23.46-300x225.jpg","datePublished":"2017-03-22T20:14:28+00:00","dateModified":"2017-03-24T06:15:34+00:00","author":{"@id":"https:\/\/blogg.svenskakyrkan.se\/duromoll\/#\/schema\/person\/779b2742472b73bcfa648544a7fb8445"},"breadcrumb":{"@id":"https:\/\/blogg.svenskakyrkan.se\/duromoll\/2017\/03\/22\/helt-upp-och-ner\/#breadcrumb"},"inLanguage":"sv-SE","potentialAction":[{"@type":"ReadAction","target":["https:\/\/blogg.svenskakyrkan.se\/duromoll\/2017\/03\/22\/helt-upp-och-ner\/"]}]},{"@type":"ImageObject","inLanguage":"sv-SE","@id":"https:\/\/blogg.svenskakyrkan.se\/duromoll\/2017\/03\/22\/helt-upp-och-ner\/#primaryimage","url":"https:\/\/blogg.svenskakyrkan.se\/duromoll\/files\/2017\/03\/2017-03-22-16.23.46.jpg","contentUrl":"https:\/\/blogg.svenskakyrkan.se\/duromoll\/files\/2017\/03\/2017-03-22-16.23.46.jpg","width":3264,"height":2448},{"@type":"BreadcrumbList","@id":"https:\/\/blogg.svenskakyrkan.se\/duromoll\/2017\/03\/22\/helt-upp-och-ner\/#breadcrumb","itemListElement":[{"@type":"ListItem","position":1,"name":"Hem","item":"https:\/\/blogg.svenskakyrkan.se\/duromoll\/"},{"@type":"ListItem","position":2,"name":"Helt upp och ner"}]},{"@type":"WebSite","@id":"https:\/\/blogg.svenskakyrkan.se\/duromoll\/#website","url":"https:\/\/blogg.svenskakyrkan.se\/duromoll\/","name":"Charlotta i dur och moll","description":"Kyrkomusikern Charlotta Holmgren N\u00e9meth ventilerar tankar om sin vardag","potentialAction":[{"@type":"SearchAction","target":{"@type":"EntryPoint","urlTemplate":"https:\/\/blogg.svenskakyrkan.se\/duromoll\/?s={search_term_string}"},"query-input":{"@type":"PropertyValueSpecification","valueRequired":true,"valueName":"search_term_string"}}],"inLanguage":"sv-SE"},{"@type":"Person","@id":"https:\/\/blogg.svenskakyrkan.se\/duromoll\/#\/schema\/person\/779b2742472b73bcfa648544a7fb8445","name":"duromoll","image":{"@type":"ImageObject","inLanguage":"sv-SE","@id":"https:\/\/blogg.svenskakyrkan.se\/duromoll\/#\/schema\/person\/image\/","url":"https:\/\/secure.gravatar.com\/avatar\/c0aa21ceca5d1ebfe58c0b9ed21f1bc9d76f9308f1ac3fd8b1e1bacdfd53facb?s=96&d=mm&r=g","contentUrl":"https:\/\/secure.gravatar.com\/avatar\/c0aa21ceca5d1ebfe58c0b9ed21f1bc9d76f9308f1ac3fd8b1e1bacdfd53facb?s=96&d=mm&r=g","caption":"duromoll"},"url":"https:\/\/blogg.svenskakyrkan.se\/duromoll\/author\/duromoll\/"}]}},"author_meta":{"ID":"433","user_nicename":"duromoll","user_registered":"2014-08-20 11:40:41","display_name":"duromoll","avatar":"https:\/\/secure.gravatar.com\/avatar\/c0aa21ceca5d1ebfe58c0b9ed21f1bc9d76f9308f1ac3fd8b1e1bacdfd53facb?s=96&d=mm&r=g"},"featured_image":false,"bloginfo":{"name":"Charlotta i dur och moll","url":"https:\/\/blogg.svenskakyrkan.se\/duromoll"},"_links":{"self":[{"href":"https:\/\/blogg.svenskakyrkan.se\/duromoll\/wp-json\/wp\/v2\/posts\/1616","targetHints":{"allow":["GET"]}}],"collection":[{"href":"https:\/\/blogg.svenskakyrkan.se\/duromoll\/wp-json\/wp\/v2\/posts"}],"about":[{"href":"https:\/\/blogg.svenskakyrkan.se\/duromoll\/wp-json\/wp\/v2\/types\/post"}],"author":[{"embeddable":true,"href":"https:\/\/blogg.svenskakyrkan.se\/duromoll\/wp-json\/wp\/v2\/users\/433"}],"replies":[{"embeddable":true,"href":"https:\/\/blogg.svenskakyrkan.se\/duromoll\/wp-json\/wp\/v2\/comments?post=1616"}],"version-history":[{"count":5,"href":"https:\/\/blogg.svenskakyrkan.se\/duromoll\/wp-json\/wp\/v2\/posts\/1616\/revisions"}],"predecessor-version":[{"id":1624,"href":"https:\/\/blogg.svenskakyrkan.se\/duromoll\/wp-json\/wp\/v2\/posts\/1616\/revisions\/1624"}],"wp:attachment":[{"href":"https:\/\/blogg.svenskakyrkan.se\/duromoll\/wp-json\/wp\/v2\/media?parent=1616"}],"wp:term":[{"taxonomy":"category","embeddable":true,"href":"https:\/\/blogg.svenskakyrkan.se\/duromoll\/wp-json\/wp\/v2\/categories?post=1616"},{"taxonomy":"post_tag","embeddable":true,"href":"https:\/\/blogg.svenskakyrkan.se\/duromoll\/wp-json\/wp\/v2\/tags?post=1616"}],"curies":[{"name":"wp","href":"https:\/\/api.w.org\/{rel}","templated":true}]}}