{"id":1625,"date":"2017-04-04T22:02:34","date_gmt":"2017-04-04T20:02:34","guid":{"rendered":"http:\/\/blogg.svenskakyrkan.se\/duromoll\/?p=1625"},"modified":"2017-04-04T22:02:34","modified_gmt":"2017-04-04T20:02:34","slug":"min-tisdag-2","status":"publish","type":"post","link":"https:\/\/blogg.svenskakyrkan.se\/duromoll\/2017\/04\/04\/min-tisdag-2\/","title":{"rendered":"Min tisdag"},"content":{"rendered":"<p>Min tisdag b\u00f6rjade j\u00e4ttetidigt, halv fem. Inte ens hunden ville g\u00e5 sin runda, vi kom runt 2 h\u00f6rn, sen v\u00e4grade han g\u00e5 l\u00e4ngre. Det var bara till att g\u00e5 hem igen, och f\u00f6rs\u00f6ka sova en stund till. Men det gick inte, jag bara vilade och s\u00e5 gick jag upp tjugo i sex f\u00f6r att k\u00f6ra till dagens yoga-pass. Det var s\u00e5 rasande roligt f\u00f6r jag fick s\u00e5 mycket cred fr\u00e5n min instrukt\u00f6r. Jag \u00e4r ih\u00e4rdig och jobbar p\u00e5 mycket och nogsamt, och det m\u00e4rks. Hon konstaterade vilken skillnad det \u00e4r nu, j\u00e4mf\u00f6rt med f\u00f6rsta g\u00e5ngen jag kom dit. S\u00e5 roligt!!!! Jag blev s\u00e5 himmelens glad!<\/p>\n<p>N\u00e4r jag kom hem ville hunden ut och det gick i en rasande fart. Vi m\u00f6tte gatans hundar och det blev ett glatt m\u00f6te, b\u00e5de mellan hundar och mattar. S\u00e5 roligt, eftersom min hund lugnat sig betydligt och KAN umg\u00e5s utan att morra och tuffa sig.<\/p>\n<p>Sen for jag iv\u00e4g till jobbet och fikade med mina arbetskamrater. Det blev m\u00e5nga tankar kring tingens g\u00e5ng. Dessutom planerade vi p\u00e5skdagens m\u00e4ssa f\u00f6r sm\u00e5 och stora och det var perfekt eftersom jag skulle tr\u00e4ffa min k\u00f6r idag.<\/p>\n<p>Sen fick jag ge mig iv\u00e4g till S:t Pauli kyrka och h\u00e4mta grejer som jag gl\u00f6mde d\u00e4r n\u00e4r vi hade konsert med ungdomsk\u00f6rerna i onsdags, och sen for jag till bibblan och letade l\u00e5tar till v\u00e5r konsert om fred. Tro det eller ej, men jag hittade Michael Jackson\u00b4s l\u00e5tar; Heal the world samt We are the world. Dessa l\u00e5tar har ju f\u00f6rvisso funnits i m\u00e5nga \u00e5r och st\u00f6tts och bl\u00f6tts \u00f6verallt, och n\u00e4r jag kom till kyrkan satte jag mig och sj\u00f6ng, och sj\u00f6ng, och sj\u00f6ng och spelade. Jag blev faktiskt helt tagen. De \u00e4r ju s\u00e5 bra! FORTFARANDE!!! Mitt i prick, liksom.<\/p>\n<p>Sen f\u00f6rberedde jag Juniork\u00f6r\u00f6vningen &#8211; kollade vilka k\u00f6rtr\u00f6jor som fanns i arkivet f\u00f6r att veta vad som ska best\u00e4llas, fixa dagordning till k\u00f6rens sammantr\u00e4de, dukade med 1 kex\/skalle samt saft och blyertspenna, fixade<a href=\"http:\/\/blogg.svenskakyrkan.se\/duromoll\/files\/2017\/04\/2017-04-04-18.31.13.jpg\"><img loading=\"lazy\" decoding=\"async\" class=\"alignleft wp-image-1628 size-medium\" src=\"http:\/\/blogg.svenskakyrkan.se\/duromoll\/files\/2017\/04\/2017-04-04-18.31.13-e1491335480222-300x225.jpg\" alt=\"2017-04-04 18.31.13\" width=\"300\" height=\"225\" srcset=\"https:\/\/blogg.svenskakyrkan.se\/duromoll\/files\/2017\/04\/2017-04-04-18.31.13-e1491335480222-300x225.jpg 300w, https:\/\/blogg.svenskakyrkan.se\/duromoll\/files\/2017\/04\/2017-04-04-18.31.13-e1491335480222-1024x768.jpg 1024w, https:\/\/blogg.svenskakyrkan.se\/duromoll\/files\/2017\/04\/2017-04-04-18.31.13-e1491335480222-400x300.jpg 400w\" sizes=\"auto, (max-width: 300px) 100vw, 300px\" \/><\/a> hem-lapp inf\u00f6r stundande vecka med p\u00e5sklov och s\u00e5ng p\u00e5 s\u00f6ndagen. Det var liite tight att ha b\u00e5de s\u00e5ng-\u00f6vning OCH sammantr\u00e4de p\u00e5 samma timme. Vi hade mycket uppgifter att f\u00f6rdela inf\u00f6r p\u00e5skdagens m\u00e4ssa, det tog ganska l\u00e5ng tid, viktigt med r\u00e4ttvisan!! Men sen steg s\u00e5ngen klart och rent &#8211; vi sjunger John Rutter\u00b4s &#8221;Se p\u00e5 din v\u00e4rld&#8221; och det blir s\u00e5 himmelens vackert med de klara barnr\u00f6sterna!<\/p>\n<p>Sen var det fantastiskt roligt att h\u00f6ra barnen resonera p\u00e5 sammantr\u00e4det kring b\u00e5de det ena och andra.<\/p>\n<p>N\u00e4r barnen g\u00e5tt hem kontaktade jag de barn som inte var p\u00e5 k\u00f6ren &#8211; de var bara sjuka och jag mailade hemskicke-lappen till f\u00f6r\u00e4ldrarna.Jag skrev rent protokollet ocks\u00e5 d\u00e5 dagens sekreterare fick kalla f\u00f6tter och drog sig ur.<\/p>\n<p>Nu ska jag bara leka lite med hunden, sen ska jag s\u00e4ga godnatt.<\/p>\n<p>Tack f\u00f6r idag, tack f\u00f6r en underbar vanlig dag.<\/p>\n","protected":false},"excerpt":{"rendered":"<p>Min tisdag b\u00f6rjade j\u00e4ttetidigt, halv fem. Inte ens hunden ville g\u00e5 sin runda, vi kom runt 2 h\u00f6rn, sen v\u00e4grade han g\u00e5 l\u00e4ngre. Det var bara till att g\u00e5 hem igen, och f\u00f6rs\u00f6ka sova en stund till. Men det gick inte, jag bara vilade och s\u00e5 gick jag upp tjugo i sex f\u00f6r att k\u00f6ra [&hellip;]<\/p>\n","protected":false},"author":433,"featured_media":0,"comment_status":"open","ping_status":"open","sticky":false,"template":"","format":"standard","meta":{"_acf_changed":false,"footnotes":""},"categories":[9],"tags":[],"class_list":["post-1625","post","type-post","status-publish","format-standard","hentry","category-okategoriserade"],"acf":[],"yoast_head":"<!-- This site is optimized with the Yoast SEO plugin v27.1.1 - https:\/\/yoast.com\/product\/yoast-seo-wordpress\/ -->\n<title>Min tisdag - Charlotta i dur och moll<\/title>\n<meta name=\"robots\" content=\"index, follow, max-snippet:-1, max-image-preview:large, max-video-preview:-1\" \/>\n<link rel=\"canonical\" href=\"https:\/\/blogg.svenskakyrkan.se\/duromoll\/2017\/04\/04\/min-tisdag-2\/\" \/>\n<meta property=\"og:locale\" content=\"sv_SE\" \/>\n<meta property=\"og:type\" content=\"article\" \/>\n<meta property=\"og:title\" content=\"Min tisdag - Charlotta i dur och moll\" \/>\n<meta property=\"og:description\" content=\"Min tisdag b\u00f6rjade j\u00e4ttetidigt, halv fem. Inte ens hunden ville g\u00e5 sin runda, vi kom runt 2 h\u00f6rn, sen v\u00e4grade han g\u00e5 l\u00e4ngre. Det var bara till att g\u00e5 hem igen, och f\u00f6rs\u00f6ka sova en stund till. Men det gick inte, jag bara vilade och s\u00e5 gick jag upp tjugo i sex f\u00f6r att k\u00f6ra [&hellip;]\" \/>\n<meta property=\"og:url\" content=\"https:\/\/blogg.svenskakyrkan.se\/duromoll\/2017\/04\/04\/min-tisdag-2\/\" \/>\n<meta property=\"og:site_name\" content=\"Charlotta i dur och moll\" \/>\n<meta property=\"article:published_time\" content=\"2017-04-04T20:02:34+00:00\" \/>\n<meta property=\"og:image\" content=\"https:\/\/blogg.svenskakyrkan.se\/duromoll\/files\/2017\/04\/2017-04-04-18.31.13-e1491335480222.jpg\" \/>\n\t<meta property=\"og:image:width\" content=\"3264\" \/>\n\t<meta property=\"og:image:height\" content=\"2448\" \/>\n\t<meta property=\"og:image:type\" content=\"image\/jpeg\" \/>\n<meta name=\"author\" content=\"duromoll\" \/>\n<meta name=\"twitter:card\" content=\"summary_large_image\" \/>\n<meta name=\"twitter:label1\" content=\"Skriven av\" \/>\n\t<meta name=\"twitter:data1\" content=\"duromoll\" \/>\n\t<meta name=\"twitter:label2\" content=\"Ber\u00e4knad l\u00e4stid\" \/>\n\t<meta name=\"twitter:data2\" content=\"3 minuter\" \/>\n<script type=\"application\/ld+json\" class=\"yoast-schema-graph\">{\"@context\":\"https:\/\/schema.org\",\"@graph\":[{\"@type\":\"Article\",\"@id\":\"https:\/\/blogg.svenskakyrkan.se\/duromoll\/2017\/04\/04\/min-tisdag-2\/#article\",\"isPartOf\":{\"@id\":\"https:\/\/blogg.svenskakyrkan.se\/duromoll\/2017\/04\/04\/min-tisdag-2\/\"},\"author\":{\"name\":\"duromoll\",\"@id\":\"https:\/\/blogg.svenskakyrkan.se\/duromoll\/#\/schema\/person\/779b2742472b73bcfa648544a7fb8445\"},\"headline\":\"Min tisdag\",\"datePublished\":\"2017-04-04T20:02:34+00:00\",\"mainEntityOfPage\":{\"@id\":\"https:\/\/blogg.svenskakyrkan.se\/duromoll\/2017\/04\/04\/min-tisdag-2\/\"},\"wordCount\":560,\"commentCount\":0,\"image\":{\"@id\":\"https:\/\/blogg.svenskakyrkan.se\/duromoll\/2017\/04\/04\/min-tisdag-2\/#primaryimage\"},\"thumbnailUrl\":\"http:\/\/blogg.svenskakyrkan.se\/duromoll\/files\/2017\/04\/2017-04-04-18.31.13-e1491335480222-300x225.jpg\",\"inLanguage\":\"sv-SE\",\"potentialAction\":[{\"@type\":\"CommentAction\",\"name\":\"Comment\",\"target\":[\"https:\/\/blogg.svenskakyrkan.se\/duromoll\/2017\/04\/04\/min-tisdag-2\/#respond\"]}]},{\"@type\":\"WebPage\",\"@id\":\"https:\/\/blogg.svenskakyrkan.se\/duromoll\/2017\/04\/04\/min-tisdag-2\/\",\"url\":\"https:\/\/blogg.svenskakyrkan.se\/duromoll\/2017\/04\/04\/min-tisdag-2\/\",\"name\":\"Min tisdag - Charlotta i dur och moll\",\"isPartOf\":{\"@id\":\"https:\/\/blogg.svenskakyrkan.se\/duromoll\/#website\"},\"primaryImageOfPage\":{\"@id\":\"https:\/\/blogg.svenskakyrkan.se\/duromoll\/2017\/04\/04\/min-tisdag-2\/#primaryimage\"},\"image\":{\"@id\":\"https:\/\/blogg.svenskakyrkan.se\/duromoll\/2017\/04\/04\/min-tisdag-2\/#primaryimage\"},\"thumbnailUrl\":\"http:\/\/blogg.svenskakyrkan.se\/duromoll\/files\/2017\/04\/2017-04-04-18.31.13-e1491335480222-300x225.jpg\",\"datePublished\":\"2017-04-04T20:02:34+00:00\",\"author\":{\"@id\":\"https:\/\/blogg.svenskakyrkan.se\/duromoll\/#\/schema\/person\/779b2742472b73bcfa648544a7fb8445\"},\"breadcrumb\":{\"@id\":\"https:\/\/blogg.svenskakyrkan.se\/duromoll\/2017\/04\/04\/min-tisdag-2\/#breadcrumb\"},\"inLanguage\":\"sv-SE\",\"potentialAction\":[{\"@type\":\"ReadAction\",\"target\":[\"https:\/\/blogg.svenskakyrkan.se\/duromoll\/2017\/04\/04\/min-tisdag-2\/\"]}]},{\"@type\":\"ImageObject\",\"inLanguage\":\"sv-SE\",\"@id\":\"https:\/\/blogg.svenskakyrkan.se\/duromoll\/2017\/04\/04\/min-tisdag-2\/#primaryimage\",\"url\":\"https:\/\/blogg.svenskakyrkan.se\/duromoll\/files\/2017\/04\/2017-04-04-18.31.13-e1491335480222.jpg\",\"contentUrl\":\"https:\/\/blogg.svenskakyrkan.se\/duromoll\/files\/2017\/04\/2017-04-04-18.31.13-e1491335480222.jpg\",\"width\":3264,\"height\":2448},{\"@type\":\"BreadcrumbList\",\"@id\":\"https:\/\/blogg.svenskakyrkan.se\/duromoll\/2017\/04\/04\/min-tisdag-2\/#breadcrumb\",\"itemListElement\":[{\"@type\":\"ListItem\",\"position\":1,\"name\":\"Hem\",\"item\":\"https:\/\/blogg.svenskakyrkan.se\/duromoll\/\"},{\"@type\":\"ListItem\",\"position\":2,\"name\":\"Min tisdag\"}]},{\"@type\":\"WebSite\",\"@id\":\"https:\/\/blogg.svenskakyrkan.se\/duromoll\/#website\",\"url\":\"https:\/\/blogg.svenskakyrkan.se\/duromoll\/\",\"name\":\"Charlotta i dur och moll\",\"description\":\"Kyrkomusikern Charlotta Holmgren N\u00e9meth ventilerar tankar om sin vardag\",\"potentialAction\":[{\"@type\":\"SearchAction\",\"target\":{\"@type\":\"EntryPoint\",\"urlTemplate\":\"https:\/\/blogg.svenskakyrkan.se\/duromoll\/?s={search_term_string}\"},\"query-input\":{\"@type\":\"PropertyValueSpecification\",\"valueRequired\":true,\"valueName\":\"search_term_string\"}}],\"inLanguage\":\"sv-SE\"},{\"@type\":\"Person\",\"@id\":\"https:\/\/blogg.svenskakyrkan.se\/duromoll\/#\/schema\/person\/779b2742472b73bcfa648544a7fb8445\",\"name\":\"duromoll\",\"image\":{\"@type\":\"ImageObject\",\"inLanguage\":\"sv-SE\",\"@id\":\"https:\/\/blogg.svenskakyrkan.se\/duromoll\/#\/schema\/person\/image\/\",\"url\":\"https:\/\/secure.gravatar.com\/avatar\/c0aa21ceca5d1ebfe58c0b9ed21f1bc9d76f9308f1ac3fd8b1e1bacdfd53facb?s=96&d=mm&r=g\",\"contentUrl\":\"https:\/\/secure.gravatar.com\/avatar\/c0aa21ceca5d1ebfe58c0b9ed21f1bc9d76f9308f1ac3fd8b1e1bacdfd53facb?s=96&d=mm&r=g\",\"caption\":\"duromoll\"},\"url\":\"https:\/\/blogg.svenskakyrkan.se\/duromoll\/author\/duromoll\/\"}]}<\/script>\n<!-- \/ Yoast SEO plugin. -->","yoast_head_json":{"title":"Min tisdag - Charlotta i dur och moll","robots":{"index":"index","follow":"follow","max-snippet":"max-snippet:-1","max-image-preview":"max-image-preview:large","max-video-preview":"max-video-preview:-1"},"canonical":"https:\/\/blogg.svenskakyrkan.se\/duromoll\/2017\/04\/04\/min-tisdag-2\/","og_locale":"sv_SE","og_type":"article","og_title":"Min tisdag - Charlotta i dur och moll","og_description":"Min tisdag b\u00f6rjade j\u00e4ttetidigt, halv fem. Inte ens hunden ville g\u00e5 sin runda, vi kom runt 2 h\u00f6rn, sen v\u00e4grade han g\u00e5 l\u00e4ngre. Det var bara till att g\u00e5 hem igen, och f\u00f6rs\u00f6ka sova en stund till. Men det gick inte, jag bara vilade och s\u00e5 gick jag upp tjugo i sex f\u00f6r att k\u00f6ra [&hellip;]","og_url":"https:\/\/blogg.svenskakyrkan.se\/duromoll\/2017\/04\/04\/min-tisdag-2\/","og_site_name":"Charlotta i dur och moll","article_published_time":"2017-04-04T20:02:34+00:00","og_image":[{"width":3264,"height":2448,"url":"https:\/\/blogg.svenskakyrkan.se\/duromoll\/files\/2017\/04\/2017-04-04-18.31.13-e1491335480222.jpg","type":"image\/jpeg"}],"author":"duromoll","twitter_card":"summary_large_image","twitter_misc":{"Skriven av":"duromoll","Ber\u00e4knad l\u00e4stid":"3 minuter"},"schema":{"@context":"https:\/\/schema.org","@graph":[{"@type":"Article","@id":"https:\/\/blogg.svenskakyrkan.se\/duromoll\/2017\/04\/04\/min-tisdag-2\/#article","isPartOf":{"@id":"https:\/\/blogg.svenskakyrkan.se\/duromoll\/2017\/04\/04\/min-tisdag-2\/"},"author":{"name":"duromoll","@id":"https:\/\/blogg.svenskakyrkan.se\/duromoll\/#\/schema\/person\/779b2742472b73bcfa648544a7fb8445"},"headline":"Min tisdag","datePublished":"2017-04-04T20:02:34+00:00","mainEntityOfPage":{"@id":"https:\/\/blogg.svenskakyrkan.se\/duromoll\/2017\/04\/04\/min-tisdag-2\/"},"wordCount":560,"commentCount":0,"image":{"@id":"https:\/\/blogg.svenskakyrkan.se\/duromoll\/2017\/04\/04\/min-tisdag-2\/#primaryimage"},"thumbnailUrl":"http:\/\/blogg.svenskakyrkan.se\/duromoll\/files\/2017\/04\/2017-04-04-18.31.13-e1491335480222-300x225.jpg","inLanguage":"sv-SE","potentialAction":[{"@type":"CommentAction","name":"Comment","target":["https:\/\/blogg.svenskakyrkan.se\/duromoll\/2017\/04\/04\/min-tisdag-2\/#respond"]}]},{"@type":"WebPage","@id":"https:\/\/blogg.svenskakyrkan.se\/duromoll\/2017\/04\/04\/min-tisdag-2\/","url":"https:\/\/blogg.svenskakyrkan.se\/duromoll\/2017\/04\/04\/min-tisdag-2\/","name":"Min tisdag - Charlotta i dur och moll","isPartOf":{"@id":"https:\/\/blogg.svenskakyrkan.se\/duromoll\/#website"},"primaryImageOfPage":{"@id":"https:\/\/blogg.svenskakyrkan.se\/duromoll\/2017\/04\/04\/min-tisdag-2\/#primaryimage"},"image":{"@id":"https:\/\/blogg.svenskakyrkan.se\/duromoll\/2017\/04\/04\/min-tisdag-2\/#primaryimage"},"thumbnailUrl":"http:\/\/blogg.svenskakyrkan.se\/duromoll\/files\/2017\/04\/2017-04-04-18.31.13-e1491335480222-300x225.jpg","datePublished":"2017-04-04T20:02:34+00:00","author":{"@id":"https:\/\/blogg.svenskakyrkan.se\/duromoll\/#\/schema\/person\/779b2742472b73bcfa648544a7fb8445"},"breadcrumb":{"@id":"https:\/\/blogg.svenskakyrkan.se\/duromoll\/2017\/04\/04\/min-tisdag-2\/#breadcrumb"},"inLanguage":"sv-SE","potentialAction":[{"@type":"ReadAction","target":["https:\/\/blogg.svenskakyrkan.se\/duromoll\/2017\/04\/04\/min-tisdag-2\/"]}]},{"@type":"ImageObject","inLanguage":"sv-SE","@id":"https:\/\/blogg.svenskakyrkan.se\/duromoll\/2017\/04\/04\/min-tisdag-2\/#primaryimage","url":"https:\/\/blogg.svenskakyrkan.se\/duromoll\/files\/2017\/04\/2017-04-04-18.31.13-e1491335480222.jpg","contentUrl":"https:\/\/blogg.svenskakyrkan.se\/duromoll\/files\/2017\/04\/2017-04-04-18.31.13-e1491335480222.jpg","width":3264,"height":2448},{"@type":"BreadcrumbList","@id":"https:\/\/blogg.svenskakyrkan.se\/duromoll\/2017\/04\/04\/min-tisdag-2\/#breadcrumb","itemListElement":[{"@type":"ListItem","position":1,"name":"Hem","item":"https:\/\/blogg.svenskakyrkan.se\/duromoll\/"},{"@type":"ListItem","position":2,"name":"Min tisdag"}]},{"@type":"WebSite","@id":"https:\/\/blogg.svenskakyrkan.se\/duromoll\/#website","url":"https:\/\/blogg.svenskakyrkan.se\/duromoll\/","name":"Charlotta i dur och moll","description":"Kyrkomusikern Charlotta Holmgren N\u00e9meth ventilerar tankar om sin vardag","potentialAction":[{"@type":"SearchAction","target":{"@type":"EntryPoint","urlTemplate":"https:\/\/blogg.svenskakyrkan.se\/duromoll\/?s={search_term_string}"},"query-input":{"@type":"PropertyValueSpecification","valueRequired":true,"valueName":"search_term_string"}}],"inLanguage":"sv-SE"},{"@type":"Person","@id":"https:\/\/blogg.svenskakyrkan.se\/duromoll\/#\/schema\/person\/779b2742472b73bcfa648544a7fb8445","name":"duromoll","image":{"@type":"ImageObject","inLanguage":"sv-SE","@id":"https:\/\/blogg.svenskakyrkan.se\/duromoll\/#\/schema\/person\/image\/","url":"https:\/\/secure.gravatar.com\/avatar\/c0aa21ceca5d1ebfe58c0b9ed21f1bc9d76f9308f1ac3fd8b1e1bacdfd53facb?s=96&d=mm&r=g","contentUrl":"https:\/\/secure.gravatar.com\/avatar\/c0aa21ceca5d1ebfe58c0b9ed21f1bc9d76f9308f1ac3fd8b1e1bacdfd53facb?s=96&d=mm&r=g","caption":"duromoll"},"url":"https:\/\/blogg.svenskakyrkan.se\/duromoll\/author\/duromoll\/"}]}},"author_meta":{"ID":"433","user_nicename":"duromoll","user_registered":"2014-08-20 11:40:41","display_name":"duromoll","avatar":"https:\/\/secure.gravatar.com\/avatar\/c0aa21ceca5d1ebfe58c0b9ed21f1bc9d76f9308f1ac3fd8b1e1bacdfd53facb?s=96&d=mm&r=g"},"featured_image":false,"bloginfo":{"name":"Charlotta i dur och moll","url":"https:\/\/blogg.svenskakyrkan.se\/duromoll"},"_links":{"self":[{"href":"https:\/\/blogg.svenskakyrkan.se\/duromoll\/wp-json\/wp\/v2\/posts\/1625","targetHints":{"allow":["GET"]}}],"collection":[{"href":"https:\/\/blogg.svenskakyrkan.se\/duromoll\/wp-json\/wp\/v2\/posts"}],"about":[{"href":"https:\/\/blogg.svenskakyrkan.se\/duromoll\/wp-json\/wp\/v2\/types\/post"}],"author":[{"embeddable":true,"href":"https:\/\/blogg.svenskakyrkan.se\/duromoll\/wp-json\/wp\/v2\/users\/433"}],"replies":[{"embeddable":true,"href":"https:\/\/blogg.svenskakyrkan.se\/duromoll\/wp-json\/wp\/v2\/comments?post=1625"}],"version-history":[{"count":4,"href":"https:\/\/blogg.svenskakyrkan.se\/duromoll\/wp-json\/wp\/v2\/posts\/1625\/revisions"}],"predecessor-version":[{"id":1631,"href":"https:\/\/blogg.svenskakyrkan.se\/duromoll\/wp-json\/wp\/v2\/posts\/1625\/revisions\/1631"}],"wp:attachment":[{"href":"https:\/\/blogg.svenskakyrkan.se\/duromoll\/wp-json\/wp\/v2\/media?parent=1625"}],"wp:term":[{"taxonomy":"category","embeddable":true,"href":"https:\/\/blogg.svenskakyrkan.se\/duromoll\/wp-json\/wp\/v2\/categories?post=1625"},{"taxonomy":"post_tag","embeddable":true,"href":"https:\/\/blogg.svenskakyrkan.se\/duromoll\/wp-json\/wp\/v2\/tags?post=1625"}],"curies":[{"name":"wp","href":"https:\/\/api.w.org\/{rel}","templated":true}]}}