{"id":175,"date":"2014-11-04T23:28:12","date_gmt":"2014-11-04T22:28:12","guid":{"rendered":"http:\/\/blogg.svenskakyrkan.se\/duromoll\/?p=175"},"modified":"2014-11-04T23:39:45","modified_gmt":"2014-11-04T22:39:45","slug":"underbara-tisdag","status":"publish","type":"post","link":"https:\/\/blogg.svenskakyrkan.se\/duromoll\/2014\/11\/04\/underbara-tisdag\/","title":{"rendered":"Underbara tisdag!"},"content":{"rendered":"<p>I morse vaknade jag redan kl 03.00 och undrade ifall det inte var dags att g\u00e5 upp snart. Det var det inte, hade planerat mitt uppvaknande till kl 5 s\u00e5 jag f\u00f6rs\u00f6kte sova lite till. Det gick nog r\u00e4tt s\u00e5 bra, ett tag, men kvart i fem kunde jag inte v\u00e4nta l\u00e4ngre. Jag gick en liten tur med hunden, sen stack jag iv\u00e4g med min cykel, ner till stranden. Det var nerf\u00f6rsbacke och medvind hela v\u00e4gen dit, och sen n\u00e4r jag v\u00e4nde och cyklade l\u00e4ngs hela Ribban var det motvind, och helt ljuvligt att ta rej\u00e4la tag med cykeln. Hem\u00e5t var det mera motvind och uppf\u00f6rsbacke och faktiskt toppen-bra planerat rent tr\u00e4ningsm\u00e4ssigt. Kunde jobba rej\u00e4lt hela biten hem. Sen stannade jag vid lilla lilla kl\u00e4tterst\u00e4llningen i parken precis hemmavid och kl\u00e4ttrade upp och tv\u00e4rs \u00f6ver hela lilla bygget. Vad g\u00f6r man inte f\u00f6r \u00f6kad mobilitet? N\u00e4r jag kom hem tr\u00e4nade jag lite till, lite planka och rygg och sen var det ljuvligt att fixa morgon-pysslet med hunden.<\/p>\n<p>P\u00e5 jobbet tr\u00e4ffade jag min orgel-kollega \u00c5se. Vi ska p\u00e5 turn\u00e9 med v\u00e5ra orgelelever och vi planerade dagen tillsammans. S\u00e5 kreativ timme, och s\u00e5 mycket bra vi kom p\u00e5 tillsammans. Turn\u00e9n str\u00e4cker sig fr\u00e5n Ystad till Lund och varar en hel l\u00f6rdag. Alldeles lagom turn\u00e9. Den kommer inneh\u00e5lla b\u00e5de konserter och orgel-stafett och lek och mat. Dessutom f\u00e5r f\u00f6r\u00e4ldrarna m\u00f6jlighet att tr\u00e4ffas och prata. Det \u00e4r nog alldeles speciellt att vara orgelelevs-f\u00f6r\u00e4lder. Och s\u00e5 sa \u00c5se att vi ska ju ocks\u00e5 spela!! Oj s\u00e5 glad jag blev!! Ins\u00e5g pl\u00f6tsligt att jag \u00e4r ju en f\u00f6rebild. Jag m\u00e5ste b\u00f6rja \u00f6va. \u00c4lskade orgel, here I come!!! N\u00e4r vi planerat klart gick jag raka v\u00e4gen till min orgel och tog fram min favoritfuga, Bach\u00b4s i d-moll &#8211; kan det vara BWV 565? Tror det. I alla fall s\u00e5 \u00e4r det n\u00e5got av det mest rytmiska och b\u00e4sta jag vet. \u00c4r s\u00e4llan s\u00e5 lycklig som n\u00e4r kroppen minns och sv\u00e4nget kommer. Jag har sagt det f\u00f6rut och jag s\u00e4ger det igen, orgeln sjunger och sj\u00e4len dansar!<\/p>\n<p>Sen hade jag en l\u00e5ng f\u00f6rmiddag d\u00e5 jag hann stoppa noter p\u00e5 plats och skicka mail och f\u00e5 undan en hel massa. St\u00e4lltid \u00e4r guld v\u00e4rt. Jag \u00e5t lunch med maken och traskade med densamma och hunden p\u00e5 stranden och sen for jag tillbaka till jobbet igen. Fika och glad samvaro med ljuvliga arbetskamrater ger otrolig energi. Jag stack ner till stan och l\u00e4mnade k\u00f6rtr\u00f6jor som vi haft p\u00e5 prov och sen f\u00f6rberedde jag barnk\u00f6r- och juniork\u00f6r-\u00f6vning.<\/p>\n<p>P\u00e5 barnk\u00f6ren h\u00e4nde det fantastiska att solmisationen (do, re, mi osv med handtecken) b\u00f6rjar trilla p\u00e5 plats. Jag har aldrig varit n\u00e5n entusiast f\u00f6r solmisation, men nu har jag b\u00f6rjat f\u00f6rst\u00e5 finesserna med det (sent ska syndaren vakna) och idag gjorde vi v\u00e5ra vanliga \u00f6vningar och helt pl\u00f6tsligt slutade jag sjunga men fortsatte med mina r\u00f6relser och barnen sj\u00f6ng sj\u00e4lv och prickade spr\u00e5ngen ocks\u00e5. Otroligt roligt!!<\/p>\n<p>Efter barnk\u00f6ren kom Viktoria fr\u00e5n Hyllie gospel som ville \u00f6va lite solo-grejer. Jag hade gl\u00f6mt ta med p\u00e4rmen som jag hade hemma, s\u00e5 jag kastade mig ut och hoppades ha l\u00e5tarna i huvudet. Det hade jag i 25 minuter. De sista 5 minuterna blev jag stentr\u00f6tt och d\u00e4r slutade hj\u00e4rnan fungera, s\u00e5 jag gick hem ist\u00e4llet.<\/p>\n<p>Hemma tittade vi p\u00e5 &#8221;S\u00e5 mycket b\u00e4tttre&#8221; som vi missade i l\u00f6rdags. Jag blev helt t\u00e5r\u00f6gd av Carolas tolkning av Amanda Jensen\u00b4s l\u00e5t. Oooh s\u00e5 bra det var, vilka fullblodsmusiker de \u00e4r!!! Sen var det helt ljuvligt att ge sig ut p\u00e5 kv\u00e4lls-cykeltur med hunden i Djupadalsparken. V\u00e4dret var helt stilla och det var s\u00e5 tyst och sk\u00f6nt och ett stilla regn f\u00f6ll. Det blev en surrealistisk k\u00e4nsla i parken, s\u00e5 vackert.<\/p>\n<p>M\u00e5nga fantastiska stunder, och i allt detta 2 sm\u00e5-jobbiga grejer jag hade att ordna. Men jag bad folk i n\u00e4rheten om hj\u00e4lp och jag fick hj\u00e4lpen. S\u00e5 mycket omsorg det finns, den ligger d\u00e4r och v\u00e4ntar och ibland \u00e4r det bara att f\u00e5nga upp den och l\u00e5ta sig omslutas. Buren av n\u00e5d, faktiskt.<\/p>\n<p>Tack f\u00f6r idag, tack f\u00f6r en underbar vanlig dag!<\/p>\n","protected":false},"excerpt":{"rendered":"<p>I morse vaknade jag redan kl 03.00 och undrade ifall det inte var dags att g\u00e5 upp snart. Det var det inte, hade planerat mitt uppvaknande till kl 5 s\u00e5 jag f\u00f6rs\u00f6kte sova lite till. Det gick nog r\u00e4tt s\u00e5 bra, ett tag, men kvart i fem kunde jag inte v\u00e4nta l\u00e4ngre. Jag gick en [&hellip;]<\/p>\n","protected":false},"author":433,"featured_media":0,"comment_status":"open","ping_status":"open","sticky":false,"template":"","format":"standard","meta":{"_acf_changed":false,"footnotes":""},"categories":[9],"tags":[],"class_list":["post-175","post","type-post","status-publish","format-standard","hentry","category-okategoriserade"],"acf":[],"yoast_head":"<!-- This site is optimized with the Yoast SEO plugin v27.1.1 - https:\/\/yoast.com\/product\/yoast-seo-wordpress\/ -->\n<title>Underbara tisdag! - Charlotta i dur och moll<\/title>\n<meta name=\"robots\" content=\"index, follow, max-snippet:-1, max-image-preview:large, max-video-preview:-1\" \/>\n<link rel=\"canonical\" href=\"https:\/\/blogg.svenskakyrkan.se\/duromoll\/2014\/11\/04\/underbara-tisdag\/\" \/>\n<meta property=\"og:locale\" content=\"sv_SE\" \/>\n<meta property=\"og:type\" content=\"article\" \/>\n<meta property=\"og:title\" content=\"Underbara tisdag! - Charlotta i dur och moll\" \/>\n<meta property=\"og:description\" content=\"I morse vaknade jag redan kl 03.00 och undrade ifall det inte var dags att g\u00e5 upp snart. Det var det inte, hade planerat mitt uppvaknande till kl 5 s\u00e5 jag f\u00f6rs\u00f6kte sova lite till. Det gick nog r\u00e4tt s\u00e5 bra, ett tag, men kvart i fem kunde jag inte v\u00e4nta l\u00e4ngre. Jag gick en [&hellip;]\" \/>\n<meta property=\"og:url\" content=\"https:\/\/blogg.svenskakyrkan.se\/duromoll\/2014\/11\/04\/underbara-tisdag\/\" \/>\n<meta property=\"og:site_name\" content=\"Charlotta i dur och moll\" \/>\n<meta property=\"article:published_time\" content=\"2014-11-04T22:28:12+00:00\" \/>\n<meta property=\"article:modified_time\" content=\"2014-11-04T22:39:45+00:00\" \/>\n<meta name=\"author\" content=\"duromoll\" \/>\n<meta name=\"twitter:card\" content=\"summary_large_image\" \/>\n<meta name=\"twitter:label1\" content=\"Skriven av\" \/>\n\t<meta name=\"twitter:data1\" content=\"duromoll\" \/>\n\t<meta name=\"twitter:label2\" content=\"Ber\u00e4knad l\u00e4stid\" \/>\n\t<meta name=\"twitter:data2\" content=\"4 minuter\" \/>\n<script type=\"application\/ld+json\" class=\"yoast-schema-graph\">{\"@context\":\"https:\/\/schema.org\",\"@graph\":[{\"@type\":\"Article\",\"@id\":\"https:\/\/blogg.svenskakyrkan.se\/duromoll\/2014\/11\/04\/underbara-tisdag\/#article\",\"isPartOf\":{\"@id\":\"https:\/\/blogg.svenskakyrkan.se\/duromoll\/2014\/11\/04\/underbara-tisdag\/\"},\"author\":{\"name\":\"duromoll\",\"@id\":\"https:\/\/blogg.svenskakyrkan.se\/duromoll\/#\/schema\/person\/779b2742472b73bcfa648544a7fb8445\"},\"headline\":\"Underbara tisdag!\",\"datePublished\":\"2014-11-04T22:28:12+00:00\",\"dateModified\":\"2014-11-04T22:39:45+00:00\",\"mainEntityOfPage\":{\"@id\":\"https:\/\/blogg.svenskakyrkan.se\/duromoll\/2014\/11\/04\/underbara-tisdag\/\"},\"wordCount\":780,\"commentCount\":0,\"inLanguage\":\"sv-SE\",\"potentialAction\":[{\"@type\":\"CommentAction\",\"name\":\"Comment\",\"target\":[\"https:\/\/blogg.svenskakyrkan.se\/duromoll\/2014\/11\/04\/underbara-tisdag\/#respond\"]}]},{\"@type\":\"WebPage\",\"@id\":\"https:\/\/blogg.svenskakyrkan.se\/duromoll\/2014\/11\/04\/underbara-tisdag\/\",\"url\":\"https:\/\/blogg.svenskakyrkan.se\/duromoll\/2014\/11\/04\/underbara-tisdag\/\",\"name\":\"Underbara tisdag! - Charlotta i dur och moll\",\"isPartOf\":{\"@id\":\"https:\/\/blogg.svenskakyrkan.se\/duromoll\/#website\"},\"datePublished\":\"2014-11-04T22:28:12+00:00\",\"dateModified\":\"2014-11-04T22:39:45+00:00\",\"author\":{\"@id\":\"https:\/\/blogg.svenskakyrkan.se\/duromoll\/#\/schema\/person\/779b2742472b73bcfa648544a7fb8445\"},\"breadcrumb\":{\"@id\":\"https:\/\/blogg.svenskakyrkan.se\/duromoll\/2014\/11\/04\/underbara-tisdag\/#breadcrumb\"},\"inLanguage\":\"sv-SE\",\"potentialAction\":[{\"@type\":\"ReadAction\",\"target\":[\"https:\/\/blogg.svenskakyrkan.se\/duromoll\/2014\/11\/04\/underbara-tisdag\/\"]}]},{\"@type\":\"BreadcrumbList\",\"@id\":\"https:\/\/blogg.svenskakyrkan.se\/duromoll\/2014\/11\/04\/underbara-tisdag\/#breadcrumb\",\"itemListElement\":[{\"@type\":\"ListItem\",\"position\":1,\"name\":\"Hem\",\"item\":\"https:\/\/blogg.svenskakyrkan.se\/duromoll\/\"},{\"@type\":\"ListItem\",\"position\":2,\"name\":\"Underbara tisdag!\"}]},{\"@type\":\"WebSite\",\"@id\":\"https:\/\/blogg.svenskakyrkan.se\/duromoll\/#website\",\"url\":\"https:\/\/blogg.svenskakyrkan.se\/duromoll\/\",\"name\":\"Charlotta i dur och moll\",\"description\":\"Kyrkomusikern Charlotta Holmgren N\u00e9meth ventilerar tankar om sin vardag\",\"potentialAction\":[{\"@type\":\"SearchAction\",\"target\":{\"@type\":\"EntryPoint\",\"urlTemplate\":\"https:\/\/blogg.svenskakyrkan.se\/duromoll\/?s={search_term_string}\"},\"query-input\":{\"@type\":\"PropertyValueSpecification\",\"valueRequired\":true,\"valueName\":\"search_term_string\"}}],\"inLanguage\":\"sv-SE\"},{\"@type\":\"Person\",\"@id\":\"https:\/\/blogg.svenskakyrkan.se\/duromoll\/#\/schema\/person\/779b2742472b73bcfa648544a7fb8445\",\"name\":\"duromoll\",\"image\":{\"@type\":\"ImageObject\",\"inLanguage\":\"sv-SE\",\"@id\":\"https:\/\/blogg.svenskakyrkan.se\/duromoll\/#\/schema\/person\/image\/\",\"url\":\"https:\/\/secure.gravatar.com\/avatar\/c0aa21ceca5d1ebfe58c0b9ed21f1bc9d76f9308f1ac3fd8b1e1bacdfd53facb?s=96&d=mm&r=g\",\"contentUrl\":\"https:\/\/secure.gravatar.com\/avatar\/c0aa21ceca5d1ebfe58c0b9ed21f1bc9d76f9308f1ac3fd8b1e1bacdfd53facb?s=96&d=mm&r=g\",\"caption\":\"duromoll\"},\"url\":\"https:\/\/blogg.svenskakyrkan.se\/duromoll\/author\/duromoll\/\"}]}<\/script>\n<!-- \/ Yoast SEO plugin. -->","yoast_head_json":{"title":"Underbara tisdag! - Charlotta i dur och moll","robots":{"index":"index","follow":"follow","max-snippet":"max-snippet:-1","max-image-preview":"max-image-preview:large","max-video-preview":"max-video-preview:-1"},"canonical":"https:\/\/blogg.svenskakyrkan.se\/duromoll\/2014\/11\/04\/underbara-tisdag\/","og_locale":"sv_SE","og_type":"article","og_title":"Underbara tisdag! - Charlotta i dur och moll","og_description":"I morse vaknade jag redan kl 03.00 och undrade ifall det inte var dags att g\u00e5 upp snart. Det var det inte, hade planerat mitt uppvaknande till kl 5 s\u00e5 jag f\u00f6rs\u00f6kte sova lite till. Det gick nog r\u00e4tt s\u00e5 bra, ett tag, men kvart i fem kunde jag inte v\u00e4nta l\u00e4ngre. Jag gick en [&hellip;]","og_url":"https:\/\/blogg.svenskakyrkan.se\/duromoll\/2014\/11\/04\/underbara-tisdag\/","og_site_name":"Charlotta i dur och moll","article_published_time":"2014-11-04T22:28:12+00:00","article_modified_time":"2014-11-04T22:39:45+00:00","author":"duromoll","twitter_card":"summary_large_image","twitter_misc":{"Skriven av":"duromoll","Ber\u00e4knad l\u00e4stid":"4 minuter"},"schema":{"@context":"https:\/\/schema.org","@graph":[{"@type":"Article","@id":"https:\/\/blogg.svenskakyrkan.se\/duromoll\/2014\/11\/04\/underbara-tisdag\/#article","isPartOf":{"@id":"https:\/\/blogg.svenskakyrkan.se\/duromoll\/2014\/11\/04\/underbara-tisdag\/"},"author":{"name":"duromoll","@id":"https:\/\/blogg.svenskakyrkan.se\/duromoll\/#\/schema\/person\/779b2742472b73bcfa648544a7fb8445"},"headline":"Underbara tisdag!","datePublished":"2014-11-04T22:28:12+00:00","dateModified":"2014-11-04T22:39:45+00:00","mainEntityOfPage":{"@id":"https:\/\/blogg.svenskakyrkan.se\/duromoll\/2014\/11\/04\/underbara-tisdag\/"},"wordCount":780,"commentCount":0,"inLanguage":"sv-SE","potentialAction":[{"@type":"CommentAction","name":"Comment","target":["https:\/\/blogg.svenskakyrkan.se\/duromoll\/2014\/11\/04\/underbara-tisdag\/#respond"]}]},{"@type":"WebPage","@id":"https:\/\/blogg.svenskakyrkan.se\/duromoll\/2014\/11\/04\/underbara-tisdag\/","url":"https:\/\/blogg.svenskakyrkan.se\/duromoll\/2014\/11\/04\/underbara-tisdag\/","name":"Underbara tisdag! - Charlotta i dur och moll","isPartOf":{"@id":"https:\/\/blogg.svenskakyrkan.se\/duromoll\/#website"},"datePublished":"2014-11-04T22:28:12+00:00","dateModified":"2014-11-04T22:39:45+00:00","author":{"@id":"https:\/\/blogg.svenskakyrkan.se\/duromoll\/#\/schema\/person\/779b2742472b73bcfa648544a7fb8445"},"breadcrumb":{"@id":"https:\/\/blogg.svenskakyrkan.se\/duromoll\/2014\/11\/04\/underbara-tisdag\/#breadcrumb"},"inLanguage":"sv-SE","potentialAction":[{"@type":"ReadAction","target":["https:\/\/blogg.svenskakyrkan.se\/duromoll\/2014\/11\/04\/underbara-tisdag\/"]}]},{"@type":"BreadcrumbList","@id":"https:\/\/blogg.svenskakyrkan.se\/duromoll\/2014\/11\/04\/underbara-tisdag\/#breadcrumb","itemListElement":[{"@type":"ListItem","position":1,"name":"Hem","item":"https:\/\/blogg.svenskakyrkan.se\/duromoll\/"},{"@type":"ListItem","position":2,"name":"Underbara tisdag!"}]},{"@type":"WebSite","@id":"https:\/\/blogg.svenskakyrkan.se\/duromoll\/#website","url":"https:\/\/blogg.svenskakyrkan.se\/duromoll\/","name":"Charlotta i dur och moll","description":"Kyrkomusikern Charlotta Holmgren N\u00e9meth ventilerar tankar om sin vardag","potentialAction":[{"@type":"SearchAction","target":{"@type":"EntryPoint","urlTemplate":"https:\/\/blogg.svenskakyrkan.se\/duromoll\/?s={search_term_string}"},"query-input":{"@type":"PropertyValueSpecification","valueRequired":true,"valueName":"search_term_string"}}],"inLanguage":"sv-SE"},{"@type":"Person","@id":"https:\/\/blogg.svenskakyrkan.se\/duromoll\/#\/schema\/person\/779b2742472b73bcfa648544a7fb8445","name":"duromoll","image":{"@type":"ImageObject","inLanguage":"sv-SE","@id":"https:\/\/blogg.svenskakyrkan.se\/duromoll\/#\/schema\/person\/image\/","url":"https:\/\/secure.gravatar.com\/avatar\/c0aa21ceca5d1ebfe58c0b9ed21f1bc9d76f9308f1ac3fd8b1e1bacdfd53facb?s=96&d=mm&r=g","contentUrl":"https:\/\/secure.gravatar.com\/avatar\/c0aa21ceca5d1ebfe58c0b9ed21f1bc9d76f9308f1ac3fd8b1e1bacdfd53facb?s=96&d=mm&r=g","caption":"duromoll"},"url":"https:\/\/blogg.svenskakyrkan.se\/duromoll\/author\/duromoll\/"}]}},"author_meta":{"ID":"433","user_nicename":"duromoll","user_registered":"2014-08-20 11:40:41","display_name":"duromoll","avatar":"https:\/\/secure.gravatar.com\/avatar\/c0aa21ceca5d1ebfe58c0b9ed21f1bc9d76f9308f1ac3fd8b1e1bacdfd53facb?s=96&d=mm&r=g"},"featured_image":false,"bloginfo":{"name":"Charlotta i dur och moll","url":"https:\/\/blogg.svenskakyrkan.se\/duromoll"},"_links":{"self":[{"href":"https:\/\/blogg.svenskakyrkan.se\/duromoll\/wp-json\/wp\/v2\/posts\/175","targetHints":{"allow":["GET"]}}],"collection":[{"href":"https:\/\/blogg.svenskakyrkan.se\/duromoll\/wp-json\/wp\/v2\/posts"}],"about":[{"href":"https:\/\/blogg.svenskakyrkan.se\/duromoll\/wp-json\/wp\/v2\/types\/post"}],"author":[{"embeddable":true,"href":"https:\/\/blogg.svenskakyrkan.se\/duromoll\/wp-json\/wp\/v2\/users\/433"}],"replies":[{"embeddable":true,"href":"https:\/\/blogg.svenskakyrkan.se\/duromoll\/wp-json\/wp\/v2\/comments?post=175"}],"version-history":[{"count":4,"href":"https:\/\/blogg.svenskakyrkan.se\/duromoll\/wp-json\/wp\/v2\/posts\/175\/revisions"}],"predecessor-version":[{"id":178,"href":"https:\/\/blogg.svenskakyrkan.se\/duromoll\/wp-json\/wp\/v2\/posts\/175\/revisions\/178"}],"wp:attachment":[{"href":"https:\/\/blogg.svenskakyrkan.se\/duromoll\/wp-json\/wp\/v2\/media?parent=175"}],"wp:term":[{"taxonomy":"category","embeddable":true,"href":"https:\/\/blogg.svenskakyrkan.se\/duromoll\/wp-json\/wp\/v2\/categories?post=175"},{"taxonomy":"post_tag","embeddable":true,"href":"https:\/\/blogg.svenskakyrkan.se\/duromoll\/wp-json\/wp\/v2\/tags?post=175"}],"curies":[{"name":"wp","href":"https:\/\/api.w.org\/{rel}","templated":true}]}}