{"id":1002,"date":"2021-02-23T12:17:24","date_gmt":"2021-02-23T11:17:24","guid":{"rendered":"http:\/\/blogg.svenskakyrkan.se\/ekumenik\/?p=1002"},"modified":"2021-02-23T12:19:42","modified_gmt":"2021-02-23T11:19:42","slug":"thursdays-in-black-och-det-okade-valdet-under-pandemin","status":"publish","type":"post","link":"https:\/\/blogg.svenskakyrkan.se\/ekumenik\/2021\/02\/23\/thursdays-in-black-och-det-okade-valdet-under-pandemin\/","title":{"rendered":"Thursdays in Black och det \u00f6kade v\u00e5ldet under pandemin"},"content":{"rendered":"\n\n\n<p>Kvinnorna, m\u00f6drarna, kl\u00e4dde sig i svart p\u00e5 torsdagar och stod tysta p\u00e5 stadens torg i protest mot diktaturen och att deras barn hade f\u00f6rsvunnit.<\/p>\n\n\n\n<p>Under 1980-talet blev Thursdays in Black en kampanj f\u00f6r m\u00e4nskliga r\u00e4ttigheter och st\u00f6ddes av bland andra Kyrkornas v\u00e4rldsr\u00e5d. Utg\u00e5ngspunkten var att kvinnor ska kunna leva sina liv utan att vara r\u00e4dda f\u00f6r v\u00e5ld och v\u00e5ldt\u00e4kter. I Sydafrika har kampanjen varit s\u00e4rskilt kraftfull, d\u00e4r kvinnor i mycket h\u00f6g grad f\u00e5tt och f\u00e5r r\u00e4kna med att bli utsatta f\u00f6r v\u00e5ld och v\u00e5ldt\u00e4kter. Men det sker i alldeles f\u00f6r h\u00f6g grad i andra l\u00e4nder v\u00e4rlden \u00f6ver, dagligen.<\/p>\n\n\n\n<p>Torsdagen den 31 oktober 2013 uppmanades deltagarna i Kyrkornas v\u00e4rldsr\u00e5ds generalf\u00f6rsamling i Busan att b\u00e4ra svart.<\/p>\n\n\n\n<blockquote class=\"wp-block-quote is-layout-flow wp-block-quote-is-layout-flow\"><p>Through this simple gesture, participants are invited to be part of a global movement urging an end to violence against women. <\/p><\/blockquote>\n\n\n\n<p>Fr\u00e5n generalf\u00f6rsamlingen i Busan spred sig kampanjen till Sverige och till Svenska kyrkan.<\/p>\n\n\n\n<p>Equmeniakyrkan och Svenska kyrkan drev kampanjen dels som medlemmar av Kyrkornas v\u00e4rldsr\u00e5d, dels f\u00f6r att det fortfarande dessv\u00e4rre fanns en stor anledning att arbeta mot v\u00e5ld och v\u00e5ldt\u00e4kter som drabbar kvinnor och barn i f\u00f6rsta hand. Under n\u00e5gra \u00e5r delades knappen ut vid kyrkom\u00f6tet i Uppsala tillsammans med en information om vad detta handlade och uppmaningen att forts\u00e4tta b\u00e4ra knappen.<\/p>\n\n\n\n<p><\/p>\n\n\n\n<h2 class=\"wp-block-heading\">Kampanjen tas upp igen under pandemin<\/h2>\n\n\n\n<p>Det var och \u00e4r en kampanj vars syfte, f\u00f6rutom sitt budskap, att verka f\u00f6r att inte beh\u00f6vas.<\/p>\n\n\n\n<p>Kampanjen och kampen forts\u00e4tter\u2013 s\u00e5 l\u00e4nge som fr\u00e4mst kvinnor och barn r\u00e5kar ut f\u00f6r sexualiserat v\u00e5ld, blir v\u00e5ldtagna och uts\u00e4tts f\u00f6r v\u00e5ld. Kyrkornas v\u00e4rldsr\u00e5d har tagit upp kampanjen igen av f\u00f6rekommen anledning under pandemin. <\/p>\n\n\n\n<p>Fr\u00e5n olika l\u00e4nder, fr\u00e5n olika ekumeniska organisationer, fr\u00e5n olika kyrkor, fr\u00e5n FN, fr\u00e5n politiska partier och kvinnoorganisationer sprids vittnesm\u00e5l som m\u00e5nga av oss helst inte hade velat h\u00f6ra och k\u00e4nna till \u2013 att under pandemin har v\u00e5ldet mot kvinnor och barn \u00f6kat, och \u00f6kat i en mycket h\u00f6g grad. Isolerade i hemmen \u00e4r kvinnor helt utl\u00e4mnade till v\u00e5ldsamma m\u00e4n, som kanske inte sl\u00e5r, lika mycket, i vanliga fall men utan vittnen, utan kvinnornas arbetskamrater som ser bl\u00e5m\u00e4rken, sker detta, egentligen framf\u00f6r v\u00e5ra \u00f6gon. Om vi ser efter hade vi nog kunnat ana detta.<\/p>\n\n\n\n<p><a href=\"https:\/\/www.oikoumene.org\/news\/thursdays-in-black-ambassadors-gain-momentum-for-2021\">L\u00e4s mer om kampanjen hos Kyrkornas v\u00e4rldsr\u00e5d<\/a>.<\/p>\n\n\n\n<h2 class=\"wp-block-heading\">Vad kan jag g\u00f6ra? <\/h2>\n\n\n\n<p>Gripa in n\u00e4r du misst\u00e4nker n\u00e5got, polisanm\u00e4l n\u00e4r du ser n\u00e5got, men, som ofta n\u00e4r det g\u00e4ller v\u00e5ld, v\u00e5ldt\u00e4kter b\u00e5de mot kvinnor och barn, v\u00e4nder vi bort v\u00e5ra \u00f6gon.<\/p>\n\n\n\n<p>M\u00e4n som sl\u00e5r och v\u00e5ldtar beh\u00f6ver naturligtvis hj\u00e4lp med att sluta ut\u00f6va v\u00e5ld men framf\u00f6rallt beh\u00f6ver kvinnor st\u00f6d och skydd, det \u00e4r kvinnor och barn f\u00f6r att inte bli utsatta. De beh\u00f6ver hj\u00e4lp och skydd mot v\u00e5ldsamma m\u00e4n, fr\u00e5n en \u00e4nnu \u201dicke-seende\u201d omgivning.<\/p>\n\n\n\n<p>Gud \u00e4r barmh\u00e4rtighet, l\u00e5t oss f\u00f6rs\u00f6ka vara barmh\u00e4rtiga och kliva ut en stund ut ur v\u00e5ra bekv\u00e4ma liv och se den n\u00f6d och det v\u00e5ld som finns ganska n\u00e4ra omkring oss, i v\u00e5r bekantskapskrets, i v\u00e5r trappuppg\u00e5ng, \u00f6verallt, inom alla trossamfund, inom alla organisationer oavsett deras syften, i alla politiska partier och ja dessv\u00e4rre, i v\u00e5r svenska kyrka.<\/p>\n\n\n\n<p>Vi b\u00f6rjar redan idag och agerar och reagerar mot det \u00f6kade v\u00e5ldet mot kvinnor och barn i pandemins efterf\u00f6ljd och vi b\u00e4r knappen varje torsdagar samt kl\u00e4r oss i svart men, vi agerar ocks\u00e5 mot v\u00e5ldet som riktas mot kvinnor och barn.<\/p>\n\n\n\n<p>Vi ber om kraft och mod<br>i Jesu namn! <\/p>\n","protected":false},"excerpt":{"rendered":"<p>Kvinnorna, m\u00f6drarna, kl\u00e4dde sig i svart p\u00e5 torsdagar och stod tysta p\u00e5 stadens torg i protest mot diktaturen och att deras barn hade f\u00f6rsvunnit. Under 1980-talet blev Thursdays in Black en kampanj f\u00f6r m\u00e4nskliga r\u00e4ttigheter och st\u00f6ddes av bland andra Kyrkornas v\u00e4rldsr\u00e5d. Utg\u00e5ngspunkten var att kvinnor ska kunna leva sina liv utan att vara r\u00e4dda [&hellip;]<\/p>\n","protected":false},"author":758,"featured_media":0,"comment_status":"open","ping_status":"open","sticky":false,"template":"","format":"standard","meta":{"_acf_changed":false,"footnotes":""},"categories":[9],"tags":[],"class_list":["post-1002","post","type-post","status-publish","format-standard","hentry","category-okategoriserade"],"acf":[],"yoast_head":"<!-- This site is optimized with the Yoast SEO plugin v27.1.1 - https:\/\/yoast.com\/product\/yoast-seo-wordpress\/ -->\n<title>Thursdays in Black och det \u00f6kade v\u00e5ldet under pandemin - Ekumenikbloggen<\/title>\n<meta name=\"robots\" content=\"index, follow, max-snippet:-1, max-image-preview:large, max-video-preview:-1\" \/>\n<link rel=\"canonical\" href=\"https:\/\/blogg.svenskakyrkan.se\/ekumenik\/2021\/02\/23\/thursdays-in-black-och-det-okade-valdet-under-pandemin\/\" \/>\n<meta property=\"og:locale\" content=\"sv_SE\" \/>\n<meta property=\"og:type\" content=\"article\" \/>\n<meta property=\"og:title\" content=\"Thursdays in Black och det \u00f6kade v\u00e5ldet under pandemin - Ekumenikbloggen\" \/>\n<meta property=\"og:description\" content=\"Kvinnorna, m\u00f6drarna, kl\u00e4dde sig i svart p\u00e5 torsdagar och stod tysta p\u00e5 stadens torg i protest mot diktaturen och att deras barn hade f\u00f6rsvunnit. Under 1980-talet blev Thursdays in Black en kampanj f\u00f6r m\u00e4nskliga r\u00e4ttigheter och st\u00f6ddes av bland andra Kyrkornas v\u00e4rldsr\u00e5d. Utg\u00e5ngspunkten var att kvinnor ska kunna leva sina liv utan att vara r\u00e4dda [&hellip;]\" \/>\n<meta property=\"og:url\" content=\"https:\/\/blogg.svenskakyrkan.se\/ekumenik\/2021\/02\/23\/thursdays-in-black-och-det-okade-valdet-under-pandemin\/\" \/>\n<meta property=\"og:site_name\" content=\"Ekumenikbloggen\" \/>\n<meta property=\"article:published_time\" content=\"2021-02-23T11:17:24+00:00\" \/>\n<meta property=\"article:modified_time\" content=\"2021-02-23T11:19:42+00:00\" \/>\n<meta name=\"author\" content=\"Cajsa Sandgren\" \/>\n<meta name=\"twitter:card\" content=\"summary_large_image\" \/>\n<meta name=\"twitter:label1\" content=\"Skriven av\" \/>\n\t<meta name=\"twitter:data1\" content=\"Cajsa Sandgren\" \/>\n\t<meta name=\"twitter:label2\" content=\"Ber\u00e4knad l\u00e4stid\" \/>\n\t<meta name=\"twitter:data2\" content=\"3 minuter\" \/>\n<script type=\"application\/ld+json\" class=\"yoast-schema-graph\">{\"@context\":\"https:\/\/schema.org\",\"@graph\":[{\"@type\":\"Article\",\"@id\":\"https:\/\/blogg.svenskakyrkan.se\/ekumenik\/2021\/02\/23\/thursdays-in-black-och-det-okade-valdet-under-pandemin\/#article\",\"isPartOf\":{\"@id\":\"https:\/\/blogg.svenskakyrkan.se\/ekumenik\/2021\/02\/23\/thursdays-in-black-och-det-okade-valdet-under-pandemin\/\"},\"author\":{\"name\":\"Cajsa Sandgren\",\"@id\":\"https:\/\/blogg.svenskakyrkan.se\/ekumenik\/#\/schema\/person\/dc6684aeb98e5d042821882b2bee560b\"},\"headline\":\"Thursdays in Black och det \u00f6kade v\u00e5ldet under pandemin\",\"datePublished\":\"2021-02-23T11:17:24+00:00\",\"dateModified\":\"2021-02-23T11:19:42+00:00\",\"mainEntityOfPage\":{\"@id\":\"https:\/\/blogg.svenskakyrkan.se\/ekumenik\/2021\/02\/23\/thursdays-in-black-och-det-okade-valdet-under-pandemin\/\"},\"wordCount\":694,\"commentCount\":0,\"inLanguage\":\"sv-SE\",\"potentialAction\":[{\"@type\":\"CommentAction\",\"name\":\"Comment\",\"target\":[\"https:\/\/blogg.svenskakyrkan.se\/ekumenik\/2021\/02\/23\/thursdays-in-black-och-det-okade-valdet-under-pandemin\/#respond\"]}]},{\"@type\":\"WebPage\",\"@id\":\"https:\/\/blogg.svenskakyrkan.se\/ekumenik\/2021\/02\/23\/thursdays-in-black-och-det-okade-valdet-under-pandemin\/\",\"url\":\"https:\/\/blogg.svenskakyrkan.se\/ekumenik\/2021\/02\/23\/thursdays-in-black-och-det-okade-valdet-under-pandemin\/\",\"name\":\"Thursdays in Black och det \u00f6kade v\u00e5ldet under pandemin - Ekumenikbloggen\",\"isPartOf\":{\"@id\":\"https:\/\/blogg.svenskakyrkan.se\/ekumenik\/#website\"},\"datePublished\":\"2021-02-23T11:17:24+00:00\",\"dateModified\":\"2021-02-23T11:19:42+00:00\",\"author\":{\"@id\":\"https:\/\/blogg.svenskakyrkan.se\/ekumenik\/#\/schema\/person\/dc6684aeb98e5d042821882b2bee560b\"},\"breadcrumb\":{\"@id\":\"https:\/\/blogg.svenskakyrkan.se\/ekumenik\/2021\/02\/23\/thursdays-in-black-och-det-okade-valdet-under-pandemin\/#breadcrumb\"},\"inLanguage\":\"sv-SE\",\"potentialAction\":[{\"@type\":\"ReadAction\",\"target\":[\"https:\/\/blogg.svenskakyrkan.se\/ekumenik\/2021\/02\/23\/thursdays-in-black-och-det-okade-valdet-under-pandemin\/\"]}]},{\"@type\":\"BreadcrumbList\",\"@id\":\"https:\/\/blogg.svenskakyrkan.se\/ekumenik\/2021\/02\/23\/thursdays-in-black-och-det-okade-valdet-under-pandemin\/#breadcrumb\",\"itemListElement\":[{\"@type\":\"ListItem\",\"position\":1,\"name\":\"Hem\",\"item\":\"https:\/\/blogg.svenskakyrkan.se\/ekumenik\/\"},{\"@type\":\"ListItem\",\"position\":2,\"name\":\"Thursdays in Black och det \u00f6kade v\u00e5ldet under pandemin\"}]},{\"@type\":\"WebSite\",\"@id\":\"https:\/\/blogg.svenskakyrkan.se\/ekumenik\/#website\",\"url\":\"https:\/\/blogg.svenskakyrkan.se\/ekumenik\/\",\"name\":\"Ekumenikbloggen\",\"description\":\"Svenska kyrkans blogg om ekumenik och interreligi\u00f6s samverkan\",\"potentialAction\":[{\"@type\":\"SearchAction\",\"target\":{\"@type\":\"EntryPoint\",\"urlTemplate\":\"https:\/\/blogg.svenskakyrkan.se\/ekumenik\/?s={search_term_string}\"},\"query-input\":{\"@type\":\"PropertyValueSpecification\",\"valueRequired\":true,\"valueName\":\"search_term_string\"}}],\"inLanguage\":\"sv-SE\"},{\"@type\":\"Person\",\"@id\":\"https:\/\/blogg.svenskakyrkan.se\/ekumenik\/#\/schema\/person\/dc6684aeb98e5d042821882b2bee560b\",\"name\":\"Cajsa Sandgren\",\"image\":{\"@type\":\"ImageObject\",\"inLanguage\":\"sv-SE\",\"@id\":\"https:\/\/blogg.svenskakyrkan.se\/ekumenik\/#\/schema\/person\/image\/\",\"url\":\"https:\/\/secure.gravatar.com\/avatar\/e31f7d8a07c1ebc91108040a0e286ee8b4777bb18f807d9c4073553d066e1d26?s=96&d=mm&r=g\",\"contentUrl\":\"https:\/\/secure.gravatar.com\/avatar\/e31f7d8a07c1ebc91108040a0e286ee8b4777bb18f807d9c4073553d066e1d26?s=96&d=mm&r=g\",\"caption\":\"Cajsa Sandgren\"},\"url\":\"https:\/\/blogg.svenskakyrkan.se\/ekumenik\/author\/cajsasandgren\/\"}]}<\/script>\n<!-- \/ Yoast SEO plugin. -->","yoast_head_json":{"title":"Thursdays in Black och det \u00f6kade v\u00e5ldet under pandemin - Ekumenikbloggen","robots":{"index":"index","follow":"follow","max-snippet":"max-snippet:-1","max-image-preview":"max-image-preview:large","max-video-preview":"max-video-preview:-1"},"canonical":"https:\/\/blogg.svenskakyrkan.se\/ekumenik\/2021\/02\/23\/thursdays-in-black-och-det-okade-valdet-under-pandemin\/","og_locale":"sv_SE","og_type":"article","og_title":"Thursdays in Black och det \u00f6kade v\u00e5ldet under pandemin - Ekumenikbloggen","og_description":"Kvinnorna, m\u00f6drarna, kl\u00e4dde sig i svart p\u00e5 torsdagar och stod tysta p\u00e5 stadens torg i protest mot diktaturen och att deras barn hade f\u00f6rsvunnit. Under 1980-talet blev Thursdays in Black en kampanj f\u00f6r m\u00e4nskliga r\u00e4ttigheter och st\u00f6ddes av bland andra Kyrkornas v\u00e4rldsr\u00e5d. Utg\u00e5ngspunkten var att kvinnor ska kunna leva sina liv utan att vara r\u00e4dda [&hellip;]","og_url":"https:\/\/blogg.svenskakyrkan.se\/ekumenik\/2021\/02\/23\/thursdays-in-black-och-det-okade-valdet-under-pandemin\/","og_site_name":"Ekumenikbloggen","article_published_time":"2021-02-23T11:17:24+00:00","article_modified_time":"2021-02-23T11:19:42+00:00","author":"Cajsa Sandgren","twitter_card":"summary_large_image","twitter_misc":{"Skriven av":"Cajsa Sandgren","Ber\u00e4knad l\u00e4stid":"3 minuter"},"schema":{"@context":"https:\/\/schema.org","@graph":[{"@type":"Article","@id":"https:\/\/blogg.svenskakyrkan.se\/ekumenik\/2021\/02\/23\/thursdays-in-black-och-det-okade-valdet-under-pandemin\/#article","isPartOf":{"@id":"https:\/\/blogg.svenskakyrkan.se\/ekumenik\/2021\/02\/23\/thursdays-in-black-och-det-okade-valdet-under-pandemin\/"},"author":{"name":"Cajsa Sandgren","@id":"https:\/\/blogg.svenskakyrkan.se\/ekumenik\/#\/schema\/person\/dc6684aeb98e5d042821882b2bee560b"},"headline":"Thursdays in Black och det \u00f6kade v\u00e5ldet under pandemin","datePublished":"2021-02-23T11:17:24+00:00","dateModified":"2021-02-23T11:19:42+00:00","mainEntityOfPage":{"@id":"https:\/\/blogg.svenskakyrkan.se\/ekumenik\/2021\/02\/23\/thursdays-in-black-och-det-okade-valdet-under-pandemin\/"},"wordCount":694,"commentCount":0,"inLanguage":"sv-SE","potentialAction":[{"@type":"CommentAction","name":"Comment","target":["https:\/\/blogg.svenskakyrkan.se\/ekumenik\/2021\/02\/23\/thursdays-in-black-och-det-okade-valdet-under-pandemin\/#respond"]}]},{"@type":"WebPage","@id":"https:\/\/blogg.svenskakyrkan.se\/ekumenik\/2021\/02\/23\/thursdays-in-black-och-det-okade-valdet-under-pandemin\/","url":"https:\/\/blogg.svenskakyrkan.se\/ekumenik\/2021\/02\/23\/thursdays-in-black-och-det-okade-valdet-under-pandemin\/","name":"Thursdays in Black och det \u00f6kade v\u00e5ldet under pandemin - Ekumenikbloggen","isPartOf":{"@id":"https:\/\/blogg.svenskakyrkan.se\/ekumenik\/#website"},"datePublished":"2021-02-23T11:17:24+00:00","dateModified":"2021-02-23T11:19:42+00:00","author":{"@id":"https:\/\/blogg.svenskakyrkan.se\/ekumenik\/#\/schema\/person\/dc6684aeb98e5d042821882b2bee560b"},"breadcrumb":{"@id":"https:\/\/blogg.svenskakyrkan.se\/ekumenik\/2021\/02\/23\/thursdays-in-black-och-det-okade-valdet-under-pandemin\/#breadcrumb"},"inLanguage":"sv-SE","potentialAction":[{"@type":"ReadAction","target":["https:\/\/blogg.svenskakyrkan.se\/ekumenik\/2021\/02\/23\/thursdays-in-black-och-det-okade-valdet-under-pandemin\/"]}]},{"@type":"BreadcrumbList","@id":"https:\/\/blogg.svenskakyrkan.se\/ekumenik\/2021\/02\/23\/thursdays-in-black-och-det-okade-valdet-under-pandemin\/#breadcrumb","itemListElement":[{"@type":"ListItem","position":1,"name":"Hem","item":"https:\/\/blogg.svenskakyrkan.se\/ekumenik\/"},{"@type":"ListItem","position":2,"name":"Thursdays in Black och det \u00f6kade v\u00e5ldet under pandemin"}]},{"@type":"WebSite","@id":"https:\/\/blogg.svenskakyrkan.se\/ekumenik\/#website","url":"https:\/\/blogg.svenskakyrkan.se\/ekumenik\/","name":"Ekumenikbloggen","description":"Svenska kyrkans blogg om ekumenik och interreligi\u00f6s samverkan","potentialAction":[{"@type":"SearchAction","target":{"@type":"EntryPoint","urlTemplate":"https:\/\/blogg.svenskakyrkan.se\/ekumenik\/?s={search_term_string}"},"query-input":{"@type":"PropertyValueSpecification","valueRequired":true,"valueName":"search_term_string"}}],"inLanguage":"sv-SE"},{"@type":"Person","@id":"https:\/\/blogg.svenskakyrkan.se\/ekumenik\/#\/schema\/person\/dc6684aeb98e5d042821882b2bee560b","name":"Cajsa Sandgren","image":{"@type":"ImageObject","inLanguage":"sv-SE","@id":"https:\/\/blogg.svenskakyrkan.se\/ekumenik\/#\/schema\/person\/image\/","url":"https:\/\/secure.gravatar.com\/avatar\/e31f7d8a07c1ebc91108040a0e286ee8b4777bb18f807d9c4073553d066e1d26?s=96&d=mm&r=g","contentUrl":"https:\/\/secure.gravatar.com\/avatar\/e31f7d8a07c1ebc91108040a0e286ee8b4777bb18f807d9c4073553d066e1d26?s=96&d=mm&r=g","caption":"Cajsa Sandgren"},"url":"https:\/\/blogg.svenskakyrkan.se\/ekumenik\/author\/cajsasandgren\/"}]}},"author_meta":{"ID":"758","user_nicename":"cajsasandgren","user_registered":"2020-03-30 12:18:16","display_name":"Cajsa Sandgren","first_name":"Cajsa","last_name":"Sandgren","avatar":"https:\/\/secure.gravatar.com\/avatar\/e31f7d8a07c1ebc91108040a0e286ee8b4777bb18f807d9c4073553d066e1d26?s=96&d=mm&r=g"},"featured_image":false,"bloginfo":{"name":"Ekumenikbloggen","url":"https:\/\/blogg.svenskakyrkan.se\/ekumenik"},"_links":{"self":[{"href":"https:\/\/blogg.svenskakyrkan.se\/ekumenik\/wp-json\/wp\/v2\/posts\/1002","targetHints":{"allow":["GET"]}}],"collection":[{"href":"https:\/\/blogg.svenskakyrkan.se\/ekumenik\/wp-json\/wp\/v2\/posts"}],"about":[{"href":"https:\/\/blogg.svenskakyrkan.se\/ekumenik\/wp-json\/wp\/v2\/types\/post"}],"author":[{"embeddable":true,"href":"https:\/\/blogg.svenskakyrkan.se\/ekumenik\/wp-json\/wp\/v2\/users\/758"}],"replies":[{"embeddable":true,"href":"https:\/\/blogg.svenskakyrkan.se\/ekumenik\/wp-json\/wp\/v2\/comments?post=1002"}],"version-history":[{"count":2,"href":"https:\/\/blogg.svenskakyrkan.se\/ekumenik\/wp-json\/wp\/v2\/posts\/1002\/revisions"}],"predecessor-version":[{"id":1004,"href":"https:\/\/blogg.svenskakyrkan.se\/ekumenik\/wp-json\/wp\/v2\/posts\/1002\/revisions\/1004"}],"wp:attachment":[{"href":"https:\/\/blogg.svenskakyrkan.se\/ekumenik\/wp-json\/wp\/v2\/media?parent=1002"}],"wp:term":[{"taxonomy":"category","embeddable":true,"href":"https:\/\/blogg.svenskakyrkan.se\/ekumenik\/wp-json\/wp\/v2\/categories?post=1002"},{"taxonomy":"post_tag","embeddable":true,"href":"https:\/\/blogg.svenskakyrkan.se\/ekumenik\/wp-json\/wp\/v2\/tags?post=1002"}],"curies":[{"name":"wp","href":"https:\/\/api.w.org\/{rel}","templated":true}]}}