{"id":1006,"date":"2021-02-28T13:19:24","date_gmt":"2021-02-28T12:19:24","guid":{"rendered":"http:\/\/blogg.svenskakyrkan.se\/ekumenik\/?p=1006"},"modified":"2024-05-28T15:41:54","modified_gmt":"2024-05-28T13:41:54","slug":"forvandling","status":"publish","type":"post","link":"https:\/\/blogg.svenskakyrkan.se\/ekumenik\/2021\/02\/28\/forvandling\/","title":{"rendered":"F\u00f6rvandling"},"content":{"rendered":"\n\n\n<p>L\u00e4s g\u00e4rna <a href=\"http:\/\/www.uppdragmission.se\/2021\/02\/27\/forvandling\/\">Kr\u00f6nikan <\/a>i sin helhet i det senaste numret av tidskriften Uppdrag Mission, utgiven av Lunds Missionss\u00e4llskap! <\/p>\n\n\n\n<p><\/p>\n\n\n\n<p><\/p>\n","protected":false},"excerpt":{"rendered":"<p>L\u00e4s g\u00e4rna Kr\u00f6nikan i sin helhet i det senaste numret av tidskriften Uppdrag Mission, utgiven av Lunds Missionss\u00e4llskap!<\/p>\n","protected":false},"author":754,"featured_media":0,"comment_status":"open","ping_status":"open","sticky":false,"template":"","format":"standard","meta":{"_acf_changed":false,"footnotes":""},"categories":[160912],"tags":[],"class_list":["post-1006","post","type-post","status-publish","format-standard","hentry","category-johannes-zeiler"],"acf":[],"yoast_head":"<!-- This site is optimized with the Yoast SEO plugin v27.1.1 - https:\/\/yoast.com\/product\/yoast-seo-wordpress\/ -->\n<title>F\u00f6rvandling - Ekumenikbloggen<\/title>\n<meta name=\"robots\" content=\"index, follow, max-snippet:-1, max-image-preview:large, max-video-preview:-1\" \/>\n<link rel=\"canonical\" href=\"https:\/\/blogg.svenskakyrkan.se\/ekumenik\/2021\/02\/28\/forvandling\/\" \/>\n<meta property=\"og:locale\" content=\"sv_SE\" \/>\n<meta property=\"og:type\" content=\"article\" \/>\n<meta property=\"og:title\" content=\"F\u00f6rvandling - Ekumenikbloggen\" \/>\n<meta property=\"og:description\" content=\"L\u00e4s g\u00e4rna Kr\u00f6nikan i sin helhet i det senaste numret av tidskriften Uppdrag Mission, utgiven av Lunds Missionss\u00e4llskap!\" \/>\n<meta property=\"og:url\" content=\"https:\/\/blogg.svenskakyrkan.se\/ekumenik\/2021\/02\/28\/forvandling\/\" \/>\n<meta property=\"og:site_name\" content=\"Ekumenikbloggen\" \/>\n<meta property=\"article:published_time\" content=\"2021-02-28T12:19:24+00:00\" \/>\n<meta property=\"article:modified_time\" content=\"2024-05-28T13:41:54+00:00\" \/>\n<meta name=\"author\" content=\"Johannes Zeiler\" \/>\n<meta name=\"twitter:card\" content=\"summary_large_image\" \/>\n<meta name=\"twitter:label1\" content=\"Skriven av\" \/>\n\t<meta name=\"twitter:data1\" content=\"Johannes Zeiler\" \/>\n\t<meta name=\"twitter:label2\" content=\"Ber\u00e4knad l\u00e4stid\" \/>\n\t<meta name=\"twitter:data2\" content=\"1 minut\" \/>\n<script type=\"application\/ld+json\" class=\"yoast-schema-graph\">{\"@context\":\"https:\/\/schema.org\",\"@graph\":[{\"@type\":\"Article\",\"@id\":\"https:\/\/blogg.svenskakyrkan.se\/ekumenik\/2021\/02\/28\/forvandling\/#article\",\"isPartOf\":{\"@id\":\"https:\/\/blogg.svenskakyrkan.se\/ekumenik\/2021\/02\/28\/forvandling\/\"},\"author\":{\"name\":\"Johannes Zeiler\",\"@id\":\"https:\/\/blogg.svenskakyrkan.se\/ekumenik\/#\/schema\/person\/af312e1f4f4fac302bd34d6dd4f92a55\"},\"headline\":\"F\u00f6rvandling\",\"datePublished\":\"2021-02-28T12:19:24+00:00\",\"dateModified\":\"2024-05-28T13:41:54+00:00\",\"mainEntityOfPage\":{\"@id\":\"https:\/\/blogg.svenskakyrkan.se\/ekumenik\/2021\/02\/28\/forvandling\/\"},\"wordCount\":24,\"commentCount\":0,\"articleSection\":[\"Johannes Zeiler\"],\"inLanguage\":\"sv-SE\",\"potentialAction\":[{\"@type\":\"CommentAction\",\"name\":\"Comment\",\"target\":[\"https:\/\/blogg.svenskakyrkan.se\/ekumenik\/2021\/02\/28\/forvandling\/#respond\"]}]},{\"@type\":\"WebPage\",\"@id\":\"https:\/\/blogg.svenskakyrkan.se\/ekumenik\/2021\/02\/28\/forvandling\/\",\"url\":\"https:\/\/blogg.svenskakyrkan.se\/ekumenik\/2021\/02\/28\/forvandling\/\",\"name\":\"F\u00f6rvandling - Ekumenikbloggen\",\"isPartOf\":{\"@id\":\"https:\/\/blogg.svenskakyrkan.se\/ekumenik\/#website\"},\"datePublished\":\"2021-02-28T12:19:24+00:00\",\"dateModified\":\"2024-05-28T13:41:54+00:00\",\"author\":{\"@id\":\"https:\/\/blogg.svenskakyrkan.se\/ekumenik\/#\/schema\/person\/af312e1f4f4fac302bd34d6dd4f92a55\"},\"breadcrumb\":{\"@id\":\"https:\/\/blogg.svenskakyrkan.se\/ekumenik\/2021\/02\/28\/forvandling\/#breadcrumb\"},\"inLanguage\":\"sv-SE\",\"potentialAction\":[{\"@type\":\"ReadAction\",\"target\":[\"https:\/\/blogg.svenskakyrkan.se\/ekumenik\/2021\/02\/28\/forvandling\/\"]}]},{\"@type\":\"BreadcrumbList\",\"@id\":\"https:\/\/blogg.svenskakyrkan.se\/ekumenik\/2021\/02\/28\/forvandling\/#breadcrumb\",\"itemListElement\":[{\"@type\":\"ListItem\",\"position\":1,\"name\":\"Hem\",\"item\":\"https:\/\/blogg.svenskakyrkan.se\/ekumenik\/\"},{\"@type\":\"ListItem\",\"position\":2,\"name\":\"F\u00f6rvandling\"}]},{\"@type\":\"WebSite\",\"@id\":\"https:\/\/blogg.svenskakyrkan.se\/ekumenik\/#website\",\"url\":\"https:\/\/blogg.svenskakyrkan.se\/ekumenik\/\",\"name\":\"Ekumenikbloggen\",\"description\":\"Svenska kyrkans blogg om ekumenik och interreligi\u00f6s samverkan\",\"potentialAction\":[{\"@type\":\"SearchAction\",\"target\":{\"@type\":\"EntryPoint\",\"urlTemplate\":\"https:\/\/blogg.svenskakyrkan.se\/ekumenik\/?s={search_term_string}\"},\"query-input\":{\"@type\":\"PropertyValueSpecification\",\"valueRequired\":true,\"valueName\":\"search_term_string\"}}],\"inLanguage\":\"sv-SE\"},{\"@type\":\"Person\",\"@id\":\"https:\/\/blogg.svenskakyrkan.se\/ekumenik\/#\/schema\/person\/af312e1f4f4fac302bd34d6dd4f92a55\",\"name\":\"Johannes Zeiler\",\"image\":{\"@type\":\"ImageObject\",\"inLanguage\":\"sv-SE\",\"@id\":\"https:\/\/blogg.svenskakyrkan.se\/ekumenik\/#\/schema\/person\/image\/\",\"url\":\"https:\/\/secure.gravatar.com\/avatar\/ddd7a4536789dbfddb8d26146ab77113b8346a268d627e61afe6dc9e6ff424da?s=96&d=mm&r=g\",\"contentUrl\":\"https:\/\/secure.gravatar.com\/avatar\/ddd7a4536789dbfddb8d26146ab77113b8346a268d627e61afe6dc9e6ff424da?s=96&d=mm&r=g\",\"caption\":\"Johannes Zeiler\"},\"description\":\"Jag arbetar med ekumenik i Svenska kyrkan p\u00e5 Kyrkokansliet i Uppsala. Jag har ett s\u00e4rskilt ansvar f\u00f6r fr\u00e5gor som ber\u00f6r Svenska kyrkans medlemskap och engagemang i Lutherska v\u00e4rldsf\u00f6rbundet. D\u00e4rtill f\u00f6ljer jag v\u00e5ra \u00f6verl\u00e4ggningar med EFS p\u00e5 n\u00e4ra h\u00e5ll samt deltar i dialogsamtalen med Equmeniakyrkan respektive Pingstr\u00f6relsen i Sverige. Jag \u00e4r pr\u00e4st i Svenska kyrkan och teologie doktor i Missionsvetenskap.\",\"url\":\"https:\/\/blogg.svenskakyrkan.se\/ekumenik\/author\/johanneszeiler\/\"}]}<\/script>\n<!-- \/ Yoast SEO plugin. -->","yoast_head_json":{"title":"F\u00f6rvandling - Ekumenikbloggen","robots":{"index":"index","follow":"follow","max-snippet":"max-snippet:-1","max-image-preview":"max-image-preview:large","max-video-preview":"max-video-preview:-1"},"canonical":"https:\/\/blogg.svenskakyrkan.se\/ekumenik\/2021\/02\/28\/forvandling\/","og_locale":"sv_SE","og_type":"article","og_title":"F\u00f6rvandling - Ekumenikbloggen","og_description":"L\u00e4s g\u00e4rna Kr\u00f6nikan i sin helhet i det senaste numret av tidskriften Uppdrag Mission, utgiven av Lunds Missionss\u00e4llskap!","og_url":"https:\/\/blogg.svenskakyrkan.se\/ekumenik\/2021\/02\/28\/forvandling\/","og_site_name":"Ekumenikbloggen","article_published_time":"2021-02-28T12:19:24+00:00","article_modified_time":"2024-05-28T13:41:54+00:00","author":"Johannes Zeiler","twitter_card":"summary_large_image","twitter_misc":{"Skriven av":"Johannes Zeiler","Ber\u00e4knad l\u00e4stid":"1 minut"},"schema":{"@context":"https:\/\/schema.org","@graph":[{"@type":"Article","@id":"https:\/\/blogg.svenskakyrkan.se\/ekumenik\/2021\/02\/28\/forvandling\/#article","isPartOf":{"@id":"https:\/\/blogg.svenskakyrkan.se\/ekumenik\/2021\/02\/28\/forvandling\/"},"author":{"name":"Johannes Zeiler","@id":"https:\/\/blogg.svenskakyrkan.se\/ekumenik\/#\/schema\/person\/af312e1f4f4fac302bd34d6dd4f92a55"},"headline":"F\u00f6rvandling","datePublished":"2021-02-28T12:19:24+00:00","dateModified":"2024-05-28T13:41:54+00:00","mainEntityOfPage":{"@id":"https:\/\/blogg.svenskakyrkan.se\/ekumenik\/2021\/02\/28\/forvandling\/"},"wordCount":24,"commentCount":0,"articleSection":["Johannes Zeiler"],"inLanguage":"sv-SE","potentialAction":[{"@type":"CommentAction","name":"Comment","target":["https:\/\/blogg.svenskakyrkan.se\/ekumenik\/2021\/02\/28\/forvandling\/#respond"]}]},{"@type":"WebPage","@id":"https:\/\/blogg.svenskakyrkan.se\/ekumenik\/2021\/02\/28\/forvandling\/","url":"https:\/\/blogg.svenskakyrkan.se\/ekumenik\/2021\/02\/28\/forvandling\/","name":"F\u00f6rvandling - Ekumenikbloggen","isPartOf":{"@id":"https:\/\/blogg.svenskakyrkan.se\/ekumenik\/#website"},"datePublished":"2021-02-28T12:19:24+00:00","dateModified":"2024-05-28T13:41:54+00:00","author":{"@id":"https:\/\/blogg.svenskakyrkan.se\/ekumenik\/#\/schema\/person\/af312e1f4f4fac302bd34d6dd4f92a55"},"breadcrumb":{"@id":"https:\/\/blogg.svenskakyrkan.se\/ekumenik\/2021\/02\/28\/forvandling\/#breadcrumb"},"inLanguage":"sv-SE","potentialAction":[{"@type":"ReadAction","target":["https:\/\/blogg.svenskakyrkan.se\/ekumenik\/2021\/02\/28\/forvandling\/"]}]},{"@type":"BreadcrumbList","@id":"https:\/\/blogg.svenskakyrkan.se\/ekumenik\/2021\/02\/28\/forvandling\/#breadcrumb","itemListElement":[{"@type":"ListItem","position":1,"name":"Hem","item":"https:\/\/blogg.svenskakyrkan.se\/ekumenik\/"},{"@type":"ListItem","position":2,"name":"F\u00f6rvandling"}]},{"@type":"WebSite","@id":"https:\/\/blogg.svenskakyrkan.se\/ekumenik\/#website","url":"https:\/\/blogg.svenskakyrkan.se\/ekumenik\/","name":"Ekumenikbloggen","description":"Svenska kyrkans blogg om ekumenik och interreligi\u00f6s samverkan","potentialAction":[{"@type":"SearchAction","target":{"@type":"EntryPoint","urlTemplate":"https:\/\/blogg.svenskakyrkan.se\/ekumenik\/?s={search_term_string}"},"query-input":{"@type":"PropertyValueSpecification","valueRequired":true,"valueName":"search_term_string"}}],"inLanguage":"sv-SE"},{"@type":"Person","@id":"https:\/\/blogg.svenskakyrkan.se\/ekumenik\/#\/schema\/person\/af312e1f4f4fac302bd34d6dd4f92a55","name":"Johannes Zeiler","image":{"@type":"ImageObject","inLanguage":"sv-SE","@id":"https:\/\/blogg.svenskakyrkan.se\/ekumenik\/#\/schema\/person\/image\/","url":"https:\/\/secure.gravatar.com\/avatar\/ddd7a4536789dbfddb8d26146ab77113b8346a268d627e61afe6dc9e6ff424da?s=96&d=mm&r=g","contentUrl":"https:\/\/secure.gravatar.com\/avatar\/ddd7a4536789dbfddb8d26146ab77113b8346a268d627e61afe6dc9e6ff424da?s=96&d=mm&r=g","caption":"Johannes Zeiler"},"description":"Jag arbetar med ekumenik i Svenska kyrkan p\u00e5 Kyrkokansliet i Uppsala. Jag har ett s\u00e4rskilt ansvar f\u00f6r fr\u00e5gor som ber\u00f6r Svenska kyrkans medlemskap och engagemang i Lutherska v\u00e4rldsf\u00f6rbundet. D\u00e4rtill f\u00f6ljer jag v\u00e5ra \u00f6verl\u00e4ggningar med EFS p\u00e5 n\u00e4ra h\u00e5ll samt deltar i dialogsamtalen med Equmeniakyrkan respektive Pingstr\u00f6relsen i Sverige. Jag \u00e4r pr\u00e4st i Svenska kyrkan och teologie doktor i Missionsvetenskap.","url":"https:\/\/blogg.svenskakyrkan.se\/ekumenik\/author\/johanneszeiler\/"}]}},"author_meta":{"ID":"754","user_nicename":"johanneszeiler","user_registered":"2020-03-30 12:11:52","display_name":"Johannes Zeiler","first_name":"Johannes","last_name":"Zeiler","avatar":"https:\/\/blogg.svenskakyrkan.se\/ekumenik\/files\/2020\/03\/IMG_0132-II-150x150.jpg"},"featured_image":false,"bloginfo":{"name":"Ekumenikbloggen","url":"https:\/\/blogg.svenskakyrkan.se\/ekumenik"},"_links":{"self":[{"href":"https:\/\/blogg.svenskakyrkan.se\/ekumenik\/wp-json\/wp\/v2\/posts\/1006","targetHints":{"allow":["GET"]}}],"collection":[{"href":"https:\/\/blogg.svenskakyrkan.se\/ekumenik\/wp-json\/wp\/v2\/posts"}],"about":[{"href":"https:\/\/blogg.svenskakyrkan.se\/ekumenik\/wp-json\/wp\/v2\/types\/post"}],"author":[{"embeddable":true,"href":"https:\/\/blogg.svenskakyrkan.se\/ekumenik\/wp-json\/wp\/v2\/users\/754"}],"replies":[{"embeddable":true,"href":"https:\/\/blogg.svenskakyrkan.se\/ekumenik\/wp-json\/wp\/v2\/comments?post=1006"}],"version-history":[{"count":3,"href":"https:\/\/blogg.svenskakyrkan.se\/ekumenik\/wp-json\/wp\/v2\/posts\/1006\/revisions"}],"predecessor-version":[{"id":1513,"href":"https:\/\/blogg.svenskakyrkan.se\/ekumenik\/wp-json\/wp\/v2\/posts\/1006\/revisions\/1513"}],"wp:attachment":[{"href":"https:\/\/blogg.svenskakyrkan.se\/ekumenik\/wp-json\/wp\/v2\/media?parent=1006"}],"wp:term":[{"taxonomy":"category","embeddable":true,"href":"https:\/\/blogg.svenskakyrkan.se\/ekumenik\/wp-json\/wp\/v2\/categories?post=1006"},{"taxonomy":"post_tag","embeddable":true,"href":"https:\/\/blogg.svenskakyrkan.se\/ekumenik\/wp-json\/wp\/v2\/tags?post=1006"}],"curies":[{"name":"wp","href":"https:\/\/api.w.org\/{rel}","templated":true}]}}