{"id":1017,"date":"2021-03-12T09:32:20","date_gmt":"2021-03-12T08:32:20","guid":{"rendered":"http:\/\/blogg.svenskakyrkan.se\/ekumenik\/?p=1017"},"modified":"2021-03-12T09:33:40","modified_gmt":"2021-03-12T08:33:40","slug":"22-27-mars-en-vecka-med-bon-efter-ett-ar-med-covid19","status":"publish","type":"post","link":"https:\/\/blogg.svenskakyrkan.se\/ekumenik\/2021\/03\/12\/22-27-mars-en-vecka-med-bon-efter-ett-ar-med-covid19\/","title":{"rendered":"22- 27 mars, en vecka med b\u00f6n efter ett \u00e5r med Covid19"},"content":{"rendered":"\n\n\n<p>&#8221;The week of prayer is convened with WCC member churches and ecumenical partners, and will share prayers and spiritual resources produced in response to the pandemic.&#8221;, fr\u00e5n Kyrkornas v\u00e4rldsr\u00e5ds webbsida Https:\/\/www.oikoumene.org\/events\/week-of-prayer-on-covid-19-pandemic.<\/p>\n\n\n\n<p>Under veckan s\u00e4nder Kyrkornas v\u00e4rldsr\u00e5d b\u00f6negudstj\u00e4nster online med deltagare fr\u00e5n de olika regionerna v\u00e4rlden \u00f6ver. Fr\u00e5n den 18 mars finns material och b\u00f6ner, som delats fr\u00e5n hela v\u00e4rlden inf\u00f6r veckan, tillg\u00e4ngliga p\u00e5 Kyrkorna v\u00e4rldsr\u00e5ds webbsida.  \u00c4rkebiskop Antje Jackel\u00e9n har bidragit med b\u00f6nen h\u00e4r nedan och som g\u00e4rna f\u00e5r delas och anv\u00e4ndas. <\/p>\n\n\n\n<p><\/p>\n\n\n\n<p><em>L\u00e5t oss be tillsammans <\/em><\/p>\n\n\n\n<p>God of life, God of compassion,<\/p>\n\n\n\n<p>as the pandemic continues to shake our world, we turn to you. We give thanks for the gifts of perseverance and creativity, for care given and vaccines developed, for cries heard and comfort received.<\/p>\n\n\n\n<p>We come to you with all our worries: for loved ones, for societies, for jobs and economies, and for how the most vulnerable among us are being affected. Transform unrest and fear into love and care. Give us courage, wisdom, and energy to change what needs to be changed.<\/p>\n\n\n\n<p>Trusting in the power of the Holy Spirit, we pray <\/p>\n\n\n\n<p>for the sick and those who are caring for them,<\/p>\n\n\n\n<p>for safe and fair distribution of vaccines, <\/p>\n\n\n\n<p>for those who mourn and those who suffer from loneliness,<\/p>\n\n\n\n<p>for those who must take difficult decisions that affect many, <\/p>\n\n\n\n<p>for international cooperation in the service of justice and peace, <\/p>\n\n\n\n<p>for spiritual leadership that is faithful to your will.<\/p>\n\n\n\n<p>In your mercy, help us to hold on to what is right, true and beautiful. Through Jesus Christ, whom we have come to know as our Saviour and Healer. <\/p>\n\n\n\n<p>Amen.<\/p>\n","protected":false},"excerpt":{"rendered":"<p>&#8221;The week of prayer is convened with WCC member churches and ecumenical partners, and will share prayers and spiritual resources produced in response to the pandemic.&#8221;, fr\u00e5n Kyrkornas v\u00e4rldsr\u00e5ds webbsida Https:\/\/www.oikoumene.org\/events\/week-of-prayer-on-covid-19-pandemic. Under veckan s\u00e4nder Kyrkornas v\u00e4rldsr\u00e5d b\u00f6negudstj\u00e4nster online med deltagare fr\u00e5n de olika regionerna v\u00e4rlden \u00f6ver. Fr\u00e5n den 18 mars finns material och b\u00f6ner, som [&hellip;]<\/p>\n","protected":false},"author":756,"featured_media":0,"comment_status":"open","ping_status":"open","sticky":false,"template":"","format":"standard","meta":{"_acf_changed":false,"footnotes":""},"categories":[9],"tags":[160953],"class_list":["post-1017","post","type-post","status-publish","format-standard","hentry","category-okategoriserade","tag-bon-covid-19"],"acf":[],"yoast_head":"<!-- This site is optimized with the Yoast SEO plugin v27.1.1 - https:\/\/yoast.com\/product\/yoast-seo-wordpress\/ -->\n<title>22- 27 mars, en vecka med b\u00f6n efter ett \u00e5r med Covid19 - Ekumenikbloggen<\/title>\n<meta name=\"robots\" content=\"index, follow, max-snippet:-1, max-image-preview:large, max-video-preview:-1\" \/>\n<link rel=\"canonical\" href=\"https:\/\/blogg.svenskakyrkan.se\/ekumenik\/2021\/03\/12\/22-27-mars-en-vecka-med-bon-efter-ett-ar-med-covid19\/\" \/>\n<meta property=\"og:locale\" content=\"sv_SE\" \/>\n<meta property=\"og:type\" content=\"article\" \/>\n<meta property=\"og:title\" content=\"22- 27 mars, en vecka med b\u00f6n efter ett \u00e5r med Covid19 - Ekumenikbloggen\" \/>\n<meta property=\"og:description\" content=\"&#8221;The week of prayer is convened with WCC member churches and ecumenical partners, and will share prayers and spiritual resources produced in response to the pandemic.&#8221;, fr\u00e5n Kyrkornas v\u00e4rldsr\u00e5ds webbsida Https:\/\/www.oikoumene.org\/events\/week-of-prayer-on-covid-19-pandemic. Under veckan s\u00e4nder Kyrkornas v\u00e4rldsr\u00e5d b\u00f6negudstj\u00e4nster online med deltagare fr\u00e5n de olika regionerna v\u00e4rlden \u00f6ver. Fr\u00e5n den 18 mars finns material och b\u00f6ner, som [&hellip;]\" \/>\n<meta property=\"og:url\" content=\"https:\/\/blogg.svenskakyrkan.se\/ekumenik\/2021\/03\/12\/22-27-mars-en-vecka-med-bon-efter-ett-ar-med-covid19\/\" \/>\n<meta property=\"og:site_name\" content=\"Ekumenikbloggen\" \/>\n<meta property=\"article:published_time\" content=\"2021-03-12T08:32:20+00:00\" \/>\n<meta property=\"article:modified_time\" content=\"2021-03-12T08:33:40+00:00\" \/>\n<meta name=\"author\" content=\"Mona Ker\u00e4nen\" \/>\n<meta name=\"twitter:card\" content=\"summary_large_image\" \/>\n<meta name=\"twitter:label1\" content=\"Skriven av\" \/>\n\t<meta name=\"twitter:data1\" content=\"Mona Ker\u00e4nen\" \/>\n\t<meta name=\"twitter:label2\" content=\"Ber\u00e4knad l\u00e4stid\" \/>\n\t<meta name=\"twitter:data2\" content=\"2 minuter\" \/>\n<script type=\"application\/ld+json\" class=\"yoast-schema-graph\">{\"@context\":\"https:\/\/schema.org\",\"@graph\":[{\"@type\":\"Article\",\"@id\":\"https:\/\/blogg.svenskakyrkan.se\/ekumenik\/2021\/03\/12\/22-27-mars-en-vecka-med-bon-efter-ett-ar-med-covid19\/#article\",\"isPartOf\":{\"@id\":\"https:\/\/blogg.svenskakyrkan.se\/ekumenik\/2021\/03\/12\/22-27-mars-en-vecka-med-bon-efter-ett-ar-med-covid19\/\"},\"author\":{\"name\":\"Mona Ker\u00e4nen\",\"@id\":\"https:\/\/blogg.svenskakyrkan.se\/ekumenik\/#\/schema\/person\/919deb268552a410c83614a4e5ff643f\"},\"headline\":\"22- 27 mars, en vecka med b\u00f6n efter ett \u00e5r med Covid19\",\"datePublished\":\"2021-03-12T08:32:20+00:00\",\"dateModified\":\"2021-03-12T08:33:40+00:00\",\"mainEntityOfPage\":{\"@id\":\"https:\/\/blogg.svenskakyrkan.se\/ekumenik\/2021\/03\/12\/22-27-mars-en-vecka-med-bon-efter-ett-ar-med-covid19\/\"},\"wordCount\":313,\"commentCount\":0,\"keywords\":[\"B\u00f6n Covid 19\"],\"inLanguage\":\"sv-SE\",\"potentialAction\":[{\"@type\":\"CommentAction\",\"name\":\"Comment\",\"target\":[\"https:\/\/blogg.svenskakyrkan.se\/ekumenik\/2021\/03\/12\/22-27-mars-en-vecka-med-bon-efter-ett-ar-med-covid19\/#respond\"]}]},{\"@type\":\"WebPage\",\"@id\":\"https:\/\/blogg.svenskakyrkan.se\/ekumenik\/2021\/03\/12\/22-27-mars-en-vecka-med-bon-efter-ett-ar-med-covid19\/\",\"url\":\"https:\/\/blogg.svenskakyrkan.se\/ekumenik\/2021\/03\/12\/22-27-mars-en-vecka-med-bon-efter-ett-ar-med-covid19\/\",\"name\":\"22- 27 mars, en vecka med b\u00f6n efter ett \u00e5r med Covid19 - Ekumenikbloggen\",\"isPartOf\":{\"@id\":\"https:\/\/blogg.svenskakyrkan.se\/ekumenik\/#website\"},\"datePublished\":\"2021-03-12T08:32:20+00:00\",\"dateModified\":\"2021-03-12T08:33:40+00:00\",\"author\":{\"@id\":\"https:\/\/blogg.svenskakyrkan.se\/ekumenik\/#\/schema\/person\/919deb268552a410c83614a4e5ff643f\"},\"breadcrumb\":{\"@id\":\"https:\/\/blogg.svenskakyrkan.se\/ekumenik\/2021\/03\/12\/22-27-mars-en-vecka-med-bon-efter-ett-ar-med-covid19\/#breadcrumb\"},\"inLanguage\":\"sv-SE\",\"potentialAction\":[{\"@type\":\"ReadAction\",\"target\":[\"https:\/\/blogg.svenskakyrkan.se\/ekumenik\/2021\/03\/12\/22-27-mars-en-vecka-med-bon-efter-ett-ar-med-covid19\/\"]}]},{\"@type\":\"BreadcrumbList\",\"@id\":\"https:\/\/blogg.svenskakyrkan.se\/ekumenik\/2021\/03\/12\/22-27-mars-en-vecka-med-bon-efter-ett-ar-med-covid19\/#breadcrumb\",\"itemListElement\":[{\"@type\":\"ListItem\",\"position\":1,\"name\":\"Hem\",\"item\":\"https:\/\/blogg.svenskakyrkan.se\/ekumenik\/\"},{\"@type\":\"ListItem\",\"position\":2,\"name\":\"22- 27 mars, en vecka med b\u00f6n efter ett \u00e5r med Covid19\"}]},{\"@type\":\"WebSite\",\"@id\":\"https:\/\/blogg.svenskakyrkan.se\/ekumenik\/#website\",\"url\":\"https:\/\/blogg.svenskakyrkan.se\/ekumenik\/\",\"name\":\"Ekumenikbloggen\",\"description\":\"Svenska kyrkans blogg om ekumenik och interreligi\u00f6s samverkan\",\"potentialAction\":[{\"@type\":\"SearchAction\",\"target\":{\"@type\":\"EntryPoint\",\"urlTemplate\":\"https:\/\/blogg.svenskakyrkan.se\/ekumenik\/?s={search_term_string}\"},\"query-input\":{\"@type\":\"PropertyValueSpecification\",\"valueRequired\":true,\"valueName\":\"search_term_string\"}}],\"inLanguage\":\"sv-SE\"},{\"@type\":\"Person\",\"@id\":\"https:\/\/blogg.svenskakyrkan.se\/ekumenik\/#\/schema\/person\/919deb268552a410c83614a4e5ff643f\",\"name\":\"Mona Ker\u00e4nen\",\"image\":{\"@type\":\"ImageObject\",\"inLanguage\":\"sv-SE\",\"@id\":\"https:\/\/blogg.svenskakyrkan.se\/ekumenik\/#\/schema\/person\/image\/\",\"url\":\"https:\/\/secure.gravatar.com\/avatar\/a80bbd77a72291d1fad9191d6e79635d92aeb51db59e98bab841a1200da02eef?s=96&d=mm&r=g\",\"contentUrl\":\"https:\/\/secure.gravatar.com\/avatar\/a80bbd77a72291d1fad9191d6e79635d92aeb51db59e98bab841a1200da02eef?s=96&d=mm&r=g\",\"caption\":\"Mona Ker\u00e4nen\"},\"url\":\"https:\/\/blogg.svenskakyrkan.se\/ekumenik\/author\/monakeranen\/\"}]}<\/script>\n<!-- \/ Yoast SEO plugin. -->","yoast_head_json":{"title":"22- 27 mars, en vecka med b\u00f6n efter ett \u00e5r med Covid19 - Ekumenikbloggen","robots":{"index":"index","follow":"follow","max-snippet":"max-snippet:-1","max-image-preview":"max-image-preview:large","max-video-preview":"max-video-preview:-1"},"canonical":"https:\/\/blogg.svenskakyrkan.se\/ekumenik\/2021\/03\/12\/22-27-mars-en-vecka-med-bon-efter-ett-ar-med-covid19\/","og_locale":"sv_SE","og_type":"article","og_title":"22- 27 mars, en vecka med b\u00f6n efter ett \u00e5r med Covid19 - Ekumenikbloggen","og_description":"&#8221;The week of prayer is convened with WCC member churches and ecumenical partners, and will share prayers and spiritual resources produced in response to the pandemic.&#8221;, fr\u00e5n Kyrkornas v\u00e4rldsr\u00e5ds webbsida Https:\/\/www.oikoumene.org\/events\/week-of-prayer-on-covid-19-pandemic. Under veckan s\u00e4nder Kyrkornas v\u00e4rldsr\u00e5d b\u00f6negudstj\u00e4nster online med deltagare fr\u00e5n de olika regionerna v\u00e4rlden \u00f6ver. Fr\u00e5n den 18 mars finns material och b\u00f6ner, som [&hellip;]","og_url":"https:\/\/blogg.svenskakyrkan.se\/ekumenik\/2021\/03\/12\/22-27-mars-en-vecka-med-bon-efter-ett-ar-med-covid19\/","og_site_name":"Ekumenikbloggen","article_published_time":"2021-03-12T08:32:20+00:00","article_modified_time":"2021-03-12T08:33:40+00:00","author":"Mona Ker\u00e4nen","twitter_card":"summary_large_image","twitter_misc":{"Skriven av":"Mona Ker\u00e4nen","Ber\u00e4knad l\u00e4stid":"2 minuter"},"schema":{"@context":"https:\/\/schema.org","@graph":[{"@type":"Article","@id":"https:\/\/blogg.svenskakyrkan.se\/ekumenik\/2021\/03\/12\/22-27-mars-en-vecka-med-bon-efter-ett-ar-med-covid19\/#article","isPartOf":{"@id":"https:\/\/blogg.svenskakyrkan.se\/ekumenik\/2021\/03\/12\/22-27-mars-en-vecka-med-bon-efter-ett-ar-med-covid19\/"},"author":{"name":"Mona Ker\u00e4nen","@id":"https:\/\/blogg.svenskakyrkan.se\/ekumenik\/#\/schema\/person\/919deb268552a410c83614a4e5ff643f"},"headline":"22- 27 mars, en vecka med b\u00f6n efter ett \u00e5r med Covid19","datePublished":"2021-03-12T08:32:20+00:00","dateModified":"2021-03-12T08:33:40+00:00","mainEntityOfPage":{"@id":"https:\/\/blogg.svenskakyrkan.se\/ekumenik\/2021\/03\/12\/22-27-mars-en-vecka-med-bon-efter-ett-ar-med-covid19\/"},"wordCount":313,"commentCount":0,"keywords":["B\u00f6n Covid 19"],"inLanguage":"sv-SE","potentialAction":[{"@type":"CommentAction","name":"Comment","target":["https:\/\/blogg.svenskakyrkan.se\/ekumenik\/2021\/03\/12\/22-27-mars-en-vecka-med-bon-efter-ett-ar-med-covid19\/#respond"]}]},{"@type":"WebPage","@id":"https:\/\/blogg.svenskakyrkan.se\/ekumenik\/2021\/03\/12\/22-27-mars-en-vecka-med-bon-efter-ett-ar-med-covid19\/","url":"https:\/\/blogg.svenskakyrkan.se\/ekumenik\/2021\/03\/12\/22-27-mars-en-vecka-med-bon-efter-ett-ar-med-covid19\/","name":"22- 27 mars, en vecka med b\u00f6n efter ett \u00e5r med Covid19 - Ekumenikbloggen","isPartOf":{"@id":"https:\/\/blogg.svenskakyrkan.se\/ekumenik\/#website"},"datePublished":"2021-03-12T08:32:20+00:00","dateModified":"2021-03-12T08:33:40+00:00","author":{"@id":"https:\/\/blogg.svenskakyrkan.se\/ekumenik\/#\/schema\/person\/919deb268552a410c83614a4e5ff643f"},"breadcrumb":{"@id":"https:\/\/blogg.svenskakyrkan.se\/ekumenik\/2021\/03\/12\/22-27-mars-en-vecka-med-bon-efter-ett-ar-med-covid19\/#breadcrumb"},"inLanguage":"sv-SE","potentialAction":[{"@type":"ReadAction","target":["https:\/\/blogg.svenskakyrkan.se\/ekumenik\/2021\/03\/12\/22-27-mars-en-vecka-med-bon-efter-ett-ar-med-covid19\/"]}]},{"@type":"BreadcrumbList","@id":"https:\/\/blogg.svenskakyrkan.se\/ekumenik\/2021\/03\/12\/22-27-mars-en-vecka-med-bon-efter-ett-ar-med-covid19\/#breadcrumb","itemListElement":[{"@type":"ListItem","position":1,"name":"Hem","item":"https:\/\/blogg.svenskakyrkan.se\/ekumenik\/"},{"@type":"ListItem","position":2,"name":"22- 27 mars, en vecka med b\u00f6n efter ett \u00e5r med Covid19"}]},{"@type":"WebSite","@id":"https:\/\/blogg.svenskakyrkan.se\/ekumenik\/#website","url":"https:\/\/blogg.svenskakyrkan.se\/ekumenik\/","name":"Ekumenikbloggen","description":"Svenska kyrkans blogg om ekumenik och interreligi\u00f6s samverkan","potentialAction":[{"@type":"SearchAction","target":{"@type":"EntryPoint","urlTemplate":"https:\/\/blogg.svenskakyrkan.se\/ekumenik\/?s={search_term_string}"},"query-input":{"@type":"PropertyValueSpecification","valueRequired":true,"valueName":"search_term_string"}}],"inLanguage":"sv-SE"},{"@type":"Person","@id":"https:\/\/blogg.svenskakyrkan.se\/ekumenik\/#\/schema\/person\/919deb268552a410c83614a4e5ff643f","name":"Mona Ker\u00e4nen","image":{"@type":"ImageObject","inLanguage":"sv-SE","@id":"https:\/\/blogg.svenskakyrkan.se\/ekumenik\/#\/schema\/person\/image\/","url":"https:\/\/secure.gravatar.com\/avatar\/a80bbd77a72291d1fad9191d6e79635d92aeb51db59e98bab841a1200da02eef?s=96&d=mm&r=g","contentUrl":"https:\/\/secure.gravatar.com\/avatar\/a80bbd77a72291d1fad9191d6e79635d92aeb51db59e98bab841a1200da02eef?s=96&d=mm&r=g","caption":"Mona Ker\u00e4nen"},"url":"https:\/\/blogg.svenskakyrkan.se\/ekumenik\/author\/monakeranen\/"}]}},"author_meta":{"ID":"756","user_nicename":"monakeranen","user_registered":"2020-03-30 12:16:31","display_name":"Mona Ker\u00e4nen","first_name":"Mona","last_name":"Ker\u00e4nen","avatar":"https:\/\/secure.gravatar.com\/avatar\/a80bbd77a72291d1fad9191d6e79635d92aeb51db59e98bab841a1200da02eef?s=96&d=mm&r=g"},"featured_image":false,"bloginfo":{"name":"Ekumenikbloggen","url":"https:\/\/blogg.svenskakyrkan.se\/ekumenik"},"_links":{"self":[{"href":"https:\/\/blogg.svenskakyrkan.se\/ekumenik\/wp-json\/wp\/v2\/posts\/1017","targetHints":{"allow":["GET"]}}],"collection":[{"href":"https:\/\/blogg.svenskakyrkan.se\/ekumenik\/wp-json\/wp\/v2\/posts"}],"about":[{"href":"https:\/\/blogg.svenskakyrkan.se\/ekumenik\/wp-json\/wp\/v2\/types\/post"}],"author":[{"embeddable":true,"href":"https:\/\/blogg.svenskakyrkan.se\/ekumenik\/wp-json\/wp\/v2\/users\/756"}],"replies":[{"embeddable":true,"href":"https:\/\/blogg.svenskakyrkan.se\/ekumenik\/wp-json\/wp\/v2\/comments?post=1017"}],"version-history":[{"count":3,"href":"https:\/\/blogg.svenskakyrkan.se\/ekumenik\/wp-json\/wp\/v2\/posts\/1017\/revisions"}],"predecessor-version":[{"id":1022,"href":"https:\/\/blogg.svenskakyrkan.se\/ekumenik\/wp-json\/wp\/v2\/posts\/1017\/revisions\/1022"}],"wp:attachment":[{"href":"https:\/\/blogg.svenskakyrkan.se\/ekumenik\/wp-json\/wp\/v2\/media?parent=1017"}],"wp:term":[{"taxonomy":"category","embeddable":true,"href":"https:\/\/blogg.svenskakyrkan.se\/ekumenik\/wp-json\/wp\/v2\/categories?post=1017"},{"taxonomy":"post_tag","embeddable":true,"href":"https:\/\/blogg.svenskakyrkan.se\/ekumenik\/wp-json\/wp\/v2\/tags?post=1017"}],"curies":[{"name":"wp","href":"https:\/\/api.w.org\/{rel}","templated":true}]}}