{"id":1025,"date":"2021-04-13T12:42:16","date_gmt":"2021-04-13T10:42:16","guid":{"rendered":"http:\/\/blogg.svenskakyrkan.se\/ekumenik\/?p=1025"},"modified":"2021-04-13T12:42:18","modified_gmt":"2021-04-13T10:42:18","slug":"ekumenisk-och-interreligios-samverkan-mot-hat-och-hot","status":"publish","type":"post","link":"https:\/\/blogg.svenskakyrkan.se\/ekumenik\/2021\/04\/13\/ekumenisk-och-interreligios-samverkan-mot-hat-och-hot\/","title":{"rendered":"Ekumenisk och interreligi\u00f6s samverkan mot hat och hot"},"content":{"rendered":"\n\n\n<p>Det finns m\u00e5nga sorgliga exempel p\u00e5 attacker p\u00e5 platser f\u00f6r religi\u00f6s ut\u00f6vning b\u00e5de nu och f\u00f6rr. Bara de senaste \u00e5ren kan jag n\u00e4mna synagogan i Halle, mosk\u00e9erna i Christchurch och B\u00e6rum, kyrkor i Saint-Etienne-du-Rouvray och Nice. Internationella exempel som f\u00e5tt st\u00f6rre spridning. Lokala attacker och trakasserier&nbsp; uppm\u00e4rksammas inte lika mycket men \u00e4r n\u00e4stan vardagsmat. Hakkors m\u00e5las p\u00e5 en mosk\u00e9, en kyrka eller judiska institutioner, vitt pulver i ett brev skickas till f\u00f6rest\u00e5ndarna\u2026 exemplen \u00e4r f\u00f6r m\u00e5nga f\u00f6r att lista och, \u00e4rligt talat, f\u00f6r man ska orka med att ta in dem.<\/p>\n\n\n\n<p>N\u00e4r jag h\u00f6r om en s\u00e5n h\u00e4ndelse blir min f\u00f6rsta reaktion bedr\u00f6velse \u00f6ver att hat och hot riktas mot just de platser som jag kopplar till str\u00e4van efter fred, medm\u00e4nsklighet och samh\u00e4llsbyggande v\u00e4rden. Men jag noterar att jag tyv\u00e4rr inte blir f\u00f6rv\u00e5nad. Polariseringen i samh\u00e4llet syns p\u00e5 s\u00e5 m\u00e5nga plan.<\/p>\n\n\n\n<p>Hur kan jag d\u00e5 bidra till att m\u00e4nniskor, oavsett religion, kan k\u00e4nna sig s\u00e4kra n\u00e4r de ska g\u00e5 och lovsjunga, be eller umg\u00e5s med v\u00e4nner och trossyskon? Uppenbarligen beh\u00f6ver n\u00e5got g\u00f6ras \u00e5t os\u00e4kerheten vid v\u00e5ra platser f\u00f6r religi\u00f6s ut\u00f6vning.<\/p>\n\n\n\n<p>Jag blev v\u00e4ldigt glad n\u00e4r jag fick nyheten att fr\u00e5gan f\u00e5tt uppm\u00e4rksamhet inom EU och att man har nu gett medel till religi\u00f6sa organisationer f\u00f6r ett arbete med att \u00f6ka s\u00e4kerheten f\u00f6r dessa platser. Det \u00e4r bra att EU inser det \u00e4r trossamfunden tillsammans som \u00e4r b\u00e4st l\u00e4mpade att tackla fr\u00e5gan.<\/p>\n\n\n\n<p>Flera religi\u00f6sa organisationer i Europa som alla \u00e4r drabbade av dessa attacker har allts\u00e5 best\u00e4mt sig f\u00f6r att f\u00f6renas i ett tv\u00e5\u00e5rigt samarbetsprojekt som EU st\u00f6djer, Safer and Stronger Communities in Europe (SASCE). Trossamfunden \u00e4r representerade av European Jewish Congress (EJC), Konferensen f\u00f6r europeiska kyrkor (KEK), muslimska Faith Matters och European Buddhist Union.<\/p>\n\n\n\n<p>Syftet med projektet \u00e4r som sagt att \u00f6ka s\u00e4kerheten i och kring platser f\u00f6r religi\u00f6s ut\u00f6vning. Som vi vet \u00e4r det inte bara pl\u00e5stret p\u00e5 s\u00e5ret som g\u00f6r skillnad utan det \u00e4r det f\u00f6rebyggande arbetet &#8211; att se till att skadan aldrig uppst\u00e5r &#8211;&nbsp; som \u00e4r den l\u00e5ngsiktiga l\u00f6sningen och d\u00e4rf\u00f6r kommer projektet att fokusera p\u00e5 just detta.<\/p>\n\n\n\n<p>Man kommer att samla och sprida metoder och material och erbjuda utbildningar f\u00f6r de olika religi\u00f6sa samfunden och f\u00f6rsamlingarna. Projektet \u00e4r fortfarande i sin linda men n\u00e4r det b\u00f6rjar bli verkstad tror jag att vi kommer att f\u00e5 se att g\u00f6r skillnad. Inom kort kommer en webbplats att uppr\u00e4ttas f\u00f6r att fler kan f\u00f6lja projektet och f\u00f6r att dela erfarenheter och material.<\/p>\n\n\n\n<p>Svenska kyrkan \u00e4r delaktig fr\u00e4mst genom att vara medlem i Konferensen f\u00f6r europeiska kyrkor och kommer b\u00e5de att kunna bidra till erfarenhetsutbytet och berikas av de metoder och id\u00e9er som tas fram inom projektet.<\/p>\n\n\n\n<p>Som medlem och medarbetare i Svenska kyrkan k\u00e4nns det stort att vara en del av detta arbete. Och jag p\u00e5minns att det \u00e4r genom de stora ekumeniska organisationerna som detta blir m\u00f6jligt p\u00e5 en global &#8211; eller i detta fallet europeisk &#8211; skala. Ekumenisk och interreligi\u00f6s samverkan som kommer att g\u00f6ra skillnad f\u00f6r s\u00e5 m\u00e5nga troendes vardag.<\/p>\n","protected":false},"excerpt":{"rendered":"<p>Det finns m\u00e5nga sorgliga exempel p\u00e5 attacker p\u00e5 platser f\u00f6r religi\u00f6s ut\u00f6vning b\u00e5de nu och f\u00f6rr. Bara de senaste \u00e5ren kan jag n\u00e4mna synagogan i Halle, mosk\u00e9erna i Christchurch och B\u00e6rum, kyrkor i Saint-Etienne-du-Rouvray och Nice. Internationella exempel som f\u00e5tt st\u00f6rre spridning. Lokala attacker och trakasserier&nbsp; uppm\u00e4rksammas inte lika mycket men \u00e4r n\u00e4stan vardagsmat. Hakkors [&hellip;]<\/p>\n","protected":false},"author":103,"featured_media":0,"comment_status":"open","ping_status":"open","sticky":false,"template":"","format":"standard","meta":{"_acf_changed":false,"footnotes":""},"categories":[9],"tags":[160919,45121],"class_list":["post-1025","post","type-post","status-publish","format-standard","hentry","category-okategoriserade","tag-interreligiost","tag-kek"],"acf":[],"yoast_head":"<!-- This site is optimized with the Yoast SEO plugin v27.1.1 - https:\/\/yoast.com\/product\/yoast-seo-wordpress\/ -->\n<title>Ekumenisk och interreligi\u00f6s samverkan mot hat och hot - Ekumenikbloggen<\/title>\n<meta name=\"robots\" content=\"index, follow, max-snippet:-1, max-image-preview:large, max-video-preview:-1\" \/>\n<link rel=\"canonical\" href=\"https:\/\/blogg.svenskakyrkan.se\/ekumenik\/2021\/04\/13\/ekumenisk-och-interreligios-samverkan-mot-hat-och-hot\/\" \/>\n<meta property=\"og:locale\" content=\"sv_SE\" \/>\n<meta property=\"og:type\" content=\"article\" \/>\n<meta property=\"og:title\" content=\"Ekumenisk och interreligi\u00f6s samverkan mot hat och hot - Ekumenikbloggen\" \/>\n<meta property=\"og:description\" content=\"Det finns m\u00e5nga sorgliga exempel p\u00e5 attacker p\u00e5 platser f\u00f6r religi\u00f6s ut\u00f6vning b\u00e5de nu och f\u00f6rr. Bara de senaste \u00e5ren kan jag n\u00e4mna synagogan i Halle, mosk\u00e9erna i Christchurch och B\u00e6rum, kyrkor i Saint-Etienne-du-Rouvray och Nice. Internationella exempel som f\u00e5tt st\u00f6rre spridning. Lokala attacker och trakasserier&nbsp; uppm\u00e4rksammas inte lika mycket men \u00e4r n\u00e4stan vardagsmat. Hakkors [&hellip;]\" \/>\n<meta property=\"og:url\" content=\"https:\/\/blogg.svenskakyrkan.se\/ekumenik\/2021\/04\/13\/ekumenisk-och-interreligios-samverkan-mot-hat-och-hot\/\" \/>\n<meta property=\"og:site_name\" content=\"Ekumenikbloggen\" \/>\n<meta property=\"article:published_time\" content=\"2021-04-13T10:42:16+00:00\" \/>\n<meta property=\"article:modified_time\" content=\"2021-04-13T10:42:18+00:00\" \/>\n<meta name=\"author\" content=\"Sigurdur Hafthorsson\" \/>\n<meta name=\"twitter:card\" content=\"summary_large_image\" \/>\n<meta name=\"twitter:label1\" content=\"Skriven av\" \/>\n\t<meta name=\"twitter:data1\" content=\"Sigurdur Hafthorsson\" \/>\n\t<meta name=\"twitter:label2\" content=\"Ber\u00e4knad l\u00e4stid\" \/>\n\t<meta name=\"twitter:data2\" content=\"3 minuter\" \/>\n<script type=\"application\/ld+json\" class=\"yoast-schema-graph\">{\"@context\":\"https:\/\/schema.org\",\"@graph\":[{\"@type\":\"Article\",\"@id\":\"https:\/\/blogg.svenskakyrkan.se\/ekumenik\/2021\/04\/13\/ekumenisk-och-interreligios-samverkan-mot-hat-och-hot\/#article\",\"isPartOf\":{\"@id\":\"https:\/\/blogg.svenskakyrkan.se\/ekumenik\/2021\/04\/13\/ekumenisk-och-interreligios-samverkan-mot-hat-och-hot\/\"},\"author\":{\"name\":\"Sigurdur Hafthorsson\",\"@id\":\"https:\/\/blogg.svenskakyrkan.se\/ekumenik\/#\/schema\/person\/5ad3391a356006d50ac032b7b69c159d\"},\"headline\":\"Ekumenisk och interreligi\u00f6s samverkan mot hat och hot\",\"datePublished\":\"2021-04-13T10:42:16+00:00\",\"dateModified\":\"2021-04-13T10:42:18+00:00\",\"mainEntityOfPage\":{\"@id\":\"https:\/\/blogg.svenskakyrkan.se\/ekumenik\/2021\/04\/13\/ekumenisk-och-interreligios-samverkan-mot-hat-och-hot\/\"},\"wordCount\":608,\"commentCount\":0,\"keywords\":[\"Interreligi\u00f6st\",\"KEK\"],\"inLanguage\":\"sv-SE\",\"potentialAction\":[{\"@type\":\"CommentAction\",\"name\":\"Comment\",\"target\":[\"https:\/\/blogg.svenskakyrkan.se\/ekumenik\/2021\/04\/13\/ekumenisk-och-interreligios-samverkan-mot-hat-och-hot\/#respond\"]}]},{\"@type\":\"WebPage\",\"@id\":\"https:\/\/blogg.svenskakyrkan.se\/ekumenik\/2021\/04\/13\/ekumenisk-och-interreligios-samverkan-mot-hat-och-hot\/\",\"url\":\"https:\/\/blogg.svenskakyrkan.se\/ekumenik\/2021\/04\/13\/ekumenisk-och-interreligios-samverkan-mot-hat-och-hot\/\",\"name\":\"Ekumenisk och interreligi\u00f6s samverkan mot hat och hot - Ekumenikbloggen\",\"isPartOf\":{\"@id\":\"https:\/\/blogg.svenskakyrkan.se\/ekumenik\/#website\"},\"datePublished\":\"2021-04-13T10:42:16+00:00\",\"dateModified\":\"2021-04-13T10:42:18+00:00\",\"author\":{\"@id\":\"https:\/\/blogg.svenskakyrkan.se\/ekumenik\/#\/schema\/person\/5ad3391a356006d50ac032b7b69c159d\"},\"breadcrumb\":{\"@id\":\"https:\/\/blogg.svenskakyrkan.se\/ekumenik\/2021\/04\/13\/ekumenisk-och-interreligios-samverkan-mot-hat-och-hot\/#breadcrumb\"},\"inLanguage\":\"sv-SE\",\"potentialAction\":[{\"@type\":\"ReadAction\",\"target\":[\"https:\/\/blogg.svenskakyrkan.se\/ekumenik\/2021\/04\/13\/ekumenisk-och-interreligios-samverkan-mot-hat-och-hot\/\"]}]},{\"@type\":\"BreadcrumbList\",\"@id\":\"https:\/\/blogg.svenskakyrkan.se\/ekumenik\/2021\/04\/13\/ekumenisk-och-interreligios-samverkan-mot-hat-och-hot\/#breadcrumb\",\"itemListElement\":[{\"@type\":\"ListItem\",\"position\":1,\"name\":\"Hem\",\"item\":\"https:\/\/blogg.svenskakyrkan.se\/ekumenik\/\"},{\"@type\":\"ListItem\",\"position\":2,\"name\":\"Ekumenisk och interreligi\u00f6s samverkan mot hat och hot\"}]},{\"@type\":\"WebSite\",\"@id\":\"https:\/\/blogg.svenskakyrkan.se\/ekumenik\/#website\",\"url\":\"https:\/\/blogg.svenskakyrkan.se\/ekumenik\/\",\"name\":\"Ekumenikbloggen\",\"description\":\"Svenska kyrkans blogg om ekumenik och interreligi\u00f6s samverkan\",\"potentialAction\":[{\"@type\":\"SearchAction\",\"target\":{\"@type\":\"EntryPoint\",\"urlTemplate\":\"https:\/\/blogg.svenskakyrkan.se\/ekumenik\/?s={search_term_string}\"},\"query-input\":{\"@type\":\"PropertyValueSpecification\",\"valueRequired\":true,\"valueName\":\"search_term_string\"}}],\"inLanguage\":\"sv-SE\"},{\"@type\":\"Person\",\"@id\":\"https:\/\/blogg.svenskakyrkan.se\/ekumenik\/#\/schema\/person\/5ad3391a356006d50ac032b7b69c159d\",\"name\":\"Sigurdur Hafthorsson\",\"image\":{\"@type\":\"ImageObject\",\"inLanguage\":\"sv-SE\",\"@id\":\"https:\/\/blogg.svenskakyrkan.se\/ekumenik\/#\/schema\/person\/image\/\",\"url\":\"https:\/\/secure.gravatar.com\/avatar\/9555024efd78e4779967459adf0bcbd071e66739b61e5fd0e4409bb991d9fe0c?s=96&d=mm&r=g\",\"contentUrl\":\"https:\/\/secure.gravatar.com\/avatar\/9555024efd78e4779967459adf0bcbd071e66739b61e5fd0e4409bb991d9fe0c?s=96&d=mm&r=g\",\"caption\":\"Sigurdur Hafthorsson\"},\"description\":\"Teologisk sekreterare p\u00e5 kyrkokansliet i Uppsala\",\"url\":\"https:\/\/blogg.svenskakyrkan.se\/ekumenik\/author\/sigurhaf\/\"}]}<\/script>\n<!-- \/ Yoast SEO plugin. -->","yoast_head_json":{"title":"Ekumenisk och interreligi\u00f6s samverkan mot hat och hot - Ekumenikbloggen","robots":{"index":"index","follow":"follow","max-snippet":"max-snippet:-1","max-image-preview":"max-image-preview:large","max-video-preview":"max-video-preview:-1"},"canonical":"https:\/\/blogg.svenskakyrkan.se\/ekumenik\/2021\/04\/13\/ekumenisk-och-interreligios-samverkan-mot-hat-och-hot\/","og_locale":"sv_SE","og_type":"article","og_title":"Ekumenisk och interreligi\u00f6s samverkan mot hat och hot - Ekumenikbloggen","og_description":"Det finns m\u00e5nga sorgliga exempel p\u00e5 attacker p\u00e5 platser f\u00f6r religi\u00f6s ut\u00f6vning b\u00e5de nu och f\u00f6rr. Bara de senaste \u00e5ren kan jag n\u00e4mna synagogan i Halle, mosk\u00e9erna i Christchurch och B\u00e6rum, kyrkor i Saint-Etienne-du-Rouvray och Nice. Internationella exempel som f\u00e5tt st\u00f6rre spridning. Lokala attacker och trakasserier&nbsp; uppm\u00e4rksammas inte lika mycket men \u00e4r n\u00e4stan vardagsmat. Hakkors [&hellip;]","og_url":"https:\/\/blogg.svenskakyrkan.se\/ekumenik\/2021\/04\/13\/ekumenisk-och-interreligios-samverkan-mot-hat-och-hot\/","og_site_name":"Ekumenikbloggen","article_published_time":"2021-04-13T10:42:16+00:00","article_modified_time":"2021-04-13T10:42:18+00:00","author":"Sigurdur Hafthorsson","twitter_card":"summary_large_image","twitter_misc":{"Skriven av":"Sigurdur Hafthorsson","Ber\u00e4knad l\u00e4stid":"3 minuter"},"schema":{"@context":"https:\/\/schema.org","@graph":[{"@type":"Article","@id":"https:\/\/blogg.svenskakyrkan.se\/ekumenik\/2021\/04\/13\/ekumenisk-och-interreligios-samverkan-mot-hat-och-hot\/#article","isPartOf":{"@id":"https:\/\/blogg.svenskakyrkan.se\/ekumenik\/2021\/04\/13\/ekumenisk-och-interreligios-samverkan-mot-hat-och-hot\/"},"author":{"name":"Sigurdur Hafthorsson","@id":"https:\/\/blogg.svenskakyrkan.se\/ekumenik\/#\/schema\/person\/5ad3391a356006d50ac032b7b69c159d"},"headline":"Ekumenisk och interreligi\u00f6s samverkan mot hat och hot","datePublished":"2021-04-13T10:42:16+00:00","dateModified":"2021-04-13T10:42:18+00:00","mainEntityOfPage":{"@id":"https:\/\/blogg.svenskakyrkan.se\/ekumenik\/2021\/04\/13\/ekumenisk-och-interreligios-samverkan-mot-hat-och-hot\/"},"wordCount":608,"commentCount":0,"keywords":["Interreligi\u00f6st","KEK"],"inLanguage":"sv-SE","potentialAction":[{"@type":"CommentAction","name":"Comment","target":["https:\/\/blogg.svenskakyrkan.se\/ekumenik\/2021\/04\/13\/ekumenisk-och-interreligios-samverkan-mot-hat-och-hot\/#respond"]}]},{"@type":"WebPage","@id":"https:\/\/blogg.svenskakyrkan.se\/ekumenik\/2021\/04\/13\/ekumenisk-och-interreligios-samverkan-mot-hat-och-hot\/","url":"https:\/\/blogg.svenskakyrkan.se\/ekumenik\/2021\/04\/13\/ekumenisk-och-interreligios-samverkan-mot-hat-och-hot\/","name":"Ekumenisk och interreligi\u00f6s samverkan mot hat och hot - Ekumenikbloggen","isPartOf":{"@id":"https:\/\/blogg.svenskakyrkan.se\/ekumenik\/#website"},"datePublished":"2021-04-13T10:42:16+00:00","dateModified":"2021-04-13T10:42:18+00:00","author":{"@id":"https:\/\/blogg.svenskakyrkan.se\/ekumenik\/#\/schema\/person\/5ad3391a356006d50ac032b7b69c159d"},"breadcrumb":{"@id":"https:\/\/blogg.svenskakyrkan.se\/ekumenik\/2021\/04\/13\/ekumenisk-och-interreligios-samverkan-mot-hat-och-hot\/#breadcrumb"},"inLanguage":"sv-SE","potentialAction":[{"@type":"ReadAction","target":["https:\/\/blogg.svenskakyrkan.se\/ekumenik\/2021\/04\/13\/ekumenisk-och-interreligios-samverkan-mot-hat-och-hot\/"]}]},{"@type":"BreadcrumbList","@id":"https:\/\/blogg.svenskakyrkan.se\/ekumenik\/2021\/04\/13\/ekumenisk-och-interreligios-samverkan-mot-hat-och-hot\/#breadcrumb","itemListElement":[{"@type":"ListItem","position":1,"name":"Hem","item":"https:\/\/blogg.svenskakyrkan.se\/ekumenik\/"},{"@type":"ListItem","position":2,"name":"Ekumenisk och interreligi\u00f6s samverkan mot hat och hot"}]},{"@type":"WebSite","@id":"https:\/\/blogg.svenskakyrkan.se\/ekumenik\/#website","url":"https:\/\/blogg.svenskakyrkan.se\/ekumenik\/","name":"Ekumenikbloggen","description":"Svenska kyrkans blogg om ekumenik och interreligi\u00f6s samverkan","potentialAction":[{"@type":"SearchAction","target":{"@type":"EntryPoint","urlTemplate":"https:\/\/blogg.svenskakyrkan.se\/ekumenik\/?s={search_term_string}"},"query-input":{"@type":"PropertyValueSpecification","valueRequired":true,"valueName":"search_term_string"}}],"inLanguage":"sv-SE"},{"@type":"Person","@id":"https:\/\/blogg.svenskakyrkan.se\/ekumenik\/#\/schema\/person\/5ad3391a356006d50ac032b7b69c159d","name":"Sigurdur Hafthorsson","image":{"@type":"ImageObject","inLanguage":"sv-SE","@id":"https:\/\/blogg.svenskakyrkan.se\/ekumenik\/#\/schema\/person\/image\/","url":"https:\/\/secure.gravatar.com\/avatar\/9555024efd78e4779967459adf0bcbd071e66739b61e5fd0e4409bb991d9fe0c?s=96&d=mm&r=g","contentUrl":"https:\/\/secure.gravatar.com\/avatar\/9555024efd78e4779967459adf0bcbd071e66739b61e5fd0e4409bb991d9fe0c?s=96&d=mm&r=g","caption":"Sigurdur Hafthorsson"},"description":"Teologisk sekreterare p\u00e5 kyrkokansliet i Uppsala","url":"https:\/\/blogg.svenskakyrkan.se\/ekumenik\/author\/sigurhaf\/"}]}},"author_meta":{"ID":"103","user_nicename":"sigurhaf","user_registered":"2011-10-04 08:33:14","display_name":"Sigurdur Hafthorsson","first_name":"Sigurdur","last_name":"Hafthorsson","avatar":"https:\/\/blogg.svenskakyrkan.se\/ekumenik\/files\/2023\/08\/Sigurdur-scaled-e1691413186644-150x150.jpg"},"featured_image":false,"bloginfo":{"name":"Ekumenikbloggen","url":"https:\/\/blogg.svenskakyrkan.se\/ekumenik"},"_links":{"self":[{"href":"https:\/\/blogg.svenskakyrkan.se\/ekumenik\/wp-json\/wp\/v2\/posts\/1025","targetHints":{"allow":["GET"]}}],"collection":[{"href":"https:\/\/blogg.svenskakyrkan.se\/ekumenik\/wp-json\/wp\/v2\/posts"}],"about":[{"href":"https:\/\/blogg.svenskakyrkan.se\/ekumenik\/wp-json\/wp\/v2\/types\/post"}],"author":[{"embeddable":true,"href":"https:\/\/blogg.svenskakyrkan.se\/ekumenik\/wp-json\/wp\/v2\/users\/103"}],"replies":[{"embeddable":true,"href":"https:\/\/blogg.svenskakyrkan.se\/ekumenik\/wp-json\/wp\/v2\/comments?post=1025"}],"version-history":[{"count":2,"href":"https:\/\/blogg.svenskakyrkan.se\/ekumenik\/wp-json\/wp\/v2\/posts\/1025\/revisions"}],"predecessor-version":[{"id":1027,"href":"https:\/\/blogg.svenskakyrkan.se\/ekumenik\/wp-json\/wp\/v2\/posts\/1025\/revisions\/1027"}],"wp:attachment":[{"href":"https:\/\/blogg.svenskakyrkan.se\/ekumenik\/wp-json\/wp\/v2\/media?parent=1025"}],"wp:term":[{"taxonomy":"category","embeddable":true,"href":"https:\/\/blogg.svenskakyrkan.se\/ekumenik\/wp-json\/wp\/v2\/categories?post=1025"},{"taxonomy":"post_tag","embeddable":true,"href":"https:\/\/blogg.svenskakyrkan.se\/ekumenik\/wp-json\/wp\/v2\/tags?post=1025"}],"curies":[{"name":"wp","href":"https:\/\/api.w.org\/{rel}","templated":true}]}}