{"id":1049,"date":"2021-05-03T11:43:07","date_gmt":"2021-05-03T09:43:07","guid":{"rendered":"http:\/\/blogg.svenskakyrkan.se\/ekumenik\/?p=1049"},"modified":"2021-05-03T19:12:23","modified_gmt":"2021-05-03T17:12:23","slug":"att-tjana-varandra-i-en-sarad-varld","status":"publish","type":"post","link":"https:\/\/blogg.svenskakyrkan.se\/ekumenik\/2021\/05\/03\/att-tjana-varandra-i-en-sarad-varld\/","title":{"rendered":"Att tj\u00e4na varandra i en s\u00e5rad v\u00e4rld"},"content":{"rendered":"\n\n\n<p>\u201cHope\u201d is the thing with feathers &#8211;<\/p>\n\n\n\n<p>That perches in the soul &#8211;<\/p>\n\n\n\n<p>And sings the tune without the words &#8211;<\/p>\n\n\n\n<p>And never stops &#8211; at all &#8211;<\/p>\n\n\n\n<p>And sweetest &#8211; in the Gale &#8211; is heard &#8211;<\/p>\n\n\n\n<p>And sore must be the storm &#8211;<\/p>\n\n\n\n<p>That could abash the little Bird<\/p>\n\n\n\n<p>That kept so many warm &#8211;<\/p>\n\n\n\n<p>I\u2019ve heard it in the chillest land &#8211;<\/p>\n\n\n\n<p>And on the strangest Sea &#8211;<\/p>\n\n\n\n<p>Yet &#8211; never &#8211; in Extremity,<\/p>\n\n\n\n<p>It asked a crumb &#8211; of me.<\/p>\n\n\n\n<p>S\u00e5 skriver 1800-talsf\u00f6rfattaren Emily Dickinson om hoppet.<\/p>\n\n\n\n<p>Hoppet h\u00f6r till livsviktigheterna. Det n\u00e5r m\u00e4nniskan n\u00e4r tillvaron som mest stannat av, eller n\u00e4r det \u00e4r h\u00e5rd sj\u00f6g\u00e5ng. Det kr\u00e4ver inget tillbaka.<\/p>\n\n\n\n<p>Hoppet \u00e4r d\u00e4rf\u00f6r ocks\u00e5 ett v\u00e4sentligt k\u00e4nnetecken f\u00f6r alla religioner. I trons sammanhang f\u00e5r det f\u00f6runderliga med hoppet en givare i Gud, och det underliga att ingen motprestation varken kr\u00e4vs eller f\u00f6rv\u00e4ntas kan bli till tacksamhet.<\/p>\n\n\n\n<p>Det g\u00f6r tro till ett sammanhang som b\u00e5de ger m\u00f6jlighet att st\u00e5 ut med att se tillvaron \u00e4ven d\u00e4r hoppet saknas, men ocks\u00e5 ger kraft att agera f\u00f6r solidaritet och f\u00f6r\u00e4ndring.<\/p>\n\n\n\n<p>P\u00e5vliga r\u00e5det f\u00f6r interreligi\u00f6s dialog (PCID) och Kyrkornas V\u00e4rldsr\u00e5d (KV) gav f\u00f6rra \u00e5ret ut ett gemensamt <a href=\"https:\/\/www.katolskakyrkan.se\/media\/4809\/interreligios-solidaritet-i-tjanst-for-en-sarad-varld-korrad.pdf\">dokument <\/a>f\u00f6r att inspirera kyrkorna att reflektera kring vikten av interreligi\u00f6s solidaritet i en v\u00e4rld som \u00e4r s\u00e5rad av COVID-19-pandemin.<\/p>\n\n\n\n<p>Det g\u00e5r att se dokumentet som ett bidrag till att belysa hoppet i en tid n\u00e4r tillvaron som mest stannat av, men ocks\u00e5 pr\u00e4glas av h\u00e5rd sj\u00f6g\u00e5ng p\u00e5 m\u00e5nga s\u00e4tt.<\/p>\n\n\n\n<p>Kommissionen f\u00f6r interreligi\u00f6s dialog i Stockholms katolska stift (KID) har \u00f6versatt dokumentet till svenska. Syftet \u00e4r att den ekumeniska texten ska komma till anv\u00e4ndning och stimulera till ekumenisk och interreligi\u00f6s solidaritet \u00e4ven i kyrkorna i Sverige.<\/p>\n\n\n\n<p>Dokumentet formulerar grunden f\u00f6r religions\u00f6vergripande solidaritet; att Gud skapat m\u00e4nniskan och att vi d\u00e4rf\u00f6r \u00e4r f\u00f6rbundna med varandra, att Jesus Kristus medlidande med m\u00e4nniskan f\u00f6r\u00e4ndrar v\u00e5r blick f\u00f6r det hoppl\u00f6sa, och att den heliga Anden ger oss de godaste av krafter f\u00f6r att leva i v\u00e4rlden tillsammans.<\/p>\n\n\n\n<p>Ett antal rekommendationer avslutar dokumentet. De inneb\u00e4r s\u00e5v\u00e4l \u201dansvarsfulla insatser i sociala medier f\u00f6r att fr\u00e4mja en sund och konstruktiv kommunikation och sprida budskap om fred och solidaritet\u201d, som engagemang och st\u00f6d till unga m\u00e4nniskors idealism och engagemang n\u00e4r de g\u00f6r motst\u00e5nd mot cynism.<\/p>\n\n\n\n<p>S\u00e5dant som ytterst handlar om det hopp som sl\u00e5r sig ner sig i sj\u00e4len och inte tystnar.<\/p>\n\n\n\n<p>Dokumentet finns att l\u00e4sa <a href=\"https:\/\/www.katolskakyrkan.se\/media\/4809\/interreligios-solidaritet-i-tjanst-for-en-sarad-varld-korrad.pdf\">h\u00e4r <\/a>p\u00e5 Stockholms katolska stifts webbplats.<\/p>\n\n\n\n<p><\/p>\n\n\n\n<p>Anna C\u00f6ster, teologiska sekreterare, Kyrkokansliet i Uppsala<\/p>\n","protected":false},"excerpt":{"rendered":"<p>\u201cHope\u201d is the thing with feathers &#8211; That perches in the soul &#8211; And sings the tune without the words &#8211; And never stops &#8211; at all &#8211; And sweetest &#8211; in the Gale &#8211; is heard &#8211; And sore must be the storm &#8211; That could abash the little Bird That kept so many [&hellip;]<\/p>\n","protected":false},"author":754,"featured_media":0,"comment_status":"open","ping_status":"open","sticky":false,"template":"","format":"standard","meta":{"_acf_changed":false,"footnotes":""},"categories":[17359],"tags":[10482,160919,160923,160932],"class_list":["post-1049","post","type-post","status-publish","format-standard","hentry","category-gastbloggare","tag-ekumenik","tag-interreligiost","tag-kyrkornas-varldsrad","tag-stockholms-katolska-stift"],"acf":[],"yoast_head":"<!-- This site is optimized with the Yoast SEO plugin v27.1.1 - https:\/\/yoast.com\/product\/yoast-seo-wordpress\/ -->\n<title>Att tj\u00e4na varandra i en s\u00e5rad v\u00e4rld - Ekumenikbloggen<\/title>\n<meta name=\"robots\" content=\"index, follow, max-snippet:-1, max-image-preview:large, max-video-preview:-1\" \/>\n<link rel=\"canonical\" href=\"https:\/\/blogg.svenskakyrkan.se\/ekumenik\/2021\/05\/03\/att-tjana-varandra-i-en-sarad-varld\/\" \/>\n<meta property=\"og:locale\" content=\"sv_SE\" \/>\n<meta property=\"og:type\" content=\"article\" \/>\n<meta property=\"og:title\" content=\"Att tj\u00e4na varandra i en s\u00e5rad v\u00e4rld - Ekumenikbloggen\" \/>\n<meta property=\"og:description\" content=\"\u201cHope\u201d is the thing with feathers &#8211; That perches in the soul &#8211; And sings the tune without the words &#8211; And never stops &#8211; at all &#8211; And sweetest &#8211; in the Gale &#8211; is heard &#8211; And sore must be the storm &#8211; That could abash the little Bird That kept so many [&hellip;]\" \/>\n<meta property=\"og:url\" content=\"https:\/\/blogg.svenskakyrkan.se\/ekumenik\/2021\/05\/03\/att-tjana-varandra-i-en-sarad-varld\/\" \/>\n<meta property=\"og:site_name\" content=\"Ekumenikbloggen\" \/>\n<meta property=\"article:published_time\" content=\"2021-05-03T09:43:07+00:00\" \/>\n<meta property=\"article:modified_time\" content=\"2021-05-03T17:12:23+00:00\" \/>\n<meta name=\"author\" content=\"Johannes Zeiler\" \/>\n<meta name=\"twitter:card\" content=\"summary_large_image\" \/>\n<meta name=\"twitter:label1\" content=\"Skriven av\" \/>\n\t<meta name=\"twitter:data1\" content=\"Johannes Zeiler\" \/>\n\t<meta name=\"twitter:label2\" content=\"Ber\u00e4knad l\u00e4stid\" \/>\n\t<meta name=\"twitter:data2\" content=\"2 minuter\" \/>\n<script type=\"application\/ld+json\" class=\"yoast-schema-graph\">{\"@context\":\"https:\/\/schema.org\",\"@graph\":[{\"@type\":\"Article\",\"@id\":\"https:\/\/blogg.svenskakyrkan.se\/ekumenik\/2021\/05\/03\/att-tjana-varandra-i-en-sarad-varld\/#article\",\"isPartOf\":{\"@id\":\"https:\/\/blogg.svenskakyrkan.se\/ekumenik\/2021\/05\/03\/att-tjana-varandra-i-en-sarad-varld\/\"},\"author\":{\"name\":\"Johannes Zeiler\",\"@id\":\"https:\/\/blogg.svenskakyrkan.se\/ekumenik\/#\/schema\/person\/af312e1f4f4fac302bd34d6dd4f92a55\"},\"headline\":\"Att tj\u00e4na varandra i en s\u00e5rad v\u00e4rld\",\"datePublished\":\"2021-05-03T09:43:07+00:00\",\"dateModified\":\"2021-05-03T17:12:23+00:00\",\"mainEntityOfPage\":{\"@id\":\"https:\/\/blogg.svenskakyrkan.se\/ekumenik\/2021\/05\/03\/att-tjana-varandra-i-en-sarad-varld\/\"},\"wordCount\":500,\"commentCount\":0,\"keywords\":[\"Ekumenik\",\"Interreligi\u00f6st\",\"Kyrkornas v\u00e4rldsr\u00e5d\",\"Stockholms katolska stift\"],\"articleSection\":[\"G\u00e4stbloggare\"],\"inLanguage\":\"sv-SE\",\"potentialAction\":[{\"@type\":\"CommentAction\",\"name\":\"Comment\",\"target\":[\"https:\/\/blogg.svenskakyrkan.se\/ekumenik\/2021\/05\/03\/att-tjana-varandra-i-en-sarad-varld\/#respond\"]}]},{\"@type\":\"WebPage\",\"@id\":\"https:\/\/blogg.svenskakyrkan.se\/ekumenik\/2021\/05\/03\/att-tjana-varandra-i-en-sarad-varld\/\",\"url\":\"https:\/\/blogg.svenskakyrkan.se\/ekumenik\/2021\/05\/03\/att-tjana-varandra-i-en-sarad-varld\/\",\"name\":\"Att tj\u00e4na varandra i en s\u00e5rad v\u00e4rld - Ekumenikbloggen\",\"isPartOf\":{\"@id\":\"https:\/\/blogg.svenskakyrkan.se\/ekumenik\/#website\"},\"datePublished\":\"2021-05-03T09:43:07+00:00\",\"dateModified\":\"2021-05-03T17:12:23+00:00\",\"author\":{\"@id\":\"https:\/\/blogg.svenskakyrkan.se\/ekumenik\/#\/schema\/person\/af312e1f4f4fac302bd34d6dd4f92a55\"},\"breadcrumb\":{\"@id\":\"https:\/\/blogg.svenskakyrkan.se\/ekumenik\/2021\/05\/03\/att-tjana-varandra-i-en-sarad-varld\/#breadcrumb\"},\"inLanguage\":\"sv-SE\",\"potentialAction\":[{\"@type\":\"ReadAction\",\"target\":[\"https:\/\/blogg.svenskakyrkan.se\/ekumenik\/2021\/05\/03\/att-tjana-varandra-i-en-sarad-varld\/\"]}]},{\"@type\":\"BreadcrumbList\",\"@id\":\"https:\/\/blogg.svenskakyrkan.se\/ekumenik\/2021\/05\/03\/att-tjana-varandra-i-en-sarad-varld\/#breadcrumb\",\"itemListElement\":[{\"@type\":\"ListItem\",\"position\":1,\"name\":\"Hem\",\"item\":\"https:\/\/blogg.svenskakyrkan.se\/ekumenik\/\"},{\"@type\":\"ListItem\",\"position\":2,\"name\":\"Att tj\u00e4na varandra i en s\u00e5rad v\u00e4rld\"}]},{\"@type\":\"WebSite\",\"@id\":\"https:\/\/blogg.svenskakyrkan.se\/ekumenik\/#website\",\"url\":\"https:\/\/blogg.svenskakyrkan.se\/ekumenik\/\",\"name\":\"Ekumenikbloggen\",\"description\":\"Svenska kyrkans blogg om ekumenik och interreligi\u00f6s samverkan\",\"potentialAction\":[{\"@type\":\"SearchAction\",\"target\":{\"@type\":\"EntryPoint\",\"urlTemplate\":\"https:\/\/blogg.svenskakyrkan.se\/ekumenik\/?s={search_term_string}\"},\"query-input\":{\"@type\":\"PropertyValueSpecification\",\"valueRequired\":true,\"valueName\":\"search_term_string\"}}],\"inLanguage\":\"sv-SE\"},{\"@type\":\"Person\",\"@id\":\"https:\/\/blogg.svenskakyrkan.se\/ekumenik\/#\/schema\/person\/af312e1f4f4fac302bd34d6dd4f92a55\",\"name\":\"Johannes Zeiler\",\"image\":{\"@type\":\"ImageObject\",\"inLanguage\":\"sv-SE\",\"@id\":\"https:\/\/blogg.svenskakyrkan.se\/ekumenik\/#\/schema\/person\/image\/\",\"url\":\"https:\/\/secure.gravatar.com\/avatar\/ddd7a4536789dbfddb8d26146ab77113b8346a268d627e61afe6dc9e6ff424da?s=96&d=mm&r=g\",\"contentUrl\":\"https:\/\/secure.gravatar.com\/avatar\/ddd7a4536789dbfddb8d26146ab77113b8346a268d627e61afe6dc9e6ff424da?s=96&d=mm&r=g\",\"caption\":\"Johannes Zeiler\"},\"description\":\"Jag arbetar med ekumenik i Svenska kyrkan p\u00e5 Kyrkokansliet i Uppsala. Jag har ett s\u00e4rskilt ansvar f\u00f6r fr\u00e5gor som ber\u00f6r Svenska kyrkans medlemskap och engagemang i Lutherska v\u00e4rldsf\u00f6rbundet. D\u00e4rtill f\u00f6ljer jag v\u00e5ra \u00f6verl\u00e4ggningar med EFS p\u00e5 n\u00e4ra h\u00e5ll samt deltar i dialogsamtalen med Equmeniakyrkan respektive Pingstr\u00f6relsen i Sverige. Jag \u00e4r pr\u00e4st i Svenska kyrkan och teologie doktor i Missionsvetenskap.\",\"url\":\"https:\/\/blogg.svenskakyrkan.se\/ekumenik\/author\/johanneszeiler\/\"}]}<\/script>\n<!-- \/ Yoast SEO plugin. -->","yoast_head_json":{"title":"Att tj\u00e4na varandra i en s\u00e5rad v\u00e4rld - Ekumenikbloggen","robots":{"index":"index","follow":"follow","max-snippet":"max-snippet:-1","max-image-preview":"max-image-preview:large","max-video-preview":"max-video-preview:-1"},"canonical":"https:\/\/blogg.svenskakyrkan.se\/ekumenik\/2021\/05\/03\/att-tjana-varandra-i-en-sarad-varld\/","og_locale":"sv_SE","og_type":"article","og_title":"Att tj\u00e4na varandra i en s\u00e5rad v\u00e4rld - Ekumenikbloggen","og_description":"\u201cHope\u201d is the thing with feathers &#8211; That perches in the soul &#8211; And sings the tune without the words &#8211; And never stops &#8211; at all &#8211; And sweetest &#8211; in the Gale &#8211; is heard &#8211; And sore must be the storm &#8211; That could abash the little Bird That kept so many [&hellip;]","og_url":"https:\/\/blogg.svenskakyrkan.se\/ekumenik\/2021\/05\/03\/att-tjana-varandra-i-en-sarad-varld\/","og_site_name":"Ekumenikbloggen","article_published_time":"2021-05-03T09:43:07+00:00","article_modified_time":"2021-05-03T17:12:23+00:00","author":"Johannes Zeiler","twitter_card":"summary_large_image","twitter_misc":{"Skriven av":"Johannes Zeiler","Ber\u00e4knad l\u00e4stid":"2 minuter"},"schema":{"@context":"https:\/\/schema.org","@graph":[{"@type":"Article","@id":"https:\/\/blogg.svenskakyrkan.se\/ekumenik\/2021\/05\/03\/att-tjana-varandra-i-en-sarad-varld\/#article","isPartOf":{"@id":"https:\/\/blogg.svenskakyrkan.se\/ekumenik\/2021\/05\/03\/att-tjana-varandra-i-en-sarad-varld\/"},"author":{"name":"Johannes Zeiler","@id":"https:\/\/blogg.svenskakyrkan.se\/ekumenik\/#\/schema\/person\/af312e1f4f4fac302bd34d6dd4f92a55"},"headline":"Att tj\u00e4na varandra i en s\u00e5rad v\u00e4rld","datePublished":"2021-05-03T09:43:07+00:00","dateModified":"2021-05-03T17:12:23+00:00","mainEntityOfPage":{"@id":"https:\/\/blogg.svenskakyrkan.se\/ekumenik\/2021\/05\/03\/att-tjana-varandra-i-en-sarad-varld\/"},"wordCount":500,"commentCount":0,"keywords":["Ekumenik","Interreligi\u00f6st","Kyrkornas v\u00e4rldsr\u00e5d","Stockholms katolska stift"],"articleSection":["G\u00e4stbloggare"],"inLanguage":"sv-SE","potentialAction":[{"@type":"CommentAction","name":"Comment","target":["https:\/\/blogg.svenskakyrkan.se\/ekumenik\/2021\/05\/03\/att-tjana-varandra-i-en-sarad-varld\/#respond"]}]},{"@type":"WebPage","@id":"https:\/\/blogg.svenskakyrkan.se\/ekumenik\/2021\/05\/03\/att-tjana-varandra-i-en-sarad-varld\/","url":"https:\/\/blogg.svenskakyrkan.se\/ekumenik\/2021\/05\/03\/att-tjana-varandra-i-en-sarad-varld\/","name":"Att tj\u00e4na varandra i en s\u00e5rad v\u00e4rld - Ekumenikbloggen","isPartOf":{"@id":"https:\/\/blogg.svenskakyrkan.se\/ekumenik\/#website"},"datePublished":"2021-05-03T09:43:07+00:00","dateModified":"2021-05-03T17:12:23+00:00","author":{"@id":"https:\/\/blogg.svenskakyrkan.se\/ekumenik\/#\/schema\/person\/af312e1f4f4fac302bd34d6dd4f92a55"},"breadcrumb":{"@id":"https:\/\/blogg.svenskakyrkan.se\/ekumenik\/2021\/05\/03\/att-tjana-varandra-i-en-sarad-varld\/#breadcrumb"},"inLanguage":"sv-SE","potentialAction":[{"@type":"ReadAction","target":["https:\/\/blogg.svenskakyrkan.se\/ekumenik\/2021\/05\/03\/att-tjana-varandra-i-en-sarad-varld\/"]}]},{"@type":"BreadcrumbList","@id":"https:\/\/blogg.svenskakyrkan.se\/ekumenik\/2021\/05\/03\/att-tjana-varandra-i-en-sarad-varld\/#breadcrumb","itemListElement":[{"@type":"ListItem","position":1,"name":"Hem","item":"https:\/\/blogg.svenskakyrkan.se\/ekumenik\/"},{"@type":"ListItem","position":2,"name":"Att tj\u00e4na varandra i en s\u00e5rad v\u00e4rld"}]},{"@type":"WebSite","@id":"https:\/\/blogg.svenskakyrkan.se\/ekumenik\/#website","url":"https:\/\/blogg.svenskakyrkan.se\/ekumenik\/","name":"Ekumenikbloggen","description":"Svenska kyrkans blogg om ekumenik och interreligi\u00f6s samverkan","potentialAction":[{"@type":"SearchAction","target":{"@type":"EntryPoint","urlTemplate":"https:\/\/blogg.svenskakyrkan.se\/ekumenik\/?s={search_term_string}"},"query-input":{"@type":"PropertyValueSpecification","valueRequired":true,"valueName":"search_term_string"}}],"inLanguage":"sv-SE"},{"@type":"Person","@id":"https:\/\/blogg.svenskakyrkan.se\/ekumenik\/#\/schema\/person\/af312e1f4f4fac302bd34d6dd4f92a55","name":"Johannes Zeiler","image":{"@type":"ImageObject","inLanguage":"sv-SE","@id":"https:\/\/blogg.svenskakyrkan.se\/ekumenik\/#\/schema\/person\/image\/","url":"https:\/\/secure.gravatar.com\/avatar\/ddd7a4536789dbfddb8d26146ab77113b8346a268d627e61afe6dc9e6ff424da?s=96&d=mm&r=g","contentUrl":"https:\/\/secure.gravatar.com\/avatar\/ddd7a4536789dbfddb8d26146ab77113b8346a268d627e61afe6dc9e6ff424da?s=96&d=mm&r=g","caption":"Johannes Zeiler"},"description":"Jag arbetar med ekumenik i Svenska kyrkan p\u00e5 Kyrkokansliet i Uppsala. Jag har ett s\u00e4rskilt ansvar f\u00f6r fr\u00e5gor som ber\u00f6r Svenska kyrkans medlemskap och engagemang i Lutherska v\u00e4rldsf\u00f6rbundet. D\u00e4rtill f\u00f6ljer jag v\u00e5ra \u00f6verl\u00e4ggningar med EFS p\u00e5 n\u00e4ra h\u00e5ll samt deltar i dialogsamtalen med Equmeniakyrkan respektive Pingstr\u00f6relsen i Sverige. Jag \u00e4r pr\u00e4st i Svenska kyrkan och teologie doktor i Missionsvetenskap.","url":"https:\/\/blogg.svenskakyrkan.se\/ekumenik\/author\/johanneszeiler\/"}]}},"author_meta":{"ID":"754","user_nicename":"johanneszeiler","user_registered":"2020-03-30 12:11:52","display_name":"Johannes Zeiler","first_name":"Johannes","last_name":"Zeiler","avatar":"https:\/\/blogg.svenskakyrkan.se\/ekumenik\/files\/2020\/03\/IMG_0132-II-150x150.jpg"},"featured_image":false,"bloginfo":{"name":"Ekumenikbloggen","url":"https:\/\/blogg.svenskakyrkan.se\/ekumenik"},"_links":{"self":[{"href":"https:\/\/blogg.svenskakyrkan.se\/ekumenik\/wp-json\/wp\/v2\/posts\/1049","targetHints":{"allow":["GET"]}}],"collection":[{"href":"https:\/\/blogg.svenskakyrkan.se\/ekumenik\/wp-json\/wp\/v2\/posts"}],"about":[{"href":"https:\/\/blogg.svenskakyrkan.se\/ekumenik\/wp-json\/wp\/v2\/types\/post"}],"author":[{"embeddable":true,"href":"https:\/\/blogg.svenskakyrkan.se\/ekumenik\/wp-json\/wp\/v2\/users\/754"}],"replies":[{"embeddable":true,"href":"https:\/\/blogg.svenskakyrkan.se\/ekumenik\/wp-json\/wp\/v2\/comments?post=1049"}],"version-history":[{"count":5,"href":"https:\/\/blogg.svenskakyrkan.se\/ekumenik\/wp-json\/wp\/v2\/posts\/1049\/revisions"}],"predecessor-version":[{"id":1054,"href":"https:\/\/blogg.svenskakyrkan.se\/ekumenik\/wp-json\/wp\/v2\/posts\/1049\/revisions\/1054"}],"wp:attachment":[{"href":"https:\/\/blogg.svenskakyrkan.se\/ekumenik\/wp-json\/wp\/v2\/media?parent=1049"}],"wp:term":[{"taxonomy":"category","embeddable":true,"href":"https:\/\/blogg.svenskakyrkan.se\/ekumenik\/wp-json\/wp\/v2\/categories?post=1049"},{"taxonomy":"post_tag","embeddable":true,"href":"https:\/\/blogg.svenskakyrkan.se\/ekumenik\/wp-json\/wp\/v2\/tags?post=1049"}],"curies":[{"name":"wp","href":"https:\/\/api.w.org\/{rel}","templated":true}]}}