{"id":1058,"date":"2021-05-12T13:06:24","date_gmt":"2021-05-12T11:06:24","guid":{"rendered":"http:\/\/blogg.svenskakyrkan.se\/ekumenik\/?p=1058"},"modified":"2021-05-12T13:09:00","modified_gmt":"2021-05-12T11:09:00","slug":"hopp-via-sveriges-kristna-rad","status":"publish","type":"post","link":"https:\/\/blogg.svenskakyrkan.se\/ekumenik\/2021\/05\/12\/hopp-via-sveriges-kristna-rad\/","title":{"rendered":"Hopp via Sveriges kristna r\u00e5d"},"content":{"rendered":"\n\n\n<p>\u00c4n en g\u00e5ng kopplar jag upp mig p\u00e5 zoom, utan s\u00e4rskilt h\u00f6ga f\u00f6rv\u00e4ntningar. Visst uppskattar jag de fantastiska digitala m\u00f6tesm\u00f6jligheter som pandemin \u00f6ppnat mina \u00f6gon f\u00f6r. Och visst \u00e4r det fantastiskt f\u00f6r de ekumeniska relationerna nationellt och globalt att vi numera kan ses utan att beh\u00f6va resa mer eller mindre l\u00e5ngv\u00e4ga.<\/p>\n\n\n\n<p>Men just \u00e5rsm\u00f6tesf\u00f6rhandlingar i Sveriges kristna r\u00e5d digitalt \u00e4r \u00e4rligt talat inget jag l\u00e4ngtar till. Utanf\u00f6r skiner solen och h\u00e4r sitter jag framf\u00f6r min sk\u00e4rm hinner jag, l\u00e4tt bittert, t\u00e4nka.<br><br>S\u00e5 tar r\u00e5dets nya generalsekreterare Sofia Camnerin till orda och jag f\u00e5r \u00e4ta upp min initiala skepsis. Hon anv\u00e4nder stora ord som f\u00e5r datorns platta sk\u00e4rm att bli tredimensionell:<br>&#8221;\u00d6verlevnad&#8221;<br>&#8221;Kolliderande katastrofer&#8221;<br>&#8221;Omv\u00e4ndelse&#8221;<br><br>N\u00e4r Sofia talar framst\u00e5r den kristna kallelsen, centrerad kring ett hopp som inte sviker, som en fullst\u00e4ndigt omistlig f\u00f6r\u00e4ndringskraft i den h\u00e4r v\u00e4rlden. Det hon s\u00e4ger vibrerar av engagemang och tr\u00e4ffar rakt in i den dystert distanserade tillvaro som hemarbetet placerat mig i.<br>Sofia talar om det \u00f6msesidiga beroende som finns i allt skapat. Om att skapelsen i sig missionerar f\u00f6r oss m\u00e4nniskor, som det formulerades i Kyrkornas v\u00e4rldsr\u00e5ds missionsdokument <em>Tillsammans f\u00f6r livet<\/em>. <br>Egentligen vet vi det allihop och f\u00f6rhoppningsvis har vi n\u00e5den att f\u00e5 erfara det dagligen:\u00a0 att skapelsen st\u00e4ndigt p\u00e5g\u00e5r mitt i och trots alla till synes avgrundsdjupa utmaningar den h\u00e4r v\u00e4rlden st\u00e5r inf\u00f6r. <br>Att aktivt f\u00e5 st\u00e5 p\u00e5 hoppets sida h\u00e4r och nu, som en kugge i Guds mission &#8211; m\u00e5 det vara via en datorsk\u00e4rm &#8211; \u00e4r i sig en n\u00e5d att ta vara p\u00e5. Sofia talar om det som ett ansvar \u2013 att svara an \u2013 p\u00e5 det som skapelsen vittnar om. Och d\u00e5 h\u00e4nger allt ihop \u2013 kampen f\u00f6r klimatet, f\u00f6r m\u00e4nsklig v\u00e4rdighet och f\u00f6r existentiell h\u00e4lsa och gemenskap i pandemi-tider.<br><br>\u00c4n en g\u00e5ng f\u00e5r jag uppleva att ekumeniska sammanhang b\u00e4r p\u00e5 stor potential att \u00f6ppna f\u00f6nster mot k\u00e4rnan till varf\u00f6r vi finns som kyrkor \u00f6verhuvudtaget \u2013 verkligen inte f\u00f6r v\u00e5r egen skull utan f\u00f6r att v\u00e4rlden ska leva.<br>Och \u00e5terigen st\u00e4rks jag i min uppfattning att den viktigaste missionsbefallningen i den tid vi lever i \u00e4r orden fr\u00e5n F\u00f6rsta Petrusbrevets tredje kapitel: \u00a0<em>Var alltid beredda att svara var och en som kr\u00e4ver besked om ert hopp<\/em>.<\/p>\n","protected":false},"excerpt":{"rendered":"<p>\u00c4n en g\u00e5ng kopplar jag upp mig p\u00e5 zoom, utan s\u00e4rskilt h\u00f6ga f\u00f6rv\u00e4ntningar. Visst uppskattar jag de fantastiska digitala m\u00f6tesm\u00f6jligheter som pandemin \u00f6ppnat mina \u00f6gon f\u00f6r. Och visst \u00e4r det fantastiskt f\u00f6r de ekumeniska relationerna nationellt och globalt att vi numera kan ses utan att beh\u00f6va resa mer eller mindre l\u00e5ngv\u00e4ga. Men just \u00e5rsm\u00f6tesf\u00f6rhandlingar i [&hellip;]<\/p>\n","protected":false},"author":206,"featured_media":0,"comment_status":"open","ping_status":"open","sticky":false,"template":"","format":"standard","meta":{"_acf_changed":false,"footnotes":""},"categories":[9],"tags":[],"class_list":["post-1058","post","type-post","status-publish","format-standard","hentry","category-okategoriserade"],"acf":[],"yoast_head":"<!-- This site is optimized with the Yoast SEO plugin v27.1.1 - https:\/\/yoast.com\/product\/yoast-seo-wordpress\/ -->\n<title>Hopp via Sveriges kristna r\u00e5d - Ekumenikbloggen<\/title>\n<meta name=\"robots\" content=\"index, follow, max-snippet:-1, max-image-preview:large, max-video-preview:-1\" \/>\n<link rel=\"canonical\" href=\"https:\/\/blogg.svenskakyrkan.se\/ekumenik\/2021\/05\/12\/hopp-via-sveriges-kristna-rad\/\" \/>\n<meta property=\"og:locale\" content=\"sv_SE\" \/>\n<meta property=\"og:type\" content=\"article\" \/>\n<meta property=\"og:title\" content=\"Hopp via Sveriges kristna r\u00e5d - Ekumenikbloggen\" \/>\n<meta property=\"og:description\" content=\"\u00c4n en g\u00e5ng kopplar jag upp mig p\u00e5 zoom, utan s\u00e4rskilt h\u00f6ga f\u00f6rv\u00e4ntningar. Visst uppskattar jag de fantastiska digitala m\u00f6tesm\u00f6jligheter som pandemin \u00f6ppnat mina \u00f6gon f\u00f6r. Och visst \u00e4r det fantastiskt f\u00f6r de ekumeniska relationerna nationellt och globalt att vi numera kan ses utan att beh\u00f6va resa mer eller mindre l\u00e5ngv\u00e4ga. Men just \u00e5rsm\u00f6tesf\u00f6rhandlingar i [&hellip;]\" \/>\n<meta property=\"og:url\" content=\"https:\/\/blogg.svenskakyrkan.se\/ekumenik\/2021\/05\/12\/hopp-via-sveriges-kristna-rad\/\" \/>\n<meta property=\"og:site_name\" content=\"Ekumenikbloggen\" \/>\n<meta property=\"article:published_time\" content=\"2021-05-12T11:06:24+00:00\" \/>\n<meta property=\"article:modified_time\" content=\"2021-05-12T11:09:00+00:00\" \/>\n<meta name=\"author\" content=\"Adriana Gastellu Camp\" \/>\n<meta name=\"twitter:card\" content=\"summary_large_image\" \/>\n<meta name=\"twitter:label1\" content=\"Skriven av\" \/>\n\t<meta name=\"twitter:data1\" content=\"Adriana Gastellu Camp\" \/>\n\t<meta name=\"twitter:label2\" content=\"Ber\u00e4knad l\u00e4stid\" \/>\n\t<meta name=\"twitter:data2\" content=\"2 minuter\" \/>\n<script type=\"application\/ld+json\" class=\"yoast-schema-graph\">{\"@context\":\"https:\/\/schema.org\",\"@graph\":[{\"@type\":\"Article\",\"@id\":\"https:\/\/blogg.svenskakyrkan.se\/ekumenik\/2021\/05\/12\/hopp-via-sveriges-kristna-rad\/#article\",\"isPartOf\":{\"@id\":\"https:\/\/blogg.svenskakyrkan.se\/ekumenik\/2021\/05\/12\/hopp-via-sveriges-kristna-rad\/\"},\"author\":{\"name\":\"Adriana Gastellu Camp\",\"@id\":\"https:\/\/blogg.svenskakyrkan.se\/ekumenik\/#\/schema\/person\/3b4412e20cda2b62761ce6e7a0f3442d\"},\"headline\":\"Hopp via Sveriges kristna r\u00e5d\",\"datePublished\":\"2021-05-12T11:06:24+00:00\",\"dateModified\":\"2021-05-12T11:09:00+00:00\",\"mainEntityOfPage\":{\"@id\":\"https:\/\/blogg.svenskakyrkan.se\/ekumenik\/2021\/05\/12\/hopp-via-sveriges-kristna-rad\/\"},\"wordCount\":444,\"commentCount\":0,\"inLanguage\":\"sv-SE\",\"potentialAction\":[{\"@type\":\"CommentAction\",\"name\":\"Comment\",\"target\":[\"https:\/\/blogg.svenskakyrkan.se\/ekumenik\/2021\/05\/12\/hopp-via-sveriges-kristna-rad\/#respond\"]}]},{\"@type\":\"WebPage\",\"@id\":\"https:\/\/blogg.svenskakyrkan.se\/ekumenik\/2021\/05\/12\/hopp-via-sveriges-kristna-rad\/\",\"url\":\"https:\/\/blogg.svenskakyrkan.se\/ekumenik\/2021\/05\/12\/hopp-via-sveriges-kristna-rad\/\",\"name\":\"Hopp via Sveriges kristna r\u00e5d - Ekumenikbloggen\",\"isPartOf\":{\"@id\":\"https:\/\/blogg.svenskakyrkan.se\/ekumenik\/#website\"},\"datePublished\":\"2021-05-12T11:06:24+00:00\",\"dateModified\":\"2021-05-12T11:09:00+00:00\",\"author\":{\"@id\":\"https:\/\/blogg.svenskakyrkan.se\/ekumenik\/#\/schema\/person\/3b4412e20cda2b62761ce6e7a0f3442d\"},\"breadcrumb\":{\"@id\":\"https:\/\/blogg.svenskakyrkan.se\/ekumenik\/2021\/05\/12\/hopp-via-sveriges-kristna-rad\/#breadcrumb\"},\"inLanguage\":\"sv-SE\",\"potentialAction\":[{\"@type\":\"ReadAction\",\"target\":[\"https:\/\/blogg.svenskakyrkan.se\/ekumenik\/2021\/05\/12\/hopp-via-sveriges-kristna-rad\/\"]}]},{\"@type\":\"BreadcrumbList\",\"@id\":\"https:\/\/blogg.svenskakyrkan.se\/ekumenik\/2021\/05\/12\/hopp-via-sveriges-kristna-rad\/#breadcrumb\",\"itemListElement\":[{\"@type\":\"ListItem\",\"position\":1,\"name\":\"Hem\",\"item\":\"https:\/\/blogg.svenskakyrkan.se\/ekumenik\/\"},{\"@type\":\"ListItem\",\"position\":2,\"name\":\"Hopp via Sveriges kristna r\u00e5d\"}]},{\"@type\":\"WebSite\",\"@id\":\"https:\/\/blogg.svenskakyrkan.se\/ekumenik\/#website\",\"url\":\"https:\/\/blogg.svenskakyrkan.se\/ekumenik\/\",\"name\":\"Ekumenikbloggen\",\"description\":\"Svenska kyrkans blogg om ekumenik och interreligi\u00f6s samverkan\",\"potentialAction\":[{\"@type\":\"SearchAction\",\"target\":{\"@type\":\"EntryPoint\",\"urlTemplate\":\"https:\/\/blogg.svenskakyrkan.se\/ekumenik\/?s={search_term_string}\"},\"query-input\":{\"@type\":\"PropertyValueSpecification\",\"valueRequired\":true,\"valueName\":\"search_term_string\"}}],\"inLanguage\":\"sv-SE\"},{\"@type\":\"Person\",\"@id\":\"https:\/\/blogg.svenskakyrkan.se\/ekumenik\/#\/schema\/person\/3b4412e20cda2b62761ce6e7a0f3442d\",\"name\":\"Adriana Gastellu Camp\",\"image\":{\"@type\":\"ImageObject\",\"inLanguage\":\"sv-SE\",\"@id\":\"https:\/\/blogg.svenskakyrkan.se\/ekumenik\/#\/schema\/person\/image\/\",\"url\":\"https:\/\/secure.gravatar.com\/avatar\/301dc59fd05836e4b497a1853837d7b5a0c9034270951ec0813cea0d227911dd?s=96&d=mm&r=g\",\"contentUrl\":\"https:\/\/secure.gravatar.com\/avatar\/301dc59fd05836e4b497a1853837d7b5a0c9034270951ec0813cea0d227911dd?s=96&d=mm&r=g\",\"caption\":\"Adriana Gastellu Camp\"},\"url\":\"https:\/\/blogg.svenskakyrkan.se\/ekumenik\/author\/adrianagastellucamp\/\"}]}<\/script>\n<!-- \/ Yoast SEO plugin. -->","yoast_head_json":{"title":"Hopp via Sveriges kristna r\u00e5d - Ekumenikbloggen","robots":{"index":"index","follow":"follow","max-snippet":"max-snippet:-1","max-image-preview":"max-image-preview:large","max-video-preview":"max-video-preview:-1"},"canonical":"https:\/\/blogg.svenskakyrkan.se\/ekumenik\/2021\/05\/12\/hopp-via-sveriges-kristna-rad\/","og_locale":"sv_SE","og_type":"article","og_title":"Hopp via Sveriges kristna r\u00e5d - Ekumenikbloggen","og_description":"\u00c4n en g\u00e5ng kopplar jag upp mig p\u00e5 zoom, utan s\u00e4rskilt h\u00f6ga f\u00f6rv\u00e4ntningar. Visst uppskattar jag de fantastiska digitala m\u00f6tesm\u00f6jligheter som pandemin \u00f6ppnat mina \u00f6gon f\u00f6r. Och visst \u00e4r det fantastiskt f\u00f6r de ekumeniska relationerna nationellt och globalt att vi numera kan ses utan att beh\u00f6va resa mer eller mindre l\u00e5ngv\u00e4ga. Men just \u00e5rsm\u00f6tesf\u00f6rhandlingar i [&hellip;]","og_url":"https:\/\/blogg.svenskakyrkan.se\/ekumenik\/2021\/05\/12\/hopp-via-sveriges-kristna-rad\/","og_site_name":"Ekumenikbloggen","article_published_time":"2021-05-12T11:06:24+00:00","article_modified_time":"2021-05-12T11:09:00+00:00","author":"Adriana Gastellu Camp","twitter_card":"summary_large_image","twitter_misc":{"Skriven av":"Adriana Gastellu Camp","Ber\u00e4knad l\u00e4stid":"2 minuter"},"schema":{"@context":"https:\/\/schema.org","@graph":[{"@type":"Article","@id":"https:\/\/blogg.svenskakyrkan.se\/ekumenik\/2021\/05\/12\/hopp-via-sveriges-kristna-rad\/#article","isPartOf":{"@id":"https:\/\/blogg.svenskakyrkan.se\/ekumenik\/2021\/05\/12\/hopp-via-sveriges-kristna-rad\/"},"author":{"name":"Adriana Gastellu Camp","@id":"https:\/\/blogg.svenskakyrkan.se\/ekumenik\/#\/schema\/person\/3b4412e20cda2b62761ce6e7a0f3442d"},"headline":"Hopp via Sveriges kristna r\u00e5d","datePublished":"2021-05-12T11:06:24+00:00","dateModified":"2021-05-12T11:09:00+00:00","mainEntityOfPage":{"@id":"https:\/\/blogg.svenskakyrkan.se\/ekumenik\/2021\/05\/12\/hopp-via-sveriges-kristna-rad\/"},"wordCount":444,"commentCount":0,"inLanguage":"sv-SE","potentialAction":[{"@type":"CommentAction","name":"Comment","target":["https:\/\/blogg.svenskakyrkan.se\/ekumenik\/2021\/05\/12\/hopp-via-sveriges-kristna-rad\/#respond"]}]},{"@type":"WebPage","@id":"https:\/\/blogg.svenskakyrkan.se\/ekumenik\/2021\/05\/12\/hopp-via-sveriges-kristna-rad\/","url":"https:\/\/blogg.svenskakyrkan.se\/ekumenik\/2021\/05\/12\/hopp-via-sveriges-kristna-rad\/","name":"Hopp via Sveriges kristna r\u00e5d - Ekumenikbloggen","isPartOf":{"@id":"https:\/\/blogg.svenskakyrkan.se\/ekumenik\/#website"},"datePublished":"2021-05-12T11:06:24+00:00","dateModified":"2021-05-12T11:09:00+00:00","author":{"@id":"https:\/\/blogg.svenskakyrkan.se\/ekumenik\/#\/schema\/person\/3b4412e20cda2b62761ce6e7a0f3442d"},"breadcrumb":{"@id":"https:\/\/blogg.svenskakyrkan.se\/ekumenik\/2021\/05\/12\/hopp-via-sveriges-kristna-rad\/#breadcrumb"},"inLanguage":"sv-SE","potentialAction":[{"@type":"ReadAction","target":["https:\/\/blogg.svenskakyrkan.se\/ekumenik\/2021\/05\/12\/hopp-via-sveriges-kristna-rad\/"]}]},{"@type":"BreadcrumbList","@id":"https:\/\/blogg.svenskakyrkan.se\/ekumenik\/2021\/05\/12\/hopp-via-sveriges-kristna-rad\/#breadcrumb","itemListElement":[{"@type":"ListItem","position":1,"name":"Hem","item":"https:\/\/blogg.svenskakyrkan.se\/ekumenik\/"},{"@type":"ListItem","position":2,"name":"Hopp via Sveriges kristna r\u00e5d"}]},{"@type":"WebSite","@id":"https:\/\/blogg.svenskakyrkan.se\/ekumenik\/#website","url":"https:\/\/blogg.svenskakyrkan.se\/ekumenik\/","name":"Ekumenikbloggen","description":"Svenska kyrkans blogg om ekumenik och interreligi\u00f6s samverkan","potentialAction":[{"@type":"SearchAction","target":{"@type":"EntryPoint","urlTemplate":"https:\/\/blogg.svenskakyrkan.se\/ekumenik\/?s={search_term_string}"},"query-input":{"@type":"PropertyValueSpecification","valueRequired":true,"valueName":"search_term_string"}}],"inLanguage":"sv-SE"},{"@type":"Person","@id":"https:\/\/blogg.svenskakyrkan.se\/ekumenik\/#\/schema\/person\/3b4412e20cda2b62761ce6e7a0f3442d","name":"Adriana Gastellu Camp","image":{"@type":"ImageObject","inLanguage":"sv-SE","@id":"https:\/\/blogg.svenskakyrkan.se\/ekumenik\/#\/schema\/person\/image\/","url":"https:\/\/secure.gravatar.com\/avatar\/301dc59fd05836e4b497a1853837d7b5a0c9034270951ec0813cea0d227911dd?s=96&d=mm&r=g","contentUrl":"https:\/\/secure.gravatar.com\/avatar\/301dc59fd05836e4b497a1853837d7b5a0c9034270951ec0813cea0d227911dd?s=96&d=mm&r=g","caption":"Adriana Gastellu Camp"},"url":"https:\/\/blogg.svenskakyrkan.se\/ekumenik\/author\/adrianagastellucamp\/"}]}},"author_meta":{"ID":"206","user_nicename":"adrianagastellucamp","user_registered":"2012-08-13 19:03:01","display_name":"Adriana Gastellu Camp","first_name":"Adriana","last_name":"Gastellu Camp","avatar":"https:\/\/secure.gravatar.com\/avatar\/301dc59fd05836e4b497a1853837d7b5a0c9034270951ec0813cea0d227911dd?s=96&d=mm&r=g"},"featured_image":false,"bloginfo":{"name":"Ekumenikbloggen","url":"https:\/\/blogg.svenskakyrkan.se\/ekumenik"},"_links":{"self":[{"href":"https:\/\/blogg.svenskakyrkan.se\/ekumenik\/wp-json\/wp\/v2\/posts\/1058","targetHints":{"allow":["GET"]}}],"collection":[{"href":"https:\/\/blogg.svenskakyrkan.se\/ekumenik\/wp-json\/wp\/v2\/posts"}],"about":[{"href":"https:\/\/blogg.svenskakyrkan.se\/ekumenik\/wp-json\/wp\/v2\/types\/post"}],"author":[{"embeddable":true,"href":"https:\/\/blogg.svenskakyrkan.se\/ekumenik\/wp-json\/wp\/v2\/users\/206"}],"replies":[{"embeddable":true,"href":"https:\/\/blogg.svenskakyrkan.se\/ekumenik\/wp-json\/wp\/v2\/comments?post=1058"}],"version-history":[{"count":5,"href":"https:\/\/blogg.svenskakyrkan.se\/ekumenik\/wp-json\/wp\/v2\/posts\/1058\/revisions"}],"predecessor-version":[{"id":1065,"href":"https:\/\/blogg.svenskakyrkan.se\/ekumenik\/wp-json\/wp\/v2\/posts\/1058\/revisions\/1065"}],"wp:attachment":[{"href":"https:\/\/blogg.svenskakyrkan.se\/ekumenik\/wp-json\/wp\/v2\/media?parent=1058"}],"wp:term":[{"taxonomy":"category","embeddable":true,"href":"https:\/\/blogg.svenskakyrkan.se\/ekumenik\/wp-json\/wp\/v2\/categories?post=1058"},{"taxonomy":"post_tag","embeddable":true,"href":"https:\/\/blogg.svenskakyrkan.se\/ekumenik\/wp-json\/wp\/v2\/tags?post=1058"}],"curies":[{"name":"wp","href":"https:\/\/api.w.org\/{rel}","templated":true}]}}