{"id":1067,"date":"2021-05-20T15:27:31","date_gmt":"2021-05-20T13:27:31","guid":{"rendered":"http:\/\/blogg.svenskakyrkan.se\/ekumenik\/?p=1067"},"modified":"2021-05-20T15:27:32","modified_gmt":"2021-05-20T13:27:32","slug":"sokande-fred-vander-vi-oss-till-dig-en-global-bon-for-israel-och-palestina","status":"publish","type":"post","link":"https:\/\/blogg.svenskakyrkan.se\/ekumenik\/2021\/05\/20\/sokande-fred-vander-vi-oss-till-dig-en-global-bon-for-israel-och-palestina\/","title":{"rendered":"S\u00f6kande fred v\u00e4nder vi oss till dig \u2013 en global b\u00f6n f\u00f6r Israel och Palestina"},"content":{"rendered":"\n\n\n<p>Idag ber vi med Kyrkornas v\u00e4rldsr\u00e5ds exekutiva kommitt\u00e9 och med folk \u00f6ver hela v\u00e4rlden s\u00e4rskilt f\u00f6r Israel och Palestina:<\/p>\n\n\n\n<blockquote class=\"wp-block-quote is-layout-flow wp-block-quote-is-layout-flow\"><p>Vi samlas i b\u00f6n f\u00f6r att visa v\u00e5rt deltagande och v\u00e5r solidaritet med alla de som f\u00f6rlorat n\u00e4ra och k\u00e4ra, skadats, lidit och \u00e4r r\u00e4dda till f\u00f6ljd av det fruktansv\u00e4rda v\u00e5ldet och f\u00f6rst\u00f6relsen. Vi ber om att Gud ska f\u00f6ra in medk\u00e4nsla och visdom i de ansvarigas hj\u00e4rtan och sinnen och ge helande och tr\u00f6st till alla som drabbats av konfrontationen<\/p><cite><a href=\"https:\/\/www.globalministries.org\/wcc-invites-churches-to-online-global-prayer-for-the-holy-land\/\">https:\/\/www.globalministries.org\/wcc-invites-churches-to-online-global-prayer-for-the-holy-land\/<\/a><\/cite><\/blockquote>\n\n\n\n<p>En b\u00f6n skriven av \u00e4rkebiskop Antje Jackel\u00e9n f\u00f6r r\u00e4ttvis fred i Israel och Palestina 2017 och som vi kan be tillsammans:<\/p>\n\n\n\n<p><em>Hoppets Gud,<\/em> <em>du som har uppfyllt p\u00e5skens l\u00f6ften<\/em> <em>genom att s\u00e4nda Anden till din kyrka<\/em> <em>och \u00f6ppna det eviga livets v\u00e4g f\u00f6r alla m\u00e4nniskor \u2013<\/em> <em>utgjut din kraft \u00f6ver dina barn i det heliga landet:<\/em> <em>judar, kristna och muslimer,<\/em> <em>palestinier och israeler.<\/em> <em>I v\u00e5rt s\u00f6kande efter en r\u00e4ttvis fred kommer vi till dig.<\/em><\/p>\n\n\n\n<p><em>L\u00e5t hat v\u00e4ndas till k\u00e4rlek,<\/em> <em>r\u00e4dsla till tillit,<\/em> <em>f\u00f6rtvivlan till hopp,<\/em> <em>f\u00f6rtryck till frihet.<\/em><\/p>\n\n\n\n<p><em>L\u00e5t det brutna bli helt<\/em> <em>och l\u00e4r oss hur vi kan leva i j\u00e4mlikhet.<\/em><\/p>\n\n\n\n<p><em>F\u00f6r i p\u00e5skens ljus<\/em> <em>har du gett oss ett hopp om shalom och salaam,<\/em><\/p>\n\n\n\n<p><em>genom Jesus Kristus, v\u00e5r Herre.<\/em><\/p>\n\n\n\n<p><em>Amen.<\/em><\/p>\n\n\n\n<p> <blockquote class=\"wp-embedded-content\" data-secret=\"w8zBXXwXy1\"><a href=\"https:\/\/blogg.svenskakyrkan.se\/act\/2017\/06\/08\/sokande-en-rattvis-fred-vander-vi-oss-till-dig\/\">\u00c4rkebiskopens b\u00f6n f\u00f6r det heliga landet<\/a><\/blockquote><iframe loading=\"lazy\" class=\"wp-embedded-content\" sandbox=\"allow-scripts\" security=\"restricted\" style=\"position: absolute; visibility: hidden;\" title=\"\u201d\u00c4rkebiskopens b\u00f6n f\u00f6r det heliga landet\u201d &ndash; Act Svenska kyrkan\" src=\"https:\/\/blogg.svenskakyrkan.se\/act\/2017\/06\/08\/sokande-en-rattvis-fred-vander-vi-oss-till-dig\/embed\/#?secret=tpR7JbKDHz#?secret=w8zBXXwXy1\" data-secret=\"w8zBXXwXy1\" width=\"500\" height=\"282\" frameborder=\"0\" marginwidth=\"0\" marginheight=\"0\" scrolling=\"no\"><\/iframe><\/p>\n","protected":false},"excerpt":{"rendered":"<p>Idag ber vi med Kyrkornas v\u00e4rldsr\u00e5ds exekutiva kommitt\u00e9 och med folk \u00f6ver hela v\u00e4rlden s\u00e4rskilt f\u00f6r Israel och Palestina: Vi samlas i b\u00f6n f\u00f6r att visa v\u00e5rt deltagande och v\u00e5r solidaritet med alla de som f\u00f6rlorat n\u00e4ra och k\u00e4ra, skadats, lidit och \u00e4r r\u00e4dda till f\u00f6ljd av det fruktansv\u00e4rda v\u00e5ldet och f\u00f6rst\u00f6relsen. Vi ber om [&hellip;]<\/p>\n","protected":false},"author":756,"featured_media":0,"comment_status":"open","ping_status":"open","sticky":false,"template":"","format":"standard","meta":{"_acf_changed":false,"footnotes":""},"categories":[9],"tags":[],"class_list":["post-1067","post","type-post","status-publish","format-standard","hentry","category-okategoriserade"],"acf":[],"yoast_head":"<!-- This site is optimized with the Yoast SEO plugin v27.1.1 - https:\/\/yoast.com\/product\/yoast-seo-wordpress\/ -->\n<title>S\u00f6kande fred v\u00e4nder vi oss till dig \u2013 en global b\u00f6n f\u00f6r Israel och Palestina - Ekumenikbloggen<\/title>\n<meta name=\"robots\" content=\"index, follow, max-snippet:-1, max-image-preview:large, max-video-preview:-1\" \/>\n<link rel=\"canonical\" href=\"https:\/\/blogg.svenskakyrkan.se\/ekumenik\/2021\/05\/20\/sokande-fred-vander-vi-oss-till-dig-en-global-bon-for-israel-och-palestina\/\" \/>\n<meta property=\"og:locale\" content=\"sv_SE\" \/>\n<meta property=\"og:type\" content=\"article\" \/>\n<meta property=\"og:title\" content=\"S\u00f6kande fred v\u00e4nder vi oss till dig \u2013 en global b\u00f6n f\u00f6r Israel och Palestina - Ekumenikbloggen\" \/>\n<meta property=\"og:description\" content=\"Idag ber vi med Kyrkornas v\u00e4rldsr\u00e5ds exekutiva kommitt\u00e9 och med folk \u00f6ver hela v\u00e4rlden s\u00e4rskilt f\u00f6r Israel och Palestina: Vi samlas i b\u00f6n f\u00f6r att visa v\u00e5rt deltagande och v\u00e5r solidaritet med alla de som f\u00f6rlorat n\u00e4ra och k\u00e4ra, skadats, lidit och \u00e4r r\u00e4dda till f\u00f6ljd av det fruktansv\u00e4rda v\u00e5ldet och f\u00f6rst\u00f6relsen. Vi ber om [&hellip;]\" \/>\n<meta property=\"og:url\" content=\"https:\/\/blogg.svenskakyrkan.se\/ekumenik\/2021\/05\/20\/sokande-fred-vander-vi-oss-till-dig-en-global-bon-for-israel-och-palestina\/\" \/>\n<meta property=\"og:site_name\" content=\"Ekumenikbloggen\" \/>\n<meta property=\"article:published_time\" content=\"2021-05-20T13:27:31+00:00\" \/>\n<meta property=\"article:modified_time\" content=\"2021-05-20T13:27:32+00:00\" \/>\n<meta name=\"author\" content=\"Mona Ker\u00e4nen\" \/>\n<meta name=\"twitter:card\" content=\"summary_large_image\" \/>\n<meta name=\"twitter:label1\" content=\"Skriven av\" \/>\n\t<meta name=\"twitter:data1\" content=\"Mona Ker\u00e4nen\" \/>\n\t<meta name=\"twitter:label2\" content=\"Ber\u00e4knad l\u00e4stid\" \/>\n\t<meta name=\"twitter:data2\" content=\"1 minut\" \/>\n<script type=\"application\/ld+json\" class=\"yoast-schema-graph\">{\"@context\":\"https:\/\/schema.org\",\"@graph\":[{\"@type\":\"Article\",\"@id\":\"https:\/\/blogg.svenskakyrkan.se\/ekumenik\/2021\/05\/20\/sokande-fred-vander-vi-oss-till-dig-en-global-bon-for-israel-och-palestina\/#article\",\"isPartOf\":{\"@id\":\"https:\/\/blogg.svenskakyrkan.se\/ekumenik\/2021\/05\/20\/sokande-fred-vander-vi-oss-till-dig-en-global-bon-for-israel-och-palestina\/\"},\"author\":{\"name\":\"Mona Ker\u00e4nen\",\"@id\":\"https:\/\/blogg.svenskakyrkan.se\/ekumenik\/#\/schema\/person\/919deb268552a410c83614a4e5ff643f\"},\"headline\":\"S\u00f6kande fred v\u00e4nder vi oss till dig \u2013 en global b\u00f6n f\u00f6r Israel och Palestina\",\"datePublished\":\"2021-05-20T13:27:31+00:00\",\"dateModified\":\"2021-05-20T13:27:32+00:00\",\"mainEntityOfPage\":{\"@id\":\"https:\/\/blogg.svenskakyrkan.se\/ekumenik\/2021\/05\/20\/sokande-fred-vander-vi-oss-till-dig-en-global-bon-for-israel-och-palestina\/\"},\"wordCount\":276,\"commentCount\":0,\"inLanguage\":\"sv-SE\",\"potentialAction\":[{\"@type\":\"CommentAction\",\"name\":\"Comment\",\"target\":[\"https:\/\/blogg.svenskakyrkan.se\/ekumenik\/2021\/05\/20\/sokande-fred-vander-vi-oss-till-dig-en-global-bon-for-israel-och-palestina\/#respond\"]}]},{\"@type\":\"WebPage\",\"@id\":\"https:\/\/blogg.svenskakyrkan.se\/ekumenik\/2021\/05\/20\/sokande-fred-vander-vi-oss-till-dig-en-global-bon-for-israel-och-palestina\/\",\"url\":\"https:\/\/blogg.svenskakyrkan.se\/ekumenik\/2021\/05\/20\/sokande-fred-vander-vi-oss-till-dig-en-global-bon-for-israel-och-palestina\/\",\"name\":\"S\u00f6kande fred v\u00e4nder vi oss till dig \u2013 en global b\u00f6n f\u00f6r Israel och Palestina - Ekumenikbloggen\",\"isPartOf\":{\"@id\":\"https:\/\/blogg.svenskakyrkan.se\/ekumenik\/#website\"},\"datePublished\":\"2021-05-20T13:27:31+00:00\",\"dateModified\":\"2021-05-20T13:27:32+00:00\",\"author\":{\"@id\":\"https:\/\/blogg.svenskakyrkan.se\/ekumenik\/#\/schema\/person\/919deb268552a410c83614a4e5ff643f\"},\"breadcrumb\":{\"@id\":\"https:\/\/blogg.svenskakyrkan.se\/ekumenik\/2021\/05\/20\/sokande-fred-vander-vi-oss-till-dig-en-global-bon-for-israel-och-palestina\/#breadcrumb\"},\"inLanguage\":\"sv-SE\",\"potentialAction\":[{\"@type\":\"ReadAction\",\"target\":[\"https:\/\/blogg.svenskakyrkan.se\/ekumenik\/2021\/05\/20\/sokande-fred-vander-vi-oss-till-dig-en-global-bon-for-israel-och-palestina\/\"]}]},{\"@type\":\"BreadcrumbList\",\"@id\":\"https:\/\/blogg.svenskakyrkan.se\/ekumenik\/2021\/05\/20\/sokande-fred-vander-vi-oss-till-dig-en-global-bon-for-israel-och-palestina\/#breadcrumb\",\"itemListElement\":[{\"@type\":\"ListItem\",\"position\":1,\"name\":\"Hem\",\"item\":\"https:\/\/blogg.svenskakyrkan.se\/ekumenik\/\"},{\"@type\":\"ListItem\",\"position\":2,\"name\":\"S\u00f6kande fred v\u00e4nder vi oss till dig \u2013 en global b\u00f6n f\u00f6r Israel och Palestina\"}]},{\"@type\":\"WebSite\",\"@id\":\"https:\/\/blogg.svenskakyrkan.se\/ekumenik\/#website\",\"url\":\"https:\/\/blogg.svenskakyrkan.se\/ekumenik\/\",\"name\":\"Ekumenikbloggen\",\"description\":\"Svenska kyrkans blogg om ekumenik och interreligi\u00f6s samverkan\",\"potentialAction\":[{\"@type\":\"SearchAction\",\"target\":{\"@type\":\"EntryPoint\",\"urlTemplate\":\"https:\/\/blogg.svenskakyrkan.se\/ekumenik\/?s={search_term_string}\"},\"query-input\":{\"@type\":\"PropertyValueSpecification\",\"valueRequired\":true,\"valueName\":\"search_term_string\"}}],\"inLanguage\":\"sv-SE\"},{\"@type\":\"Person\",\"@id\":\"https:\/\/blogg.svenskakyrkan.se\/ekumenik\/#\/schema\/person\/919deb268552a410c83614a4e5ff643f\",\"name\":\"Mona Ker\u00e4nen\",\"image\":{\"@type\":\"ImageObject\",\"inLanguage\":\"sv-SE\",\"@id\":\"https:\/\/blogg.svenskakyrkan.se\/ekumenik\/#\/schema\/person\/image\/\",\"url\":\"https:\/\/secure.gravatar.com\/avatar\/a80bbd77a72291d1fad9191d6e79635d92aeb51db59e98bab841a1200da02eef?s=96&d=mm&r=g\",\"contentUrl\":\"https:\/\/secure.gravatar.com\/avatar\/a80bbd77a72291d1fad9191d6e79635d92aeb51db59e98bab841a1200da02eef?s=96&d=mm&r=g\",\"caption\":\"Mona Ker\u00e4nen\"},\"url\":\"https:\/\/blogg.svenskakyrkan.se\/ekumenik\/author\/monakeranen\/\"}]}<\/script>\n<!-- \/ Yoast SEO plugin. -->","yoast_head_json":{"title":"S\u00f6kande fred v\u00e4nder vi oss till dig \u2013 en global b\u00f6n f\u00f6r Israel och Palestina - Ekumenikbloggen","robots":{"index":"index","follow":"follow","max-snippet":"max-snippet:-1","max-image-preview":"max-image-preview:large","max-video-preview":"max-video-preview:-1"},"canonical":"https:\/\/blogg.svenskakyrkan.se\/ekumenik\/2021\/05\/20\/sokande-fred-vander-vi-oss-till-dig-en-global-bon-for-israel-och-palestina\/","og_locale":"sv_SE","og_type":"article","og_title":"S\u00f6kande fred v\u00e4nder vi oss till dig \u2013 en global b\u00f6n f\u00f6r Israel och Palestina - Ekumenikbloggen","og_description":"Idag ber vi med Kyrkornas v\u00e4rldsr\u00e5ds exekutiva kommitt\u00e9 och med folk \u00f6ver hela v\u00e4rlden s\u00e4rskilt f\u00f6r Israel och Palestina: Vi samlas i b\u00f6n f\u00f6r att visa v\u00e5rt deltagande och v\u00e5r solidaritet med alla de som f\u00f6rlorat n\u00e4ra och k\u00e4ra, skadats, lidit och \u00e4r r\u00e4dda till f\u00f6ljd av det fruktansv\u00e4rda v\u00e5ldet och f\u00f6rst\u00f6relsen. Vi ber om [&hellip;]","og_url":"https:\/\/blogg.svenskakyrkan.se\/ekumenik\/2021\/05\/20\/sokande-fred-vander-vi-oss-till-dig-en-global-bon-for-israel-och-palestina\/","og_site_name":"Ekumenikbloggen","article_published_time":"2021-05-20T13:27:31+00:00","article_modified_time":"2021-05-20T13:27:32+00:00","author":"Mona Ker\u00e4nen","twitter_card":"summary_large_image","twitter_misc":{"Skriven av":"Mona Ker\u00e4nen","Ber\u00e4knad l\u00e4stid":"1 minut"},"schema":{"@context":"https:\/\/schema.org","@graph":[{"@type":"Article","@id":"https:\/\/blogg.svenskakyrkan.se\/ekumenik\/2021\/05\/20\/sokande-fred-vander-vi-oss-till-dig-en-global-bon-for-israel-och-palestina\/#article","isPartOf":{"@id":"https:\/\/blogg.svenskakyrkan.se\/ekumenik\/2021\/05\/20\/sokande-fred-vander-vi-oss-till-dig-en-global-bon-for-israel-och-palestina\/"},"author":{"name":"Mona Ker\u00e4nen","@id":"https:\/\/blogg.svenskakyrkan.se\/ekumenik\/#\/schema\/person\/919deb268552a410c83614a4e5ff643f"},"headline":"S\u00f6kande fred v\u00e4nder vi oss till dig \u2013 en global b\u00f6n f\u00f6r Israel och Palestina","datePublished":"2021-05-20T13:27:31+00:00","dateModified":"2021-05-20T13:27:32+00:00","mainEntityOfPage":{"@id":"https:\/\/blogg.svenskakyrkan.se\/ekumenik\/2021\/05\/20\/sokande-fred-vander-vi-oss-till-dig-en-global-bon-for-israel-och-palestina\/"},"wordCount":276,"commentCount":0,"inLanguage":"sv-SE","potentialAction":[{"@type":"CommentAction","name":"Comment","target":["https:\/\/blogg.svenskakyrkan.se\/ekumenik\/2021\/05\/20\/sokande-fred-vander-vi-oss-till-dig-en-global-bon-for-israel-och-palestina\/#respond"]}]},{"@type":"WebPage","@id":"https:\/\/blogg.svenskakyrkan.se\/ekumenik\/2021\/05\/20\/sokande-fred-vander-vi-oss-till-dig-en-global-bon-for-israel-och-palestina\/","url":"https:\/\/blogg.svenskakyrkan.se\/ekumenik\/2021\/05\/20\/sokande-fred-vander-vi-oss-till-dig-en-global-bon-for-israel-och-palestina\/","name":"S\u00f6kande fred v\u00e4nder vi oss till dig \u2013 en global b\u00f6n f\u00f6r Israel och Palestina - Ekumenikbloggen","isPartOf":{"@id":"https:\/\/blogg.svenskakyrkan.se\/ekumenik\/#website"},"datePublished":"2021-05-20T13:27:31+00:00","dateModified":"2021-05-20T13:27:32+00:00","author":{"@id":"https:\/\/blogg.svenskakyrkan.se\/ekumenik\/#\/schema\/person\/919deb268552a410c83614a4e5ff643f"},"breadcrumb":{"@id":"https:\/\/blogg.svenskakyrkan.se\/ekumenik\/2021\/05\/20\/sokande-fred-vander-vi-oss-till-dig-en-global-bon-for-israel-och-palestina\/#breadcrumb"},"inLanguage":"sv-SE","potentialAction":[{"@type":"ReadAction","target":["https:\/\/blogg.svenskakyrkan.se\/ekumenik\/2021\/05\/20\/sokande-fred-vander-vi-oss-till-dig-en-global-bon-for-israel-och-palestina\/"]}]},{"@type":"BreadcrumbList","@id":"https:\/\/blogg.svenskakyrkan.se\/ekumenik\/2021\/05\/20\/sokande-fred-vander-vi-oss-till-dig-en-global-bon-for-israel-och-palestina\/#breadcrumb","itemListElement":[{"@type":"ListItem","position":1,"name":"Hem","item":"https:\/\/blogg.svenskakyrkan.se\/ekumenik\/"},{"@type":"ListItem","position":2,"name":"S\u00f6kande fred v\u00e4nder vi oss till dig \u2013 en global b\u00f6n f\u00f6r Israel och Palestina"}]},{"@type":"WebSite","@id":"https:\/\/blogg.svenskakyrkan.se\/ekumenik\/#website","url":"https:\/\/blogg.svenskakyrkan.se\/ekumenik\/","name":"Ekumenikbloggen","description":"Svenska kyrkans blogg om ekumenik och interreligi\u00f6s samverkan","potentialAction":[{"@type":"SearchAction","target":{"@type":"EntryPoint","urlTemplate":"https:\/\/blogg.svenskakyrkan.se\/ekumenik\/?s={search_term_string}"},"query-input":{"@type":"PropertyValueSpecification","valueRequired":true,"valueName":"search_term_string"}}],"inLanguage":"sv-SE"},{"@type":"Person","@id":"https:\/\/blogg.svenskakyrkan.se\/ekumenik\/#\/schema\/person\/919deb268552a410c83614a4e5ff643f","name":"Mona Ker\u00e4nen","image":{"@type":"ImageObject","inLanguage":"sv-SE","@id":"https:\/\/blogg.svenskakyrkan.se\/ekumenik\/#\/schema\/person\/image\/","url":"https:\/\/secure.gravatar.com\/avatar\/a80bbd77a72291d1fad9191d6e79635d92aeb51db59e98bab841a1200da02eef?s=96&d=mm&r=g","contentUrl":"https:\/\/secure.gravatar.com\/avatar\/a80bbd77a72291d1fad9191d6e79635d92aeb51db59e98bab841a1200da02eef?s=96&d=mm&r=g","caption":"Mona Ker\u00e4nen"},"url":"https:\/\/blogg.svenskakyrkan.se\/ekumenik\/author\/monakeranen\/"}]}},"author_meta":{"ID":"756","user_nicename":"monakeranen","user_registered":"2020-03-30 12:16:31","display_name":"Mona Ker\u00e4nen","first_name":"Mona","last_name":"Ker\u00e4nen","avatar":"https:\/\/secure.gravatar.com\/avatar\/a80bbd77a72291d1fad9191d6e79635d92aeb51db59e98bab841a1200da02eef?s=96&d=mm&r=g"},"featured_image":false,"bloginfo":{"name":"Ekumenikbloggen","url":"https:\/\/blogg.svenskakyrkan.se\/ekumenik"},"_links":{"self":[{"href":"https:\/\/blogg.svenskakyrkan.se\/ekumenik\/wp-json\/wp\/v2\/posts\/1067","targetHints":{"allow":["GET"]}}],"collection":[{"href":"https:\/\/blogg.svenskakyrkan.se\/ekumenik\/wp-json\/wp\/v2\/posts"}],"about":[{"href":"https:\/\/blogg.svenskakyrkan.se\/ekumenik\/wp-json\/wp\/v2\/types\/post"}],"author":[{"embeddable":true,"href":"https:\/\/blogg.svenskakyrkan.se\/ekumenik\/wp-json\/wp\/v2\/users\/756"}],"replies":[{"embeddable":true,"href":"https:\/\/blogg.svenskakyrkan.se\/ekumenik\/wp-json\/wp\/v2\/comments?post=1067"}],"version-history":[{"count":1,"href":"https:\/\/blogg.svenskakyrkan.se\/ekumenik\/wp-json\/wp\/v2\/posts\/1067\/revisions"}],"predecessor-version":[{"id":1068,"href":"https:\/\/blogg.svenskakyrkan.se\/ekumenik\/wp-json\/wp\/v2\/posts\/1067\/revisions\/1068"}],"wp:attachment":[{"href":"https:\/\/blogg.svenskakyrkan.se\/ekumenik\/wp-json\/wp\/v2\/media?parent=1067"}],"wp:term":[{"taxonomy":"category","embeddable":true,"href":"https:\/\/blogg.svenskakyrkan.se\/ekumenik\/wp-json\/wp\/v2\/categories?post=1067"},{"taxonomy":"post_tag","embeddable":true,"href":"https:\/\/blogg.svenskakyrkan.se\/ekumenik\/wp-json\/wp\/v2\/tags?post=1067"}],"curies":[{"name":"wp","href":"https:\/\/api.w.org\/{rel}","templated":true}]}}