{"id":1070,"date":"2021-06-24T15:36:15","date_gmt":"2021-06-24T13:36:15","guid":{"rendered":"https:\/\/blogg.svenskakyrkan.se\/ekumenik\/?p=1070"},"modified":"2021-06-24T16:32:36","modified_gmt":"2021-06-24T14:32:36","slug":"one-human-family-and-a-fellowship-of-churches-in-a-time-of-great-suffering","status":"publish","type":"post","link":"https:\/\/blogg.svenskakyrkan.se\/ekumenik\/2021\/06\/24\/one-human-family-and-a-fellowship-of-churches-in-a-time-of-great-suffering\/","title":{"rendered":"One human family and a fellowship of churches in a time of great suffering"},"content":{"rendered":"\n\n\n<p>Just nu p\u00e5g\u00e5r Kyrkornas v\u00e4rldsr\u00e5ds centralkommitt\u00e9. Det \u00e4r det f\u00f6rsta m\u00f6tet kommitt\u00e9n har kunnat h\u00e5lla sedan 2018 och det genomf\u00f6rs digitalt. Beslut ska fattas i fr\u00e5gor som fr\u00e4mst r\u00f6r generalf\u00f6rsamlingens genomf\u00f6rande i Karlsruhe i Tyskland, 31 augusti \u2013 8 september 2022.<\/p>\n\n\n\n<p>Idag torsdag den 24 juni, b\u00e4r alla i kommitt\u00e9n svarta kl\u00e4der f\u00f6r att visa sitt deltagande i kampanjen &#8221;Thursdays in black&#8221;. Genom det markerar de, tillsammans med andra v\u00e4rlden \u00f6ver, sitt avst\u00e5ndstagande fr\u00e5n k\u00f6nsrelaterat och sexualiserat v\u00e5ld i n\u00e4ra relationer, i konflikter och krig, ja \u00f6verallt d\u00e4r det f\u00f6rekommer.* Kyrkornas v\u00e4rldsr\u00e5ds ledning betonar att vi \u00e4r en enda m\u00e4nsklighet och en gemenskap av kyrkor som st\u00e5r i \u00f6msesidigt beroendef\u00f6rh\u00e5llande till varandra och till den jord vi alla lever p\u00e5 och lever av. &nbsp;<\/p>\n\n\n\n<p>\u201cOur unity, as one human family and as a fellowship of churches, is more important than ever,\u201d he said.&nbsp;\u201cWe are living through a time of great suffering.\u201d<\/p>\n\n\n\n<p><em>WCC acting general secretary Rev. Prof. Dr Ioan Sauca, June 2021.<\/em><\/p>\n\n\n\n<p><a href=\"https:\/\/www.oikoumene.org\/news\/unity-is-more-important-than-ever-reflects-wcc-acting-general-secretary\">\u201cUnity is more important than ever,\u201d reflects WCC acting general secretary | World Council of Churches (oikoumene.org)<\/a><\/p>\n\n\n\n<p>\u201cIn spite of the tremendous challenges, churches have shown commitment to move together, Abuom concluded.&nbsp;\u201cThe task ahead of us is huge, but so is the opportunity for the church to re-establish itself in new ways, to reach new people with the love of Christ, and support the vulnerable and those in need,\u201d&nbsp;she said. \u201cBy God\u2019s grace, we are committed to stay and move together.\u201d\u201d<\/p>\n\n\n\n<p><em>WCC central committee moderator, Dr Agnes Abuom, June 2021<\/em><\/p>\n\n\n\n<p><a href=\"https:\/\/www.oikoumene.org\/news\/dr-abuom-we-are-committed-to-stay-and-move-together\">Dr Abuom: \u201cWe are committed to stay and move together\u201d | World Council of Churches (oikoumene.org)<\/a><\/p>\n\n\n\n<p>*https:\/\/www.oikoumene.org\/what-we-do\/thursdays-in-black#about<\/p>\n\n\n\n<p><\/p>\n","protected":false},"excerpt":{"rendered":"<p>Just nu p\u00e5g\u00e5r Kyrkornas v\u00e4rldsr\u00e5ds centralkommitt\u00e9. Det \u00e4r det f\u00f6rsta m\u00f6tet kommitt\u00e9n har kunnat h\u00e5lla sedan 2018 och det genomf\u00f6rs digitalt. Beslut ska fattas i fr\u00e5gor som fr\u00e4mst r\u00f6r generalf\u00f6rsamlingens genomf\u00f6rande i Karlsruhe i Tyskland, 31 augusti \u2013 8 september 2022. Idag torsdag den 24 juni, b\u00e4r alla i kommitt\u00e9n svarta kl\u00e4der f\u00f6r att visa [&hellip;]<\/p>\n","protected":false},"author":756,"featured_media":0,"comment_status":"open","ping_status":"open","sticky":false,"template":"","format":"standard","meta":{"_acf_changed":false,"footnotes":""},"categories":[160954],"tags":[],"class_list":["post-1070","post","type-post","status-publish","format-standard","hentry","category-kyrkornas-varldsrad"],"acf":[],"yoast_head":"<!-- This site is optimized with the Yoast SEO plugin v27.1.1 - https:\/\/yoast.com\/product\/yoast-seo-wordpress\/ -->\n<title>One human family and a fellowship of churches in a time of great suffering - Ekumenikbloggen<\/title>\n<meta name=\"robots\" content=\"index, follow, max-snippet:-1, max-image-preview:large, max-video-preview:-1\" \/>\n<link rel=\"canonical\" href=\"https:\/\/blogg.svenskakyrkan.se\/ekumenik\/2021\/06\/24\/one-human-family-and-a-fellowship-of-churches-in-a-time-of-great-suffering\/\" \/>\n<meta property=\"og:locale\" content=\"sv_SE\" \/>\n<meta property=\"og:type\" content=\"article\" \/>\n<meta property=\"og:title\" content=\"One human family and a fellowship of churches in a time of great suffering - Ekumenikbloggen\" \/>\n<meta property=\"og:description\" content=\"Just nu p\u00e5g\u00e5r Kyrkornas v\u00e4rldsr\u00e5ds centralkommitt\u00e9. Det \u00e4r det f\u00f6rsta m\u00f6tet kommitt\u00e9n har kunnat h\u00e5lla sedan 2018 och det genomf\u00f6rs digitalt. Beslut ska fattas i fr\u00e5gor som fr\u00e4mst r\u00f6r generalf\u00f6rsamlingens genomf\u00f6rande i Karlsruhe i Tyskland, 31 augusti \u2013 8 september 2022. Idag torsdag den 24 juni, b\u00e4r alla i kommitt\u00e9n svarta kl\u00e4der f\u00f6r att visa [&hellip;]\" \/>\n<meta property=\"og:url\" content=\"https:\/\/blogg.svenskakyrkan.se\/ekumenik\/2021\/06\/24\/one-human-family-and-a-fellowship-of-churches-in-a-time-of-great-suffering\/\" \/>\n<meta property=\"og:site_name\" content=\"Ekumenikbloggen\" \/>\n<meta property=\"article:published_time\" content=\"2021-06-24T13:36:15+00:00\" \/>\n<meta property=\"article:modified_time\" content=\"2021-06-24T14:32:36+00:00\" \/>\n<meta name=\"author\" content=\"Mona Ker\u00e4nen\" \/>\n<meta name=\"twitter:card\" content=\"summary_large_image\" \/>\n<meta name=\"twitter:label1\" content=\"Skriven av\" \/>\n\t<meta name=\"twitter:data1\" content=\"Mona Ker\u00e4nen\" \/>\n\t<meta name=\"twitter:label2\" content=\"Ber\u00e4knad l\u00e4stid\" \/>\n\t<meta name=\"twitter:data2\" content=\"2 minuter\" \/>\n<script type=\"application\/ld+json\" class=\"yoast-schema-graph\">{\"@context\":\"https:\/\/schema.org\",\"@graph\":[{\"@type\":\"Article\",\"@id\":\"https:\/\/blogg.svenskakyrkan.se\/ekumenik\/2021\/06\/24\/one-human-family-and-a-fellowship-of-churches-in-a-time-of-great-suffering\/#article\",\"isPartOf\":{\"@id\":\"https:\/\/blogg.svenskakyrkan.se\/ekumenik\/2021\/06\/24\/one-human-family-and-a-fellowship-of-churches-in-a-time-of-great-suffering\/\"},\"author\":{\"name\":\"Mona Ker\u00e4nen\",\"@id\":\"https:\/\/blogg.svenskakyrkan.se\/ekumenik\/#\/schema\/person\/919deb268552a410c83614a4e5ff643f\"},\"headline\":\"One human family and a fellowship of churches in a time of great suffering\",\"datePublished\":\"2021-06-24T13:36:15+00:00\",\"dateModified\":\"2021-06-24T14:32:36+00:00\",\"mainEntityOfPage\":{\"@id\":\"https:\/\/blogg.svenskakyrkan.se\/ekumenik\/2021\/06\/24\/one-human-family-and-a-fellowship-of-churches-in-a-time-of-great-suffering\/\"},\"wordCount\":320,\"commentCount\":0,\"articleSection\":[\"Kyrkornas v\u00e4rldsr\u00e5d\"],\"inLanguage\":\"sv-SE\",\"potentialAction\":[{\"@type\":\"CommentAction\",\"name\":\"Comment\",\"target\":[\"https:\/\/blogg.svenskakyrkan.se\/ekumenik\/2021\/06\/24\/one-human-family-and-a-fellowship-of-churches-in-a-time-of-great-suffering\/#respond\"]}]},{\"@type\":\"WebPage\",\"@id\":\"https:\/\/blogg.svenskakyrkan.se\/ekumenik\/2021\/06\/24\/one-human-family-and-a-fellowship-of-churches-in-a-time-of-great-suffering\/\",\"url\":\"https:\/\/blogg.svenskakyrkan.se\/ekumenik\/2021\/06\/24\/one-human-family-and-a-fellowship-of-churches-in-a-time-of-great-suffering\/\",\"name\":\"One human family and a fellowship of churches in a time of great suffering - Ekumenikbloggen\",\"isPartOf\":{\"@id\":\"https:\/\/blogg.svenskakyrkan.se\/ekumenik\/#website\"},\"datePublished\":\"2021-06-24T13:36:15+00:00\",\"dateModified\":\"2021-06-24T14:32:36+00:00\",\"author\":{\"@id\":\"https:\/\/blogg.svenskakyrkan.se\/ekumenik\/#\/schema\/person\/919deb268552a410c83614a4e5ff643f\"},\"breadcrumb\":{\"@id\":\"https:\/\/blogg.svenskakyrkan.se\/ekumenik\/2021\/06\/24\/one-human-family-and-a-fellowship-of-churches-in-a-time-of-great-suffering\/#breadcrumb\"},\"inLanguage\":\"sv-SE\",\"potentialAction\":[{\"@type\":\"ReadAction\",\"target\":[\"https:\/\/blogg.svenskakyrkan.se\/ekumenik\/2021\/06\/24\/one-human-family-and-a-fellowship-of-churches-in-a-time-of-great-suffering\/\"]}]},{\"@type\":\"BreadcrumbList\",\"@id\":\"https:\/\/blogg.svenskakyrkan.se\/ekumenik\/2021\/06\/24\/one-human-family-and-a-fellowship-of-churches-in-a-time-of-great-suffering\/#breadcrumb\",\"itemListElement\":[{\"@type\":\"ListItem\",\"position\":1,\"name\":\"Hem\",\"item\":\"https:\/\/blogg.svenskakyrkan.se\/ekumenik\/\"},{\"@type\":\"ListItem\",\"position\":2,\"name\":\"One human family and a fellowship of churches in a time of great suffering\"}]},{\"@type\":\"WebSite\",\"@id\":\"https:\/\/blogg.svenskakyrkan.se\/ekumenik\/#website\",\"url\":\"https:\/\/blogg.svenskakyrkan.se\/ekumenik\/\",\"name\":\"Ekumenikbloggen\",\"description\":\"Svenska kyrkans blogg om ekumenik och interreligi\u00f6s samverkan\",\"potentialAction\":[{\"@type\":\"SearchAction\",\"target\":{\"@type\":\"EntryPoint\",\"urlTemplate\":\"https:\/\/blogg.svenskakyrkan.se\/ekumenik\/?s={search_term_string}\"},\"query-input\":{\"@type\":\"PropertyValueSpecification\",\"valueRequired\":true,\"valueName\":\"search_term_string\"}}],\"inLanguage\":\"sv-SE\"},{\"@type\":\"Person\",\"@id\":\"https:\/\/blogg.svenskakyrkan.se\/ekumenik\/#\/schema\/person\/919deb268552a410c83614a4e5ff643f\",\"name\":\"Mona Ker\u00e4nen\",\"image\":{\"@type\":\"ImageObject\",\"inLanguage\":\"sv-SE\",\"@id\":\"https:\/\/blogg.svenskakyrkan.se\/ekumenik\/#\/schema\/person\/image\/\",\"url\":\"https:\/\/secure.gravatar.com\/avatar\/a80bbd77a72291d1fad9191d6e79635d92aeb51db59e98bab841a1200da02eef?s=96&d=mm&r=g\",\"contentUrl\":\"https:\/\/secure.gravatar.com\/avatar\/a80bbd77a72291d1fad9191d6e79635d92aeb51db59e98bab841a1200da02eef?s=96&d=mm&r=g\",\"caption\":\"Mona Ker\u00e4nen\"},\"url\":\"https:\/\/blogg.svenskakyrkan.se\/ekumenik\/author\/monakeranen\/\"}]}<\/script>\n<!-- \/ Yoast SEO plugin. -->","yoast_head_json":{"title":"One human family and a fellowship of churches in a time of great suffering - Ekumenikbloggen","robots":{"index":"index","follow":"follow","max-snippet":"max-snippet:-1","max-image-preview":"max-image-preview:large","max-video-preview":"max-video-preview:-1"},"canonical":"https:\/\/blogg.svenskakyrkan.se\/ekumenik\/2021\/06\/24\/one-human-family-and-a-fellowship-of-churches-in-a-time-of-great-suffering\/","og_locale":"sv_SE","og_type":"article","og_title":"One human family and a fellowship of churches in a time of great suffering - Ekumenikbloggen","og_description":"Just nu p\u00e5g\u00e5r Kyrkornas v\u00e4rldsr\u00e5ds centralkommitt\u00e9. Det \u00e4r det f\u00f6rsta m\u00f6tet kommitt\u00e9n har kunnat h\u00e5lla sedan 2018 och det genomf\u00f6rs digitalt. Beslut ska fattas i fr\u00e5gor som fr\u00e4mst r\u00f6r generalf\u00f6rsamlingens genomf\u00f6rande i Karlsruhe i Tyskland, 31 augusti \u2013 8 september 2022. Idag torsdag den 24 juni, b\u00e4r alla i kommitt\u00e9n svarta kl\u00e4der f\u00f6r att visa [&hellip;]","og_url":"https:\/\/blogg.svenskakyrkan.se\/ekumenik\/2021\/06\/24\/one-human-family-and-a-fellowship-of-churches-in-a-time-of-great-suffering\/","og_site_name":"Ekumenikbloggen","article_published_time":"2021-06-24T13:36:15+00:00","article_modified_time":"2021-06-24T14:32:36+00:00","author":"Mona Ker\u00e4nen","twitter_card":"summary_large_image","twitter_misc":{"Skriven av":"Mona Ker\u00e4nen","Ber\u00e4knad l\u00e4stid":"2 minuter"},"schema":{"@context":"https:\/\/schema.org","@graph":[{"@type":"Article","@id":"https:\/\/blogg.svenskakyrkan.se\/ekumenik\/2021\/06\/24\/one-human-family-and-a-fellowship-of-churches-in-a-time-of-great-suffering\/#article","isPartOf":{"@id":"https:\/\/blogg.svenskakyrkan.se\/ekumenik\/2021\/06\/24\/one-human-family-and-a-fellowship-of-churches-in-a-time-of-great-suffering\/"},"author":{"name":"Mona Ker\u00e4nen","@id":"https:\/\/blogg.svenskakyrkan.se\/ekumenik\/#\/schema\/person\/919deb268552a410c83614a4e5ff643f"},"headline":"One human family and a fellowship of churches in a time of great suffering","datePublished":"2021-06-24T13:36:15+00:00","dateModified":"2021-06-24T14:32:36+00:00","mainEntityOfPage":{"@id":"https:\/\/blogg.svenskakyrkan.se\/ekumenik\/2021\/06\/24\/one-human-family-and-a-fellowship-of-churches-in-a-time-of-great-suffering\/"},"wordCount":320,"commentCount":0,"articleSection":["Kyrkornas v\u00e4rldsr\u00e5d"],"inLanguage":"sv-SE","potentialAction":[{"@type":"CommentAction","name":"Comment","target":["https:\/\/blogg.svenskakyrkan.se\/ekumenik\/2021\/06\/24\/one-human-family-and-a-fellowship-of-churches-in-a-time-of-great-suffering\/#respond"]}]},{"@type":"WebPage","@id":"https:\/\/blogg.svenskakyrkan.se\/ekumenik\/2021\/06\/24\/one-human-family-and-a-fellowship-of-churches-in-a-time-of-great-suffering\/","url":"https:\/\/blogg.svenskakyrkan.se\/ekumenik\/2021\/06\/24\/one-human-family-and-a-fellowship-of-churches-in-a-time-of-great-suffering\/","name":"One human family and a fellowship of churches in a time of great suffering - Ekumenikbloggen","isPartOf":{"@id":"https:\/\/blogg.svenskakyrkan.se\/ekumenik\/#website"},"datePublished":"2021-06-24T13:36:15+00:00","dateModified":"2021-06-24T14:32:36+00:00","author":{"@id":"https:\/\/blogg.svenskakyrkan.se\/ekumenik\/#\/schema\/person\/919deb268552a410c83614a4e5ff643f"},"breadcrumb":{"@id":"https:\/\/blogg.svenskakyrkan.se\/ekumenik\/2021\/06\/24\/one-human-family-and-a-fellowship-of-churches-in-a-time-of-great-suffering\/#breadcrumb"},"inLanguage":"sv-SE","potentialAction":[{"@type":"ReadAction","target":["https:\/\/blogg.svenskakyrkan.se\/ekumenik\/2021\/06\/24\/one-human-family-and-a-fellowship-of-churches-in-a-time-of-great-suffering\/"]}]},{"@type":"BreadcrumbList","@id":"https:\/\/blogg.svenskakyrkan.se\/ekumenik\/2021\/06\/24\/one-human-family-and-a-fellowship-of-churches-in-a-time-of-great-suffering\/#breadcrumb","itemListElement":[{"@type":"ListItem","position":1,"name":"Hem","item":"https:\/\/blogg.svenskakyrkan.se\/ekumenik\/"},{"@type":"ListItem","position":2,"name":"One human family and a fellowship of churches in a time of great suffering"}]},{"@type":"WebSite","@id":"https:\/\/blogg.svenskakyrkan.se\/ekumenik\/#website","url":"https:\/\/blogg.svenskakyrkan.se\/ekumenik\/","name":"Ekumenikbloggen","description":"Svenska kyrkans blogg om ekumenik och interreligi\u00f6s samverkan","potentialAction":[{"@type":"SearchAction","target":{"@type":"EntryPoint","urlTemplate":"https:\/\/blogg.svenskakyrkan.se\/ekumenik\/?s={search_term_string}"},"query-input":{"@type":"PropertyValueSpecification","valueRequired":true,"valueName":"search_term_string"}}],"inLanguage":"sv-SE"},{"@type":"Person","@id":"https:\/\/blogg.svenskakyrkan.se\/ekumenik\/#\/schema\/person\/919deb268552a410c83614a4e5ff643f","name":"Mona Ker\u00e4nen","image":{"@type":"ImageObject","inLanguage":"sv-SE","@id":"https:\/\/blogg.svenskakyrkan.se\/ekumenik\/#\/schema\/person\/image\/","url":"https:\/\/secure.gravatar.com\/avatar\/a80bbd77a72291d1fad9191d6e79635d92aeb51db59e98bab841a1200da02eef?s=96&d=mm&r=g","contentUrl":"https:\/\/secure.gravatar.com\/avatar\/a80bbd77a72291d1fad9191d6e79635d92aeb51db59e98bab841a1200da02eef?s=96&d=mm&r=g","caption":"Mona Ker\u00e4nen"},"url":"https:\/\/blogg.svenskakyrkan.se\/ekumenik\/author\/monakeranen\/"}]}},"author_meta":{"ID":"756","user_nicename":"monakeranen","user_registered":"2020-03-30 12:16:31","display_name":"Mona Ker\u00e4nen","first_name":"Mona","last_name":"Ker\u00e4nen","avatar":"https:\/\/secure.gravatar.com\/avatar\/a80bbd77a72291d1fad9191d6e79635d92aeb51db59e98bab841a1200da02eef?s=96&d=mm&r=g"},"featured_image":false,"bloginfo":{"name":"Ekumenikbloggen","url":"https:\/\/blogg.svenskakyrkan.se\/ekumenik"},"_links":{"self":[{"href":"https:\/\/blogg.svenskakyrkan.se\/ekumenik\/wp-json\/wp\/v2\/posts\/1070","targetHints":{"allow":["GET"]}}],"collection":[{"href":"https:\/\/blogg.svenskakyrkan.se\/ekumenik\/wp-json\/wp\/v2\/posts"}],"about":[{"href":"https:\/\/blogg.svenskakyrkan.se\/ekumenik\/wp-json\/wp\/v2\/types\/post"}],"author":[{"embeddable":true,"href":"https:\/\/blogg.svenskakyrkan.se\/ekumenik\/wp-json\/wp\/v2\/users\/756"}],"replies":[{"embeddable":true,"href":"https:\/\/blogg.svenskakyrkan.se\/ekumenik\/wp-json\/wp\/v2\/comments?post=1070"}],"version-history":[{"count":5,"href":"https:\/\/blogg.svenskakyrkan.se\/ekumenik\/wp-json\/wp\/v2\/posts\/1070\/revisions"}],"predecessor-version":[{"id":1076,"href":"https:\/\/blogg.svenskakyrkan.se\/ekumenik\/wp-json\/wp\/v2\/posts\/1070\/revisions\/1076"}],"wp:attachment":[{"href":"https:\/\/blogg.svenskakyrkan.se\/ekumenik\/wp-json\/wp\/v2\/media?parent=1070"}],"wp:term":[{"taxonomy":"category","embeddable":true,"href":"https:\/\/blogg.svenskakyrkan.se\/ekumenik\/wp-json\/wp\/v2\/categories?post=1070"},{"taxonomy":"post_tag","embeddable":true,"href":"https:\/\/blogg.svenskakyrkan.se\/ekumenik\/wp-json\/wp\/v2\/tags?post=1070"}],"curies":[{"name":"wp","href":"https:\/\/api.w.org\/{rel}","templated":true}]}}