{"id":1083,"date":"2021-08-31T10:28:22","date_gmt":"2021-08-31T08:28:22","guid":{"rendered":"https:\/\/blogg.svenskakyrkan.se\/ekumenik\/?p=1083"},"modified":"2021-08-31T10:28:23","modified_gmt":"2021-08-31T08:28:23","slug":"om-kullerstenar-kyrie-och-vandring-tankar-infor-skapelsetid-2021","status":"publish","type":"post","link":"https:\/\/blogg.svenskakyrkan.se\/ekumenik\/2021\/08\/31\/om-kullerstenar-kyrie-och-vandring-tankar-infor-skapelsetid-2021\/","title":{"rendered":"Om kullerstenar, kyrie och vandring &#8211; tankar inf\u00f6r Skapelsetid 2021"},"content":{"rendered":"\n<p><\/p>\n\n\n\n\n\n<p>Jag minns det som om det var ig\u00e5r: Den yngsta deltagaren p\u00e5 det europeiska ekumeniska m\u00f6tet i Sibiu (Rum\u00e4nien) i september 2007 var min fyra m\u00e5nader gamla bebis. Han sov sig igenom ortodoxa och lutherska gudstj\u00e4nster och l\u00e5nga ekumeniska debatter, han bars runt av sin pappa p\u00e5 denna fina stads kullerstenar.<\/p>\n\n\n\n<p>Jag var delegat och ett \u00e4mne ber\u00f6rde oss alla: Kyrkorna runt om i Europa skulle uppmanas till att fira Skapelsetid. Om skapelsens bevarande och integritet kunde kyrkorna i en ekumeniskt utmanande tid enas utifr\u00e5n sina olika perspektiv. Deltagarna skrev till medlemskyrkorna: <em>\u201dVi rekommenderar att vi alla \u00e4gnar perioden fr\u00e5n 1 september till 4 oktober \u00e5t b\u00f6n f\u00f6r v\u00e4rnande av skapelsen och fr\u00e4mjande av en h\u00e5llbar livsstil, som kan motverka utvecklingen i klimatf\u00f6r\u00e4ndringen.\u201d<\/em> (Budskap fr\u00e5n Sibiu, Rekommendation X, september 2007)<\/p>\n\n\n\n<p>Min son har hunnit bli 14 \u00e5r. Det skulle l\u00e5ta cyniskt idag, bara 14 \u00e5r senare, att prata om skapelsens bevarande. Det handlar snarare om skapelsens helande, om att vi beh\u00f6ver skydda denna planet som en plats d\u00e4r djur, v\u00e4xter och m\u00e4nniskor kan leva, fr\u00e5n att bli f\u00f6rst\u00f6rd. Vi vet ocks\u00e5: Det \u00e4r vi m\u00e4nniskor som \u00e4r orsaken till klimatf\u00f6r\u00e4ndring och milj\u00f6f\u00f6rst\u00f6ring. Och: Klockan \u00e4r en minut i tolv.<\/p>\n\n\n\n<p>Har vi en minut i tolv tid f\u00f6r att be och fira gudstj\u00e4nst? Har vi tid f\u00f6r Skapelsetid denna september 2021? Jag ser p\u00e5 andakterna som studerande p\u00e5 Svenska kyrkans utbildningsinstitut har skapat till oss alla \u2013 f\u00f6r bred ekumenisk anv\u00e4ndning under Skapelsetid. Jag lyssnar till delar av <em>En m\u00e4ssa med hela skapelsen<\/em>, skriven i V\u00e4ster\u00e5s pastorat<em>.<\/em> Den finns tillg\u00e4nglig f\u00f6r att firas fr\u00e5n Abisko till Kivik. Dessa m\u00e4nniskor skapade ord och toner f\u00f6r den akuta krisen. Ord som inte f\u00f6rtr\u00e4nger, som inte suddar bort det som vetenskapen under decennier har f\u00f6rs\u00f6kt att g\u00f6ra oss varse om. Ord som andas r\u00e4dsla och hopp p\u00e5 samma g\u00e5ng. <em>\u201dO Gud, uppr\u00e4tta v\u00e5rt band till din skapelse och ditt f\u00f6rbund\u201d<\/em> ekar m\u00e4ssans kyrie i mina \u00f6ron.<\/p>\n\n\n\n<p>Jag anar: Orden, tonerna ger rytmen och kraften till den f\u00f6r\u00e4ndring som beh\u00f6ver bli till. Och Act Svenska kyrkans Agera-volont\u00e4rer tillsammans med Vadstena pilgrimscentrum g\u00f6r handling av dem. Skriv under f\u00f6r klimatr\u00e4ttvisa! l\u00e4ser jag i mina sociala medier. &nbsp;<a href=\"https:\/\/www.svenskakyrkan.se\/act\/act4climate\">https:\/\/www.svenskakyrkan.se\/act\/act4climate<\/a> Det p\u00e5g\u00e5r en pilgrimsvandring i Sverige till COP26, FN:s klimattoppm\u00f6te i Glasgow, \u201dPilgrims walk for future\u201d. Den \u00e4r del av en europeisk ekumenisk vandring fr\u00e5n olika platser. Erik Lys\u00e9n, chef f\u00f6r Act Svenska kyrkan, skriver om den: <em>\u201dVandringen blir b\u00e5de en protest och en inre pilgrimsresa i v\u00e5ra egna liv. En vandring som ger hopp f\u00f6r framtiden.\u201d<\/em><\/p>\n\n\n\n<p>Vi \u00e4r en del av en v\u00e4rldsvid ekumenisk gemenskap (<a href=\"https:\/\/seasonofcreation.org\/\">https:\/\/seasonofcreation.org\/<\/a>) som ber f\u00f6r och kr\u00e4ver av politiken att skapelsen ska helas. Vi s\u00f6ker ocks\u00e5 f\u00f6r\u00e4ndring sj\u00e4lva. Skapelsetid p\u00e5minner oss om det. I den v\u00e4rldsvida kyrkan \u00e4r skapelsens helande en hj\u00e4rtefr\u00e5ga f\u00f6r att den illustrerar att vi h\u00f6r ihop med syskon p\u00e5 andra sidan jordklotet. Skapelsens helande beh\u00f6ver ocks\u00e5 vara en hj\u00e4rtefr\u00e5ga i v\u00e5ra kyrkor h\u00e4r hemma d\u00e5 den svarar p\u00e5 de fr\u00e5gor som min 14-\u00e5ring med m\u00e5nga i sin generation st\u00e4ller idag: \u201dVar finns ni \u00e4ldre, var finns kyrkorna n\u00e4r denna planet hotas att bli f\u00f6rst\u00f6rd?\u201d<\/p>\n\n\n\n<p><em>Gud, \u00f6ppna v\u00e5ra hj\u00e4rtan s\u00e5 att vi f\u00f6rst\u00e5r att tiden f\u00f6r att hela din jord \u00e4r nu. Ge oss kraft och mod att skydda denna planet som ett hem f\u00f6r alla. I ditt namn, Jesus Kristus, du som kom f\u00f6r att f\u00f6rkunna hopp f\u00f6r hela skapelsen. Amen.<\/em><br><\/p>\n\n\n\n<p>F\u00f6r mer material se Sveriges kristna r\u00e5ds hemsida:<br><a href=\"https:\/\/www.skr.org\/vart-arbete\/hallbar-utveckling\/skapelsetid\/\">https:\/\/www.skr.org\/vart-arbete\/hallbar-utveckling\/skapelsetid\/<\/a><br><br><\/p>\n\n\n\n<p>Skapelsetid \u00f6ppnas i Sverige med en gudstj\u00e4nst fr\u00e5n V\u00e5rdn\u00e4s stiftsg\u00e5rd 1 september kl 18:00 med biskop Martin Mod\u00e9us och pastor Sofia Camnerin, generalsekreterare f\u00f6r Sveriges kristna r\u00e5d. Den lives\u00e4nds h\u00e4r: <a href=\"https:\/\/www.youtube.com\/watch?v=g3U9qmw_IcI\">Skapelsetid \u2013 gudstj\u00e4nst fr\u00e5n V\u00e5rdn\u00e4s kapell 1 sept. 18.00 &#8211; YouTube<\/a><\/p>\n","protected":false},"excerpt":{"rendered":"<p>Jag minns det som om det var ig\u00e5r: Den yngsta deltagaren p\u00e5 det europeiska ekumeniska m\u00f6tet i Sibiu (Rum\u00e4nien) i september 2007 var min fyra m\u00e5nader gamla bebis. Han sov sig igenom ortodoxa och lutherska gudstj\u00e4nster och l\u00e5nga ekumeniska debatter, han bars runt av sin pappa p\u00e5 denna fina stads kullerstenar. Jag var delegat och [&hellip;]<\/p>\n","protected":false},"author":795,"featured_media":1084,"comment_status":"open","ping_status":"open","sticky":false,"template":"","format":"standard","meta":{"_acf_changed":false,"footnotes":""},"categories":[9],"tags":[160957,160956],"class_list":["post-1083","post","type-post","status-publish","format-standard","has-post-thumbnail","hentry","category-okategoriserade","tag-season-of-creation","tag-skapelsetid"],"acf":[],"yoast_head":"<!-- This site is optimized with the Yoast SEO plugin v27.1.1 - https:\/\/yoast.com\/product\/yoast-seo-wordpress\/ -->\n<title>Om kullerstenar, kyrie och vandring - tankar inf\u00f6r Skapelsetid 2021 - Ekumenikbloggen<\/title>\n<meta name=\"robots\" content=\"index, follow, max-snippet:-1, max-image-preview:large, max-video-preview:-1\" \/>\n<link rel=\"canonical\" href=\"https:\/\/blogg.svenskakyrkan.se\/ekumenik\/2021\/08\/31\/om-kullerstenar-kyrie-och-vandring-tankar-infor-skapelsetid-2021\/\" \/>\n<meta property=\"og:locale\" content=\"sv_SE\" \/>\n<meta property=\"og:type\" content=\"article\" \/>\n<meta property=\"og:title\" content=\"Om kullerstenar, kyrie och vandring - tankar inf\u00f6r Skapelsetid 2021 - Ekumenikbloggen\" \/>\n<meta property=\"og:description\" content=\"Jag minns det som om det var ig\u00e5r: Den yngsta deltagaren p\u00e5 det europeiska ekumeniska m\u00f6tet i Sibiu (Rum\u00e4nien) i september 2007 var min fyra m\u00e5nader gamla bebis. Han sov sig igenom ortodoxa och lutherska gudstj\u00e4nster och l\u00e5nga ekumeniska debatter, han bars runt av sin pappa p\u00e5 denna fina stads kullerstenar. Jag var delegat och [&hellip;]\" \/>\n<meta property=\"og:url\" content=\"https:\/\/blogg.svenskakyrkan.se\/ekumenik\/2021\/08\/31\/om-kullerstenar-kyrie-och-vandring-tankar-infor-skapelsetid-2021\/\" \/>\n<meta property=\"og:site_name\" content=\"Ekumenikbloggen\" \/>\n<meta property=\"article:published_time\" content=\"2021-08-31T08:28:22+00:00\" \/>\n<meta property=\"article:modified_time\" content=\"2021-08-31T08:28:23+00:00\" \/>\n<meta name=\"author\" content=\"Almut Bretschneider-Felzmann\" \/>\n<meta name=\"twitter:card\" content=\"summary_large_image\" \/>\n<meta name=\"twitter:label1\" content=\"Skriven av\" \/>\n\t<meta name=\"twitter:data1\" content=\"Almut Bretschneider-Felzmann\" \/>\n\t<meta name=\"twitter:label2\" content=\"Ber\u00e4knad l\u00e4stid\" \/>\n\t<meta name=\"twitter:data2\" content=\"4 minuter\" \/>\n<script type=\"application\/ld+json\" class=\"yoast-schema-graph\">{\"@context\":\"https:\/\/schema.org\",\"@graph\":[{\"@type\":\"Article\",\"@id\":\"https:\/\/blogg.svenskakyrkan.se\/ekumenik\/2021\/08\/31\/om-kullerstenar-kyrie-och-vandring-tankar-infor-skapelsetid-2021\/#article\",\"isPartOf\":{\"@id\":\"https:\/\/blogg.svenskakyrkan.se\/ekumenik\/2021\/08\/31\/om-kullerstenar-kyrie-och-vandring-tankar-infor-skapelsetid-2021\/\"},\"author\":{\"name\":\"Almut Bretschneider-Felzmann\",\"@id\":\"https:\/\/blogg.svenskakyrkan.se\/ekumenik\/#\/schema\/person\/133b2ddf7d62bd4a9557de6aa1d75411\"},\"headline\":\"Om kullerstenar, kyrie och vandring &#8211; tankar inf\u00f6r Skapelsetid 2021\",\"datePublished\":\"2021-08-31T08:28:22+00:00\",\"dateModified\":\"2021-08-31T08:28:23+00:00\",\"mainEntityOfPage\":{\"@id\":\"https:\/\/blogg.svenskakyrkan.se\/ekumenik\/2021\/08\/31\/om-kullerstenar-kyrie-och-vandring-tankar-infor-skapelsetid-2021\/\"},\"wordCount\":746,\"commentCount\":0,\"image\":{\"@id\":\"https:\/\/blogg.svenskakyrkan.se\/ekumenik\/2021\/08\/31\/om-kullerstenar-kyrie-och-vandring-tankar-infor-skapelsetid-2021\/#primaryimage\"},\"thumbnailUrl\":\"https:\/\/blogg.svenskakyrkan.se\/ekumenik\/files\/2021\/08\/fjallen-scaled.jpg\",\"keywords\":[\"Season of Creation\",\"Skapelsetid\"],\"inLanguage\":\"sv-SE\",\"potentialAction\":[{\"@type\":\"CommentAction\",\"name\":\"Comment\",\"target\":[\"https:\/\/blogg.svenskakyrkan.se\/ekumenik\/2021\/08\/31\/om-kullerstenar-kyrie-och-vandring-tankar-infor-skapelsetid-2021\/#respond\"]}]},{\"@type\":\"WebPage\",\"@id\":\"https:\/\/blogg.svenskakyrkan.se\/ekumenik\/2021\/08\/31\/om-kullerstenar-kyrie-och-vandring-tankar-infor-skapelsetid-2021\/\",\"url\":\"https:\/\/blogg.svenskakyrkan.se\/ekumenik\/2021\/08\/31\/om-kullerstenar-kyrie-och-vandring-tankar-infor-skapelsetid-2021\/\",\"name\":\"Om kullerstenar, kyrie och vandring - tankar inf\u00f6r Skapelsetid 2021 - Ekumenikbloggen\",\"isPartOf\":{\"@id\":\"https:\/\/blogg.svenskakyrkan.se\/ekumenik\/#website\"},\"primaryImageOfPage\":{\"@id\":\"https:\/\/blogg.svenskakyrkan.se\/ekumenik\/2021\/08\/31\/om-kullerstenar-kyrie-och-vandring-tankar-infor-skapelsetid-2021\/#primaryimage\"},\"image\":{\"@id\":\"https:\/\/blogg.svenskakyrkan.se\/ekumenik\/2021\/08\/31\/om-kullerstenar-kyrie-och-vandring-tankar-infor-skapelsetid-2021\/#primaryimage\"},\"thumbnailUrl\":\"https:\/\/blogg.svenskakyrkan.se\/ekumenik\/files\/2021\/08\/fjallen-scaled.jpg\",\"datePublished\":\"2021-08-31T08:28:22+00:00\",\"dateModified\":\"2021-08-31T08:28:23+00:00\",\"author\":{\"@id\":\"https:\/\/blogg.svenskakyrkan.se\/ekumenik\/#\/schema\/person\/133b2ddf7d62bd4a9557de6aa1d75411\"},\"breadcrumb\":{\"@id\":\"https:\/\/blogg.svenskakyrkan.se\/ekumenik\/2021\/08\/31\/om-kullerstenar-kyrie-och-vandring-tankar-infor-skapelsetid-2021\/#breadcrumb\"},\"inLanguage\":\"sv-SE\",\"potentialAction\":[{\"@type\":\"ReadAction\",\"target\":[\"https:\/\/blogg.svenskakyrkan.se\/ekumenik\/2021\/08\/31\/om-kullerstenar-kyrie-och-vandring-tankar-infor-skapelsetid-2021\/\"]}]},{\"@type\":\"ImageObject\",\"inLanguage\":\"sv-SE\",\"@id\":\"https:\/\/blogg.svenskakyrkan.se\/ekumenik\/2021\/08\/31\/om-kullerstenar-kyrie-och-vandring-tankar-infor-skapelsetid-2021\/#primaryimage\",\"url\":\"https:\/\/blogg.svenskakyrkan.se\/ekumenik\/files\/2021\/08\/fjallen-scaled.jpg\",\"contentUrl\":\"https:\/\/blogg.svenskakyrkan.se\/ekumenik\/files\/2021\/08\/fjallen-scaled.jpg\",\"width\":1920,\"height\":2560},{\"@type\":\"BreadcrumbList\",\"@id\":\"https:\/\/blogg.svenskakyrkan.se\/ekumenik\/2021\/08\/31\/om-kullerstenar-kyrie-och-vandring-tankar-infor-skapelsetid-2021\/#breadcrumb\",\"itemListElement\":[{\"@type\":\"ListItem\",\"position\":1,\"name\":\"Hem\",\"item\":\"https:\/\/blogg.svenskakyrkan.se\/ekumenik\/\"},{\"@type\":\"ListItem\",\"position\":2,\"name\":\"Om kullerstenar, kyrie och vandring &#8211; tankar inf\u00f6r Skapelsetid 2021\"}]},{\"@type\":\"WebSite\",\"@id\":\"https:\/\/blogg.svenskakyrkan.se\/ekumenik\/#website\",\"url\":\"https:\/\/blogg.svenskakyrkan.se\/ekumenik\/\",\"name\":\"Ekumenikbloggen\",\"description\":\"Svenska kyrkans blogg om ekumenik och interreligi\u00f6s samverkan\",\"potentialAction\":[{\"@type\":\"SearchAction\",\"target\":{\"@type\":\"EntryPoint\",\"urlTemplate\":\"https:\/\/blogg.svenskakyrkan.se\/ekumenik\/?s={search_term_string}\"},\"query-input\":{\"@type\":\"PropertyValueSpecification\",\"valueRequired\":true,\"valueName\":\"search_term_string\"}}],\"inLanguage\":\"sv-SE\"},{\"@type\":\"Person\",\"@id\":\"https:\/\/blogg.svenskakyrkan.se\/ekumenik\/#\/schema\/person\/133b2ddf7d62bd4a9557de6aa1d75411\",\"name\":\"Almut Bretschneider-Felzmann\",\"image\":{\"@type\":\"ImageObject\",\"inLanguage\":\"sv-SE\",\"@id\":\"https:\/\/blogg.svenskakyrkan.se\/ekumenik\/#\/schema\/person\/image\/\",\"url\":\"https:\/\/secure.gravatar.com\/avatar\/c10f7e44a22a329c8ac0deabb35854d4e49bfcdabeff5c6635ba7bbb791ec291?s=96&d=mm&r=g\",\"contentUrl\":\"https:\/\/secure.gravatar.com\/avatar\/c10f7e44a22a329c8ac0deabb35854d4e49bfcdabeff5c6635ba7bbb791ec291?s=96&d=mm&r=g\",\"caption\":\"Almut Bretschneider-Felzmann\"},\"url\":\"https:\/\/blogg.svenskakyrkan.se\/ekumenik\/author\/almutbretschneiderfelzmann\/\"}]}<\/script>\n<!-- \/ Yoast SEO plugin. -->","yoast_head_json":{"title":"Om kullerstenar, kyrie och vandring - tankar inf\u00f6r Skapelsetid 2021 - Ekumenikbloggen","robots":{"index":"index","follow":"follow","max-snippet":"max-snippet:-1","max-image-preview":"max-image-preview:large","max-video-preview":"max-video-preview:-1"},"canonical":"https:\/\/blogg.svenskakyrkan.se\/ekumenik\/2021\/08\/31\/om-kullerstenar-kyrie-och-vandring-tankar-infor-skapelsetid-2021\/","og_locale":"sv_SE","og_type":"article","og_title":"Om kullerstenar, kyrie och vandring - tankar inf\u00f6r Skapelsetid 2021 - Ekumenikbloggen","og_description":"Jag minns det som om det var ig\u00e5r: Den yngsta deltagaren p\u00e5 det europeiska ekumeniska m\u00f6tet i Sibiu (Rum\u00e4nien) i september 2007 var min fyra m\u00e5nader gamla bebis. Han sov sig igenom ortodoxa och lutherska gudstj\u00e4nster och l\u00e5nga ekumeniska debatter, han bars runt av sin pappa p\u00e5 denna fina stads kullerstenar. Jag var delegat och [&hellip;]","og_url":"https:\/\/blogg.svenskakyrkan.se\/ekumenik\/2021\/08\/31\/om-kullerstenar-kyrie-och-vandring-tankar-infor-skapelsetid-2021\/","og_site_name":"Ekumenikbloggen","article_published_time":"2021-08-31T08:28:22+00:00","article_modified_time":"2021-08-31T08:28:23+00:00","author":"Almut Bretschneider-Felzmann","twitter_card":"summary_large_image","twitter_misc":{"Skriven av":"Almut Bretschneider-Felzmann","Ber\u00e4knad l\u00e4stid":"4 minuter"},"schema":{"@context":"https:\/\/schema.org","@graph":[{"@type":"Article","@id":"https:\/\/blogg.svenskakyrkan.se\/ekumenik\/2021\/08\/31\/om-kullerstenar-kyrie-och-vandring-tankar-infor-skapelsetid-2021\/#article","isPartOf":{"@id":"https:\/\/blogg.svenskakyrkan.se\/ekumenik\/2021\/08\/31\/om-kullerstenar-kyrie-och-vandring-tankar-infor-skapelsetid-2021\/"},"author":{"name":"Almut Bretschneider-Felzmann","@id":"https:\/\/blogg.svenskakyrkan.se\/ekumenik\/#\/schema\/person\/133b2ddf7d62bd4a9557de6aa1d75411"},"headline":"Om kullerstenar, kyrie och vandring &#8211; tankar inf\u00f6r Skapelsetid 2021","datePublished":"2021-08-31T08:28:22+00:00","dateModified":"2021-08-31T08:28:23+00:00","mainEntityOfPage":{"@id":"https:\/\/blogg.svenskakyrkan.se\/ekumenik\/2021\/08\/31\/om-kullerstenar-kyrie-och-vandring-tankar-infor-skapelsetid-2021\/"},"wordCount":746,"commentCount":0,"image":{"@id":"https:\/\/blogg.svenskakyrkan.se\/ekumenik\/2021\/08\/31\/om-kullerstenar-kyrie-och-vandring-tankar-infor-skapelsetid-2021\/#primaryimage"},"thumbnailUrl":"https:\/\/blogg.svenskakyrkan.se\/ekumenik\/files\/2021\/08\/fjallen-scaled.jpg","keywords":["Season of Creation","Skapelsetid"],"inLanguage":"sv-SE","potentialAction":[{"@type":"CommentAction","name":"Comment","target":["https:\/\/blogg.svenskakyrkan.se\/ekumenik\/2021\/08\/31\/om-kullerstenar-kyrie-och-vandring-tankar-infor-skapelsetid-2021\/#respond"]}]},{"@type":"WebPage","@id":"https:\/\/blogg.svenskakyrkan.se\/ekumenik\/2021\/08\/31\/om-kullerstenar-kyrie-och-vandring-tankar-infor-skapelsetid-2021\/","url":"https:\/\/blogg.svenskakyrkan.se\/ekumenik\/2021\/08\/31\/om-kullerstenar-kyrie-och-vandring-tankar-infor-skapelsetid-2021\/","name":"Om kullerstenar, kyrie och vandring - tankar inf\u00f6r Skapelsetid 2021 - Ekumenikbloggen","isPartOf":{"@id":"https:\/\/blogg.svenskakyrkan.se\/ekumenik\/#website"},"primaryImageOfPage":{"@id":"https:\/\/blogg.svenskakyrkan.se\/ekumenik\/2021\/08\/31\/om-kullerstenar-kyrie-och-vandring-tankar-infor-skapelsetid-2021\/#primaryimage"},"image":{"@id":"https:\/\/blogg.svenskakyrkan.se\/ekumenik\/2021\/08\/31\/om-kullerstenar-kyrie-och-vandring-tankar-infor-skapelsetid-2021\/#primaryimage"},"thumbnailUrl":"https:\/\/blogg.svenskakyrkan.se\/ekumenik\/files\/2021\/08\/fjallen-scaled.jpg","datePublished":"2021-08-31T08:28:22+00:00","dateModified":"2021-08-31T08:28:23+00:00","author":{"@id":"https:\/\/blogg.svenskakyrkan.se\/ekumenik\/#\/schema\/person\/133b2ddf7d62bd4a9557de6aa1d75411"},"breadcrumb":{"@id":"https:\/\/blogg.svenskakyrkan.se\/ekumenik\/2021\/08\/31\/om-kullerstenar-kyrie-och-vandring-tankar-infor-skapelsetid-2021\/#breadcrumb"},"inLanguage":"sv-SE","potentialAction":[{"@type":"ReadAction","target":["https:\/\/blogg.svenskakyrkan.se\/ekumenik\/2021\/08\/31\/om-kullerstenar-kyrie-och-vandring-tankar-infor-skapelsetid-2021\/"]}]},{"@type":"ImageObject","inLanguage":"sv-SE","@id":"https:\/\/blogg.svenskakyrkan.se\/ekumenik\/2021\/08\/31\/om-kullerstenar-kyrie-och-vandring-tankar-infor-skapelsetid-2021\/#primaryimage","url":"https:\/\/blogg.svenskakyrkan.se\/ekumenik\/files\/2021\/08\/fjallen-scaled.jpg","contentUrl":"https:\/\/blogg.svenskakyrkan.se\/ekumenik\/files\/2021\/08\/fjallen-scaled.jpg","width":1920,"height":2560},{"@type":"BreadcrumbList","@id":"https:\/\/blogg.svenskakyrkan.se\/ekumenik\/2021\/08\/31\/om-kullerstenar-kyrie-och-vandring-tankar-infor-skapelsetid-2021\/#breadcrumb","itemListElement":[{"@type":"ListItem","position":1,"name":"Hem","item":"https:\/\/blogg.svenskakyrkan.se\/ekumenik\/"},{"@type":"ListItem","position":2,"name":"Om kullerstenar, kyrie och vandring &#8211; tankar inf\u00f6r Skapelsetid 2021"}]},{"@type":"WebSite","@id":"https:\/\/blogg.svenskakyrkan.se\/ekumenik\/#website","url":"https:\/\/blogg.svenskakyrkan.se\/ekumenik\/","name":"Ekumenikbloggen","description":"Svenska kyrkans blogg om ekumenik och interreligi\u00f6s samverkan","potentialAction":[{"@type":"SearchAction","target":{"@type":"EntryPoint","urlTemplate":"https:\/\/blogg.svenskakyrkan.se\/ekumenik\/?s={search_term_string}"},"query-input":{"@type":"PropertyValueSpecification","valueRequired":true,"valueName":"search_term_string"}}],"inLanguage":"sv-SE"},{"@type":"Person","@id":"https:\/\/blogg.svenskakyrkan.se\/ekumenik\/#\/schema\/person\/133b2ddf7d62bd4a9557de6aa1d75411","name":"Almut Bretschneider-Felzmann","image":{"@type":"ImageObject","inLanguage":"sv-SE","@id":"https:\/\/blogg.svenskakyrkan.se\/ekumenik\/#\/schema\/person\/image\/","url":"https:\/\/secure.gravatar.com\/avatar\/c10f7e44a22a329c8ac0deabb35854d4e49bfcdabeff5c6635ba7bbb791ec291?s=96&d=mm&r=g","contentUrl":"https:\/\/secure.gravatar.com\/avatar\/c10f7e44a22a329c8ac0deabb35854d4e49bfcdabeff5c6635ba7bbb791ec291?s=96&d=mm&r=g","caption":"Almut Bretschneider-Felzmann"},"url":"https:\/\/blogg.svenskakyrkan.se\/ekumenik\/author\/almutbretschneiderfelzmann\/"}]}},"author_meta":{"ID":"795","user_nicename":"almutbretschneiderfelzmann","user_registered":"2021-08-31 07:52:02","display_name":"Almut Bretschneider-Felzmann","first_name":"Almut","last_name":"Bretschneider-Felzmann","avatar":"https:\/\/blogg.svenskakyrkan.se\/ekumenik\/files\/2021\/09\/almut-bretschneider-felzmann-foto-magnus-aronson-profilbild-150x150.jpg"},"featured_image":["https:\/\/blogg.svenskakyrkan.se\/ekumenik\/files\/2021\/08\/fjallen-768x1024.jpg",768,1024,true],"bloginfo":{"name":"Ekumenikbloggen","url":"https:\/\/blogg.svenskakyrkan.se\/ekumenik"},"_links":{"self":[{"href":"https:\/\/blogg.svenskakyrkan.se\/ekumenik\/wp-json\/wp\/v2\/posts\/1083","targetHints":{"allow":["GET"]}}],"collection":[{"href":"https:\/\/blogg.svenskakyrkan.se\/ekumenik\/wp-json\/wp\/v2\/posts"}],"about":[{"href":"https:\/\/blogg.svenskakyrkan.se\/ekumenik\/wp-json\/wp\/v2\/types\/post"}],"author":[{"embeddable":true,"href":"https:\/\/blogg.svenskakyrkan.se\/ekumenik\/wp-json\/wp\/v2\/users\/795"}],"replies":[{"embeddable":true,"href":"https:\/\/blogg.svenskakyrkan.se\/ekumenik\/wp-json\/wp\/v2\/comments?post=1083"}],"version-history":[{"count":5,"href":"https:\/\/blogg.svenskakyrkan.se\/ekumenik\/wp-json\/wp\/v2\/posts\/1083\/revisions"}],"predecessor-version":[{"id":1089,"href":"https:\/\/blogg.svenskakyrkan.se\/ekumenik\/wp-json\/wp\/v2\/posts\/1083\/revisions\/1089"}],"wp:featuredmedia":[{"embeddable":true,"href":"https:\/\/blogg.svenskakyrkan.se\/ekumenik\/wp-json\/wp\/v2\/media\/1084"}],"wp:attachment":[{"href":"https:\/\/blogg.svenskakyrkan.se\/ekumenik\/wp-json\/wp\/v2\/media?parent=1083"}],"wp:term":[{"taxonomy":"category","embeddable":true,"href":"https:\/\/blogg.svenskakyrkan.se\/ekumenik\/wp-json\/wp\/v2\/categories?post=1083"},{"taxonomy":"post_tag","embeddable":true,"href":"https:\/\/blogg.svenskakyrkan.se\/ekumenik\/wp-json\/wp\/v2\/tags?post=1083"}],"curies":[{"name":"wp","href":"https:\/\/api.w.org\/{rel}","templated":true}]}}