{"id":1124,"date":"2021-12-14T17:21:48","date_gmt":"2021-12-14T16:21:48","guid":{"rendered":"https:\/\/blogg.svenskakyrkan.se\/ekumenik\/?p=1124"},"modified":"2022-01-03T08:51:20","modified_gmt":"2022-01-03T07:51:20","slug":"at-the-heart-of-christmas","status":"publish","type":"post","link":"https:\/\/blogg.svenskakyrkan.se\/ekumenik\/2021\/12\/14\/at-the-heart-of-christmas\/","title":{"rendered":"At the Heart of Christmas"},"content":{"rendered":"\n\n\n<p><em>I hj\u00e4rtat av julen<\/em> finns en inbjudan till alla att uppt\u00e4cka \u2013 eller \u00e5teruppt\u00e4cka \u2013 de goda nyheterna om Guds fr\u00e4lsande k\u00e4rlek som uppenbarades i Jesu f\u00f6delse. Det \u00e4r ocks\u00e5 en utmaning f\u00f6r var och en av oss att begrunda i v\u00e5ra hj\u00e4rtan \u2013 som Maria gjorde (Luk. 2:19) \u2013 vad de extraordin\u00e4ra h\u00e4ndelserna under den f\u00f6rsta julen kan betyda f\u00f6r oss nu och under de kommande \u00e5ren.<\/p>\n\n\n\n<p><em>I hj\u00e4rtat av julen<\/em> \u00e4r ett medvetet enkelt och \u00f6ppet tema \u2013 ett tema som Church of England hoppas kan anv\u00e4ndas av lokala kyrkor f\u00f6r att bjuda in m\u00e4nniskor till att delta i firandet av julens goda nyheter p\u00e5 en m\u00e4ngd olika s\u00e4tt, oavsett r\u00e5dande omst\u00e4ndigheter.<\/p>\n\n\n\n<p>Temat <em>I hj\u00e4rtat av julen<\/em> presenteras i ett Youtubeklipp d\u00e4r m\u00e4nniskor delar det som de erfar \u00e4r i hj\u00e4rtat av julen, i julens hj\u00e4rta. &nbsp;<\/p>\n\n\n\n<p>Klippet b\u00f6rjar med att konstatera att de senaste 18 m\u00e5naderna har varit betungande och utmattande f\u00f6r alla. Det finns s\u00e5dant som har g\u00e5tt f\u00f6rlorat och s\u00e5dant som saknas. Det finns ocks\u00e5 en l\u00e4ngtan efter befrielse fr\u00e5n det tunga och sv\u00e5ra, en l\u00e4ngtan efter hopp och ljus. M\u00e5nga \u00f6nskar att f\u00e5 julandan tillbaka, den d\u00e4r h\u00e4rliga vibrerande k\u00e4nslan av juleljus och julefrid. Samtidigt har m\u00e4nniskor mist anh\u00f6riga, \u00e4r ensamma och misstr\u00f6star. I hj\u00e4rtat av julen \u00e4r det allra viktigaste relationerna till andra och ytterst till Gud, s\u00e4ger n\u00e5gon i klippet. Det h\u00e4r s\u00e4ger n\u00e5gra av r\u00f6sterna i klippet om vad de ser som julens hj\u00e4rta  (ej direkta citat):<\/p>\n\n\n\n<ul class=\"wp-block-list\"><li>Friends, family and fate<\/li><li>Christmas brings people together in their desire to fight darkness and to find light<\/li><li>It is the kindness that keep us going, the people that surrounds you<\/li><li>Sharing is what is the heart of Christmas<\/li><li>Comfort and hope in a broken world, to give us a certain hope<\/li><li>Love for those who are still with us<\/li><li>Remind people that they are cared for<\/li><li>Nobody will fall through the cracks<\/li><\/ul>\n\n\n\n<p>Vad t\u00e4nker du finns i julens hj\u00e4rta, i hj\u00e4rtat av julen?<\/p>\n\n\n\n<p><\/p>\n\n\n\n<p>Church of Englands webbsida om At the Heart of Christmas och Youtubeklippet<\/p>\n\n\n\n<p><a href=\"https:\/\/churchofengland.org\/christmas\">https:\/\/churchofengland.org\/christmas<\/a><\/p>\n\n\n\n<p><a href=\"https:\/\/youtu.be\/zp32dNwKBvE\">https:\/\/youtu.be\/zp32dNwKBvE<\/a><\/p>\n","protected":false},"excerpt":{"rendered":"<p>I hj\u00e4rtat av julen finns en inbjudan till alla att uppt\u00e4cka \u2013 eller \u00e5teruppt\u00e4cka \u2013 de goda nyheterna om Guds fr\u00e4lsande k\u00e4rlek som uppenbarades i Jesu f\u00f6delse. Det \u00e4r ocks\u00e5 en utmaning f\u00f6r var och en av oss att begrunda i v\u00e5ra hj\u00e4rtan \u2013 som Maria gjorde (Luk. 2:19) \u2013 vad de extraordin\u00e4ra h\u00e4ndelserna under [&hellip;]<\/p>\n","protected":false},"author":756,"featured_media":0,"comment_status":"open","ping_status":"open","sticky":false,"template":"","format":"standard","meta":{"_acf_changed":false,"footnotes":""},"categories":[9],"tags":[],"class_list":["post-1124","post","type-post","status-publish","format-standard","hentry","category-okategoriserade"],"acf":[],"yoast_head":"<!-- This site is optimized with the Yoast SEO plugin v27.1.1 - https:\/\/yoast.com\/product\/yoast-seo-wordpress\/ -->\n<title>At the Heart of Christmas - Ekumenikbloggen<\/title>\n<meta name=\"robots\" content=\"index, follow, max-snippet:-1, max-image-preview:large, max-video-preview:-1\" \/>\n<link rel=\"canonical\" href=\"https:\/\/blogg.svenskakyrkan.se\/ekumenik\/2021\/12\/14\/at-the-heart-of-christmas\/\" \/>\n<meta property=\"og:locale\" content=\"sv_SE\" \/>\n<meta property=\"og:type\" content=\"article\" \/>\n<meta property=\"og:title\" content=\"At the Heart of Christmas - Ekumenikbloggen\" \/>\n<meta property=\"og:description\" content=\"I hj\u00e4rtat av julen finns en inbjudan till alla att uppt\u00e4cka \u2013 eller \u00e5teruppt\u00e4cka \u2013 de goda nyheterna om Guds fr\u00e4lsande k\u00e4rlek som uppenbarades i Jesu f\u00f6delse. Det \u00e4r ocks\u00e5 en utmaning f\u00f6r var och en av oss att begrunda i v\u00e5ra hj\u00e4rtan \u2013 som Maria gjorde (Luk. 2:19) \u2013 vad de extraordin\u00e4ra h\u00e4ndelserna under [&hellip;]\" \/>\n<meta property=\"og:url\" content=\"https:\/\/blogg.svenskakyrkan.se\/ekumenik\/2021\/12\/14\/at-the-heart-of-christmas\/\" \/>\n<meta property=\"og:site_name\" content=\"Ekumenikbloggen\" \/>\n<meta property=\"article:published_time\" content=\"2021-12-14T16:21:48+00:00\" \/>\n<meta property=\"article:modified_time\" content=\"2022-01-03T07:51:20+00:00\" \/>\n<meta name=\"author\" content=\"Mona Ker\u00e4nen\" \/>\n<meta name=\"twitter:card\" content=\"summary_large_image\" \/>\n<meta name=\"twitter:label1\" content=\"Skriven av\" \/>\n\t<meta name=\"twitter:data1\" content=\"Mona Ker\u00e4nen\" \/>\n\t<meta name=\"twitter:label2\" content=\"Ber\u00e4knad l\u00e4stid\" \/>\n\t<meta name=\"twitter:data2\" content=\"2 minuter\" \/>\n<script type=\"application\/ld+json\" class=\"yoast-schema-graph\">{\"@context\":\"https:\/\/schema.org\",\"@graph\":[{\"@type\":\"Article\",\"@id\":\"https:\/\/blogg.svenskakyrkan.se\/ekumenik\/2021\/12\/14\/at-the-heart-of-christmas\/#article\",\"isPartOf\":{\"@id\":\"https:\/\/blogg.svenskakyrkan.se\/ekumenik\/2021\/12\/14\/at-the-heart-of-christmas\/\"},\"author\":{\"name\":\"Mona Ker\u00e4nen\",\"@id\":\"https:\/\/blogg.svenskakyrkan.se\/ekumenik\/#\/schema\/person\/919deb268552a410c83614a4e5ff643f\"},\"headline\":\"At the Heart of Christmas\",\"datePublished\":\"2021-12-14T16:21:48+00:00\",\"dateModified\":\"2022-01-03T07:51:20+00:00\",\"mainEntityOfPage\":{\"@id\":\"https:\/\/blogg.svenskakyrkan.se\/ekumenik\/2021\/12\/14\/at-the-heart-of-christmas\/\"},\"wordCount\":404,\"commentCount\":0,\"inLanguage\":\"sv-SE\",\"potentialAction\":[{\"@type\":\"CommentAction\",\"name\":\"Comment\",\"target\":[\"https:\/\/blogg.svenskakyrkan.se\/ekumenik\/2021\/12\/14\/at-the-heart-of-christmas\/#respond\"]}]},{\"@type\":\"WebPage\",\"@id\":\"https:\/\/blogg.svenskakyrkan.se\/ekumenik\/2021\/12\/14\/at-the-heart-of-christmas\/\",\"url\":\"https:\/\/blogg.svenskakyrkan.se\/ekumenik\/2021\/12\/14\/at-the-heart-of-christmas\/\",\"name\":\"At the Heart of Christmas - Ekumenikbloggen\",\"isPartOf\":{\"@id\":\"https:\/\/blogg.svenskakyrkan.se\/ekumenik\/#website\"},\"datePublished\":\"2021-12-14T16:21:48+00:00\",\"dateModified\":\"2022-01-03T07:51:20+00:00\",\"author\":{\"@id\":\"https:\/\/blogg.svenskakyrkan.se\/ekumenik\/#\/schema\/person\/919deb268552a410c83614a4e5ff643f\"},\"breadcrumb\":{\"@id\":\"https:\/\/blogg.svenskakyrkan.se\/ekumenik\/2021\/12\/14\/at-the-heart-of-christmas\/#breadcrumb\"},\"inLanguage\":\"sv-SE\",\"potentialAction\":[{\"@type\":\"ReadAction\",\"target\":[\"https:\/\/blogg.svenskakyrkan.se\/ekumenik\/2021\/12\/14\/at-the-heart-of-christmas\/\"]}]},{\"@type\":\"BreadcrumbList\",\"@id\":\"https:\/\/blogg.svenskakyrkan.se\/ekumenik\/2021\/12\/14\/at-the-heart-of-christmas\/#breadcrumb\",\"itemListElement\":[{\"@type\":\"ListItem\",\"position\":1,\"name\":\"Hem\",\"item\":\"https:\/\/blogg.svenskakyrkan.se\/ekumenik\/\"},{\"@type\":\"ListItem\",\"position\":2,\"name\":\"At the Heart of Christmas\"}]},{\"@type\":\"WebSite\",\"@id\":\"https:\/\/blogg.svenskakyrkan.se\/ekumenik\/#website\",\"url\":\"https:\/\/blogg.svenskakyrkan.se\/ekumenik\/\",\"name\":\"Ekumenikbloggen\",\"description\":\"Svenska kyrkans blogg om ekumenik och interreligi\u00f6s samverkan\",\"potentialAction\":[{\"@type\":\"SearchAction\",\"target\":{\"@type\":\"EntryPoint\",\"urlTemplate\":\"https:\/\/blogg.svenskakyrkan.se\/ekumenik\/?s={search_term_string}\"},\"query-input\":{\"@type\":\"PropertyValueSpecification\",\"valueRequired\":true,\"valueName\":\"search_term_string\"}}],\"inLanguage\":\"sv-SE\"},{\"@type\":\"Person\",\"@id\":\"https:\/\/blogg.svenskakyrkan.se\/ekumenik\/#\/schema\/person\/919deb268552a410c83614a4e5ff643f\",\"name\":\"Mona Ker\u00e4nen\",\"image\":{\"@type\":\"ImageObject\",\"inLanguage\":\"sv-SE\",\"@id\":\"https:\/\/blogg.svenskakyrkan.se\/ekumenik\/#\/schema\/person\/image\/\",\"url\":\"https:\/\/secure.gravatar.com\/avatar\/a80bbd77a72291d1fad9191d6e79635d92aeb51db59e98bab841a1200da02eef?s=96&d=mm&r=g\",\"contentUrl\":\"https:\/\/secure.gravatar.com\/avatar\/a80bbd77a72291d1fad9191d6e79635d92aeb51db59e98bab841a1200da02eef?s=96&d=mm&r=g\",\"caption\":\"Mona Ker\u00e4nen\"},\"url\":\"https:\/\/blogg.svenskakyrkan.se\/ekumenik\/author\/monakeranen\/\"}]}<\/script>\n<!-- \/ Yoast SEO plugin. -->","yoast_head_json":{"title":"At the Heart of Christmas - Ekumenikbloggen","robots":{"index":"index","follow":"follow","max-snippet":"max-snippet:-1","max-image-preview":"max-image-preview:large","max-video-preview":"max-video-preview:-1"},"canonical":"https:\/\/blogg.svenskakyrkan.se\/ekumenik\/2021\/12\/14\/at-the-heart-of-christmas\/","og_locale":"sv_SE","og_type":"article","og_title":"At the Heart of Christmas - Ekumenikbloggen","og_description":"I hj\u00e4rtat av julen finns en inbjudan till alla att uppt\u00e4cka \u2013 eller \u00e5teruppt\u00e4cka \u2013 de goda nyheterna om Guds fr\u00e4lsande k\u00e4rlek som uppenbarades i Jesu f\u00f6delse. Det \u00e4r ocks\u00e5 en utmaning f\u00f6r var och en av oss att begrunda i v\u00e5ra hj\u00e4rtan \u2013 som Maria gjorde (Luk. 2:19) \u2013 vad de extraordin\u00e4ra h\u00e4ndelserna under [&hellip;]","og_url":"https:\/\/blogg.svenskakyrkan.se\/ekumenik\/2021\/12\/14\/at-the-heart-of-christmas\/","og_site_name":"Ekumenikbloggen","article_published_time":"2021-12-14T16:21:48+00:00","article_modified_time":"2022-01-03T07:51:20+00:00","author":"Mona Ker\u00e4nen","twitter_card":"summary_large_image","twitter_misc":{"Skriven av":"Mona Ker\u00e4nen","Ber\u00e4knad l\u00e4stid":"2 minuter"},"schema":{"@context":"https:\/\/schema.org","@graph":[{"@type":"Article","@id":"https:\/\/blogg.svenskakyrkan.se\/ekumenik\/2021\/12\/14\/at-the-heart-of-christmas\/#article","isPartOf":{"@id":"https:\/\/blogg.svenskakyrkan.se\/ekumenik\/2021\/12\/14\/at-the-heart-of-christmas\/"},"author":{"name":"Mona Ker\u00e4nen","@id":"https:\/\/blogg.svenskakyrkan.se\/ekumenik\/#\/schema\/person\/919deb268552a410c83614a4e5ff643f"},"headline":"At the Heart of Christmas","datePublished":"2021-12-14T16:21:48+00:00","dateModified":"2022-01-03T07:51:20+00:00","mainEntityOfPage":{"@id":"https:\/\/blogg.svenskakyrkan.se\/ekumenik\/2021\/12\/14\/at-the-heart-of-christmas\/"},"wordCount":404,"commentCount":0,"inLanguage":"sv-SE","potentialAction":[{"@type":"CommentAction","name":"Comment","target":["https:\/\/blogg.svenskakyrkan.se\/ekumenik\/2021\/12\/14\/at-the-heart-of-christmas\/#respond"]}]},{"@type":"WebPage","@id":"https:\/\/blogg.svenskakyrkan.se\/ekumenik\/2021\/12\/14\/at-the-heart-of-christmas\/","url":"https:\/\/blogg.svenskakyrkan.se\/ekumenik\/2021\/12\/14\/at-the-heart-of-christmas\/","name":"At the Heart of Christmas - Ekumenikbloggen","isPartOf":{"@id":"https:\/\/blogg.svenskakyrkan.se\/ekumenik\/#website"},"datePublished":"2021-12-14T16:21:48+00:00","dateModified":"2022-01-03T07:51:20+00:00","author":{"@id":"https:\/\/blogg.svenskakyrkan.se\/ekumenik\/#\/schema\/person\/919deb268552a410c83614a4e5ff643f"},"breadcrumb":{"@id":"https:\/\/blogg.svenskakyrkan.se\/ekumenik\/2021\/12\/14\/at-the-heart-of-christmas\/#breadcrumb"},"inLanguage":"sv-SE","potentialAction":[{"@type":"ReadAction","target":["https:\/\/blogg.svenskakyrkan.se\/ekumenik\/2021\/12\/14\/at-the-heart-of-christmas\/"]}]},{"@type":"BreadcrumbList","@id":"https:\/\/blogg.svenskakyrkan.se\/ekumenik\/2021\/12\/14\/at-the-heart-of-christmas\/#breadcrumb","itemListElement":[{"@type":"ListItem","position":1,"name":"Hem","item":"https:\/\/blogg.svenskakyrkan.se\/ekumenik\/"},{"@type":"ListItem","position":2,"name":"At the Heart of Christmas"}]},{"@type":"WebSite","@id":"https:\/\/blogg.svenskakyrkan.se\/ekumenik\/#website","url":"https:\/\/blogg.svenskakyrkan.se\/ekumenik\/","name":"Ekumenikbloggen","description":"Svenska kyrkans blogg om ekumenik och interreligi\u00f6s samverkan","potentialAction":[{"@type":"SearchAction","target":{"@type":"EntryPoint","urlTemplate":"https:\/\/blogg.svenskakyrkan.se\/ekumenik\/?s={search_term_string}"},"query-input":{"@type":"PropertyValueSpecification","valueRequired":true,"valueName":"search_term_string"}}],"inLanguage":"sv-SE"},{"@type":"Person","@id":"https:\/\/blogg.svenskakyrkan.se\/ekumenik\/#\/schema\/person\/919deb268552a410c83614a4e5ff643f","name":"Mona Ker\u00e4nen","image":{"@type":"ImageObject","inLanguage":"sv-SE","@id":"https:\/\/blogg.svenskakyrkan.se\/ekumenik\/#\/schema\/person\/image\/","url":"https:\/\/secure.gravatar.com\/avatar\/a80bbd77a72291d1fad9191d6e79635d92aeb51db59e98bab841a1200da02eef?s=96&d=mm&r=g","contentUrl":"https:\/\/secure.gravatar.com\/avatar\/a80bbd77a72291d1fad9191d6e79635d92aeb51db59e98bab841a1200da02eef?s=96&d=mm&r=g","caption":"Mona Ker\u00e4nen"},"url":"https:\/\/blogg.svenskakyrkan.se\/ekumenik\/author\/monakeranen\/"}]}},"author_meta":{"ID":"756","user_nicename":"monakeranen","user_registered":"2020-03-30 12:16:31","display_name":"Mona Ker\u00e4nen","first_name":"Mona","last_name":"Ker\u00e4nen","avatar":"https:\/\/secure.gravatar.com\/avatar\/a80bbd77a72291d1fad9191d6e79635d92aeb51db59e98bab841a1200da02eef?s=96&d=mm&r=g"},"featured_image":false,"bloginfo":{"name":"Ekumenikbloggen","url":"https:\/\/blogg.svenskakyrkan.se\/ekumenik"},"_links":{"self":[{"href":"https:\/\/blogg.svenskakyrkan.se\/ekumenik\/wp-json\/wp\/v2\/posts\/1124","targetHints":{"allow":["GET"]}}],"collection":[{"href":"https:\/\/blogg.svenskakyrkan.se\/ekumenik\/wp-json\/wp\/v2\/posts"}],"about":[{"href":"https:\/\/blogg.svenskakyrkan.se\/ekumenik\/wp-json\/wp\/v2\/types\/post"}],"author":[{"embeddable":true,"href":"https:\/\/blogg.svenskakyrkan.se\/ekumenik\/wp-json\/wp\/v2\/users\/756"}],"replies":[{"embeddable":true,"href":"https:\/\/blogg.svenskakyrkan.se\/ekumenik\/wp-json\/wp\/v2\/comments?post=1124"}],"version-history":[{"count":5,"href":"https:\/\/blogg.svenskakyrkan.se\/ekumenik\/wp-json\/wp\/v2\/posts\/1124\/revisions"}],"predecessor-version":[{"id":1130,"href":"https:\/\/blogg.svenskakyrkan.se\/ekumenik\/wp-json\/wp\/v2\/posts\/1124\/revisions\/1130"}],"wp:attachment":[{"href":"https:\/\/blogg.svenskakyrkan.se\/ekumenik\/wp-json\/wp\/v2\/media?parent=1124"}],"wp:term":[{"taxonomy":"category","embeddable":true,"href":"https:\/\/blogg.svenskakyrkan.se\/ekumenik\/wp-json\/wp\/v2\/categories?post=1124"},{"taxonomy":"post_tag","embeddable":true,"href":"https:\/\/blogg.svenskakyrkan.se\/ekumenik\/wp-json\/wp\/v2\/tags?post=1124"}],"curies":[{"name":"wp","href":"https:\/\/api.w.org\/{rel}","templated":true}]}}