{"id":1595,"date":"2026-09-04T09:03:29","date_gmt":"2026-09-04T07:03:29","guid":{"rendered":"https:\/\/blogg.svenskakyrkan.se\/ekumenik\/?p=1595"},"modified":"2026-09-04T09:03:31","modified_gmt":"2026-09-04T07:03:31","slug":"strommar-av-levande-vatten-tillsammans-for-skapelsen-i-klimatforandringens-tid","status":"publish","type":"post","link":"https:\/\/blogg.svenskakyrkan.se\/ekumenik\/2026\/09\/04\/strommar-av-levande-vatten-tillsammans-for-skapelsen-i-klimatforandringens-tid\/","title":{"rendered":"Str\u00f6mmar av levande vatten \u2013 tillsammans f\u00f6r skapelsen i klimatf\u00f6r\u00e4ndringens tid"},"content":{"rendered":"\n<p class=\"is-style-intro\"><strong>Skapelsetid 2026 \u00f6ppnar f\u00f6r en tid av b\u00f6n och omsorg om skapelsen. \u00c5rets tema \u201dLevande vatten\u201d knyter an till Hesekiels och Jesu ord om det livsn\u00f6dv\u00e4ndiga och levande vattnet. N\u00e4r Skapelsetid avslutas med firandet av Franciskus av Assisi, ekologins skyddshelgon, p\u00e5minns vi om att allt liv h\u00f6r samman och att vi \u00e4r kallade att l\u00e5ta Guds levande vatten fl\u00f6da vidare i v\u00e4rlden.<\/strong><\/p>\n\n\n<figure class=\"wp-block-post-featured-image\"><img loading=\"lazy\" decoding=\"async\" width=\"1920\" height=\"1080\" src=\"https:\/\/blogg.svenskakyrkan.se\/ekumenik\/files\/2026\/09\/header.png\" class=\"attachment-post-thumbnail size-post-thumbnail wp-post-image\" alt=\"\" style=\"object-fit:cover;\" srcset=\"https:\/\/blogg.svenskakyrkan.se\/ekumenik\/files\/2026\/09\/header.png 1920w, https:\/\/blogg.svenskakyrkan.se\/ekumenik\/files\/2026\/09\/header-300x169.png 300w, https:\/\/blogg.svenskakyrkan.se\/ekumenik\/files\/2026\/09\/header-1024x576.png 1024w, https:\/\/blogg.svenskakyrkan.se\/ekumenik\/files\/2026\/09\/header-768x432.png 768w, https:\/\/blogg.svenskakyrkan.se\/ekumenik\/files\/2026\/09\/header-1536x864.png 1536w, https:\/\/blogg.svenskakyrkan.se\/ekumenik\/files\/2026\/09\/header-1200x675.png 1200w\" sizes=\"auto, (max-width: 1920px) 100vw, 1920px\" \/><\/figure>\n\n\n<p>S\u00f6ndagen den 23 augusti 2026 blev en historisk dag. Tillsammans med \u00f6ver 50\u202f000 m\u00e4nniskor och 280 organisationer stod vi enade f\u00f6r klimatet i en stor klimat- demonstration. Det var en dag av mod, hopp och beslutsamhet, en dag som visade att vi vill och kan ta ansvar f\u00f6r v\u00e5r gemensamma framtid.<\/p>\n\n\n\n<p>Nu har vi klivit in i Skapelsetid 2026, som firas 1 september\u20134 oktober med \u00e5rets tema \u201dLevande vatten\u201d. Temat h\u00e4mtar sin kraft ur Hesekiels vision: <em>\u201dD\u00e4r str\u00f6mmen rinner fram blir allt levande.\u201d<\/em> (Hes 47:9), <em>\u201dDeras frukt ska tj\u00e4na som f\u00f6da och deras blad som l\u00e4kedom.\u201d<\/em> (Hes 47:12). Det \u00e4r en bild av hur Gud l\u00e5ter liv fl\u00f6da d\u00e4r allt verkar d\u00f6tt, vilket \u00e4r en p\u00e5minnelse om att vatten \u00e4r b\u00e5de en fysisk och andlig g\u00e5va, livsn\u00f6dv\u00e4ndig f\u00f6r hela skapelsen.<\/p>\n\n\n\n<p>N\u00e4r jag sj\u00e4lv g\u00e5r in i Skapelsetid i \u00e5r, m\u00e4rker jag att temat \u201dLevande vatten\u201d talar direkt in i mitt eget liv. Jag k\u00e4nner igen t\u00f6rsten efter vila, efter mening, efter att f\u00e5 andas i en v\u00e4rld som ibland k\u00e4nns alltf\u00f6r v\u00e5ldsam, hotfull och sk\u00f6r, men som samtidigt \u00e4r \u00f6verv\u00e4ldigande vacker. Jesu ord i Johannes 7 om str\u00f6mmar av levande vatten som ska fl\u00f6da genom den som tror, blir inte enbart en teologisk bild utan en personlig l\u00e4ngtan: att f\u00e5 b\u00e4ra n\u00e5got av Guds liv vidare, ocks\u00e5 n\u00e4r jag sj\u00e4lv k\u00e4nner mig el\u00e4ndig, men samtidigt kan luta mig mot och g\u00e5 med andra.<\/p>\n\n\n\n<p>Och n\u00e4r Skapelsetiden avslutas med firandet av Franciskus av Assisi den 4 oktober, p\u00e5minns jag om hans enkla men djupa insikt: att allt liv h\u00f6r samman, och att v\u00e5r egen inre f\u00f6rnyelse alltid \u00e4r f\u00f6rbunden med omsorgen om v\u00e4rlden omkring oss. Det levande vattnet \u00e4r inte bara f\u00f6r mig, det \u00e4r t\u00e4nkt att rinna vidare, ut i relationer, i handling, i hopp.<\/p>\n\n\n\n<p> <a href=\"https:\/\/www.svenskakyrkan.se\/ekumenik\/franciskusjubileum-2026\">Franciskusjubileum 2026 &#8211; Svenska kyrkan<\/a><\/p>\n\n\n\n<p>Skapelsetid \u00e4r ett ekumeniskt initiativ som f\u00f6renar 2,2 miljarder kristna i b\u00f6n, eftertanke och handling. Under dessa veckor f\u00e5r f\u00f6rsamlingar och individer f\u00f6rdjupa sin relation till Gud och skapelsen genom gudstj\u00e4nster, pilgrimsvandringar, samtal, milj\u00f6aktioner och b\u00f6n f\u00f6r jorden och kommande generationer. Material och inspiration finns via Svenska kyrkan, Sveriges Kristna R\u00e5d och den internationella Season of Creation-sidan.<\/p>\n\n\n\n<p><a href=\"https:\/\/www.svenskakyrkan.se\/skapelsetid\">Skapelsetid&nbsp; &#8211; Svenska kyrkan<\/a><\/p>\n\n\n\n<p><a href=\"https:\/\/www.skr.org\/vart-arbete\/hallbar-utveckling\/skapelsetid-tema\/\">Material f\u00f6r Skapelsetid 2026 &#8211; Sveriges kristna r\u00e5d<\/a><\/p>\n\n\n\n<p><a href=\"https:\/\/seasonofcreation.org\/\">Season of Creation<\/a><\/p>\n\n\n\n<p><\/p>\n\n\n\n<p><\/p>\n\n\n\n<p><\/p>\n\n\n\n<p><\/p>\n","protected":false},"excerpt":{"rendered":"<p>Skapelsetid 2026 \u00f6ppnar f\u00f6r en tid av b\u00f6n och omsorg om skapelsen. \u00c5rets tema \u201dLevande vatten\u201d knyter an till Hesekiels och Jesu ord om det livsn\u00f6dv\u00e4ndiga och levande vattnet. N\u00e4r Skapelsetid avslutas med firandet av Franciskus av Assisi, ekologins skyddshelgon, p\u00e5minns vi om att allt liv h\u00f6r samman och att vi \u00e4r kallade att l\u00e5ta [&hellip;]<\/p>\n","protected":false},"author":756,"featured_media":1596,"comment_status":"open","ping_status":"open","sticky":false,"template":"","format":"standard","meta":{"_acf_changed":false,"footnotes":""},"categories":[160969],"tags":[],"class_list":["post-1595","post","type-post","status-publish","format-standard","has-post-thumbnail","hentry","category-ekumenik-och-interreligios-samverkan"],"acf":[],"yoast_head":"<!-- This site is optimized with the Yoast SEO plugin v27.1.1 - https:\/\/yoast.com\/product\/yoast-seo-wordpress\/ -->\n<title>Str\u00f6mmar av levande vatten \u2013 tillsammans f\u00f6r skapelsen i klimatf\u00f6r\u00e4ndringens tid - Ekumenikbloggen<\/title>\n<meta name=\"robots\" content=\"index, follow, max-snippet:-1, max-image-preview:large, max-video-preview:-1\" \/>\n<link rel=\"canonical\" href=\"https:\/\/blogg.svenskakyrkan.se\/ekumenik\/2026\/09\/04\/strommar-av-levande-vatten-tillsammans-for-skapelsen-i-klimatforandringens-tid\/\" \/>\n<meta property=\"og:locale\" content=\"sv_SE\" \/>\n<meta property=\"og:type\" content=\"article\" \/>\n<meta property=\"og:title\" content=\"Str\u00f6mmar av levande vatten \u2013 tillsammans f\u00f6r skapelsen i klimatf\u00f6r\u00e4ndringens tid - Ekumenikbloggen\" \/>\n<meta property=\"og:description\" content=\"Skapelsetid 2026 \u00f6ppnar f\u00f6r en tid av b\u00f6n och omsorg om skapelsen. \u00c5rets tema \u201dLevande vatten\u201d knyter an till Hesekiels och Jesu ord om det livsn\u00f6dv\u00e4ndiga och levande vattnet. N\u00e4r Skapelsetid avslutas med firandet av Franciskus av Assisi, ekologins skyddshelgon, p\u00e5minns vi om att allt liv h\u00f6r samman och att vi \u00e4r kallade att l\u00e5ta [&hellip;]\" \/>\n<meta property=\"og:url\" content=\"https:\/\/blogg.svenskakyrkan.se\/ekumenik\/2026\/09\/04\/strommar-av-levande-vatten-tillsammans-for-skapelsen-i-klimatforandringens-tid\/\" \/>\n<meta property=\"og:site_name\" content=\"Ekumenikbloggen\" \/>\n<meta property=\"article:published_time\" content=\"2026-09-04T07:03:29+00:00\" \/>\n<meta property=\"article:modified_time\" content=\"2026-09-04T07:03:31+00:00\" \/>\n<meta property=\"og:image\" content=\"http:\/\/blogg.svenskakyrkan.se\/ekumenik\/files\/2026\/09\/header.png\" \/>\n\t<meta property=\"og:image:width\" content=\"1920\" \/>\n\t<meta property=\"og:image:height\" content=\"1080\" \/>\n\t<meta property=\"og:image:type\" content=\"image\/png\" \/>\n<meta name=\"author\" content=\"Mona Ker\u00e4nen\" \/>\n<meta name=\"twitter:card\" content=\"summary_large_image\" \/>\n<meta name=\"twitter:label1\" content=\"Skriven av\" \/>\n\t<meta name=\"twitter:data1\" content=\"Mona Ker\u00e4nen\" \/>\n\t<meta name=\"twitter:label2\" content=\"Ber\u00e4knad l\u00e4stid\" \/>\n\t<meta name=\"twitter:data2\" content=\"3 minuter\" \/>\n<script type=\"application\/ld+json\" class=\"yoast-schema-graph\">{\"@context\":\"https:\/\/schema.org\",\"@graph\":[{\"@type\":\"Article\",\"@id\":\"https:\/\/blogg.svenskakyrkan.se\/ekumenik\/2026\/09\/04\/strommar-av-levande-vatten-tillsammans-for-skapelsen-i-klimatforandringens-tid\/#article\",\"isPartOf\":{\"@id\":\"https:\/\/blogg.svenskakyrkan.se\/ekumenik\/2026\/09\/04\/strommar-av-levande-vatten-tillsammans-for-skapelsen-i-klimatforandringens-tid\/\"},\"author\":{\"name\":\"Mona Ker\u00e4nen\",\"@id\":\"https:\/\/blogg.svenskakyrkan.se\/ekumenik\/#\/schema\/person\/919deb268552a410c83614a4e5ff643f\"},\"headline\":\"Str\u00f6mmar av levande vatten \u2013 tillsammans f\u00f6r skapelsen i klimatf\u00f6r\u00e4ndringens tid\",\"datePublished\":\"2026-09-04T07:03:29+00:00\",\"dateModified\":\"2026-09-04T07:03:31+00:00\",\"mainEntityOfPage\":{\"@id\":\"https:\/\/blogg.svenskakyrkan.se\/ekumenik\/2026\/09\/04\/strommar-av-levande-vatten-tillsammans-for-skapelsen-i-klimatforandringens-tid\/\"},\"wordCount\":508,\"commentCount\":0,\"image\":{\"@id\":\"https:\/\/blogg.svenskakyrkan.se\/ekumenik\/2026\/09\/04\/strommar-av-levande-vatten-tillsammans-for-skapelsen-i-klimatforandringens-tid\/#primaryimage\"},\"thumbnailUrl\":\"https:\/\/blogg.svenskakyrkan.se\/ekumenik\/files\/2026\/09\/header.png\",\"articleSection\":[\"Ekumenik och interreligi\u00f6s samverkan\"],\"inLanguage\":\"sv-SE\",\"potentialAction\":[{\"@type\":\"CommentAction\",\"name\":\"Comment\",\"target\":[\"https:\/\/blogg.svenskakyrkan.se\/ekumenik\/2026\/09\/04\/strommar-av-levande-vatten-tillsammans-for-skapelsen-i-klimatforandringens-tid\/#respond\"]}]},{\"@type\":\"WebPage\",\"@id\":\"https:\/\/blogg.svenskakyrkan.se\/ekumenik\/2026\/09\/04\/strommar-av-levande-vatten-tillsammans-for-skapelsen-i-klimatforandringens-tid\/\",\"url\":\"https:\/\/blogg.svenskakyrkan.se\/ekumenik\/2026\/09\/04\/strommar-av-levande-vatten-tillsammans-for-skapelsen-i-klimatforandringens-tid\/\",\"name\":\"Str\u00f6mmar av levande vatten \u2013 tillsammans f\u00f6r skapelsen i klimatf\u00f6r\u00e4ndringens tid - Ekumenikbloggen\",\"isPartOf\":{\"@id\":\"https:\/\/blogg.svenskakyrkan.se\/ekumenik\/#website\"},\"primaryImageOfPage\":{\"@id\":\"https:\/\/blogg.svenskakyrkan.se\/ekumenik\/2026\/09\/04\/strommar-av-levande-vatten-tillsammans-for-skapelsen-i-klimatforandringens-tid\/#primaryimage\"},\"image\":{\"@id\":\"https:\/\/blogg.svenskakyrkan.se\/ekumenik\/2026\/09\/04\/strommar-av-levande-vatten-tillsammans-for-skapelsen-i-klimatforandringens-tid\/#primaryimage\"},\"thumbnailUrl\":\"https:\/\/blogg.svenskakyrkan.se\/ekumenik\/files\/2026\/09\/header.png\",\"datePublished\":\"2026-09-04T07:03:29+00:00\",\"dateModified\":\"2026-09-04T07:03:31+00:00\",\"author\":{\"@id\":\"https:\/\/blogg.svenskakyrkan.se\/ekumenik\/#\/schema\/person\/919deb268552a410c83614a4e5ff643f\"},\"breadcrumb\":{\"@id\":\"https:\/\/blogg.svenskakyrkan.se\/ekumenik\/2026\/09\/04\/strommar-av-levande-vatten-tillsammans-for-skapelsen-i-klimatforandringens-tid\/#breadcrumb\"},\"inLanguage\":\"sv-SE\",\"potentialAction\":[{\"@type\":\"ReadAction\",\"target\":[\"https:\/\/blogg.svenskakyrkan.se\/ekumenik\/2026\/09\/04\/strommar-av-levande-vatten-tillsammans-for-skapelsen-i-klimatforandringens-tid\/\"]}]},{\"@type\":\"ImageObject\",\"inLanguage\":\"sv-SE\",\"@id\":\"https:\/\/blogg.svenskakyrkan.se\/ekumenik\/2026\/09\/04\/strommar-av-levande-vatten-tillsammans-for-skapelsen-i-klimatforandringens-tid\/#primaryimage\",\"url\":\"https:\/\/blogg.svenskakyrkan.se\/ekumenik\/files\/2026\/09\/header.png\",\"contentUrl\":\"https:\/\/blogg.svenskakyrkan.se\/ekumenik\/files\/2026\/09\/header.png\",\"width\":1920,\"height\":1080},{\"@type\":\"BreadcrumbList\",\"@id\":\"https:\/\/blogg.svenskakyrkan.se\/ekumenik\/2026\/09\/04\/strommar-av-levande-vatten-tillsammans-for-skapelsen-i-klimatforandringens-tid\/#breadcrumb\",\"itemListElement\":[{\"@type\":\"ListItem\",\"position\":1,\"name\":\"Hem\",\"item\":\"https:\/\/blogg.svenskakyrkan.se\/ekumenik\/\"},{\"@type\":\"ListItem\",\"position\":2,\"name\":\"Str\u00f6mmar av levande vatten \u2013 tillsammans f\u00f6r skapelsen i klimatf\u00f6r\u00e4ndringens tid\"}]},{\"@type\":\"WebSite\",\"@id\":\"https:\/\/blogg.svenskakyrkan.se\/ekumenik\/#website\",\"url\":\"https:\/\/blogg.svenskakyrkan.se\/ekumenik\/\",\"name\":\"Ekumenikbloggen\",\"description\":\"Svenska kyrkans blogg om ekumenik och interreligi\u00f6s samverkan\",\"potentialAction\":[{\"@type\":\"SearchAction\",\"target\":{\"@type\":\"EntryPoint\",\"urlTemplate\":\"https:\/\/blogg.svenskakyrkan.se\/ekumenik\/?s={search_term_string}\"},\"query-input\":{\"@type\":\"PropertyValueSpecification\",\"valueRequired\":true,\"valueName\":\"search_term_string\"}}],\"inLanguage\":\"sv-SE\"},{\"@type\":\"Person\",\"@id\":\"https:\/\/blogg.svenskakyrkan.se\/ekumenik\/#\/schema\/person\/919deb268552a410c83614a4e5ff643f\",\"name\":\"Mona Ker\u00e4nen\",\"image\":{\"@type\":\"ImageObject\",\"inLanguage\":\"sv-SE\",\"@id\":\"https:\/\/blogg.svenskakyrkan.se\/ekumenik\/#\/schema\/person\/image\/\",\"url\":\"https:\/\/secure.gravatar.com\/avatar\/a80bbd77a72291d1fad9191d6e79635d92aeb51db59e98bab841a1200da02eef?s=96&d=mm&r=g\",\"contentUrl\":\"https:\/\/secure.gravatar.com\/avatar\/a80bbd77a72291d1fad9191d6e79635d92aeb51db59e98bab841a1200da02eef?s=96&d=mm&r=g\",\"caption\":\"Mona Ker\u00e4nen\"},\"url\":\"https:\/\/blogg.svenskakyrkan.se\/ekumenik\/author\/monakeranen\/\"}]}<\/script>\n<!-- \/ Yoast SEO plugin. -->","yoast_head_json":{"title":"Str\u00f6mmar av levande vatten \u2013 tillsammans f\u00f6r skapelsen i klimatf\u00f6r\u00e4ndringens tid - Ekumenikbloggen","robots":{"index":"index","follow":"follow","max-snippet":"max-snippet:-1","max-image-preview":"max-image-preview:large","max-video-preview":"max-video-preview:-1"},"canonical":"https:\/\/blogg.svenskakyrkan.se\/ekumenik\/2026\/09\/04\/strommar-av-levande-vatten-tillsammans-for-skapelsen-i-klimatforandringens-tid\/","og_locale":"sv_SE","og_type":"article","og_title":"Str\u00f6mmar av levande vatten \u2013 tillsammans f\u00f6r skapelsen i klimatf\u00f6r\u00e4ndringens tid - Ekumenikbloggen","og_description":"Skapelsetid 2026 \u00f6ppnar f\u00f6r en tid av b\u00f6n och omsorg om skapelsen. \u00c5rets tema \u201dLevande vatten\u201d knyter an till Hesekiels och Jesu ord om det livsn\u00f6dv\u00e4ndiga och levande vattnet. N\u00e4r Skapelsetid avslutas med firandet av Franciskus av Assisi, ekologins skyddshelgon, p\u00e5minns vi om att allt liv h\u00f6r samman och att vi \u00e4r kallade att l\u00e5ta [&hellip;]","og_url":"https:\/\/blogg.svenskakyrkan.se\/ekumenik\/2026\/09\/04\/strommar-av-levande-vatten-tillsammans-for-skapelsen-i-klimatforandringens-tid\/","og_site_name":"Ekumenikbloggen","article_published_time":"2026-09-04T07:03:29+00:00","article_modified_time":"2026-09-04T07:03:31+00:00","og_image":[{"width":1920,"height":1080,"url":"http:\/\/blogg.svenskakyrkan.se\/ekumenik\/files\/2026\/09\/header.png","type":"image\/png"}],"author":"Mona Ker\u00e4nen","twitter_card":"summary_large_image","twitter_misc":{"Skriven av":"Mona Ker\u00e4nen","Ber\u00e4knad l\u00e4stid":"3 minuter"},"schema":{"@context":"https:\/\/schema.org","@graph":[{"@type":"Article","@id":"https:\/\/blogg.svenskakyrkan.se\/ekumenik\/2026\/09\/04\/strommar-av-levande-vatten-tillsammans-for-skapelsen-i-klimatforandringens-tid\/#article","isPartOf":{"@id":"https:\/\/blogg.svenskakyrkan.se\/ekumenik\/2026\/09\/04\/strommar-av-levande-vatten-tillsammans-for-skapelsen-i-klimatforandringens-tid\/"},"author":{"name":"Mona Ker\u00e4nen","@id":"https:\/\/blogg.svenskakyrkan.se\/ekumenik\/#\/schema\/person\/919deb268552a410c83614a4e5ff643f"},"headline":"Str\u00f6mmar av levande vatten \u2013 tillsammans f\u00f6r skapelsen i klimatf\u00f6r\u00e4ndringens tid","datePublished":"2026-09-04T07:03:29+00:00","dateModified":"2026-09-04T07:03:31+00:00","mainEntityOfPage":{"@id":"https:\/\/blogg.svenskakyrkan.se\/ekumenik\/2026\/09\/04\/strommar-av-levande-vatten-tillsammans-for-skapelsen-i-klimatforandringens-tid\/"},"wordCount":508,"commentCount":0,"image":{"@id":"https:\/\/blogg.svenskakyrkan.se\/ekumenik\/2026\/09\/04\/strommar-av-levande-vatten-tillsammans-for-skapelsen-i-klimatforandringens-tid\/#primaryimage"},"thumbnailUrl":"https:\/\/blogg.svenskakyrkan.se\/ekumenik\/files\/2026\/09\/header.png","articleSection":["Ekumenik och interreligi\u00f6s samverkan"],"inLanguage":"sv-SE","potentialAction":[{"@type":"CommentAction","name":"Comment","target":["https:\/\/blogg.svenskakyrkan.se\/ekumenik\/2026\/09\/04\/strommar-av-levande-vatten-tillsammans-for-skapelsen-i-klimatforandringens-tid\/#respond"]}]},{"@type":"WebPage","@id":"https:\/\/blogg.svenskakyrkan.se\/ekumenik\/2026\/09\/04\/strommar-av-levande-vatten-tillsammans-for-skapelsen-i-klimatforandringens-tid\/","url":"https:\/\/blogg.svenskakyrkan.se\/ekumenik\/2026\/09\/04\/strommar-av-levande-vatten-tillsammans-for-skapelsen-i-klimatforandringens-tid\/","name":"Str\u00f6mmar av levande vatten \u2013 tillsammans f\u00f6r skapelsen i klimatf\u00f6r\u00e4ndringens tid - Ekumenikbloggen","isPartOf":{"@id":"https:\/\/blogg.svenskakyrkan.se\/ekumenik\/#website"},"primaryImageOfPage":{"@id":"https:\/\/blogg.svenskakyrkan.se\/ekumenik\/2026\/09\/04\/strommar-av-levande-vatten-tillsammans-for-skapelsen-i-klimatforandringens-tid\/#primaryimage"},"image":{"@id":"https:\/\/blogg.svenskakyrkan.se\/ekumenik\/2026\/09\/04\/strommar-av-levande-vatten-tillsammans-for-skapelsen-i-klimatforandringens-tid\/#primaryimage"},"thumbnailUrl":"https:\/\/blogg.svenskakyrkan.se\/ekumenik\/files\/2026\/09\/header.png","datePublished":"2026-09-04T07:03:29+00:00","dateModified":"2026-09-04T07:03:31+00:00","author":{"@id":"https:\/\/blogg.svenskakyrkan.se\/ekumenik\/#\/schema\/person\/919deb268552a410c83614a4e5ff643f"},"breadcrumb":{"@id":"https:\/\/blogg.svenskakyrkan.se\/ekumenik\/2026\/09\/04\/strommar-av-levande-vatten-tillsammans-for-skapelsen-i-klimatforandringens-tid\/#breadcrumb"},"inLanguage":"sv-SE","potentialAction":[{"@type":"ReadAction","target":["https:\/\/blogg.svenskakyrkan.se\/ekumenik\/2026\/09\/04\/strommar-av-levande-vatten-tillsammans-for-skapelsen-i-klimatforandringens-tid\/"]}]},{"@type":"ImageObject","inLanguage":"sv-SE","@id":"https:\/\/blogg.svenskakyrkan.se\/ekumenik\/2026\/09\/04\/strommar-av-levande-vatten-tillsammans-for-skapelsen-i-klimatforandringens-tid\/#primaryimage","url":"https:\/\/blogg.svenskakyrkan.se\/ekumenik\/files\/2026\/09\/header.png","contentUrl":"https:\/\/blogg.svenskakyrkan.se\/ekumenik\/files\/2026\/09\/header.png","width":1920,"height":1080},{"@type":"BreadcrumbList","@id":"https:\/\/blogg.svenskakyrkan.se\/ekumenik\/2026\/09\/04\/strommar-av-levande-vatten-tillsammans-for-skapelsen-i-klimatforandringens-tid\/#breadcrumb","itemListElement":[{"@type":"ListItem","position":1,"name":"Hem","item":"https:\/\/blogg.svenskakyrkan.se\/ekumenik\/"},{"@type":"ListItem","position":2,"name":"Str\u00f6mmar av levande vatten \u2013 tillsammans f\u00f6r skapelsen i klimatf\u00f6r\u00e4ndringens tid"}]},{"@type":"WebSite","@id":"https:\/\/blogg.svenskakyrkan.se\/ekumenik\/#website","url":"https:\/\/blogg.svenskakyrkan.se\/ekumenik\/","name":"Ekumenikbloggen","description":"Svenska kyrkans blogg om ekumenik och interreligi\u00f6s samverkan","potentialAction":[{"@type":"SearchAction","target":{"@type":"EntryPoint","urlTemplate":"https:\/\/blogg.svenskakyrkan.se\/ekumenik\/?s={search_term_string}"},"query-input":{"@type":"PropertyValueSpecification","valueRequired":true,"valueName":"search_term_string"}}],"inLanguage":"sv-SE"},{"@type":"Person","@id":"https:\/\/blogg.svenskakyrkan.se\/ekumenik\/#\/schema\/person\/919deb268552a410c83614a4e5ff643f","name":"Mona Ker\u00e4nen","image":{"@type":"ImageObject","inLanguage":"sv-SE","@id":"https:\/\/blogg.svenskakyrkan.se\/ekumenik\/#\/schema\/person\/image\/","url":"https:\/\/secure.gravatar.com\/avatar\/a80bbd77a72291d1fad9191d6e79635d92aeb51db59e98bab841a1200da02eef?s=96&d=mm&r=g","contentUrl":"https:\/\/secure.gravatar.com\/avatar\/a80bbd77a72291d1fad9191d6e79635d92aeb51db59e98bab841a1200da02eef?s=96&d=mm&r=g","caption":"Mona Ker\u00e4nen"},"url":"https:\/\/blogg.svenskakyrkan.se\/ekumenik\/author\/monakeranen\/"}]}},"author_meta":{"ID":"756","user_nicename":"monakeranen","user_registered":"2020-03-30 12:16:31","display_name":"Mona Ker\u00e4nen","first_name":"Mona","last_name":"Ker\u00e4nen","avatar":"https:\/\/secure.gravatar.com\/avatar\/a80bbd77a72291d1fad9191d6e79635d92aeb51db59e98bab841a1200da02eef?s=96&d=mm&r=g"},"featured_image":["https:\/\/blogg.svenskakyrkan.se\/ekumenik\/files\/2026\/09\/header-1024x576.png",1024,576,true],"bloginfo":{"name":"Ekumenikbloggen","url":"https:\/\/blogg.svenskakyrkan.se\/ekumenik"},"_links":{"self":[{"href":"https:\/\/blogg.svenskakyrkan.se\/ekumenik\/wp-json\/wp\/v2\/posts\/1595","targetHints":{"allow":["GET"]}}],"collection":[{"href":"https:\/\/blogg.svenskakyrkan.se\/ekumenik\/wp-json\/wp\/v2\/posts"}],"about":[{"href":"https:\/\/blogg.svenskakyrkan.se\/ekumenik\/wp-json\/wp\/v2\/types\/post"}],"author":[{"embeddable":true,"href":"https:\/\/blogg.svenskakyrkan.se\/ekumenik\/wp-json\/wp\/v2\/users\/756"}],"replies":[{"embeddable":true,"href":"https:\/\/blogg.svenskakyrkan.se\/ekumenik\/wp-json\/wp\/v2\/comments?post=1595"}],"version-history":[{"count":1,"href":"https:\/\/blogg.svenskakyrkan.se\/ekumenik\/wp-json\/wp\/v2\/posts\/1595\/revisions"}],"predecessor-version":[{"id":1597,"href":"https:\/\/blogg.svenskakyrkan.se\/ekumenik\/wp-json\/wp\/v2\/posts\/1595\/revisions\/1597"}],"wp:featuredmedia":[{"embeddable":true,"href":"https:\/\/blogg.svenskakyrkan.se\/ekumenik\/wp-json\/wp\/v2\/media\/1596"}],"wp:attachment":[{"href":"https:\/\/blogg.svenskakyrkan.se\/ekumenik\/wp-json\/wp\/v2\/media?parent=1595"}],"wp:term":[{"taxonomy":"category","embeddable":true,"href":"https:\/\/blogg.svenskakyrkan.se\/ekumenik\/wp-json\/wp\/v2\/categories?post=1595"},{"taxonomy":"post_tag","embeddable":true,"href":"https:\/\/blogg.svenskakyrkan.se\/ekumenik\/wp-json\/wp\/v2\/tags?post=1595"}],"curies":[{"name":"wp","href":"https:\/\/api.w.org\/{rel}","templated":true}]}}