{"id":425,"date":"2013-10-31T07:04:51","date_gmt":"2013-10-31T06:04:51","guid":{"rendered":"http:\/\/blogg.svenskakyrkan.se\/ekumenik\/?p=425"},"modified":"2013-10-31T15:12:06","modified_gmt":"2013-10-31T14:12:06","slug":"forandring","status":"publish","type":"post","link":"https:\/\/blogg.svenskakyrkan.se\/ekumenik\/2013\/10\/31\/forandring\/","title":{"rendered":"F\u00f6r\u00e4ndring"},"content":{"rendered":"<p><em><strong>Nils Malmstr\u00f6m \u00e4r en av deltagarna p\u00e5 Global Ecumenical Theological Institute GETI h\u00e4r i Sydkorea. Han har\u00a0l\u00e4st teologi p\u00e5 Lunds Universitet och tagit en del kurser i Missionsvetenskap d\u00e4r han unders\u00f6kt och skrivit om afrikanska kyrkor i Sverige. Jobbar\u00a0f\u00f6r n\u00e4rvarande som l\u00e4rare p\u00e5 h\u00f6gstadiet. Har ett stort intresse f\u00f6r hur Svenska Kyrkans roll kan utvecklas i det f\u00f6r\u00e4ndrade religi\u00f6sa landskapet vi har i Sverige och hur detta ocks\u00e5 relaterar till den utvecklingen av kristendomen globalt.<br \/>\n<\/strong><\/em><\/p>\n<p>-Vilka f\u00f6r\u00e4ndringar tycker du man kan se inom Kristendomen de senaste decenniet?<\/p>\n<p>George fr\u00e5n den ortodoxa kyrkan i Vitryssland tittar f\u00f6rv\u00e5nat p\u00e5 doktor Woo fr\u00e5n Korea som leder den lilla studiegrupp jag hamnat i under v\u00e5rt program inom GETI (Global Ecumenical Theological Institute) som nu landat i Busan efter n\u00e5gra dagar i Seoul.<\/p>\n<p>-Jag f\u00f6rst\u00e5r inte fr\u00e5gan, kristendomen kan aldrig f\u00f6r\u00e4ndras. Vi har firat gudstj\u00e4nst enligt samma liturgi i 100 tals \u00e5r.<\/p>\n<p>-Men vilka saker har f\u00f6r\u00e4ndrats i ditt land de senaste \u00e5ren och hur har det p\u00e5verkar din kyrka, kommenterar Femke fr\u00e5n Nederl\u00e4nderna.<\/p>\n<p>George skiner upp och b\u00f6rjar ber\u00e4tta om hur flera m\u00e4nniskor idag kommer till gudstj\u00e4nsterna och hur hans kyrka ocks\u00e5 b\u00f6rjat jobba med folk som har problem med droger.\u00a0Octavia fr\u00e5n Oklahoma tar ordet och b\u00f6rjar beskriva situationen in sin metodistkyrka i USA som fr\u00e4mst best\u00e5r av afro-amerikaner och d\u00e4r medel\u00e5lder \u00e4r h\u00f6g runt 75. (Hon har flera 100 \u00e5ringar i f\u00f6rsamlingen) och hur de brottas med att f\u00e5 ungdomar till kyrkan.<\/p>\n<p>S\u00e5 g\u00e5r vi bordet runt och f\u00e5r h\u00f6ra historier fr\u00e5n Hong Kong, Nederl\u00e4nderna, Vietnam, Sverige, Tyskland och Syd-Korea.\u00a0Vi lyssnar, st\u00e4ller fr\u00e5gor, skrattar och f\u00f6rs\u00f6ker ta till oss av varandras erfarenheter och enas\u00a0\u00a0slutligen om att Kristendomen har g\u00e5tt igenom betydande f\u00f6r\u00e4ndringar de senaste \u00e5ren men att det ser v\u00e4ldigt olika ut beroende var man \u00e4r i v\u00e4rlden. Benjamin fr\u00e5n Tyskland f\u00e5r sista ordet och s\u00e4ger att varje f\u00f6r\u00e4ndring kan ses som n\u00e5got negativt men ocks\u00e5 n\u00e5got positivt om de f\u00e5r oss att t\u00e4nka i nya banor.<\/p>\n<p>Detta \u00e4r verkligen ekumenik i dess b\u00e4sta form, att i mer \u00e4n tv\u00e5 veckor f\u00e5 m\u00f6jlighet att prata, lyssna och dela tillsammans med unga teologer fr\u00e5n hela v\u00e4rlden.<\/p>\n","protected":false},"excerpt":{"rendered":"<p>Nils Malmstr\u00f6m \u00e4r en av deltagarna p\u00e5 Global Ecumenical Theological Institute GETI h\u00e4r i Sydkorea. Han har\u00a0l\u00e4st teologi p\u00e5 Lunds Universitet och tagit en del kurser i Missionsvetenskap d\u00e4r han unders\u00f6kt och skrivit om afrikanska kyrkor i Sverige. Jobbar\u00a0f\u00f6r n\u00e4rvarande som l\u00e4rare p\u00e5 h\u00f6gstadiet. Har ett stort intresse f\u00f6r hur Svenska Kyrkans roll kan utvecklas [&hellip;]<\/p>\n","protected":false},"author":252,"featured_media":0,"comment_status":"open","ping_status":"open","sticky":false,"template":"","format":"standard","meta":{"_acf_changed":false,"footnotes":""},"categories":[17359],"tags":[],"class_list":["post-425","post","type-post","status-publish","format-standard","hentry","category-gastbloggare"],"acf":[],"yoast_head":"<!-- This site is optimized with the Yoast SEO plugin v27.1.1 - https:\/\/yoast.com\/product\/yoast-seo-wordpress\/ -->\n<title>F\u00f6r\u00e4ndring - Ekumenikbloggen<\/title>\n<meta name=\"robots\" content=\"index, follow, max-snippet:-1, max-image-preview:large, max-video-preview:-1\" \/>\n<link rel=\"canonical\" href=\"https:\/\/blogg.svenskakyrkan.se\/ekumenik\/2013\/10\/31\/forandring\/\" \/>\n<meta property=\"og:locale\" content=\"sv_SE\" \/>\n<meta property=\"og:type\" content=\"article\" \/>\n<meta property=\"og:title\" content=\"F\u00f6r\u00e4ndring - Ekumenikbloggen\" \/>\n<meta property=\"og:description\" content=\"Nils Malmstr\u00f6m \u00e4r en av deltagarna p\u00e5 Global Ecumenical Theological Institute GETI h\u00e4r i Sydkorea. Han har\u00a0l\u00e4st teologi p\u00e5 Lunds Universitet och tagit en del kurser i Missionsvetenskap d\u00e4r han unders\u00f6kt och skrivit om afrikanska kyrkor i Sverige. Jobbar\u00a0f\u00f6r n\u00e4rvarande som l\u00e4rare p\u00e5 h\u00f6gstadiet. Har ett stort intresse f\u00f6r hur Svenska Kyrkans roll kan utvecklas [&hellip;]\" \/>\n<meta property=\"og:url\" content=\"https:\/\/blogg.svenskakyrkan.se\/ekumenik\/2013\/10\/31\/forandring\/\" \/>\n<meta property=\"og:site_name\" content=\"Ekumenikbloggen\" \/>\n<meta property=\"article:published_time\" content=\"2013-10-31T06:04:51+00:00\" \/>\n<meta property=\"article:modified_time\" content=\"2013-10-31T14:12:06+00:00\" \/>\n<meta name=\"author\" content=\"Jenny Sj\u00f6green\" \/>\n<meta name=\"twitter:card\" content=\"summary_large_image\" \/>\n<meta name=\"twitter:label1\" content=\"Skriven av\" \/>\n\t<meta name=\"twitter:data1\" content=\"Jenny Sj\u00f6green\" \/>\n\t<meta name=\"twitter:label2\" content=\"Ber\u00e4knad l\u00e4stid\" \/>\n\t<meta name=\"twitter:data2\" content=\"2 minuter\" \/>\n<script type=\"application\/ld+json\" class=\"yoast-schema-graph\">{\"@context\":\"https:\/\/schema.org\",\"@graph\":[{\"@type\":\"Article\",\"@id\":\"https:\/\/blogg.svenskakyrkan.se\/ekumenik\/2013\/10\/31\/forandring\/#article\",\"isPartOf\":{\"@id\":\"https:\/\/blogg.svenskakyrkan.se\/ekumenik\/2013\/10\/31\/forandring\/\"},\"author\":{\"name\":\"Jenny Sj\u00f6green\",\"@id\":\"https:\/\/blogg.svenskakyrkan.se\/ekumenik\/#\/schema\/person\/96db487035bb73d2648d484e987a5d68\"},\"headline\":\"F\u00f6r\u00e4ndring\",\"datePublished\":\"2013-10-31T06:04:51+00:00\",\"dateModified\":\"2013-10-31T14:12:06+00:00\",\"mainEntityOfPage\":{\"@id\":\"https:\/\/blogg.svenskakyrkan.se\/ekumenik\/2013\/10\/31\/forandring\/\"},\"wordCount\":429,\"commentCount\":0,\"articleSection\":[\"G\u00e4stbloggare\"],\"inLanguage\":\"sv-SE\",\"potentialAction\":[{\"@type\":\"CommentAction\",\"name\":\"Comment\",\"target\":[\"https:\/\/blogg.svenskakyrkan.se\/ekumenik\/2013\/10\/31\/forandring\/#respond\"]}]},{\"@type\":\"WebPage\",\"@id\":\"https:\/\/blogg.svenskakyrkan.se\/ekumenik\/2013\/10\/31\/forandring\/\",\"url\":\"https:\/\/blogg.svenskakyrkan.se\/ekumenik\/2013\/10\/31\/forandring\/\",\"name\":\"F\u00f6r\u00e4ndring - Ekumenikbloggen\",\"isPartOf\":{\"@id\":\"https:\/\/blogg.svenskakyrkan.se\/ekumenik\/#website\"},\"datePublished\":\"2013-10-31T06:04:51+00:00\",\"dateModified\":\"2013-10-31T14:12:06+00:00\",\"author\":{\"@id\":\"https:\/\/blogg.svenskakyrkan.se\/ekumenik\/#\/schema\/person\/96db487035bb73d2648d484e987a5d68\"},\"breadcrumb\":{\"@id\":\"https:\/\/blogg.svenskakyrkan.se\/ekumenik\/2013\/10\/31\/forandring\/#breadcrumb\"},\"inLanguage\":\"sv-SE\",\"potentialAction\":[{\"@type\":\"ReadAction\",\"target\":[\"https:\/\/blogg.svenskakyrkan.se\/ekumenik\/2013\/10\/31\/forandring\/\"]}]},{\"@type\":\"BreadcrumbList\",\"@id\":\"https:\/\/blogg.svenskakyrkan.se\/ekumenik\/2013\/10\/31\/forandring\/#breadcrumb\",\"itemListElement\":[{\"@type\":\"ListItem\",\"position\":1,\"name\":\"Hem\",\"item\":\"https:\/\/blogg.svenskakyrkan.se\/ekumenik\/\"},{\"@type\":\"ListItem\",\"position\":2,\"name\":\"F\u00f6r\u00e4ndring\"}]},{\"@type\":\"WebSite\",\"@id\":\"https:\/\/blogg.svenskakyrkan.se\/ekumenik\/#website\",\"url\":\"https:\/\/blogg.svenskakyrkan.se\/ekumenik\/\",\"name\":\"Ekumenikbloggen\",\"description\":\"Svenska kyrkans blogg om ekumenik och interreligi\u00f6s samverkan\",\"potentialAction\":[{\"@type\":\"SearchAction\",\"target\":{\"@type\":\"EntryPoint\",\"urlTemplate\":\"https:\/\/blogg.svenskakyrkan.se\/ekumenik\/?s={search_term_string}\"},\"query-input\":{\"@type\":\"PropertyValueSpecification\",\"valueRequired\":true,\"valueName\":\"search_term_string\"}}],\"inLanguage\":\"sv-SE\"},{\"@type\":\"Person\",\"@id\":\"https:\/\/blogg.svenskakyrkan.se\/ekumenik\/#\/schema\/person\/96db487035bb73d2648d484e987a5d68\",\"name\":\"Jenny Sj\u00f6green\",\"image\":{\"@type\":\"ImageObject\",\"inLanguage\":\"sv-SE\",\"@id\":\"https:\/\/blogg.svenskakyrkan.se\/ekumenik\/#\/schema\/person\/image\/\",\"url\":\"https:\/\/secure.gravatar.com\/avatar\/7be688f8c33b393214e30bd919b1175794b873c0b8b86be60857b2eeecd1b5ae?s=96&d=mm&r=g\",\"contentUrl\":\"https:\/\/secure.gravatar.com\/avatar\/7be688f8c33b393214e30bd919b1175794b873c0b8b86be60857b2eeecd1b5ae?s=96&d=mm&r=g\",\"caption\":\"Jenny Sj\u00f6green\"},\"url\":\"https:\/\/blogg.svenskakyrkan.se\/ekumenik\/author\/ekumenik2\/\"}]}<\/script>\n<!-- \/ Yoast SEO plugin. -->","yoast_head_json":{"title":"F\u00f6r\u00e4ndring - Ekumenikbloggen","robots":{"index":"index","follow":"follow","max-snippet":"max-snippet:-1","max-image-preview":"max-image-preview:large","max-video-preview":"max-video-preview:-1"},"canonical":"https:\/\/blogg.svenskakyrkan.se\/ekumenik\/2013\/10\/31\/forandring\/","og_locale":"sv_SE","og_type":"article","og_title":"F\u00f6r\u00e4ndring - Ekumenikbloggen","og_description":"Nils Malmstr\u00f6m \u00e4r en av deltagarna p\u00e5 Global Ecumenical Theological Institute GETI h\u00e4r i Sydkorea. Han har\u00a0l\u00e4st teologi p\u00e5 Lunds Universitet och tagit en del kurser i Missionsvetenskap d\u00e4r han unders\u00f6kt och skrivit om afrikanska kyrkor i Sverige. Jobbar\u00a0f\u00f6r n\u00e4rvarande som l\u00e4rare p\u00e5 h\u00f6gstadiet. Har ett stort intresse f\u00f6r hur Svenska Kyrkans roll kan utvecklas [&hellip;]","og_url":"https:\/\/blogg.svenskakyrkan.se\/ekumenik\/2013\/10\/31\/forandring\/","og_site_name":"Ekumenikbloggen","article_published_time":"2013-10-31T06:04:51+00:00","article_modified_time":"2013-10-31T14:12:06+00:00","author":"Jenny Sj\u00f6green","twitter_card":"summary_large_image","twitter_misc":{"Skriven av":"Jenny Sj\u00f6green","Ber\u00e4knad l\u00e4stid":"2 minuter"},"schema":{"@context":"https:\/\/schema.org","@graph":[{"@type":"Article","@id":"https:\/\/blogg.svenskakyrkan.se\/ekumenik\/2013\/10\/31\/forandring\/#article","isPartOf":{"@id":"https:\/\/blogg.svenskakyrkan.se\/ekumenik\/2013\/10\/31\/forandring\/"},"author":{"name":"Jenny Sj\u00f6green","@id":"https:\/\/blogg.svenskakyrkan.se\/ekumenik\/#\/schema\/person\/96db487035bb73d2648d484e987a5d68"},"headline":"F\u00f6r\u00e4ndring","datePublished":"2013-10-31T06:04:51+00:00","dateModified":"2013-10-31T14:12:06+00:00","mainEntityOfPage":{"@id":"https:\/\/blogg.svenskakyrkan.se\/ekumenik\/2013\/10\/31\/forandring\/"},"wordCount":429,"commentCount":0,"articleSection":["G\u00e4stbloggare"],"inLanguage":"sv-SE","potentialAction":[{"@type":"CommentAction","name":"Comment","target":["https:\/\/blogg.svenskakyrkan.se\/ekumenik\/2013\/10\/31\/forandring\/#respond"]}]},{"@type":"WebPage","@id":"https:\/\/blogg.svenskakyrkan.se\/ekumenik\/2013\/10\/31\/forandring\/","url":"https:\/\/blogg.svenskakyrkan.se\/ekumenik\/2013\/10\/31\/forandring\/","name":"F\u00f6r\u00e4ndring - Ekumenikbloggen","isPartOf":{"@id":"https:\/\/blogg.svenskakyrkan.se\/ekumenik\/#website"},"datePublished":"2013-10-31T06:04:51+00:00","dateModified":"2013-10-31T14:12:06+00:00","author":{"@id":"https:\/\/blogg.svenskakyrkan.se\/ekumenik\/#\/schema\/person\/96db487035bb73d2648d484e987a5d68"},"breadcrumb":{"@id":"https:\/\/blogg.svenskakyrkan.se\/ekumenik\/2013\/10\/31\/forandring\/#breadcrumb"},"inLanguage":"sv-SE","potentialAction":[{"@type":"ReadAction","target":["https:\/\/blogg.svenskakyrkan.se\/ekumenik\/2013\/10\/31\/forandring\/"]}]},{"@type":"BreadcrumbList","@id":"https:\/\/blogg.svenskakyrkan.se\/ekumenik\/2013\/10\/31\/forandring\/#breadcrumb","itemListElement":[{"@type":"ListItem","position":1,"name":"Hem","item":"https:\/\/blogg.svenskakyrkan.se\/ekumenik\/"},{"@type":"ListItem","position":2,"name":"F\u00f6r\u00e4ndring"}]},{"@type":"WebSite","@id":"https:\/\/blogg.svenskakyrkan.se\/ekumenik\/#website","url":"https:\/\/blogg.svenskakyrkan.se\/ekumenik\/","name":"Ekumenikbloggen","description":"Svenska kyrkans blogg om ekumenik och interreligi\u00f6s samverkan","potentialAction":[{"@type":"SearchAction","target":{"@type":"EntryPoint","urlTemplate":"https:\/\/blogg.svenskakyrkan.se\/ekumenik\/?s={search_term_string}"},"query-input":{"@type":"PropertyValueSpecification","valueRequired":true,"valueName":"search_term_string"}}],"inLanguage":"sv-SE"},{"@type":"Person","@id":"https:\/\/blogg.svenskakyrkan.se\/ekumenik\/#\/schema\/person\/96db487035bb73d2648d484e987a5d68","name":"Jenny Sj\u00f6green","image":{"@type":"ImageObject","inLanguage":"sv-SE","@id":"https:\/\/blogg.svenskakyrkan.se\/ekumenik\/#\/schema\/person\/image\/","url":"https:\/\/secure.gravatar.com\/avatar\/7be688f8c33b393214e30bd919b1175794b873c0b8b86be60857b2eeecd1b5ae?s=96&d=mm&r=g","contentUrl":"https:\/\/secure.gravatar.com\/avatar\/7be688f8c33b393214e30bd919b1175794b873c0b8b86be60857b2eeecd1b5ae?s=96&d=mm&r=g","caption":"Jenny Sj\u00f6green"},"url":"https:\/\/blogg.svenskakyrkan.se\/ekumenik\/author\/ekumenik2\/"}]}},"author_meta":{"ID":"252","user_nicename":"ekumenik2","user_registered":"2013-01-15 09:56:44","display_name":"Jenny Sj\u00f6green","first_name":"Jenny","last_name":"Sj\u00f6green","avatar":"https:\/\/secure.gravatar.com\/avatar\/7be688f8c33b393214e30bd919b1175794b873c0b8b86be60857b2eeecd1b5ae?s=96&d=mm&r=g"},"featured_image":false,"bloginfo":{"name":"Ekumenikbloggen","url":"https:\/\/blogg.svenskakyrkan.se\/ekumenik"},"_links":{"self":[{"href":"https:\/\/blogg.svenskakyrkan.se\/ekumenik\/wp-json\/wp\/v2\/posts\/425","targetHints":{"allow":["GET"]}}],"collection":[{"href":"https:\/\/blogg.svenskakyrkan.se\/ekumenik\/wp-json\/wp\/v2\/posts"}],"about":[{"href":"https:\/\/blogg.svenskakyrkan.se\/ekumenik\/wp-json\/wp\/v2\/types\/post"}],"author":[{"embeddable":true,"href":"https:\/\/blogg.svenskakyrkan.se\/ekumenik\/wp-json\/wp\/v2\/users\/252"}],"replies":[{"embeddable":true,"href":"https:\/\/blogg.svenskakyrkan.se\/ekumenik\/wp-json\/wp\/v2\/comments?post=425"}],"version-history":[{"count":3,"href":"https:\/\/blogg.svenskakyrkan.se\/ekumenik\/wp-json\/wp\/v2\/posts\/425\/revisions"}],"predecessor-version":[{"id":433,"href":"https:\/\/blogg.svenskakyrkan.se\/ekumenik\/wp-json\/wp\/v2\/posts\/425\/revisions\/433"}],"wp:attachment":[{"href":"https:\/\/blogg.svenskakyrkan.se\/ekumenik\/wp-json\/wp\/v2\/media?parent=425"}],"wp:term":[{"taxonomy":"category","embeddable":true,"href":"https:\/\/blogg.svenskakyrkan.se\/ekumenik\/wp-json\/wp\/v2\/categories?post=425"},{"taxonomy":"post_tag","embeddable":true,"href":"https:\/\/blogg.svenskakyrkan.se\/ekumenik\/wp-json\/wp\/v2\/tags?post=425"}],"curies":[{"name":"wp","href":"https:\/\/api.w.org\/{rel}","templated":true}]}}