{"id":476,"date":"2014-01-27T17:52:33","date_gmt":"2014-01-27T16:52:33","guid":{"rendered":"http:\/\/blogg.svenskakyrkan.se\/ekumenik\/?p=476"},"modified":"2014-01-27T17:52:47","modified_gmt":"2014-01-27T16:52:47","slug":"intresserad-av-ekumenik","status":"publish","type":"post","link":"https:\/\/blogg.svenskakyrkan.se\/ekumenik\/2014\/01\/27\/intresserad-av-ekumenik\/","title":{"rendered":"Intresserad av ekumenik?"},"content":{"rendered":"<p>\u00c4r du mellan 18 och 30 \u00e5r och intresserad av ekumenik? Att vara steward inneb\u00e4r att hj\u00e4lpa till med en m\u00e4ngd praktiska saker under Kyrkornas V\u00e4rldsr\u00e5ds centralkommitt\u00e9m\u00f6te, men det \u00e4r ocks\u00e5 en unik m\u00f6jlighet att f\u00e5 ta del av v\u00e4rldsekumeniken och f\u00e5 m\u00f6ta andra unga kristna fr\u00e5n hela v\u00e4rlden! L\u00e4s mer <a href=\"http:\/\/www.oikoumene.org\/en\/press-centre\/news\/apply-now-stewards-programme-2014\">h\u00e4r<\/a>, mest info finns i dokumentet med anm\u00e4lningsblankett <a href=\"http:\/\/www.oikoumene.org\/en\/press-centre\/news\/WCCStewardsProgramme2014.pdf\">h\u00e4r<\/a>.<\/p>\n<p>Ekumenikenheten kan bidra med resekostnader mm f\u00f6rutsatt att anm\u00e4lan g\u00e5r via Kristin Molander (kristin.molander (a) svenskakyrkan.se)<\/p>\n","protected":false},"excerpt":{"rendered":"<p>\u00c4r du mellan 18 och 30 \u00e5r och intresserad av ekumenik? Att vara steward inneb\u00e4r att hj\u00e4lpa till med en m\u00e4ngd praktiska saker under Kyrkornas V\u00e4rldsr\u00e5ds centralkommitt\u00e9m\u00f6te, men det \u00e4r ocks\u00e5 en unik m\u00f6jlighet att f\u00e5 ta del av v\u00e4rldsekumeniken och f\u00e5 m\u00f6ta andra unga kristna fr\u00e5n hela v\u00e4rlden! L\u00e4s mer h\u00e4r, mest info finns [&hellip;]<\/p>\n","protected":false},"author":252,"featured_media":0,"comment_status":"open","ping_status":"open","sticky":false,"template":"","format":"standard","meta":{"_acf_changed":false,"footnotes":""},"categories":[9],"tags":[],"class_list":["post-476","post","type-post","status-publish","format-standard","hentry","category-okategoriserade"],"acf":[],"yoast_head":"<!-- This site is optimized with the Yoast SEO plugin v27.1.1 - https:\/\/yoast.com\/product\/yoast-seo-wordpress\/ -->\n<title>Intresserad av ekumenik? - Ekumenikbloggen<\/title>\n<meta name=\"robots\" content=\"index, follow, max-snippet:-1, max-image-preview:large, max-video-preview:-1\" \/>\n<link rel=\"canonical\" href=\"https:\/\/blogg.svenskakyrkan.se\/ekumenik\/2014\/01\/27\/intresserad-av-ekumenik\/\" \/>\n<meta property=\"og:locale\" content=\"sv_SE\" \/>\n<meta property=\"og:type\" content=\"article\" \/>\n<meta property=\"og:title\" content=\"Intresserad av ekumenik? - Ekumenikbloggen\" \/>\n<meta property=\"og:description\" content=\"\u00c4r du mellan 18 och 30 \u00e5r och intresserad av ekumenik? Att vara steward inneb\u00e4r att hj\u00e4lpa till med en m\u00e4ngd praktiska saker under Kyrkornas V\u00e4rldsr\u00e5ds centralkommitt\u00e9m\u00f6te, men det \u00e4r ocks\u00e5 en unik m\u00f6jlighet att f\u00e5 ta del av v\u00e4rldsekumeniken och f\u00e5 m\u00f6ta andra unga kristna fr\u00e5n hela v\u00e4rlden! L\u00e4s mer h\u00e4r, mest info finns [&hellip;]\" \/>\n<meta property=\"og:url\" content=\"https:\/\/blogg.svenskakyrkan.se\/ekumenik\/2014\/01\/27\/intresserad-av-ekumenik\/\" \/>\n<meta property=\"og:site_name\" content=\"Ekumenikbloggen\" \/>\n<meta property=\"article:published_time\" content=\"2014-01-27T16:52:33+00:00\" \/>\n<meta property=\"article:modified_time\" content=\"2014-01-27T16:52:47+00:00\" \/>\n<meta name=\"author\" content=\"Jenny Sj\u00f6green\" \/>\n<meta name=\"twitter:card\" content=\"summary_large_image\" \/>\n<meta name=\"twitter:label1\" content=\"Skriven av\" \/>\n\t<meta name=\"twitter:data1\" content=\"Jenny Sj\u00f6green\" \/>\n<script type=\"application\/ld+json\" class=\"yoast-schema-graph\">{\"@context\":\"https:\/\/schema.org\",\"@graph\":[{\"@type\":\"Article\",\"@id\":\"https:\/\/blogg.svenskakyrkan.se\/ekumenik\/2014\/01\/27\/intresserad-av-ekumenik\/#article\",\"isPartOf\":{\"@id\":\"https:\/\/blogg.svenskakyrkan.se\/ekumenik\/2014\/01\/27\/intresserad-av-ekumenik\/\"},\"author\":{\"name\":\"Jenny Sj\u00f6green\",\"@id\":\"https:\/\/blogg.svenskakyrkan.se\/ekumenik\/#\/schema\/person\/96db487035bb73d2648d484e987a5d68\"},\"headline\":\"Intresserad av ekumenik?\",\"datePublished\":\"2014-01-27T16:52:33+00:00\",\"dateModified\":\"2014-01-27T16:52:47+00:00\",\"mainEntityOfPage\":{\"@id\":\"https:\/\/blogg.svenskakyrkan.se\/ekumenik\/2014\/01\/27\/intresserad-av-ekumenik\/\"},\"wordCount\":98,\"commentCount\":0,\"inLanguage\":\"sv-SE\",\"potentialAction\":[{\"@type\":\"CommentAction\",\"name\":\"Comment\",\"target\":[\"https:\/\/blogg.svenskakyrkan.se\/ekumenik\/2014\/01\/27\/intresserad-av-ekumenik\/#respond\"]}]},{\"@type\":\"WebPage\",\"@id\":\"https:\/\/blogg.svenskakyrkan.se\/ekumenik\/2014\/01\/27\/intresserad-av-ekumenik\/\",\"url\":\"https:\/\/blogg.svenskakyrkan.se\/ekumenik\/2014\/01\/27\/intresserad-av-ekumenik\/\",\"name\":\"Intresserad av ekumenik? - Ekumenikbloggen\",\"isPartOf\":{\"@id\":\"https:\/\/blogg.svenskakyrkan.se\/ekumenik\/#website\"},\"datePublished\":\"2014-01-27T16:52:33+00:00\",\"dateModified\":\"2014-01-27T16:52:47+00:00\",\"author\":{\"@id\":\"https:\/\/blogg.svenskakyrkan.se\/ekumenik\/#\/schema\/person\/96db487035bb73d2648d484e987a5d68\"},\"breadcrumb\":{\"@id\":\"https:\/\/blogg.svenskakyrkan.se\/ekumenik\/2014\/01\/27\/intresserad-av-ekumenik\/#breadcrumb\"},\"inLanguage\":\"sv-SE\",\"potentialAction\":[{\"@type\":\"ReadAction\",\"target\":[\"https:\/\/blogg.svenskakyrkan.se\/ekumenik\/2014\/01\/27\/intresserad-av-ekumenik\/\"]}]},{\"@type\":\"BreadcrumbList\",\"@id\":\"https:\/\/blogg.svenskakyrkan.se\/ekumenik\/2014\/01\/27\/intresserad-av-ekumenik\/#breadcrumb\",\"itemListElement\":[{\"@type\":\"ListItem\",\"position\":1,\"name\":\"Hem\",\"item\":\"https:\/\/blogg.svenskakyrkan.se\/ekumenik\/\"},{\"@type\":\"ListItem\",\"position\":2,\"name\":\"Intresserad av ekumenik?\"}]},{\"@type\":\"WebSite\",\"@id\":\"https:\/\/blogg.svenskakyrkan.se\/ekumenik\/#website\",\"url\":\"https:\/\/blogg.svenskakyrkan.se\/ekumenik\/\",\"name\":\"Ekumenikbloggen\",\"description\":\"Svenska kyrkans blogg om ekumenik och interreligi\u00f6s samverkan\",\"potentialAction\":[{\"@type\":\"SearchAction\",\"target\":{\"@type\":\"EntryPoint\",\"urlTemplate\":\"https:\/\/blogg.svenskakyrkan.se\/ekumenik\/?s={search_term_string}\"},\"query-input\":{\"@type\":\"PropertyValueSpecification\",\"valueRequired\":true,\"valueName\":\"search_term_string\"}}],\"inLanguage\":\"sv-SE\"},{\"@type\":\"Person\",\"@id\":\"https:\/\/blogg.svenskakyrkan.se\/ekumenik\/#\/schema\/person\/96db487035bb73d2648d484e987a5d68\",\"name\":\"Jenny Sj\u00f6green\",\"image\":{\"@type\":\"ImageObject\",\"inLanguage\":\"sv-SE\",\"@id\":\"https:\/\/blogg.svenskakyrkan.se\/ekumenik\/#\/schema\/person\/image\/\",\"url\":\"https:\/\/secure.gravatar.com\/avatar\/7be688f8c33b393214e30bd919b1175794b873c0b8b86be60857b2eeecd1b5ae?s=96&d=mm&r=g\",\"contentUrl\":\"https:\/\/secure.gravatar.com\/avatar\/7be688f8c33b393214e30bd919b1175794b873c0b8b86be60857b2eeecd1b5ae?s=96&d=mm&r=g\",\"caption\":\"Jenny Sj\u00f6green\"},\"url\":\"https:\/\/blogg.svenskakyrkan.se\/ekumenik\/author\/ekumenik2\/\"}]}<\/script>\n<!-- \/ Yoast SEO plugin. -->","yoast_head_json":{"title":"Intresserad av ekumenik? - Ekumenikbloggen","robots":{"index":"index","follow":"follow","max-snippet":"max-snippet:-1","max-image-preview":"max-image-preview:large","max-video-preview":"max-video-preview:-1"},"canonical":"https:\/\/blogg.svenskakyrkan.se\/ekumenik\/2014\/01\/27\/intresserad-av-ekumenik\/","og_locale":"sv_SE","og_type":"article","og_title":"Intresserad av ekumenik? - Ekumenikbloggen","og_description":"\u00c4r du mellan 18 och 30 \u00e5r och intresserad av ekumenik? Att vara steward inneb\u00e4r att hj\u00e4lpa till med en m\u00e4ngd praktiska saker under Kyrkornas V\u00e4rldsr\u00e5ds centralkommitt\u00e9m\u00f6te, men det \u00e4r ocks\u00e5 en unik m\u00f6jlighet att f\u00e5 ta del av v\u00e4rldsekumeniken och f\u00e5 m\u00f6ta andra unga kristna fr\u00e5n hela v\u00e4rlden! L\u00e4s mer h\u00e4r, mest info finns [&hellip;]","og_url":"https:\/\/blogg.svenskakyrkan.se\/ekumenik\/2014\/01\/27\/intresserad-av-ekumenik\/","og_site_name":"Ekumenikbloggen","article_published_time":"2014-01-27T16:52:33+00:00","article_modified_time":"2014-01-27T16:52:47+00:00","author":"Jenny Sj\u00f6green","twitter_card":"summary_large_image","twitter_misc":{"Skriven av":"Jenny Sj\u00f6green"},"schema":{"@context":"https:\/\/schema.org","@graph":[{"@type":"Article","@id":"https:\/\/blogg.svenskakyrkan.se\/ekumenik\/2014\/01\/27\/intresserad-av-ekumenik\/#article","isPartOf":{"@id":"https:\/\/blogg.svenskakyrkan.se\/ekumenik\/2014\/01\/27\/intresserad-av-ekumenik\/"},"author":{"name":"Jenny Sj\u00f6green","@id":"https:\/\/blogg.svenskakyrkan.se\/ekumenik\/#\/schema\/person\/96db487035bb73d2648d484e987a5d68"},"headline":"Intresserad av ekumenik?","datePublished":"2014-01-27T16:52:33+00:00","dateModified":"2014-01-27T16:52:47+00:00","mainEntityOfPage":{"@id":"https:\/\/blogg.svenskakyrkan.se\/ekumenik\/2014\/01\/27\/intresserad-av-ekumenik\/"},"wordCount":98,"commentCount":0,"inLanguage":"sv-SE","potentialAction":[{"@type":"CommentAction","name":"Comment","target":["https:\/\/blogg.svenskakyrkan.se\/ekumenik\/2014\/01\/27\/intresserad-av-ekumenik\/#respond"]}]},{"@type":"WebPage","@id":"https:\/\/blogg.svenskakyrkan.se\/ekumenik\/2014\/01\/27\/intresserad-av-ekumenik\/","url":"https:\/\/blogg.svenskakyrkan.se\/ekumenik\/2014\/01\/27\/intresserad-av-ekumenik\/","name":"Intresserad av ekumenik? - Ekumenikbloggen","isPartOf":{"@id":"https:\/\/blogg.svenskakyrkan.se\/ekumenik\/#website"},"datePublished":"2014-01-27T16:52:33+00:00","dateModified":"2014-01-27T16:52:47+00:00","author":{"@id":"https:\/\/blogg.svenskakyrkan.se\/ekumenik\/#\/schema\/person\/96db487035bb73d2648d484e987a5d68"},"breadcrumb":{"@id":"https:\/\/blogg.svenskakyrkan.se\/ekumenik\/2014\/01\/27\/intresserad-av-ekumenik\/#breadcrumb"},"inLanguage":"sv-SE","potentialAction":[{"@type":"ReadAction","target":["https:\/\/blogg.svenskakyrkan.se\/ekumenik\/2014\/01\/27\/intresserad-av-ekumenik\/"]}]},{"@type":"BreadcrumbList","@id":"https:\/\/blogg.svenskakyrkan.se\/ekumenik\/2014\/01\/27\/intresserad-av-ekumenik\/#breadcrumb","itemListElement":[{"@type":"ListItem","position":1,"name":"Hem","item":"https:\/\/blogg.svenskakyrkan.se\/ekumenik\/"},{"@type":"ListItem","position":2,"name":"Intresserad av ekumenik?"}]},{"@type":"WebSite","@id":"https:\/\/blogg.svenskakyrkan.se\/ekumenik\/#website","url":"https:\/\/blogg.svenskakyrkan.se\/ekumenik\/","name":"Ekumenikbloggen","description":"Svenska kyrkans blogg om ekumenik och interreligi\u00f6s samverkan","potentialAction":[{"@type":"SearchAction","target":{"@type":"EntryPoint","urlTemplate":"https:\/\/blogg.svenskakyrkan.se\/ekumenik\/?s={search_term_string}"},"query-input":{"@type":"PropertyValueSpecification","valueRequired":true,"valueName":"search_term_string"}}],"inLanguage":"sv-SE"},{"@type":"Person","@id":"https:\/\/blogg.svenskakyrkan.se\/ekumenik\/#\/schema\/person\/96db487035bb73d2648d484e987a5d68","name":"Jenny Sj\u00f6green","image":{"@type":"ImageObject","inLanguage":"sv-SE","@id":"https:\/\/blogg.svenskakyrkan.se\/ekumenik\/#\/schema\/person\/image\/","url":"https:\/\/secure.gravatar.com\/avatar\/7be688f8c33b393214e30bd919b1175794b873c0b8b86be60857b2eeecd1b5ae?s=96&d=mm&r=g","contentUrl":"https:\/\/secure.gravatar.com\/avatar\/7be688f8c33b393214e30bd919b1175794b873c0b8b86be60857b2eeecd1b5ae?s=96&d=mm&r=g","caption":"Jenny Sj\u00f6green"},"url":"https:\/\/blogg.svenskakyrkan.se\/ekumenik\/author\/ekumenik2\/"}]}},"author_meta":{"ID":"252","user_nicename":"ekumenik2","user_registered":"2013-01-15 09:56:44","display_name":"Jenny Sj\u00f6green","first_name":"Jenny","last_name":"Sj\u00f6green","avatar":"https:\/\/secure.gravatar.com\/avatar\/7be688f8c33b393214e30bd919b1175794b873c0b8b86be60857b2eeecd1b5ae?s=96&d=mm&r=g"},"featured_image":false,"bloginfo":{"name":"Ekumenikbloggen","url":"https:\/\/blogg.svenskakyrkan.se\/ekumenik"},"_links":{"self":[{"href":"https:\/\/blogg.svenskakyrkan.se\/ekumenik\/wp-json\/wp\/v2\/posts\/476","targetHints":{"allow":["GET"]}}],"collection":[{"href":"https:\/\/blogg.svenskakyrkan.se\/ekumenik\/wp-json\/wp\/v2\/posts"}],"about":[{"href":"https:\/\/blogg.svenskakyrkan.se\/ekumenik\/wp-json\/wp\/v2\/types\/post"}],"author":[{"embeddable":true,"href":"https:\/\/blogg.svenskakyrkan.se\/ekumenik\/wp-json\/wp\/v2\/users\/252"}],"replies":[{"embeddable":true,"href":"https:\/\/blogg.svenskakyrkan.se\/ekumenik\/wp-json\/wp\/v2\/comments?post=476"}],"version-history":[{"count":3,"href":"https:\/\/blogg.svenskakyrkan.se\/ekumenik\/wp-json\/wp\/v2\/posts\/476\/revisions"}],"predecessor-version":[{"id":478,"href":"https:\/\/blogg.svenskakyrkan.se\/ekumenik\/wp-json\/wp\/v2\/posts\/476\/revisions\/478"}],"wp:attachment":[{"href":"https:\/\/blogg.svenskakyrkan.se\/ekumenik\/wp-json\/wp\/v2\/media?parent=476"}],"wp:term":[{"taxonomy":"category","embeddable":true,"href":"https:\/\/blogg.svenskakyrkan.se\/ekumenik\/wp-json\/wp\/v2\/categories?post=476"},{"taxonomy":"post_tag","embeddable":true,"href":"https:\/\/blogg.svenskakyrkan.se\/ekumenik\/wp-json\/wp\/v2\/tags?post=476"}],"curies":[{"name":"wp","href":"https:\/\/api.w.org\/{rel}","templated":true}]}}