{"id":483,"date":"2014-04-03T23:17:25","date_gmt":"2014-04-03T21:17:25","guid":{"rendered":"http:\/\/blogg.svenskakyrkan.se\/ekumenik\/?p=483"},"modified":"2014-04-03T23:17:25","modified_gmt":"2014-04-03T21:17:25","slug":"livet-bibeln-och-vi","status":"publish","type":"post","link":"https:\/\/blogg.svenskakyrkan.se\/ekumenik\/2014\/04\/03\/livet-bibeln-och-vi\/","title":{"rendered":"Livet, Bibeln och vi"},"content":{"rendered":"<p><em>Blogg fr\u00e5n Fredrik Lautmann, pr\u00e4st p\u00e5 ekumenikenheten med ansvar f\u00f6r kyrkorelationerna med Latinamerika och Asien<\/em><\/p>\n<p>Varf\u00f6r \u00e4r turismen till Norrland s\u00e5 stor? \u00c4r det n\u00e5got som knyter an till hj\u00e4rtat? Fr\u00e5gar Maria Soave fr\u00e5n den ekumeniska bibelorganisationen CEBI, n\u00e4r Roger internationell sekretare fr\u00e5n Lule\u00e5 stift, ber\u00e4ttar om Norrlands historia, f\u00f6r att ge en kontextuell bakgrund till v\u00e5r workshop kring framtida samarbete. Roger hade n\u00e4mnt att turismen i Norrland, oms\u00e4tter mer \u00e4n hela gruvn\u00e4ringen i omr\u00e5det tillsammans.<\/p>\n<p>Han f\u00e5r svaret: N\u00e4rheten till naturen! K\u00e4rleken till naturen i hj\u00e4rtat! Tillbaka till ursprunget! Kollegan Sven-Erik ber\u00e4ttar om, hur han och hans familj k\u00f6pte ett hus i inlandet, n\u00e4r man bodde i Zimbabwe f\u00f6r att ha en rot och det har varit viktigt f\u00f6r dem.<\/p>\n<p>Sj\u00e4lv minns jag fr\u00e5n helgen tv\u00e5 veckor tidigare, det proppfulla flyget till Kiruna, n\u00e4r jag med representanter f\u00f6r brasilianska urfolk, for f\u00f6r att m\u00f6ta samer i Sapmi och vi fick \u00e5ka tillbaka fr\u00e5n Lule\u00e5 f\u00f6r att Kirunaflyget var fullbokat.<\/p>\n<p>\u00c4nd\u00e5, s\u00e5 buntar vi ihop hela Norrland fr\u00e5n G\u00e4vle och norrut och l\u00e4gger en schablonbild f\u00f6r Norrland, som \u00e4nd\u00e5 \u00e4r den st\u00f6rsta delen av Sverige. Sven-Erik visar en bild p\u00e5 en bilkarta fr\u00e5n 1994, d\u00e4r Norrland krymps till h\u00e4lften f\u00f6r att f\u00e5 plats p\u00e5 kartan.<\/p>\n<p>Maria och kollegan Paulo Ueti, b\u00e5da kunniga teologer och mycket vana bibelstudieledare, som arbetat i hela v\u00e4rlden s\u00e4ger:\u201d Lyssnar jag till er ger det en resonans till den bibliska historien\u201d.<\/p>\n<p>\u201dBilden av en norrl\u00e4nning f\u00f6rminskas i Sverige\u201d. Sven-Erik replikerar snabbt: \u201dJag \u00e4r \u00e4nd\u00e5 stolt\u201d. Paulo forts\u00e4tter. \u201dDe stora profeterna i Gamla Testamentet kommer fr\u00e5n norra Israel, fr\u00e5n Galil\u00e9en\u201d.<\/p>\n<p>Maria kompletterar: \u201dDet \u00e4r n\u00e5got profetiskt \u00f6ver Norrland\u201d. Vi g\u00e5r vidare och samtalar om l\u00e4stadianismen, som r\u00e4ddat Norrland fr\u00e5n att supa ihj\u00e4l sig.\u00a0 Den r\u00f6relsen b\u00f6rjade med kvinnor, som l\u00e4ste sin bibel och kritiserade pr\u00e4sten, och v\u00e4xte till en folkr\u00f6relse. Reglerna eller normerna, som var n\u00f6dv\u00e4ndiga f\u00f6rr, kan nu upplevas f\u00f6rtryckande av andra. Hon reflekterar vidare:\u201d Kanske Norrland \u00e4r Svenska kyrkans barnmorska!\u201d<\/p>\n<p>Fr\u00e5n workshopen p\u00e5 stiftsg\u00e5rden i Skellefte\u00e5 och en fin gudstj\u00e4nst p\u00e5 midfastos\u00f6ndagen i \u00d6jebyns medeltida kyrka och samtal med den nypensionerade domprosten Peder, om hans insatser att \u00f6vervinna en machoistisk mansroll och finna nya v\u00e4gar, m\u00f6ttes vi p\u00e5 m\u00e5ndagen till samtal med f\u00f6retr\u00e4dare f\u00f6r olika stift p\u00e5 kyrkokansliet i Uppsala. Vi samtalar om CEBI:s erfarenhet fr\u00e5n 20.000 sm\u00e5grupper i Latinamerika, som sedan slutet av 1970-talet arbetat med \u00a0hur man knyter ihop det dagliga livet med bibel och oss sj\u00e4lva.<\/p>\n<p>Paulo som \u00e4r universitets professor i teologi och Maria, bibelstudiel\u00e4rare och utbildare av mission\u00e4rer, kommit varje \u00e5r sedan 2004-05. Nu \u00e4r det dags att g\u00e5 vidare och l\u00e5ta bes\u00f6ken f\u00f6rdjupas fr\u00e5n bibelmetodik till bibelmetodologi. Metodik \u00e4r en teknik bland andra. Metodologi \u00e4r en resa tillsammans d\u00e4rv i p\u00e5verkar varandra. V\u00e4xj\u00f6 stift har redan p\u00e5b\u00f6rjat den resan och representanterna Katharina och \u00c5sa delade med sig av sina erfarenheter, hur mycket mer detta har gett.<\/p>\n<p>Grunden f\u00f6r CEBI \u00e4r ber\u00e4ttelsen om l\u00e4rjungarna p\u00e5 v\u00e4g till Emmaus och hur Jesus m\u00f6ter upp fr\u00e5n Lukasevangeliet 24:e kapitlet<\/p>\n<p>Sedan arbetar man med<\/p>\n<ol>\n<li>\u00a0Ledar rollen i gruppen vars uppgift ar att fungera ungef\u00e4r som barnmorska.<\/li>\n<li>Relationen akademisk bibelkunskap och folklig bibell\u00e4sning<\/li>\n<li>Hur Bibeln \u00e4r uppbyggd och v\u00e5ga st\u00e4lla sv\u00e5ra fr\u00e5gor, som Hur ser vi p\u00e5 undren? Gud har makt? Eller \u00e4r det \u00a0n\u00e5d? Varf\u00f6r f\u00f6rlorar vi kvinnorna och bara ser p\u00e5 Jesus? Varf\u00f6r har vi s\u00e5 olika kyrkosyn i Korintierbrevet, Efesierbrevet och Timoteus breven. Vad \u00e4r verkligen fundamentalt?<\/li>\n<\/ol>\n<p>&nbsp;<\/p>\n<p>Paulo f\u00f6rklarar skillnaden mellan pedagog och mistagog.<\/p>\n<p>Pedagogen \u00e4r den som leder ett omoget barn till ett s\u00e4rskilt st\u00e4lle.<\/p>\n<p>Mistagog har liknande betydelse som katekist, den som ger eko \u00e5t Guds ord och hj\u00e4lper den kristna f\u00f6rsamlingen att bli k\u00e4r igen. Detsamma som att g\u00f6ra en resa tillsammans f\u00f6r att uppt\u00e4cka Livets sanning, Livet i Gud. Det g\u00f6r man b\u00e4st i skymningen eller i den m\u00f6rka natten, d\u00e5 vi fr\u00e5gar tillsammans och utbyter erfarenheter om <b>Livet, Bibeln och Vi<\/b>.<\/p>\n<p>Vi b\u00f6rjar samtalet i Uppsala med att skicka runt ett ljus och lyssna till varandra, vad vi heter, vem vi \u00e4r och uppmanas att t\u00e4nka p\u00e5 vad vi upplever att vi f\u00f6rlorat i Livet och ber\u00e4tta det.\u00a0 Sedan ber\u00e4ttar Maria stilla om Lukas 15 kapitel, om liknelserna om det f\u00f6rlorade f\u00e5ret, den f\u00f6rlorade pengen och den f\u00f6rlorade sonen. Hon ger oss nya perspektiv!\u00a0 Den kortaste ber\u00e4ttelsen i mitten p\u00e5 bara tv\u00e5 verser, om kvinnan som f\u00f6rlorat en av sin 10 penningar \u00e4r den mint uppm\u00e4rksammade, men som Bibeln \u00e4r uppbyggd viktigast i kapitlet och tolknings nyckel till de andra tv\u00e5. Vi skiljs \u00e5t i gl\u00e4dje \u00f6ver rikedomen att l\u00e4ra av varandra.<\/p>\n<p>&nbsp;<\/p>\n<p>&nbsp;<\/p>\n<p>&nbsp;<\/p>\n","protected":false},"excerpt":{"rendered":"<p>Blogg fr\u00e5n Fredrik Lautmann, pr\u00e4st p\u00e5 ekumenikenheten med ansvar f\u00f6r kyrkorelationerna med Latinamerika och Asien Varf\u00f6r \u00e4r turismen till Norrland s\u00e5 stor? \u00c4r det n\u00e5got som knyter an till hj\u00e4rtat? Fr\u00e5gar Maria Soave fr\u00e5n den ekumeniska bibelorganisationen CEBI, n\u00e4r Roger internationell sekretare fr\u00e5n Lule\u00e5 stift, ber\u00e4ttar om Norrlands historia, f\u00f6r att ge en kontextuell bakgrund [&hellip;]<\/p>\n","protected":false},"author":252,"featured_media":0,"comment_status":"open","ping_status":"open","sticky":false,"template":"","format":"standard","meta":{"_acf_changed":false,"footnotes":""},"categories":[45115],"tags":[],"class_list":["post-483","post","type-post","status-publish","format-standard","hentry","category-fredrik-lautmann"],"acf":[],"yoast_head":"<!-- This site is optimized with the Yoast SEO plugin v27.1.1 - https:\/\/yoast.com\/product\/yoast-seo-wordpress\/ -->\n<title>Livet, Bibeln och vi - Ekumenikbloggen<\/title>\n<meta name=\"robots\" content=\"index, follow, max-snippet:-1, max-image-preview:large, max-video-preview:-1\" \/>\n<link rel=\"canonical\" href=\"https:\/\/blogg.svenskakyrkan.se\/ekumenik\/2014\/04\/03\/livet-bibeln-och-vi\/\" \/>\n<meta property=\"og:locale\" content=\"sv_SE\" \/>\n<meta property=\"og:type\" content=\"article\" \/>\n<meta property=\"og:title\" content=\"Livet, Bibeln och vi - Ekumenikbloggen\" \/>\n<meta property=\"og:description\" content=\"Blogg fr\u00e5n Fredrik Lautmann, pr\u00e4st p\u00e5 ekumenikenheten med ansvar f\u00f6r kyrkorelationerna med Latinamerika och Asien Varf\u00f6r \u00e4r turismen till Norrland s\u00e5 stor? \u00c4r det n\u00e5got som knyter an till hj\u00e4rtat? Fr\u00e5gar Maria Soave fr\u00e5n den ekumeniska bibelorganisationen CEBI, n\u00e4r Roger internationell sekretare fr\u00e5n Lule\u00e5 stift, ber\u00e4ttar om Norrlands historia, f\u00f6r att ge en kontextuell bakgrund [&hellip;]\" \/>\n<meta property=\"og:url\" content=\"https:\/\/blogg.svenskakyrkan.se\/ekumenik\/2014\/04\/03\/livet-bibeln-och-vi\/\" \/>\n<meta property=\"og:site_name\" content=\"Ekumenikbloggen\" \/>\n<meta property=\"article:published_time\" content=\"2014-04-03T21:17:25+00:00\" \/>\n<meta name=\"author\" content=\"Jenny Sj\u00f6green\" \/>\n<meta name=\"twitter:card\" content=\"summary_large_image\" \/>\n<meta name=\"twitter:label1\" content=\"Skriven av\" \/>\n\t<meta name=\"twitter:data1\" content=\"Jenny Sj\u00f6green\" \/>\n\t<meta name=\"twitter:label2\" content=\"Ber\u00e4knad l\u00e4stid\" \/>\n\t<meta name=\"twitter:data2\" content=\"4 minuter\" \/>\n<script type=\"application\/ld+json\" class=\"yoast-schema-graph\">{\"@context\":\"https:\/\/schema.org\",\"@graph\":[{\"@type\":\"Article\",\"@id\":\"https:\/\/blogg.svenskakyrkan.se\/ekumenik\/2014\/04\/03\/livet-bibeln-och-vi\/#article\",\"isPartOf\":{\"@id\":\"https:\/\/blogg.svenskakyrkan.se\/ekumenik\/2014\/04\/03\/livet-bibeln-och-vi\/\"},\"author\":{\"name\":\"Jenny Sj\u00f6green\",\"@id\":\"https:\/\/blogg.svenskakyrkan.se\/ekumenik\/#\/schema\/person\/96db487035bb73d2648d484e987a5d68\"},\"headline\":\"Livet, Bibeln och vi\",\"datePublished\":\"2014-04-03T21:17:25+00:00\",\"mainEntityOfPage\":{\"@id\":\"https:\/\/blogg.svenskakyrkan.se\/ekumenik\/2014\/04\/03\/livet-bibeln-och-vi\/\"},\"wordCount\":896,\"commentCount\":0,\"articleSection\":[\"Fredrik Lautmann\"],\"inLanguage\":\"sv-SE\",\"potentialAction\":[{\"@type\":\"CommentAction\",\"name\":\"Comment\",\"target\":[\"https:\/\/blogg.svenskakyrkan.se\/ekumenik\/2014\/04\/03\/livet-bibeln-och-vi\/#respond\"]}]},{\"@type\":\"WebPage\",\"@id\":\"https:\/\/blogg.svenskakyrkan.se\/ekumenik\/2014\/04\/03\/livet-bibeln-och-vi\/\",\"url\":\"https:\/\/blogg.svenskakyrkan.se\/ekumenik\/2014\/04\/03\/livet-bibeln-och-vi\/\",\"name\":\"Livet, Bibeln och vi - Ekumenikbloggen\",\"isPartOf\":{\"@id\":\"https:\/\/blogg.svenskakyrkan.se\/ekumenik\/#website\"},\"datePublished\":\"2014-04-03T21:17:25+00:00\",\"author\":{\"@id\":\"https:\/\/blogg.svenskakyrkan.se\/ekumenik\/#\/schema\/person\/96db487035bb73d2648d484e987a5d68\"},\"breadcrumb\":{\"@id\":\"https:\/\/blogg.svenskakyrkan.se\/ekumenik\/2014\/04\/03\/livet-bibeln-och-vi\/#breadcrumb\"},\"inLanguage\":\"sv-SE\",\"potentialAction\":[{\"@type\":\"ReadAction\",\"target\":[\"https:\/\/blogg.svenskakyrkan.se\/ekumenik\/2014\/04\/03\/livet-bibeln-och-vi\/\"]}]},{\"@type\":\"BreadcrumbList\",\"@id\":\"https:\/\/blogg.svenskakyrkan.se\/ekumenik\/2014\/04\/03\/livet-bibeln-och-vi\/#breadcrumb\",\"itemListElement\":[{\"@type\":\"ListItem\",\"position\":1,\"name\":\"Hem\",\"item\":\"https:\/\/blogg.svenskakyrkan.se\/ekumenik\/\"},{\"@type\":\"ListItem\",\"position\":2,\"name\":\"Livet, Bibeln och vi\"}]},{\"@type\":\"WebSite\",\"@id\":\"https:\/\/blogg.svenskakyrkan.se\/ekumenik\/#website\",\"url\":\"https:\/\/blogg.svenskakyrkan.se\/ekumenik\/\",\"name\":\"Ekumenikbloggen\",\"description\":\"Svenska kyrkans blogg om ekumenik och interreligi\u00f6s samverkan\",\"potentialAction\":[{\"@type\":\"SearchAction\",\"target\":{\"@type\":\"EntryPoint\",\"urlTemplate\":\"https:\/\/blogg.svenskakyrkan.se\/ekumenik\/?s={search_term_string}\"},\"query-input\":{\"@type\":\"PropertyValueSpecification\",\"valueRequired\":true,\"valueName\":\"search_term_string\"}}],\"inLanguage\":\"sv-SE\"},{\"@type\":\"Person\",\"@id\":\"https:\/\/blogg.svenskakyrkan.se\/ekumenik\/#\/schema\/person\/96db487035bb73d2648d484e987a5d68\",\"name\":\"Jenny Sj\u00f6green\",\"image\":{\"@type\":\"ImageObject\",\"inLanguage\":\"sv-SE\",\"@id\":\"https:\/\/blogg.svenskakyrkan.se\/ekumenik\/#\/schema\/person\/image\/\",\"url\":\"https:\/\/secure.gravatar.com\/avatar\/7be688f8c33b393214e30bd919b1175794b873c0b8b86be60857b2eeecd1b5ae?s=96&d=mm&r=g\",\"contentUrl\":\"https:\/\/secure.gravatar.com\/avatar\/7be688f8c33b393214e30bd919b1175794b873c0b8b86be60857b2eeecd1b5ae?s=96&d=mm&r=g\",\"caption\":\"Jenny Sj\u00f6green\"},\"url\":\"https:\/\/blogg.svenskakyrkan.se\/ekumenik\/author\/ekumenik2\/\"}]}<\/script>\n<!-- \/ Yoast SEO plugin. -->","yoast_head_json":{"title":"Livet, Bibeln och vi - Ekumenikbloggen","robots":{"index":"index","follow":"follow","max-snippet":"max-snippet:-1","max-image-preview":"max-image-preview:large","max-video-preview":"max-video-preview:-1"},"canonical":"https:\/\/blogg.svenskakyrkan.se\/ekumenik\/2014\/04\/03\/livet-bibeln-och-vi\/","og_locale":"sv_SE","og_type":"article","og_title":"Livet, Bibeln och vi - Ekumenikbloggen","og_description":"Blogg fr\u00e5n Fredrik Lautmann, pr\u00e4st p\u00e5 ekumenikenheten med ansvar f\u00f6r kyrkorelationerna med Latinamerika och Asien Varf\u00f6r \u00e4r turismen till Norrland s\u00e5 stor? \u00c4r det n\u00e5got som knyter an till hj\u00e4rtat? Fr\u00e5gar Maria Soave fr\u00e5n den ekumeniska bibelorganisationen CEBI, n\u00e4r Roger internationell sekretare fr\u00e5n Lule\u00e5 stift, ber\u00e4ttar om Norrlands historia, f\u00f6r att ge en kontextuell bakgrund [&hellip;]","og_url":"https:\/\/blogg.svenskakyrkan.se\/ekumenik\/2014\/04\/03\/livet-bibeln-och-vi\/","og_site_name":"Ekumenikbloggen","article_published_time":"2014-04-03T21:17:25+00:00","author":"Jenny Sj\u00f6green","twitter_card":"summary_large_image","twitter_misc":{"Skriven av":"Jenny Sj\u00f6green","Ber\u00e4knad l\u00e4stid":"4 minuter"},"schema":{"@context":"https:\/\/schema.org","@graph":[{"@type":"Article","@id":"https:\/\/blogg.svenskakyrkan.se\/ekumenik\/2014\/04\/03\/livet-bibeln-och-vi\/#article","isPartOf":{"@id":"https:\/\/blogg.svenskakyrkan.se\/ekumenik\/2014\/04\/03\/livet-bibeln-och-vi\/"},"author":{"name":"Jenny Sj\u00f6green","@id":"https:\/\/blogg.svenskakyrkan.se\/ekumenik\/#\/schema\/person\/96db487035bb73d2648d484e987a5d68"},"headline":"Livet, Bibeln och vi","datePublished":"2014-04-03T21:17:25+00:00","mainEntityOfPage":{"@id":"https:\/\/blogg.svenskakyrkan.se\/ekumenik\/2014\/04\/03\/livet-bibeln-och-vi\/"},"wordCount":896,"commentCount":0,"articleSection":["Fredrik Lautmann"],"inLanguage":"sv-SE","potentialAction":[{"@type":"CommentAction","name":"Comment","target":["https:\/\/blogg.svenskakyrkan.se\/ekumenik\/2014\/04\/03\/livet-bibeln-och-vi\/#respond"]}]},{"@type":"WebPage","@id":"https:\/\/blogg.svenskakyrkan.se\/ekumenik\/2014\/04\/03\/livet-bibeln-och-vi\/","url":"https:\/\/blogg.svenskakyrkan.se\/ekumenik\/2014\/04\/03\/livet-bibeln-och-vi\/","name":"Livet, Bibeln och vi - Ekumenikbloggen","isPartOf":{"@id":"https:\/\/blogg.svenskakyrkan.se\/ekumenik\/#website"},"datePublished":"2014-04-03T21:17:25+00:00","author":{"@id":"https:\/\/blogg.svenskakyrkan.se\/ekumenik\/#\/schema\/person\/96db487035bb73d2648d484e987a5d68"},"breadcrumb":{"@id":"https:\/\/blogg.svenskakyrkan.se\/ekumenik\/2014\/04\/03\/livet-bibeln-och-vi\/#breadcrumb"},"inLanguage":"sv-SE","potentialAction":[{"@type":"ReadAction","target":["https:\/\/blogg.svenskakyrkan.se\/ekumenik\/2014\/04\/03\/livet-bibeln-och-vi\/"]}]},{"@type":"BreadcrumbList","@id":"https:\/\/blogg.svenskakyrkan.se\/ekumenik\/2014\/04\/03\/livet-bibeln-och-vi\/#breadcrumb","itemListElement":[{"@type":"ListItem","position":1,"name":"Hem","item":"https:\/\/blogg.svenskakyrkan.se\/ekumenik\/"},{"@type":"ListItem","position":2,"name":"Livet, Bibeln och vi"}]},{"@type":"WebSite","@id":"https:\/\/blogg.svenskakyrkan.se\/ekumenik\/#website","url":"https:\/\/blogg.svenskakyrkan.se\/ekumenik\/","name":"Ekumenikbloggen","description":"Svenska kyrkans blogg om ekumenik och interreligi\u00f6s samverkan","potentialAction":[{"@type":"SearchAction","target":{"@type":"EntryPoint","urlTemplate":"https:\/\/blogg.svenskakyrkan.se\/ekumenik\/?s={search_term_string}"},"query-input":{"@type":"PropertyValueSpecification","valueRequired":true,"valueName":"search_term_string"}}],"inLanguage":"sv-SE"},{"@type":"Person","@id":"https:\/\/blogg.svenskakyrkan.se\/ekumenik\/#\/schema\/person\/96db487035bb73d2648d484e987a5d68","name":"Jenny Sj\u00f6green","image":{"@type":"ImageObject","inLanguage":"sv-SE","@id":"https:\/\/blogg.svenskakyrkan.se\/ekumenik\/#\/schema\/person\/image\/","url":"https:\/\/secure.gravatar.com\/avatar\/7be688f8c33b393214e30bd919b1175794b873c0b8b86be60857b2eeecd1b5ae?s=96&d=mm&r=g","contentUrl":"https:\/\/secure.gravatar.com\/avatar\/7be688f8c33b393214e30bd919b1175794b873c0b8b86be60857b2eeecd1b5ae?s=96&d=mm&r=g","caption":"Jenny Sj\u00f6green"},"url":"https:\/\/blogg.svenskakyrkan.se\/ekumenik\/author\/ekumenik2\/"}]}},"author_meta":{"ID":"252","user_nicename":"ekumenik2","user_registered":"2013-01-15 09:56:44","display_name":"Jenny Sj\u00f6green","first_name":"Jenny","last_name":"Sj\u00f6green","avatar":"https:\/\/secure.gravatar.com\/avatar\/7be688f8c33b393214e30bd919b1175794b873c0b8b86be60857b2eeecd1b5ae?s=96&d=mm&r=g"},"featured_image":false,"bloginfo":{"name":"Ekumenikbloggen","url":"https:\/\/blogg.svenskakyrkan.se\/ekumenik"},"_links":{"self":[{"href":"https:\/\/blogg.svenskakyrkan.se\/ekumenik\/wp-json\/wp\/v2\/posts\/483","targetHints":{"allow":["GET"]}}],"collection":[{"href":"https:\/\/blogg.svenskakyrkan.se\/ekumenik\/wp-json\/wp\/v2\/posts"}],"about":[{"href":"https:\/\/blogg.svenskakyrkan.se\/ekumenik\/wp-json\/wp\/v2\/types\/post"}],"author":[{"embeddable":true,"href":"https:\/\/blogg.svenskakyrkan.se\/ekumenik\/wp-json\/wp\/v2\/users\/252"}],"replies":[{"embeddable":true,"href":"https:\/\/blogg.svenskakyrkan.se\/ekumenik\/wp-json\/wp\/v2\/comments?post=483"}],"version-history":[{"count":1,"href":"https:\/\/blogg.svenskakyrkan.se\/ekumenik\/wp-json\/wp\/v2\/posts\/483\/revisions"}],"predecessor-version":[{"id":484,"href":"https:\/\/blogg.svenskakyrkan.se\/ekumenik\/wp-json\/wp\/v2\/posts\/483\/revisions\/484"}],"wp:attachment":[{"href":"https:\/\/blogg.svenskakyrkan.se\/ekumenik\/wp-json\/wp\/v2\/media?parent=483"}],"wp:term":[{"taxonomy":"category","embeddable":true,"href":"https:\/\/blogg.svenskakyrkan.se\/ekumenik\/wp-json\/wp\/v2\/categories?post=483"},{"taxonomy":"post_tag","embeddable":true,"href":"https:\/\/blogg.svenskakyrkan.se\/ekumenik\/wp-json\/wp\/v2\/tags?post=483"}],"curies":[{"name":"wp","href":"https:\/\/api.w.org\/{rel}","templated":true}]}}