{"id":491,"date":"2014-06-12T18:38:42","date_gmt":"2014-06-12T16:38:42","guid":{"rendered":"http:\/\/blogg.svenskakyrkan.se\/ekumenik\/?p=491"},"modified":"2014-06-12T18:38:42","modified_gmt":"2014-06-12T16:38:42","slug":"lutherska-varldsforbundets-radsmote-indonesien-11-17-juni-2014","status":"publish","type":"post","link":"https:\/\/blogg.svenskakyrkan.se\/ekumenik\/2014\/06\/12\/lutherska-varldsforbundets-radsmote-indonesien-11-17-juni-2014\/","title":{"rendered":"Lutherska v\u00e4rldsf\u00f6rbundets r\u00e5dsm\u00f6te, Indonesien 11-17 juni 2014"},"content":{"rendered":"<p><span style=\"color: #000000;font-family: Calibri;font-size: medium\">N\u00e4r man tappat en hel natt blir tillvaron l\u00e4tt en smula \u201dskev\u201d\u2026.<\/span><\/p>\n<p><span style=\"color: #000000;font-family: Calibri;font-size: medium\">Efter 16 timmar p\u00e5 flyget landade vi i Medan, Indonesien. En stad p\u00e5 norra Sumatra med en befolkning p\u00e5 ca 3 miljoner. De 14 medlemskyrkorna i LVF i Indonesien v\u00e4lkomnade oss ca 100 kommitt\u00e9medlemmar och r\u00e5dgivare s\u00e5 gener\u00f6st och hj\u00e4rtligt som just indonesier g\u00f6r. Jag hade n\u00f6jet att vara i detta land f\u00f6r fyra \u00e5r sedan och upplevelsen av v\u00e4nlighet och v\u00e4rme d\u00e5 gjorde sig p\u00e5mind igen. Aprop\u00e5 v\u00e4rme; +38 grader, tropiskt \u00e5skv\u00e4der och luftfuktighet s\u00e5 h\u00f6g att \u00e5ngbastu \u00e4r en frisk fl\u00e4kt! Men de minuter man \u00e4r utomhus under dessa konferenser \u00e4r f\u00e5, s\u00e5 f\u00f6tterna \u00e4r ist\u00e4llet stelfrusna p\u00e5 grund av den effektiva luftkonditioneringen inomhus. <\/span><\/p>\n<p><span style=\"color: #000000;font-family: Calibri;font-size: medium\">Som brukligt \u00e4r p\u00e5 \u00e5rsm\u00f6ten inleds \u00e4ven detta med m\u00e5nga formaliabeslut;\u00a0 godk\u00e4nnande av f\u00f6reg\u00e5ende protokoll, val av valberedning, \u00e5rsredovisning fr\u00e5n 2013 etc. etc. N\u00e5got som dock skiljer sig fr\u00e5n andra \u00e5rsm\u00f6ten jag bevistat \u00e4r det inledande linjetal\/predikan\/omv\u00e4rldanalys som ordf\u00f6randen h\u00e5ller varje \u00e5r. Biskop Munib Younan , som leder den till antalet lilla \u2013 men s\u00e5 livaktiga och av central betydelse f\u00f6r oss alla\u00a0\u2013 kristna palestinska kyrkan h\u00f6ll ett brandtal\u00a0inf\u00f6r de\u00a0lutherska medlemskyrkorna. Biskop Munib lyfte bl a v\u00e4stv\u00e4rldens m\u00e5nga g\u00e5nger v\u00e4lmenande men inte alltid s\u00e5 l\u00e5ngsiktiga f\u00f6rsvar f\u00f6r f\u00f6rf\u00f6ljda kristna: &#8221;&#8230;we are respectful but critical of well-meaning people in the Western World who seek to protect Christians from their Muslim neighbors. &#8212; While we can appreciate\u00a0 that freedom of religion is not always respected , and that we should all be concerned by violence between Muslims and Christians, this approach is problematic because it separates Christians from their neighbors. Such an approach is short-sighted, setting up even more difficult problems in the future. We are fully participating members in our societies, not weak people needing outside protection&#8221;. Som en av de som m\u00e5ste leva med konsekvenserna av v\u00e5ra behov av att hj\u00e4lpa \u00e4r biskop Munib b\u00e5de trov\u00e4rdig och utmanande. Och njutbart provocerande&#8230;<\/span><\/p>\n<p>Biskopens skr\u00e4dde inte heller orden d\u00e5 han talade om det ansvar vi alla har f\u00f6r att stoppa den globala uppv\u00e4rmningen. Den livsstil som v\u00e4rldens ledande l\u00e4nder (l\u00e4s v\u00e4st) anammat och som andra l\u00e4nder f\u00f6ljer efter \u00e4r inte h\u00e5llbar, mullrar biskopen.\u00a0Jordens resurser r\u00e4cker inte till. Kortsiktiga, ekonomiska vinster g\u00e5r f\u00f6re l\u00e5ngsiktiga perspektiv. Det \u00e4r utmanande men inspirerande ord biskop Munib uttalar och han uppmanar alla kristna och andra av god vilja att s\u00e4tta press p\u00e5 sina parlament. Om inte FN:s klimatm\u00f6te i Paris 2015 n\u00e5r fram till en \u00f6verenskommelse ser det m\u00f6rkt ut f\u00f6r skapelsen&#8230; Jorden och allt vad den rymmer \u00e4r en g\u00e5va och ett l\u00e5n &#8211; fr\u00e5n Gud till oss m\u00e4nniskor att v\u00e5rda och v\u00e4rna. Jorden har ett egenv\u00e4rde i sig, den ska h\u00e5llas &#8221;helig&#8221;\u00a0om man s\u00e5 vill. Jorden och dess resurser kan inte s\u00e4ljas &#8211; den kan brukas och nyttjas men endast till en viss gr\u00e4ns. Vi har f\u00f6r l\u00e4nge sedan g\u00e5tt \u00f6ver den gr\u00e4nsen! Kyrkorna beh\u00f6ver en ekologiskt r\u00e4ttvisem\u00e4rkt\u00a0teologi, menar biskopen och utmanar oss att &#8221;st\u00e4lla om&#8221; v\u00e5r syn p\u00e5 m\u00e4nniskan, skapelsen, relationen, ansvaret. Sj\u00e4lv har jag fastnat i grubblerier inf\u00f6r &#8221;k\u00f6p tv\u00e5, betala f\u00f6r en&#8221;-mentaliteten&#8230; Jag beh\u00f6ver ju s\u00e5 s\u00e4llan tv\u00e5&#8230; Men n\u00e5got m\u00f6rkt i mig h\u00e4vdar att jag &#8221;tj\u00e4nar&#8221; p\u00e5 detta s\u00e4tt att t\u00e4nka. Hrmpf! Jordens resurser &#8221;tj\u00e4nar&#8221; definitivt inte p\u00e5 det! Nej, nu blir det inga mer\u00a0dubbla diskborstar, dubbla paket gelatinblad, dubbla\u00a0T-tr\u00f6jor f\u00f6r\u00a0min del. Av ren princip!<\/p>\n<p>L\u00e4s g\u00e4rna biskop Munibs rapport i sin helhet h\u00e4r: <a href=\"http:\/\/www.lutheranworld.org\/\/news\/tree-planted-streams-water\">http:\/\/www.lutheranworld.org\/\/news\/tree-planted-streams-water<\/a><\/p>\n<p>Klockan \u00e4r 23.15, men kroppens klocka \u00e4r bara 18.15&#8230; Det k\u00e4nns okej nu, men n\u00e4r frukosten serveras &#8211; vid 2-tiden i natt, svensk tid &#8211; d\u00e5 blir det en smula besv\u00e4rligt. N\u00e5ja&#8230;morgondagen har sp\u00e4nnande saker p\u00e5 dagordningen.<\/p>\n<p><span style=\"color: #000000;font-family: Calibri;font-size: medium\">\u00a0<\/span><\/p>\n<p>&nbsp;<\/p>\n","protected":false},"excerpt":{"rendered":"<p>N\u00e4r man tappat en hel natt blir tillvaron l\u00e4tt en smula \u201dskev\u201d\u2026. Efter 16 timmar p\u00e5 flyget landade vi i Medan, Indonesien. En stad p\u00e5 norra Sumatra med en befolkning p\u00e5 ca 3 miljoner. De 14 medlemskyrkorna i LVF i Indonesien v\u00e4lkomnade oss ca 100 kommitt\u00e9medlemmar och r\u00e5dgivare s\u00e5 gener\u00f6st och hj\u00e4rtligt som just indonesier [&hellip;]<\/p>\n","protected":false},"author":67,"featured_media":0,"comment_status":"open","ping_status":"open","sticky":false,"template":"","format":"standard","meta":{"_acf_changed":false,"footnotes":""},"categories":[45120],"tags":[],"class_list":["post-491","post","type-post","status-publish","format-standard","hentry","category-kristin-molander"],"acf":[],"yoast_head":"<!-- This site is optimized with the Yoast SEO plugin v27.1.1 - https:\/\/yoast.com\/product\/yoast-seo-wordpress\/ -->\n<title>Lutherska v\u00e4rldsf\u00f6rbundets r\u00e5dsm\u00f6te, Indonesien 11-17 juni 2014 - Ekumenikbloggen<\/title>\n<meta name=\"robots\" content=\"index, follow, max-snippet:-1, max-image-preview:large, max-video-preview:-1\" \/>\n<link rel=\"canonical\" href=\"https:\/\/blogg.svenskakyrkan.se\/ekumenik\/2014\/06\/12\/lutherska-varldsforbundets-radsmote-indonesien-11-17-juni-2014\/\" \/>\n<meta property=\"og:locale\" content=\"sv_SE\" \/>\n<meta property=\"og:type\" content=\"article\" \/>\n<meta property=\"og:title\" content=\"Lutherska v\u00e4rldsf\u00f6rbundets r\u00e5dsm\u00f6te, Indonesien 11-17 juni 2014 - Ekumenikbloggen\" \/>\n<meta property=\"og:description\" content=\"N\u00e4r man tappat en hel natt blir tillvaron l\u00e4tt en smula \u201dskev\u201d\u2026. Efter 16 timmar p\u00e5 flyget landade vi i Medan, Indonesien. En stad p\u00e5 norra Sumatra med en befolkning p\u00e5 ca 3 miljoner. De 14 medlemskyrkorna i LVF i Indonesien v\u00e4lkomnade oss ca 100 kommitt\u00e9medlemmar och r\u00e5dgivare s\u00e5 gener\u00f6st och hj\u00e4rtligt som just indonesier [&hellip;]\" \/>\n<meta property=\"og:url\" content=\"https:\/\/blogg.svenskakyrkan.se\/ekumenik\/2014\/06\/12\/lutherska-varldsforbundets-radsmote-indonesien-11-17-juni-2014\/\" \/>\n<meta property=\"og:site_name\" content=\"Ekumenikbloggen\" \/>\n<meta property=\"article:published_time\" content=\"2014-06-12T16:38:42+00:00\" \/>\n<meta name=\"author\" content=\"ekumenik\" \/>\n<meta name=\"twitter:card\" content=\"summary_large_image\" \/>\n<meta name=\"twitter:label1\" content=\"Skriven av\" \/>\n\t<meta name=\"twitter:data1\" content=\"ekumenik\" \/>\n\t<meta name=\"twitter:label2\" content=\"Ber\u00e4knad l\u00e4stid\" \/>\n\t<meta name=\"twitter:data2\" content=\"4 minuter\" \/>\n<script type=\"application\/ld+json\" class=\"yoast-schema-graph\">{\"@context\":\"https:\/\/schema.org\",\"@graph\":[{\"@type\":\"Article\",\"@id\":\"https:\/\/blogg.svenskakyrkan.se\/ekumenik\/2014\/06\/12\/lutherska-varldsforbundets-radsmote-indonesien-11-17-juni-2014\/#article\",\"isPartOf\":{\"@id\":\"https:\/\/blogg.svenskakyrkan.se\/ekumenik\/2014\/06\/12\/lutherska-varldsforbundets-radsmote-indonesien-11-17-juni-2014\/\"},\"author\":{\"name\":\"ekumenik\",\"@id\":\"https:\/\/blogg.svenskakyrkan.se\/ekumenik\/#\/schema\/person\/817704d50e6143f5fe55167e8e8f65de\"},\"headline\":\"Lutherska v\u00e4rldsf\u00f6rbundets r\u00e5dsm\u00f6te, Indonesien 11-17 juni 2014\",\"datePublished\":\"2014-06-12T16:38:42+00:00\",\"mainEntityOfPage\":{\"@id\":\"https:\/\/blogg.svenskakyrkan.se\/ekumenik\/2014\/06\/12\/lutherska-varldsforbundets-radsmote-indonesien-11-17-juni-2014\/\"},\"wordCount\":727,\"commentCount\":0,\"articleSection\":[\"Kristin Molander\"],\"inLanguage\":\"sv-SE\",\"potentialAction\":[{\"@type\":\"CommentAction\",\"name\":\"Comment\",\"target\":[\"https:\/\/blogg.svenskakyrkan.se\/ekumenik\/2014\/06\/12\/lutherska-varldsforbundets-radsmote-indonesien-11-17-juni-2014\/#respond\"]}]},{\"@type\":\"WebPage\",\"@id\":\"https:\/\/blogg.svenskakyrkan.se\/ekumenik\/2014\/06\/12\/lutherska-varldsforbundets-radsmote-indonesien-11-17-juni-2014\/\",\"url\":\"https:\/\/blogg.svenskakyrkan.se\/ekumenik\/2014\/06\/12\/lutherska-varldsforbundets-radsmote-indonesien-11-17-juni-2014\/\",\"name\":\"Lutherska v\u00e4rldsf\u00f6rbundets r\u00e5dsm\u00f6te, Indonesien 11-17 juni 2014 - Ekumenikbloggen\",\"isPartOf\":{\"@id\":\"https:\/\/blogg.svenskakyrkan.se\/ekumenik\/#website\"},\"datePublished\":\"2014-06-12T16:38:42+00:00\",\"author\":{\"@id\":\"https:\/\/blogg.svenskakyrkan.se\/ekumenik\/#\/schema\/person\/817704d50e6143f5fe55167e8e8f65de\"},\"breadcrumb\":{\"@id\":\"https:\/\/blogg.svenskakyrkan.se\/ekumenik\/2014\/06\/12\/lutherska-varldsforbundets-radsmote-indonesien-11-17-juni-2014\/#breadcrumb\"},\"inLanguage\":\"sv-SE\",\"potentialAction\":[{\"@type\":\"ReadAction\",\"target\":[\"https:\/\/blogg.svenskakyrkan.se\/ekumenik\/2014\/06\/12\/lutherska-varldsforbundets-radsmote-indonesien-11-17-juni-2014\/\"]}]},{\"@type\":\"BreadcrumbList\",\"@id\":\"https:\/\/blogg.svenskakyrkan.se\/ekumenik\/2014\/06\/12\/lutherska-varldsforbundets-radsmote-indonesien-11-17-juni-2014\/#breadcrumb\",\"itemListElement\":[{\"@type\":\"ListItem\",\"position\":1,\"name\":\"Hem\",\"item\":\"https:\/\/blogg.svenskakyrkan.se\/ekumenik\/\"},{\"@type\":\"ListItem\",\"position\":2,\"name\":\"Lutherska v\u00e4rldsf\u00f6rbundets r\u00e5dsm\u00f6te, Indonesien 11-17 juni 2014\"}]},{\"@type\":\"WebSite\",\"@id\":\"https:\/\/blogg.svenskakyrkan.se\/ekumenik\/#website\",\"url\":\"https:\/\/blogg.svenskakyrkan.se\/ekumenik\/\",\"name\":\"Ekumenikbloggen\",\"description\":\"Svenska kyrkans blogg om ekumenik och interreligi\u00f6s samverkan\",\"potentialAction\":[{\"@type\":\"SearchAction\",\"target\":{\"@type\":\"EntryPoint\",\"urlTemplate\":\"https:\/\/blogg.svenskakyrkan.se\/ekumenik\/?s={search_term_string}\"},\"query-input\":{\"@type\":\"PropertyValueSpecification\",\"valueRequired\":true,\"valueName\":\"search_term_string\"}}],\"inLanguage\":\"sv-SE\"},{\"@type\":\"Person\",\"@id\":\"https:\/\/blogg.svenskakyrkan.se\/ekumenik\/#\/schema\/person\/817704d50e6143f5fe55167e8e8f65de\",\"name\":\"ekumenik\",\"image\":{\"@type\":\"ImageObject\",\"inLanguage\":\"sv-SE\",\"@id\":\"https:\/\/blogg.svenskakyrkan.se\/ekumenik\/#\/schema\/person\/image\/\",\"url\":\"https:\/\/secure.gravatar.com\/avatar\/3f31adc01e10688ff020103b2f9bfe5c81b619fe6460f41870929903f56bdae7?s=96&d=mm&r=g\",\"contentUrl\":\"https:\/\/secure.gravatar.com\/avatar\/3f31adc01e10688ff020103b2f9bfe5c81b619fe6460f41870929903f56bdae7?s=96&d=mm&r=g\",\"caption\":\"ekumenik\"},\"url\":\"https:\/\/blogg.svenskakyrkan.se\/ekumenik\/author\/ekumenik\/\"}]}<\/script>\n<!-- \/ Yoast SEO plugin. -->","yoast_head_json":{"title":"Lutherska v\u00e4rldsf\u00f6rbundets r\u00e5dsm\u00f6te, Indonesien 11-17 juni 2014 - Ekumenikbloggen","robots":{"index":"index","follow":"follow","max-snippet":"max-snippet:-1","max-image-preview":"max-image-preview:large","max-video-preview":"max-video-preview:-1"},"canonical":"https:\/\/blogg.svenskakyrkan.se\/ekumenik\/2014\/06\/12\/lutherska-varldsforbundets-radsmote-indonesien-11-17-juni-2014\/","og_locale":"sv_SE","og_type":"article","og_title":"Lutherska v\u00e4rldsf\u00f6rbundets r\u00e5dsm\u00f6te, Indonesien 11-17 juni 2014 - Ekumenikbloggen","og_description":"N\u00e4r man tappat en hel natt blir tillvaron l\u00e4tt en smula \u201dskev\u201d\u2026. Efter 16 timmar p\u00e5 flyget landade vi i Medan, Indonesien. En stad p\u00e5 norra Sumatra med en befolkning p\u00e5 ca 3 miljoner. De 14 medlemskyrkorna i LVF i Indonesien v\u00e4lkomnade oss ca 100 kommitt\u00e9medlemmar och r\u00e5dgivare s\u00e5 gener\u00f6st och hj\u00e4rtligt som just indonesier [&hellip;]","og_url":"https:\/\/blogg.svenskakyrkan.se\/ekumenik\/2014\/06\/12\/lutherska-varldsforbundets-radsmote-indonesien-11-17-juni-2014\/","og_site_name":"Ekumenikbloggen","article_published_time":"2014-06-12T16:38:42+00:00","author":"ekumenik","twitter_card":"summary_large_image","twitter_misc":{"Skriven av":"ekumenik","Ber\u00e4knad l\u00e4stid":"4 minuter"},"schema":{"@context":"https:\/\/schema.org","@graph":[{"@type":"Article","@id":"https:\/\/blogg.svenskakyrkan.se\/ekumenik\/2014\/06\/12\/lutherska-varldsforbundets-radsmote-indonesien-11-17-juni-2014\/#article","isPartOf":{"@id":"https:\/\/blogg.svenskakyrkan.se\/ekumenik\/2014\/06\/12\/lutherska-varldsforbundets-radsmote-indonesien-11-17-juni-2014\/"},"author":{"name":"ekumenik","@id":"https:\/\/blogg.svenskakyrkan.se\/ekumenik\/#\/schema\/person\/817704d50e6143f5fe55167e8e8f65de"},"headline":"Lutherska v\u00e4rldsf\u00f6rbundets r\u00e5dsm\u00f6te, Indonesien 11-17 juni 2014","datePublished":"2014-06-12T16:38:42+00:00","mainEntityOfPage":{"@id":"https:\/\/blogg.svenskakyrkan.se\/ekumenik\/2014\/06\/12\/lutherska-varldsforbundets-radsmote-indonesien-11-17-juni-2014\/"},"wordCount":727,"commentCount":0,"articleSection":["Kristin Molander"],"inLanguage":"sv-SE","potentialAction":[{"@type":"CommentAction","name":"Comment","target":["https:\/\/blogg.svenskakyrkan.se\/ekumenik\/2014\/06\/12\/lutherska-varldsforbundets-radsmote-indonesien-11-17-juni-2014\/#respond"]}]},{"@type":"WebPage","@id":"https:\/\/blogg.svenskakyrkan.se\/ekumenik\/2014\/06\/12\/lutherska-varldsforbundets-radsmote-indonesien-11-17-juni-2014\/","url":"https:\/\/blogg.svenskakyrkan.se\/ekumenik\/2014\/06\/12\/lutherska-varldsforbundets-radsmote-indonesien-11-17-juni-2014\/","name":"Lutherska v\u00e4rldsf\u00f6rbundets r\u00e5dsm\u00f6te, Indonesien 11-17 juni 2014 - Ekumenikbloggen","isPartOf":{"@id":"https:\/\/blogg.svenskakyrkan.se\/ekumenik\/#website"},"datePublished":"2014-06-12T16:38:42+00:00","author":{"@id":"https:\/\/blogg.svenskakyrkan.se\/ekumenik\/#\/schema\/person\/817704d50e6143f5fe55167e8e8f65de"},"breadcrumb":{"@id":"https:\/\/blogg.svenskakyrkan.se\/ekumenik\/2014\/06\/12\/lutherska-varldsforbundets-radsmote-indonesien-11-17-juni-2014\/#breadcrumb"},"inLanguage":"sv-SE","potentialAction":[{"@type":"ReadAction","target":["https:\/\/blogg.svenskakyrkan.se\/ekumenik\/2014\/06\/12\/lutherska-varldsforbundets-radsmote-indonesien-11-17-juni-2014\/"]}]},{"@type":"BreadcrumbList","@id":"https:\/\/blogg.svenskakyrkan.se\/ekumenik\/2014\/06\/12\/lutherska-varldsforbundets-radsmote-indonesien-11-17-juni-2014\/#breadcrumb","itemListElement":[{"@type":"ListItem","position":1,"name":"Hem","item":"https:\/\/blogg.svenskakyrkan.se\/ekumenik\/"},{"@type":"ListItem","position":2,"name":"Lutherska v\u00e4rldsf\u00f6rbundets r\u00e5dsm\u00f6te, Indonesien 11-17 juni 2014"}]},{"@type":"WebSite","@id":"https:\/\/blogg.svenskakyrkan.se\/ekumenik\/#website","url":"https:\/\/blogg.svenskakyrkan.se\/ekumenik\/","name":"Ekumenikbloggen","description":"Svenska kyrkans blogg om ekumenik och interreligi\u00f6s samverkan","potentialAction":[{"@type":"SearchAction","target":{"@type":"EntryPoint","urlTemplate":"https:\/\/blogg.svenskakyrkan.se\/ekumenik\/?s={search_term_string}"},"query-input":{"@type":"PropertyValueSpecification","valueRequired":true,"valueName":"search_term_string"}}],"inLanguage":"sv-SE"},{"@type":"Person","@id":"https:\/\/blogg.svenskakyrkan.se\/ekumenik\/#\/schema\/person\/817704d50e6143f5fe55167e8e8f65de","name":"ekumenik","image":{"@type":"ImageObject","inLanguage":"sv-SE","@id":"https:\/\/blogg.svenskakyrkan.se\/ekumenik\/#\/schema\/person\/image\/","url":"https:\/\/secure.gravatar.com\/avatar\/3f31adc01e10688ff020103b2f9bfe5c81b619fe6460f41870929903f56bdae7?s=96&d=mm&r=g","contentUrl":"https:\/\/secure.gravatar.com\/avatar\/3f31adc01e10688ff020103b2f9bfe5c81b619fe6460f41870929903f56bdae7?s=96&d=mm&r=g","caption":"ekumenik"},"url":"https:\/\/blogg.svenskakyrkan.se\/ekumenik\/author\/ekumenik\/"}]}},"author_meta":{"ID":"67","user_nicename":"ekumenik","user_registered":"2011-05-12 11:53:22","display_name":"ekumenik","first_name":"Ekumenikenheten","last_name":".","avatar":"https:\/\/secure.gravatar.com\/avatar\/3f31adc01e10688ff020103b2f9bfe5c81b619fe6460f41870929903f56bdae7?s=96&d=mm&r=g"},"featured_image":false,"bloginfo":{"name":"Ekumenikbloggen","url":"https:\/\/blogg.svenskakyrkan.se\/ekumenik"},"_links":{"self":[{"href":"https:\/\/blogg.svenskakyrkan.se\/ekumenik\/wp-json\/wp\/v2\/posts\/491","targetHints":{"allow":["GET"]}}],"collection":[{"href":"https:\/\/blogg.svenskakyrkan.se\/ekumenik\/wp-json\/wp\/v2\/posts"}],"about":[{"href":"https:\/\/blogg.svenskakyrkan.se\/ekumenik\/wp-json\/wp\/v2\/types\/post"}],"author":[{"embeddable":true,"href":"https:\/\/blogg.svenskakyrkan.se\/ekumenik\/wp-json\/wp\/v2\/users\/67"}],"replies":[{"embeddable":true,"href":"https:\/\/blogg.svenskakyrkan.se\/ekumenik\/wp-json\/wp\/v2\/comments?post=491"}],"version-history":[{"count":4,"href":"https:\/\/blogg.svenskakyrkan.se\/ekumenik\/wp-json\/wp\/v2\/posts\/491\/revisions"}],"predecessor-version":[{"id":495,"href":"https:\/\/blogg.svenskakyrkan.se\/ekumenik\/wp-json\/wp\/v2\/posts\/491\/revisions\/495"}],"wp:attachment":[{"href":"https:\/\/blogg.svenskakyrkan.se\/ekumenik\/wp-json\/wp\/v2\/media?parent=491"}],"wp:term":[{"taxonomy":"category","embeddable":true,"href":"https:\/\/blogg.svenskakyrkan.se\/ekumenik\/wp-json\/wp\/v2\/categories?post=491"},{"taxonomy":"post_tag","embeddable":true,"href":"https:\/\/blogg.svenskakyrkan.se\/ekumenik\/wp-json\/wp\/v2\/tags?post=491"}],"curies":[{"name":"wp","href":"https:\/\/api.w.org\/{rel}","templated":true}]}}