{"id":522,"date":"2014-07-05T15:37:19","date_gmt":"2014-07-05T13:37:19","guid":{"rendered":"http:\/\/blogg.svenskakyrkan.se\/ekumenik\/?p=522"},"modified":"2014-07-05T15:37:19","modified_gmt":"2014-07-05T13:37:19","slug":"lordag-med-kyrkornas-varldsrad-i-geneve","status":"publish","type":"post","link":"https:\/\/blogg.svenskakyrkan.se\/ekumenik\/2014\/07\/05\/lordag-med-kyrkornas-varldsrad-i-geneve\/","title":{"rendered":"L\u00f6rdag med Kyrkornas v\u00e4rldsr\u00e5d i Geneve"},"content":{"rendered":"<p><a href=\"http:\/\/blogg.svenskakyrkan.se\/ekumenik\/files\/2014\/07\/bild6.jpg\"><img loading=\"lazy\" decoding=\"async\" class=\"size-medium wp-image-526 aligncenter\" alt=\"bild6\" src=\"http:\/\/blogg.svenskakyrkan.se\/ekumenik\/files\/2014\/07\/bild6-300x300.jpg\" width=\"300\" height=\"300\" srcset=\"https:\/\/blogg.svenskakyrkan.se\/ekumenik\/files\/2014\/07\/bild6-300x300.jpg 300w, https:\/\/blogg.svenskakyrkan.se\/ekumenik\/files\/2014\/07\/bild6-150x150.jpg 150w, https:\/\/blogg.svenskakyrkan.se\/ekumenik\/files\/2014\/07\/bild6.jpg 403w\" sizes=\"auto, (max-width: 300px) 100vw, 300px\" \/><\/a>L\u00f6rdag den 5 juli. Mailen fr\u00e5n Sverige \u00e4r i princip obefintliga i min mailbox&#8230;av \u00e5rstidsm\u00e4ssiga sk\u00e4l&#8230;\u00a0Men vid KV:s centralkommitt\u00e9m\u00f6te i Geneve lyser flitens lampa. Dagen inleddes med &#8211; efter morgonb\u00f6n och bibelstudium &#8211; ett utmanande och sp\u00e4nnande pass om &#8221;Economy for Life&#8221;. Inom KV har fr\u00e5gan om bristerna i det nuvarande ekonomiska systemet (l\u00e4s marknadsekonomi) varit levande l\u00e4nge. Vokabul\u00e4ren och retoriken som anv\u00e4nts har varit en smula sv\u00e5rsm\u00e4lt f\u00f6r de delar av v\u00e4rlden d\u00e4r marknadsekonomin har sitt ursprung (och d\u00e4r de som tj\u00e4nat p\u00e5 den mest lever). Ju fler samtal jag sitter i, ju fler ber\u00e4ttelser jag f\u00e5r h\u00f6ra fr\u00e5n andra delar av v\u00e4rlden, ju fler sakkunniga i makroekonomi som levererar kritik mot den r\u00e5dande ordningen &#8211; desto mer r\u00f6r jag p\u00e5 mig vad g\u00e4ller denna fr\u00e5ga. Att den \u00e4r intimt f\u00f6rknippad med ekologi, med m\u00e4nskliga r\u00e4ttigheter, med skapelsens okr\u00e4nkbara v\u00e4rde, \u00e4r uppenbart. Som kristen kan jag inte blunda f\u00f6r att allt h\u00e4nger ihop &#8211; Gud, skapelsen, m\u00e4nskligheten &#8211; Guds plan \u00e4r &#8221;ett enda br\u00f6d, en enda m\u00e4nsklighet&#8221; &#8211; Missio Dei.\u00a0Det finns bara &#8221;vi&#8221;, Ubuntu &#8211;\u00a0I am because you are, lider en del av kroppen lider hela kroppen. Jag kan inte grunda mina st\u00e4llningstaganden endast p\u00e5 vad som \u00e4r b\u00e4st f\u00f6r mig (eller mitt f\u00f6retag, mitt land, min stad) just nu och det kommande kvartalet. Mitt liv handlar inte om mig och mitt. det handlar om oss och v\u00e5rt. I am because you are. Vad \u00e4r m\u00e5let f\u00f6r\u00a0v\u00e5rt gemensamma liv h\u00e4r p\u00e5 jorden, de f\u00e5 \u00e5r vi f\u00e5r leva och p\u00e5verka?\u00a0Hur ska v\u00e5rt samh\u00e4lle se ut f\u00f6r att kunna ge hela m\u00e4nskligheten ett dr\u00e4gligt &#8211; ja, g\u00e4rna mer \u00e4n s\u00e5 &#8211; liv? Hur kommer vi dit h\u00e4n?<\/p>\n<p>KV och andra kristna internationella organisationer har tagit fram ett dokument om denna &#8221;Economy of Life&#8221;. Spr\u00e5ket \u00e4r ganska fr\u00e4mmande f\u00f6r en svensk, \u00e4n mer f\u00f6r en sekul\u00e4r svensk &#8211; men om man andas djupt\u00a0och tar sig bakom formuleringarna s\u00e5 framtr\u00e4der en tanke, en vision, sprungen ur erfarenhet av fattigdom, fastl\u00e5sthet, ofrihet, hunger, krig. N\u00e5got som vi som levt\u00a0i Sverige l\u00e4nge\u00a0knappast kan f\u00f6rst\u00e5. Dokumentet finns att l\u00e4sa h\u00e4r: <a href=\"http:\/\/www.oikoumene.org\/en\/resources\/documents\/wcc-programmes\/public-witness-addressing-power-affirming-peace\/poverty-wealth-and-ecology\/finance-speculation-debt\/sao-paulo-statement-international-financial-transformation-for-the-economy-of-life\">http:\/\/www.oikoumene.org\/en\/resources\/documents\/wcc-programmes\/public-witness-addressing-power-affirming-peace\/poverty-wealth-and-ecology\/finance-speculation-debt\/sao-paulo-statement-international-financial-transformation-for-the-economy-of-life<\/a><\/p>\n<p>Eftermiddagen kommer att handla om situationen i Eritrea, i Latinamerika, i Ukraina, i Korea, i Nigeria, i Irak, i Syrien&#8230; Det \u00e4r Guds vilja och m\u00e4nsklighetens r\u00e4ttighet att hon\u00a0f\u00e5r leva i fred. L\u00e5t oss befria stenarna fr\u00e5n uppdraget att ropa. S\u00e5 h\u00e4r kan vi inte ha det!!!<\/p>\n<p>&nbsp;<\/p>\n<p>&nbsp;<\/p>\n<p>&nbsp;<\/p>\n<p>&nbsp;<\/p>\n<p>&nbsp;<\/p>\n<p>&nbsp;<\/p>\n","protected":false},"excerpt":{"rendered":"<p>L\u00f6rdag den 5 juli. Mailen fr\u00e5n Sverige \u00e4r i princip obefintliga i min mailbox&#8230;av \u00e5rstidsm\u00e4ssiga sk\u00e4l&#8230;\u00a0Men vid KV:s centralkommitt\u00e9m\u00f6te i Geneve lyser flitens lampa. Dagen inleddes med &#8211; efter morgonb\u00f6n och bibelstudium &#8211; ett utmanande och sp\u00e4nnande pass om &#8221;Economy for Life&#8221;. Inom KV har fr\u00e5gan om bristerna i det nuvarande ekonomiska systemet (l\u00e4s marknadsekonomi) [&hellip;]<\/p>\n","protected":false},"author":67,"featured_media":0,"comment_status":"open","ping_status":"open","sticky":false,"template":"","format":"standard","meta":{"_acf_changed":false,"footnotes":""},"categories":[9],"tags":[],"class_list":["post-522","post","type-post","status-publish","format-standard","hentry","category-okategoriserade"],"acf":[],"yoast_head":"<!-- This site is optimized with the Yoast SEO plugin v27.1.1 - https:\/\/yoast.com\/product\/yoast-seo-wordpress\/ -->\n<title>L\u00f6rdag med Kyrkornas v\u00e4rldsr\u00e5d i Geneve - Ekumenikbloggen<\/title>\n<meta name=\"robots\" content=\"index, follow, max-snippet:-1, max-image-preview:large, max-video-preview:-1\" \/>\n<link rel=\"canonical\" href=\"https:\/\/blogg.svenskakyrkan.se\/ekumenik\/2014\/07\/05\/lordag-med-kyrkornas-varldsrad-i-geneve\/\" \/>\n<meta property=\"og:locale\" content=\"sv_SE\" \/>\n<meta property=\"og:type\" content=\"article\" \/>\n<meta property=\"og:title\" content=\"L\u00f6rdag med Kyrkornas v\u00e4rldsr\u00e5d i Geneve - Ekumenikbloggen\" \/>\n<meta property=\"og:description\" content=\"L\u00f6rdag den 5 juli. Mailen fr\u00e5n Sverige \u00e4r i princip obefintliga i min mailbox&#8230;av \u00e5rstidsm\u00e4ssiga sk\u00e4l&#8230;\u00a0Men vid KV:s centralkommitt\u00e9m\u00f6te i Geneve lyser flitens lampa. Dagen inleddes med &#8211; efter morgonb\u00f6n och bibelstudium &#8211; ett utmanande och sp\u00e4nnande pass om &#8221;Economy for Life&#8221;. Inom KV har fr\u00e5gan om bristerna i det nuvarande ekonomiska systemet (l\u00e4s marknadsekonomi) [&hellip;]\" \/>\n<meta property=\"og:url\" content=\"https:\/\/blogg.svenskakyrkan.se\/ekumenik\/2014\/07\/05\/lordag-med-kyrkornas-varldsrad-i-geneve\/\" \/>\n<meta property=\"og:site_name\" content=\"Ekumenikbloggen\" \/>\n<meta property=\"article:published_time\" content=\"2014-07-05T13:37:19+00:00\" \/>\n<meta property=\"og:image\" content=\"http:\/\/blogg.svenskakyrkan.se\/ekumenik\/files\/2014\/07\/bild6-300x300.jpg\" \/>\n<meta name=\"author\" content=\"ekumenik\" \/>\n<meta name=\"twitter:card\" content=\"summary_large_image\" \/>\n<meta name=\"twitter:label1\" content=\"Skriven av\" \/>\n\t<meta name=\"twitter:data1\" content=\"ekumenik\" \/>\n\t<meta name=\"twitter:label2\" content=\"Ber\u00e4knad l\u00e4stid\" \/>\n\t<meta name=\"twitter:data2\" content=\"2 minuter\" \/>\n<script type=\"application\/ld+json\" class=\"yoast-schema-graph\">{\"@context\":\"https:\/\/schema.org\",\"@graph\":[{\"@type\":\"Article\",\"@id\":\"https:\/\/blogg.svenskakyrkan.se\/ekumenik\/2014\/07\/05\/lordag-med-kyrkornas-varldsrad-i-geneve\/#article\",\"isPartOf\":{\"@id\":\"https:\/\/blogg.svenskakyrkan.se\/ekumenik\/2014\/07\/05\/lordag-med-kyrkornas-varldsrad-i-geneve\/\"},\"author\":{\"name\":\"ekumenik\",\"@id\":\"https:\/\/blogg.svenskakyrkan.se\/ekumenik\/#\/schema\/person\/817704d50e6143f5fe55167e8e8f65de\"},\"headline\":\"L\u00f6rdag med Kyrkornas v\u00e4rldsr\u00e5d i Geneve\",\"datePublished\":\"2014-07-05T13:37:19+00:00\",\"mainEntityOfPage\":{\"@id\":\"https:\/\/blogg.svenskakyrkan.se\/ekumenik\/2014\/07\/05\/lordag-med-kyrkornas-varldsrad-i-geneve\/\"},\"wordCount\":504,\"commentCount\":0,\"image\":{\"@id\":\"https:\/\/blogg.svenskakyrkan.se\/ekumenik\/2014\/07\/05\/lordag-med-kyrkornas-varldsrad-i-geneve\/#primaryimage\"},\"thumbnailUrl\":\"http:\/\/blogg.svenskakyrkan.se\/ekumenik\/files\/2014\/07\/bild6-300x300.jpg\",\"inLanguage\":\"sv-SE\",\"potentialAction\":[{\"@type\":\"CommentAction\",\"name\":\"Comment\",\"target\":[\"https:\/\/blogg.svenskakyrkan.se\/ekumenik\/2014\/07\/05\/lordag-med-kyrkornas-varldsrad-i-geneve\/#respond\"]}]},{\"@type\":\"WebPage\",\"@id\":\"https:\/\/blogg.svenskakyrkan.se\/ekumenik\/2014\/07\/05\/lordag-med-kyrkornas-varldsrad-i-geneve\/\",\"url\":\"https:\/\/blogg.svenskakyrkan.se\/ekumenik\/2014\/07\/05\/lordag-med-kyrkornas-varldsrad-i-geneve\/\",\"name\":\"L\u00f6rdag med Kyrkornas v\u00e4rldsr\u00e5d i Geneve - Ekumenikbloggen\",\"isPartOf\":{\"@id\":\"https:\/\/blogg.svenskakyrkan.se\/ekumenik\/#website\"},\"primaryImageOfPage\":{\"@id\":\"https:\/\/blogg.svenskakyrkan.se\/ekumenik\/2014\/07\/05\/lordag-med-kyrkornas-varldsrad-i-geneve\/#primaryimage\"},\"image\":{\"@id\":\"https:\/\/blogg.svenskakyrkan.se\/ekumenik\/2014\/07\/05\/lordag-med-kyrkornas-varldsrad-i-geneve\/#primaryimage\"},\"thumbnailUrl\":\"http:\/\/blogg.svenskakyrkan.se\/ekumenik\/files\/2014\/07\/bild6-300x300.jpg\",\"datePublished\":\"2014-07-05T13:37:19+00:00\",\"author\":{\"@id\":\"https:\/\/blogg.svenskakyrkan.se\/ekumenik\/#\/schema\/person\/817704d50e6143f5fe55167e8e8f65de\"},\"breadcrumb\":{\"@id\":\"https:\/\/blogg.svenskakyrkan.se\/ekumenik\/2014\/07\/05\/lordag-med-kyrkornas-varldsrad-i-geneve\/#breadcrumb\"},\"inLanguage\":\"sv-SE\",\"potentialAction\":[{\"@type\":\"ReadAction\",\"target\":[\"https:\/\/blogg.svenskakyrkan.se\/ekumenik\/2014\/07\/05\/lordag-med-kyrkornas-varldsrad-i-geneve\/\"]}]},{\"@type\":\"ImageObject\",\"inLanguage\":\"sv-SE\",\"@id\":\"https:\/\/blogg.svenskakyrkan.se\/ekumenik\/2014\/07\/05\/lordag-med-kyrkornas-varldsrad-i-geneve\/#primaryimage\",\"url\":\"http:\/\/blogg.svenskakyrkan.se\/ekumenik\/files\/2014\/07\/bild6-300x300.jpg\",\"contentUrl\":\"http:\/\/blogg.svenskakyrkan.se\/ekumenik\/files\/2014\/07\/bild6-300x300.jpg\"},{\"@type\":\"BreadcrumbList\",\"@id\":\"https:\/\/blogg.svenskakyrkan.se\/ekumenik\/2014\/07\/05\/lordag-med-kyrkornas-varldsrad-i-geneve\/#breadcrumb\",\"itemListElement\":[{\"@type\":\"ListItem\",\"position\":1,\"name\":\"Hem\",\"item\":\"https:\/\/blogg.svenskakyrkan.se\/ekumenik\/\"},{\"@type\":\"ListItem\",\"position\":2,\"name\":\"L\u00f6rdag med Kyrkornas v\u00e4rldsr\u00e5d i Geneve\"}]},{\"@type\":\"WebSite\",\"@id\":\"https:\/\/blogg.svenskakyrkan.se\/ekumenik\/#website\",\"url\":\"https:\/\/blogg.svenskakyrkan.se\/ekumenik\/\",\"name\":\"Ekumenikbloggen\",\"description\":\"Svenska kyrkans blogg om ekumenik och interreligi\u00f6s samverkan\",\"potentialAction\":[{\"@type\":\"SearchAction\",\"target\":{\"@type\":\"EntryPoint\",\"urlTemplate\":\"https:\/\/blogg.svenskakyrkan.se\/ekumenik\/?s={search_term_string}\"},\"query-input\":{\"@type\":\"PropertyValueSpecification\",\"valueRequired\":true,\"valueName\":\"search_term_string\"}}],\"inLanguage\":\"sv-SE\"},{\"@type\":\"Person\",\"@id\":\"https:\/\/blogg.svenskakyrkan.se\/ekumenik\/#\/schema\/person\/817704d50e6143f5fe55167e8e8f65de\",\"name\":\"ekumenik\",\"image\":{\"@type\":\"ImageObject\",\"inLanguage\":\"sv-SE\",\"@id\":\"https:\/\/blogg.svenskakyrkan.se\/ekumenik\/#\/schema\/person\/image\/\",\"url\":\"https:\/\/secure.gravatar.com\/avatar\/3f31adc01e10688ff020103b2f9bfe5c81b619fe6460f41870929903f56bdae7?s=96&d=mm&r=g\",\"contentUrl\":\"https:\/\/secure.gravatar.com\/avatar\/3f31adc01e10688ff020103b2f9bfe5c81b619fe6460f41870929903f56bdae7?s=96&d=mm&r=g\",\"caption\":\"ekumenik\"},\"url\":\"https:\/\/blogg.svenskakyrkan.se\/ekumenik\/author\/ekumenik\/\"}]}<\/script>\n<!-- \/ Yoast SEO plugin. -->","yoast_head_json":{"title":"L\u00f6rdag med Kyrkornas v\u00e4rldsr\u00e5d i Geneve - Ekumenikbloggen","robots":{"index":"index","follow":"follow","max-snippet":"max-snippet:-1","max-image-preview":"max-image-preview:large","max-video-preview":"max-video-preview:-1"},"canonical":"https:\/\/blogg.svenskakyrkan.se\/ekumenik\/2014\/07\/05\/lordag-med-kyrkornas-varldsrad-i-geneve\/","og_locale":"sv_SE","og_type":"article","og_title":"L\u00f6rdag med Kyrkornas v\u00e4rldsr\u00e5d i Geneve - Ekumenikbloggen","og_description":"L\u00f6rdag den 5 juli. Mailen fr\u00e5n Sverige \u00e4r i princip obefintliga i min mailbox&#8230;av \u00e5rstidsm\u00e4ssiga sk\u00e4l&#8230;\u00a0Men vid KV:s centralkommitt\u00e9m\u00f6te i Geneve lyser flitens lampa. Dagen inleddes med &#8211; efter morgonb\u00f6n och bibelstudium &#8211; ett utmanande och sp\u00e4nnande pass om &#8221;Economy for Life&#8221;. Inom KV har fr\u00e5gan om bristerna i det nuvarande ekonomiska systemet (l\u00e4s marknadsekonomi) [&hellip;]","og_url":"https:\/\/blogg.svenskakyrkan.se\/ekumenik\/2014\/07\/05\/lordag-med-kyrkornas-varldsrad-i-geneve\/","og_site_name":"Ekumenikbloggen","article_published_time":"2014-07-05T13:37:19+00:00","og_image":[{"url":"http:\/\/blogg.svenskakyrkan.se\/ekumenik\/files\/2014\/07\/bild6-300x300.jpg","type":"","width":"","height":""}],"author":"ekumenik","twitter_card":"summary_large_image","twitter_misc":{"Skriven av":"ekumenik","Ber\u00e4knad l\u00e4stid":"2 minuter"},"schema":{"@context":"https:\/\/schema.org","@graph":[{"@type":"Article","@id":"https:\/\/blogg.svenskakyrkan.se\/ekumenik\/2014\/07\/05\/lordag-med-kyrkornas-varldsrad-i-geneve\/#article","isPartOf":{"@id":"https:\/\/blogg.svenskakyrkan.se\/ekumenik\/2014\/07\/05\/lordag-med-kyrkornas-varldsrad-i-geneve\/"},"author":{"name":"ekumenik","@id":"https:\/\/blogg.svenskakyrkan.se\/ekumenik\/#\/schema\/person\/817704d50e6143f5fe55167e8e8f65de"},"headline":"L\u00f6rdag med Kyrkornas v\u00e4rldsr\u00e5d i Geneve","datePublished":"2014-07-05T13:37:19+00:00","mainEntityOfPage":{"@id":"https:\/\/blogg.svenskakyrkan.se\/ekumenik\/2014\/07\/05\/lordag-med-kyrkornas-varldsrad-i-geneve\/"},"wordCount":504,"commentCount":0,"image":{"@id":"https:\/\/blogg.svenskakyrkan.se\/ekumenik\/2014\/07\/05\/lordag-med-kyrkornas-varldsrad-i-geneve\/#primaryimage"},"thumbnailUrl":"http:\/\/blogg.svenskakyrkan.se\/ekumenik\/files\/2014\/07\/bild6-300x300.jpg","inLanguage":"sv-SE","potentialAction":[{"@type":"CommentAction","name":"Comment","target":["https:\/\/blogg.svenskakyrkan.se\/ekumenik\/2014\/07\/05\/lordag-med-kyrkornas-varldsrad-i-geneve\/#respond"]}]},{"@type":"WebPage","@id":"https:\/\/blogg.svenskakyrkan.se\/ekumenik\/2014\/07\/05\/lordag-med-kyrkornas-varldsrad-i-geneve\/","url":"https:\/\/blogg.svenskakyrkan.se\/ekumenik\/2014\/07\/05\/lordag-med-kyrkornas-varldsrad-i-geneve\/","name":"L\u00f6rdag med Kyrkornas v\u00e4rldsr\u00e5d i Geneve - Ekumenikbloggen","isPartOf":{"@id":"https:\/\/blogg.svenskakyrkan.se\/ekumenik\/#website"},"primaryImageOfPage":{"@id":"https:\/\/blogg.svenskakyrkan.se\/ekumenik\/2014\/07\/05\/lordag-med-kyrkornas-varldsrad-i-geneve\/#primaryimage"},"image":{"@id":"https:\/\/blogg.svenskakyrkan.se\/ekumenik\/2014\/07\/05\/lordag-med-kyrkornas-varldsrad-i-geneve\/#primaryimage"},"thumbnailUrl":"http:\/\/blogg.svenskakyrkan.se\/ekumenik\/files\/2014\/07\/bild6-300x300.jpg","datePublished":"2014-07-05T13:37:19+00:00","author":{"@id":"https:\/\/blogg.svenskakyrkan.se\/ekumenik\/#\/schema\/person\/817704d50e6143f5fe55167e8e8f65de"},"breadcrumb":{"@id":"https:\/\/blogg.svenskakyrkan.se\/ekumenik\/2014\/07\/05\/lordag-med-kyrkornas-varldsrad-i-geneve\/#breadcrumb"},"inLanguage":"sv-SE","potentialAction":[{"@type":"ReadAction","target":["https:\/\/blogg.svenskakyrkan.se\/ekumenik\/2014\/07\/05\/lordag-med-kyrkornas-varldsrad-i-geneve\/"]}]},{"@type":"ImageObject","inLanguage":"sv-SE","@id":"https:\/\/blogg.svenskakyrkan.se\/ekumenik\/2014\/07\/05\/lordag-med-kyrkornas-varldsrad-i-geneve\/#primaryimage","url":"http:\/\/blogg.svenskakyrkan.se\/ekumenik\/files\/2014\/07\/bild6-300x300.jpg","contentUrl":"http:\/\/blogg.svenskakyrkan.se\/ekumenik\/files\/2014\/07\/bild6-300x300.jpg"},{"@type":"BreadcrumbList","@id":"https:\/\/blogg.svenskakyrkan.se\/ekumenik\/2014\/07\/05\/lordag-med-kyrkornas-varldsrad-i-geneve\/#breadcrumb","itemListElement":[{"@type":"ListItem","position":1,"name":"Hem","item":"https:\/\/blogg.svenskakyrkan.se\/ekumenik\/"},{"@type":"ListItem","position":2,"name":"L\u00f6rdag med Kyrkornas v\u00e4rldsr\u00e5d i Geneve"}]},{"@type":"WebSite","@id":"https:\/\/blogg.svenskakyrkan.se\/ekumenik\/#website","url":"https:\/\/blogg.svenskakyrkan.se\/ekumenik\/","name":"Ekumenikbloggen","description":"Svenska kyrkans blogg om ekumenik och interreligi\u00f6s samverkan","potentialAction":[{"@type":"SearchAction","target":{"@type":"EntryPoint","urlTemplate":"https:\/\/blogg.svenskakyrkan.se\/ekumenik\/?s={search_term_string}"},"query-input":{"@type":"PropertyValueSpecification","valueRequired":true,"valueName":"search_term_string"}}],"inLanguage":"sv-SE"},{"@type":"Person","@id":"https:\/\/blogg.svenskakyrkan.se\/ekumenik\/#\/schema\/person\/817704d50e6143f5fe55167e8e8f65de","name":"ekumenik","image":{"@type":"ImageObject","inLanguage":"sv-SE","@id":"https:\/\/blogg.svenskakyrkan.se\/ekumenik\/#\/schema\/person\/image\/","url":"https:\/\/secure.gravatar.com\/avatar\/3f31adc01e10688ff020103b2f9bfe5c81b619fe6460f41870929903f56bdae7?s=96&d=mm&r=g","contentUrl":"https:\/\/secure.gravatar.com\/avatar\/3f31adc01e10688ff020103b2f9bfe5c81b619fe6460f41870929903f56bdae7?s=96&d=mm&r=g","caption":"ekumenik"},"url":"https:\/\/blogg.svenskakyrkan.se\/ekumenik\/author\/ekumenik\/"}]}},"author_meta":{"ID":"67","user_nicename":"ekumenik","user_registered":"2011-05-12 11:53:22","display_name":"ekumenik","first_name":"Ekumenikenheten","last_name":".","avatar":"https:\/\/secure.gravatar.com\/avatar\/3f31adc01e10688ff020103b2f9bfe5c81b619fe6460f41870929903f56bdae7?s=96&d=mm&r=g"},"featured_image":false,"bloginfo":{"name":"Ekumenikbloggen","url":"https:\/\/blogg.svenskakyrkan.se\/ekumenik"},"_links":{"self":[{"href":"https:\/\/blogg.svenskakyrkan.se\/ekumenik\/wp-json\/wp\/v2\/posts\/522","targetHints":{"allow":["GET"]}}],"collection":[{"href":"https:\/\/blogg.svenskakyrkan.se\/ekumenik\/wp-json\/wp\/v2\/posts"}],"about":[{"href":"https:\/\/blogg.svenskakyrkan.se\/ekumenik\/wp-json\/wp\/v2\/types\/post"}],"author":[{"embeddable":true,"href":"https:\/\/blogg.svenskakyrkan.se\/ekumenik\/wp-json\/wp\/v2\/users\/67"}],"replies":[{"embeddable":true,"href":"https:\/\/blogg.svenskakyrkan.se\/ekumenik\/wp-json\/wp\/v2\/comments?post=522"}],"version-history":[{"count":7,"href":"https:\/\/blogg.svenskakyrkan.se\/ekumenik\/wp-json\/wp\/v2\/posts\/522\/revisions"}],"predecessor-version":[{"id":531,"href":"https:\/\/blogg.svenskakyrkan.se\/ekumenik\/wp-json\/wp\/v2\/posts\/522\/revisions\/531"}],"wp:attachment":[{"href":"https:\/\/blogg.svenskakyrkan.se\/ekumenik\/wp-json\/wp\/v2\/media?parent=522"}],"wp:term":[{"taxonomy":"category","embeddable":true,"href":"https:\/\/blogg.svenskakyrkan.se\/ekumenik\/wp-json\/wp\/v2\/categories?post=522"},{"taxonomy":"post_tag","embeddable":true,"href":"https:\/\/blogg.svenskakyrkan.se\/ekumenik\/wp-json\/wp\/v2\/tags?post=522"}],"curies":[{"name":"wp","href":"https:\/\/api.w.org\/{rel}","templated":true}]}}