{"id":555,"date":"2015-09-11T13:29:40","date_gmt":"2015-09-11T11:29:40","guid":{"rendered":"http:\/\/blogg.svenskakyrkan.se\/ekumenik\/?p=555"},"modified":"2015-09-23T22:15:05","modified_gmt":"2015-09-23T20:15:05","slug":"kyrkan-i-kina-vaxer-sa-det-knakar","status":"publish","type":"post","link":"https:\/\/blogg.svenskakyrkan.se\/ekumenik\/2015\/09\/11\/kyrkan-i-kina-vaxer-sa-det-knakar\/","title":{"rendered":"Kyrkan i Kina v\u00e4xer s\u00e5 det knakar"},"content":{"rendered":"<p><em>Fredrik Lautmann \u00e4r pr\u00e4st och handl\u00e4ggare\u00a0p\u00e5 ekumenikenheten.<\/em><\/p>\n<p>S\u00e5 kom de d\u00e5 \u00e4ntligen: den kinesiska kyrkodelegationen med direktflyg fr\u00e5n Peking, f\u00f6re biskopsvigningen av de nya biskoparna f\u00f6r Str\u00e4ngn\u00e4s och V\u00e4ster\u00e5s. S\u00e5 som vi arbetat med f\u00f6rberedelserna Johan Hasselgren och jag. 2010 hade Svenska kyrkan en delegation p\u00e5 bes\u00f6k i Kina och s\u00e5 var det t\u00e4nkt ett svarsbes\u00f6k 2012. 2014 v\u00e4ntade vi dem, men nu blev det \u00e4ntligen av, 5 dygn med varma, hj\u00e4rtliga, utvecklande och konstruktiva m\u00f6ten.<\/p>\n<p>Oj vad vi hann l\u00e4ra oss mycket om varandra, att vara kyrka i s\u00e5 olika milj\u00f6er som Kina och Sverige! Vi var med om den storst\u00e5tliga biskopsvigningen i fullsatt Uppsala domkyrka, med representanter fr\u00e5n en hel bukett av olika kyrkor \u00f6ver hela v\u00e4rlden, men som \u00e4nd\u00e5 blev s\u00e5 personlig, med profetisk udd och hopp och kraft att med evangeliet som grund, k\u00e4mpa med v\u00e4rldens sv\u00e5ra fr\u00e5gor.<\/p>\n<p><iframe loading=\"lazy\" title=\"Kyrkan i Kina v\u00e4xer s\u00e5 det knakar\" width=\"500\" height=\"281\" src=\"https:\/\/www.youtube.com\/embed\/pbtf-fYQnk0?feature=oembed\" frameborder=\"0\" allow=\"accelerometer; autoplay; clipboard-write; encrypted-media; gyroscope; picture-in-picture; web-share\" referrerpolicy=\"strict-origin-when-cross-origin\" allowfullscreen><\/iframe><br \/>\nVi delade ocks\u00e5 erfarenheter\u00a0av att vara kyrka p\u00e5 den uppl\u00e4ndska landsbygden i Lagunda och p\u00e5 land och i stad i V\u00e4ster\u00e5s och fick ocks\u00e5 inblick i hur Uppsala t\u00e4nker diakoni p\u00e5 Diakonins hus. Detta varvades med tv\u00e5 seminarier om \u201dKyrka och samh\u00e4lle i Kina och Sverige\u201d och i j\u00e4mf\u00f6relse med ett afrikanskt perspektiv .<\/p>\n<p>Vi fick b\u00e5de kyrko- och samh\u00e4llshistoria. Hur de f\u00f6rst varit gemensamma och sedan delats upp och nu samverkar mer igen, s\u00e4rskilt genom diakonala utmaningar. H\u00e4r k\u00e4nde kineserna igen sig v\u00e4l och kunde j\u00e4mf\u00f6ra med den stora migrationen fr\u00e5n jordbrukssamh\u00e4llen till st\u00e4derna. D\u00e4r landsbygdens stora v\u00e4ckelse avstannat och ist\u00e4llet har flyttat till st\u00e4derna om \u00e4n i lite lugnare takt. 1949 fanns cirka 700 000 kristna i Kina. Nu har den st\u00f6rsta, den protestantiska, mer \u00e4n 26 miljoner d\u00f6pta och \u00f6kar med cirka 500 000 per \u00e5r f\u00f6rdelat p\u00e5 60 000 f\u00f6rsamlingar.<\/p>\n<p>I V\u00e4ster\u00e5s fanns \u00e4ven afrikanska \u00f6gon fr\u00e5n Mo\u00e7ambique med, genom V\u00e4ster\u00e5s stifts g\u00e4ster till biskopsvigningen. Den nyvigde biskopen Mikael Mogren avslutade den dagen med att s\u00e4ga. \u201dT\u00e4nk att jag p\u00e5 min f\u00f6rsta arbetsdag som biskop i V\u00e4ster\u00e5s stift har f\u00e5tt hj\u00e4lp av \u00f6gon b\u00e5de fr\u00e5n Kina och Mo\u00e7ambique att se problematiken Kyrka- samh\u00e4lle, jag tror det f\u00f6rt oss n\u00e4rmare det s\u00e4tt som Jesus skulle ha gjort.\u201d<\/p>\n<p>Vi b\u00f6rjade v\u00e5ra gemensamma samtal p\u00e5 bes\u00f6ket med en andakt i kapellet \u201dMarias lovs\u00e5ng\u201d p\u00e5 kyrkokansliet. Vi st\u00e4llde oss i en cirkel runt altarbordet och talade om m\u00e5ltidsgemenskapens centrala betydelse b\u00e5de i hem och kyrka. Vi tittade p\u00e5 pelaren, mitt i kapellet, som symboliskt b\u00e4r hela kyrkokansliets byggnad. Pelarna i kyrkorna \u00e4r en symbol f\u00f6r paradistr\u00e4det i Edens lustg\u00e5rd. Vi talade om tr\u00e5den mellan m\u00e4nniska och Gud som genom ondskan g\u00e5tt av och som Gud genom Jesus p\u00e5 korset kn\u00f6t ihop igen. Kapellets Kristus p\u00e5 pelaren fascinerade alla. Vi tog sedan varann i hand, med en hand mottagande och en hand givande. S\u00e5 har vi t\u00e4nkt oss dagarna, en gemensam uppt\u00e4cktsf\u00e4rd\u00a0av hur vi kan vara kyrka i samh\u00e4llet, v\u00e4l grundade i tron, som ett exempel p\u00e5 \u201dA pilgrimage of justice and peace\u201d, som \u00e4r Kyrkornas v\u00e4rldsr\u00e5ds f\u00e4rdriktning f\u00f6r det ekumeniska samarbetet sedan 2014.<\/p>\n<p>Vi avslutade Kinabes\u00f6ket i Storkyrkan i Stockholm, vid \u201dLivets tr\u00e4d\u201d, ljusb\u00e4raren som sedan starten 1968 numera finns i n\u00e4sta alla svenska kyrkor. Vi t\u00e4nde ett ljus f\u00f6r kyrkorna i Kina och ett f\u00f6r Svenska kyrkan och bad f\u00f6r varandra och v\u00e4rlden.<\/p>\n<p>Jag har med mig m\u00e5nga fina \u00f6gonblicksbilder:<\/p>\n<ul>\n<li>Rev. Zhangs engagerade predikan p\u00e5 vespern i Uppsala domkyrka, kv\u00e4llen f\u00f6re biskopsvigningen. Hennes f\u00f6rtjusning att f\u00e5 ta p\u00e5 sig domkyrkans kork\u00e5pa trots att det inte vara hennes vanliga kl\u00e4dsel i gudstj\u00e4nsten och tj\u00e4nstg\u00f6ra vid altaret sida vid sida med domprost och \u00e4rkebiskop. Rev, Zhang \u00e4r en av de fr\u00e4msta kvinnliga ledarna och svarar f\u00f6r en hel provins i Kina . Hennes r\u00e4knar 700.000 d\u00f6pta. ( hos oss kan man j\u00e4mf\u00f6ra med stift och biskop).<\/li>\n<li>Delegationens stora intresse av att f\u00e5 s\u00e5 intr\u00e4ngande perspektiv p\u00e5 skillnaderna i att vara kyrka i glesbygd och storstad, de stora diakonala utmaningarna vi st\u00e5r inf\u00f6r och hur t ex Paletten i V\u00e4ster\u00e5s \u2013Skerike , Stadsmissionen i V\u00e4ster\u00e5s , diakonins hus i Uppsala tar sig an de som har st\u00f6rst behov i samh\u00e4llet . Diakonin som en praktisk konsekvens av altarets gemenskap och ansvar.<\/li>\n<li>Kyrkans ledare rev.dr Gao som ledde delegationen uttryckte s\u00e5 m\u00e5nga g\u00e5nger sin gl\u00e4dje \u00f6ver v\u00e5ra m\u00f6ten och av vad vi kan l\u00e4ra av varann. Vi ett tillf\u00e4lle fr\u00e5gade jag. \u201dVad g\u00f6r du p\u00e5 din fritid?\u201d Han svarade: &#8221;Jag har ingen fritid. V\u00e5r stora utmaning \u00e4r bl a att vi har alldeles f\u00f6r f\u00e5 pr\u00e4ster. En pr\u00e4st kan ha ansvar f\u00f6r 10 000 personer och har m\u00e4ngder av predikost\u00e4llen.\u201d<\/li>\n<li>N\u00e4r\u00a0rev Jin, som bett om\u00a0att han skulle f\u00e5 m\u00f6ta eller veta n\u00e5got om en av v\u00e5ra Kinamission\u00e4rer 1949, m\u00f6tte\u00a0Annelie Sk\u00f6ld fr\u00e5n \u201dEvangeliska \u00d6stasienmissionen\u201d p\u00e5 lunchen i Stockholm samt rev Xu som kunde fylla i och f\u00e5 n\u00e5gra kunskapsluckar ifyllda av kyrkans historia genom Mick Lidbeck vars farfar varit Kinamission\u00e4r.<\/li>\n<\/ul>\n<p><strong>Mer om Kina:<\/strong><\/p>\n<p>Kina \u00e4r v\u00e4rldens n\u00e4st st\u00f6rsta ekonomi, och\u00a0investerar stort i olika delar av v\u00e4rlden. Det land som har flest mobiltelefoner och TV. G\u00e5r b\u00f6rsen ner i Kina darrar v\u00e4st! Vi h\u00f6r om den stora f\u00f6r\u00e4ndringen till marknadsanpassad ekonomi, samtidigt h\u00f6r vi om statlig kontroll, sk\u00e4rpta lagar om nationell s\u00e4kerhet och stora brister g\u00e4llande m\u00e4nskliga r\u00e4ttigheter.<\/p>\n<p>I detta land har, sedan kulturrevolutionen upph\u00f6rt, kristnas antal vuxit snabbast i v\u00e4rlden. \u00c4nd\u00e5 utg\u00f6r de idag bara cirka 2% av befolkningen. Den st\u00f6rsta av dessa \u00e4r den protestantiska kyrkan, CCC\/TSPM =China Christian Council\/Three Self Pariotic Movement of the protestant Church in China. Sedan 5 \u00e5r tillbaka har kinesiska staten uttryckt \u00f6nskem\u00e5l om hj\u00e4lp av kyrkorna med sociala projekt. Man ser g\u00e4rna att det byggs kyrkor, men i en del provinser tolkar man den f\u00f6rsiktigt positiva inst\u00e4llningen till de registrerade kyrkorna fr\u00e5n nationell niv\u00e5 annorlunda och det kan finnas stora sv\u00e5righeter med samh\u00e4llskontakterna.<\/p>\n<p>Svenska \u00e4rkebiskopar har bes\u00f6kt Kina 1983, 1992 och 2010. Kinas kyrkoledning bes\u00f6kte Sverige senast 2002. Tv\u00e5 av de 7 deltagarna , rev dr Gao Feng samt rev. XU Xiaohong hade bes\u00f6kt Sverige en g\u00e5ng tidigare.<\/p>\n<p><em>Fredrik Lautmann<\/em><\/p>\n","protected":false},"excerpt":{"rendered":"<p>Fredrik Lautmann \u00e4r pr\u00e4st och handl\u00e4ggare\u00a0p\u00e5 ekumenikenheten. S\u00e5 kom de d\u00e5 \u00e4ntligen: den kinesiska kyrkodelegationen med direktflyg fr\u00e5n Peking, f\u00f6re biskopsvigningen av de nya biskoparna f\u00f6r Str\u00e4ngn\u00e4s och V\u00e4ster\u00e5s. S\u00e5 som vi arbetat med f\u00f6rberedelserna Johan Hasselgren och jag. 2010 hade Svenska kyrkan en delegation p\u00e5 bes\u00f6k i Kina och s\u00e5 var det t\u00e4nkt ett [&hellip;]<\/p>\n","protected":false},"author":67,"featured_media":0,"comment_status":"open","ping_status":"open","sticky":false,"template":"","format":"standard","meta":{"_acf_changed":false,"footnotes":""},"categories":[45115],"tags":[],"class_list":["post-555","post","type-post","status-publish","format-standard","hentry","category-fredrik-lautmann"],"acf":[],"yoast_head":"<!-- This site is optimized with the Yoast SEO plugin v27.1.1 - https:\/\/yoast.com\/product\/yoast-seo-wordpress\/ -->\n<title>Kyrkan i Kina v\u00e4xer s\u00e5 det knakar - Ekumenikbloggen<\/title>\n<meta name=\"robots\" content=\"index, follow, max-snippet:-1, max-image-preview:large, max-video-preview:-1\" \/>\n<link rel=\"canonical\" href=\"https:\/\/blogg.svenskakyrkan.se\/ekumenik\/2015\/09\/11\/kyrkan-i-kina-vaxer-sa-det-knakar\/\" \/>\n<meta property=\"og:locale\" content=\"sv_SE\" \/>\n<meta property=\"og:type\" content=\"article\" \/>\n<meta property=\"og:title\" content=\"Kyrkan i Kina v\u00e4xer s\u00e5 det knakar - Ekumenikbloggen\" \/>\n<meta property=\"og:description\" content=\"Fredrik Lautmann \u00e4r pr\u00e4st och handl\u00e4ggare\u00a0p\u00e5 ekumenikenheten. S\u00e5 kom de d\u00e5 \u00e4ntligen: den kinesiska kyrkodelegationen med direktflyg fr\u00e5n Peking, f\u00f6re biskopsvigningen av de nya biskoparna f\u00f6r Str\u00e4ngn\u00e4s och V\u00e4ster\u00e5s. S\u00e5 som vi arbetat med f\u00f6rberedelserna Johan Hasselgren och jag. 2010 hade Svenska kyrkan en delegation p\u00e5 bes\u00f6k i Kina och s\u00e5 var det t\u00e4nkt ett [&hellip;]\" \/>\n<meta property=\"og:url\" content=\"https:\/\/blogg.svenskakyrkan.se\/ekumenik\/2015\/09\/11\/kyrkan-i-kina-vaxer-sa-det-knakar\/\" \/>\n<meta property=\"og:site_name\" content=\"Ekumenikbloggen\" \/>\n<meta property=\"article:published_time\" content=\"2015-09-11T11:29:40+00:00\" \/>\n<meta property=\"article:modified_time\" content=\"2015-09-23T20:15:05+00:00\" \/>\n<meta name=\"author\" content=\"ekumenik\" \/>\n<meta name=\"twitter:card\" content=\"summary_large_image\" \/>\n<meta name=\"twitter:label1\" content=\"Skriven av\" \/>\n\t<meta name=\"twitter:data1\" content=\"ekumenik\" \/>\n\t<meta name=\"twitter:label2\" content=\"Ber\u00e4knad l\u00e4stid\" \/>\n\t<meta name=\"twitter:data2\" content=\"6 minuter\" \/>\n<script type=\"application\/ld+json\" class=\"yoast-schema-graph\">{\"@context\":\"https:\/\/schema.org\",\"@graph\":[{\"@type\":\"Article\",\"@id\":\"https:\/\/blogg.svenskakyrkan.se\/ekumenik\/2015\/09\/11\/kyrkan-i-kina-vaxer-sa-det-knakar\/#article\",\"isPartOf\":{\"@id\":\"https:\/\/blogg.svenskakyrkan.se\/ekumenik\/2015\/09\/11\/kyrkan-i-kina-vaxer-sa-det-knakar\/\"},\"author\":{\"name\":\"ekumenik\",\"@id\":\"https:\/\/blogg.svenskakyrkan.se\/ekumenik\/#\/schema\/person\/817704d50e6143f5fe55167e8e8f65de\"},\"headline\":\"Kyrkan i Kina v\u00e4xer s\u00e5 det knakar\",\"datePublished\":\"2015-09-11T11:29:40+00:00\",\"dateModified\":\"2015-09-23T20:15:05+00:00\",\"mainEntityOfPage\":{\"@id\":\"https:\/\/blogg.svenskakyrkan.se\/ekumenik\/2015\/09\/11\/kyrkan-i-kina-vaxer-sa-det-knakar\/\"},\"wordCount\":1165,\"commentCount\":0,\"articleSection\":[\"Fredrik Lautmann\"],\"inLanguage\":\"sv-SE\",\"potentialAction\":[{\"@type\":\"CommentAction\",\"name\":\"Comment\",\"target\":[\"https:\/\/blogg.svenskakyrkan.se\/ekumenik\/2015\/09\/11\/kyrkan-i-kina-vaxer-sa-det-knakar\/#respond\"]}]},{\"@type\":\"WebPage\",\"@id\":\"https:\/\/blogg.svenskakyrkan.se\/ekumenik\/2015\/09\/11\/kyrkan-i-kina-vaxer-sa-det-knakar\/\",\"url\":\"https:\/\/blogg.svenskakyrkan.se\/ekumenik\/2015\/09\/11\/kyrkan-i-kina-vaxer-sa-det-knakar\/\",\"name\":\"Kyrkan i Kina v\u00e4xer s\u00e5 det knakar - Ekumenikbloggen\",\"isPartOf\":{\"@id\":\"https:\/\/blogg.svenskakyrkan.se\/ekumenik\/#website\"},\"datePublished\":\"2015-09-11T11:29:40+00:00\",\"dateModified\":\"2015-09-23T20:15:05+00:00\",\"author\":{\"@id\":\"https:\/\/blogg.svenskakyrkan.se\/ekumenik\/#\/schema\/person\/817704d50e6143f5fe55167e8e8f65de\"},\"breadcrumb\":{\"@id\":\"https:\/\/blogg.svenskakyrkan.se\/ekumenik\/2015\/09\/11\/kyrkan-i-kina-vaxer-sa-det-knakar\/#breadcrumb\"},\"inLanguage\":\"sv-SE\",\"potentialAction\":[{\"@type\":\"ReadAction\",\"target\":[\"https:\/\/blogg.svenskakyrkan.se\/ekumenik\/2015\/09\/11\/kyrkan-i-kina-vaxer-sa-det-knakar\/\"]}]},{\"@type\":\"BreadcrumbList\",\"@id\":\"https:\/\/blogg.svenskakyrkan.se\/ekumenik\/2015\/09\/11\/kyrkan-i-kina-vaxer-sa-det-knakar\/#breadcrumb\",\"itemListElement\":[{\"@type\":\"ListItem\",\"position\":1,\"name\":\"Hem\",\"item\":\"https:\/\/blogg.svenskakyrkan.se\/ekumenik\/\"},{\"@type\":\"ListItem\",\"position\":2,\"name\":\"Kyrkan i Kina v\u00e4xer s\u00e5 det knakar\"}]},{\"@type\":\"WebSite\",\"@id\":\"https:\/\/blogg.svenskakyrkan.se\/ekumenik\/#website\",\"url\":\"https:\/\/blogg.svenskakyrkan.se\/ekumenik\/\",\"name\":\"Ekumenikbloggen\",\"description\":\"Svenska kyrkans blogg om ekumenik och interreligi\u00f6s samverkan\",\"potentialAction\":[{\"@type\":\"SearchAction\",\"target\":{\"@type\":\"EntryPoint\",\"urlTemplate\":\"https:\/\/blogg.svenskakyrkan.se\/ekumenik\/?s={search_term_string}\"},\"query-input\":{\"@type\":\"PropertyValueSpecification\",\"valueRequired\":true,\"valueName\":\"search_term_string\"}}],\"inLanguage\":\"sv-SE\"},{\"@type\":\"Person\",\"@id\":\"https:\/\/blogg.svenskakyrkan.se\/ekumenik\/#\/schema\/person\/817704d50e6143f5fe55167e8e8f65de\",\"name\":\"ekumenik\",\"image\":{\"@type\":\"ImageObject\",\"inLanguage\":\"sv-SE\",\"@id\":\"https:\/\/blogg.svenskakyrkan.se\/ekumenik\/#\/schema\/person\/image\/\",\"url\":\"https:\/\/secure.gravatar.com\/avatar\/3f31adc01e10688ff020103b2f9bfe5c81b619fe6460f41870929903f56bdae7?s=96&d=mm&r=g\",\"contentUrl\":\"https:\/\/secure.gravatar.com\/avatar\/3f31adc01e10688ff020103b2f9bfe5c81b619fe6460f41870929903f56bdae7?s=96&d=mm&r=g\",\"caption\":\"ekumenik\"},\"url\":\"https:\/\/blogg.svenskakyrkan.se\/ekumenik\/author\/ekumenik\/\"}]}<\/script>\n<!-- \/ Yoast SEO plugin. -->","yoast_head_json":{"title":"Kyrkan i Kina v\u00e4xer s\u00e5 det knakar - Ekumenikbloggen","robots":{"index":"index","follow":"follow","max-snippet":"max-snippet:-1","max-image-preview":"max-image-preview:large","max-video-preview":"max-video-preview:-1"},"canonical":"https:\/\/blogg.svenskakyrkan.se\/ekumenik\/2015\/09\/11\/kyrkan-i-kina-vaxer-sa-det-knakar\/","og_locale":"sv_SE","og_type":"article","og_title":"Kyrkan i Kina v\u00e4xer s\u00e5 det knakar - Ekumenikbloggen","og_description":"Fredrik Lautmann \u00e4r pr\u00e4st och handl\u00e4ggare\u00a0p\u00e5 ekumenikenheten. S\u00e5 kom de d\u00e5 \u00e4ntligen: den kinesiska kyrkodelegationen med direktflyg fr\u00e5n Peking, f\u00f6re biskopsvigningen av de nya biskoparna f\u00f6r Str\u00e4ngn\u00e4s och V\u00e4ster\u00e5s. S\u00e5 som vi arbetat med f\u00f6rberedelserna Johan Hasselgren och jag. 2010 hade Svenska kyrkan en delegation p\u00e5 bes\u00f6k i Kina och s\u00e5 var det t\u00e4nkt ett [&hellip;]","og_url":"https:\/\/blogg.svenskakyrkan.se\/ekumenik\/2015\/09\/11\/kyrkan-i-kina-vaxer-sa-det-knakar\/","og_site_name":"Ekumenikbloggen","article_published_time":"2015-09-11T11:29:40+00:00","article_modified_time":"2015-09-23T20:15:05+00:00","author":"ekumenik","twitter_card":"summary_large_image","twitter_misc":{"Skriven av":"ekumenik","Ber\u00e4knad l\u00e4stid":"6 minuter"},"schema":{"@context":"https:\/\/schema.org","@graph":[{"@type":"Article","@id":"https:\/\/blogg.svenskakyrkan.se\/ekumenik\/2015\/09\/11\/kyrkan-i-kina-vaxer-sa-det-knakar\/#article","isPartOf":{"@id":"https:\/\/blogg.svenskakyrkan.se\/ekumenik\/2015\/09\/11\/kyrkan-i-kina-vaxer-sa-det-knakar\/"},"author":{"name":"ekumenik","@id":"https:\/\/blogg.svenskakyrkan.se\/ekumenik\/#\/schema\/person\/817704d50e6143f5fe55167e8e8f65de"},"headline":"Kyrkan i Kina v\u00e4xer s\u00e5 det knakar","datePublished":"2015-09-11T11:29:40+00:00","dateModified":"2015-09-23T20:15:05+00:00","mainEntityOfPage":{"@id":"https:\/\/blogg.svenskakyrkan.se\/ekumenik\/2015\/09\/11\/kyrkan-i-kina-vaxer-sa-det-knakar\/"},"wordCount":1165,"commentCount":0,"articleSection":["Fredrik Lautmann"],"inLanguage":"sv-SE","potentialAction":[{"@type":"CommentAction","name":"Comment","target":["https:\/\/blogg.svenskakyrkan.se\/ekumenik\/2015\/09\/11\/kyrkan-i-kina-vaxer-sa-det-knakar\/#respond"]}]},{"@type":"WebPage","@id":"https:\/\/blogg.svenskakyrkan.se\/ekumenik\/2015\/09\/11\/kyrkan-i-kina-vaxer-sa-det-knakar\/","url":"https:\/\/blogg.svenskakyrkan.se\/ekumenik\/2015\/09\/11\/kyrkan-i-kina-vaxer-sa-det-knakar\/","name":"Kyrkan i Kina v\u00e4xer s\u00e5 det knakar - Ekumenikbloggen","isPartOf":{"@id":"https:\/\/blogg.svenskakyrkan.se\/ekumenik\/#website"},"datePublished":"2015-09-11T11:29:40+00:00","dateModified":"2015-09-23T20:15:05+00:00","author":{"@id":"https:\/\/blogg.svenskakyrkan.se\/ekumenik\/#\/schema\/person\/817704d50e6143f5fe55167e8e8f65de"},"breadcrumb":{"@id":"https:\/\/blogg.svenskakyrkan.se\/ekumenik\/2015\/09\/11\/kyrkan-i-kina-vaxer-sa-det-knakar\/#breadcrumb"},"inLanguage":"sv-SE","potentialAction":[{"@type":"ReadAction","target":["https:\/\/blogg.svenskakyrkan.se\/ekumenik\/2015\/09\/11\/kyrkan-i-kina-vaxer-sa-det-knakar\/"]}]},{"@type":"BreadcrumbList","@id":"https:\/\/blogg.svenskakyrkan.se\/ekumenik\/2015\/09\/11\/kyrkan-i-kina-vaxer-sa-det-knakar\/#breadcrumb","itemListElement":[{"@type":"ListItem","position":1,"name":"Hem","item":"https:\/\/blogg.svenskakyrkan.se\/ekumenik\/"},{"@type":"ListItem","position":2,"name":"Kyrkan i Kina v\u00e4xer s\u00e5 det knakar"}]},{"@type":"WebSite","@id":"https:\/\/blogg.svenskakyrkan.se\/ekumenik\/#website","url":"https:\/\/blogg.svenskakyrkan.se\/ekumenik\/","name":"Ekumenikbloggen","description":"Svenska kyrkans blogg om ekumenik och interreligi\u00f6s samverkan","potentialAction":[{"@type":"SearchAction","target":{"@type":"EntryPoint","urlTemplate":"https:\/\/blogg.svenskakyrkan.se\/ekumenik\/?s={search_term_string}"},"query-input":{"@type":"PropertyValueSpecification","valueRequired":true,"valueName":"search_term_string"}}],"inLanguage":"sv-SE"},{"@type":"Person","@id":"https:\/\/blogg.svenskakyrkan.se\/ekumenik\/#\/schema\/person\/817704d50e6143f5fe55167e8e8f65de","name":"ekumenik","image":{"@type":"ImageObject","inLanguage":"sv-SE","@id":"https:\/\/blogg.svenskakyrkan.se\/ekumenik\/#\/schema\/person\/image\/","url":"https:\/\/secure.gravatar.com\/avatar\/3f31adc01e10688ff020103b2f9bfe5c81b619fe6460f41870929903f56bdae7?s=96&d=mm&r=g","contentUrl":"https:\/\/secure.gravatar.com\/avatar\/3f31adc01e10688ff020103b2f9bfe5c81b619fe6460f41870929903f56bdae7?s=96&d=mm&r=g","caption":"ekumenik"},"url":"https:\/\/blogg.svenskakyrkan.se\/ekumenik\/author\/ekumenik\/"}]}},"author_meta":{"ID":"67","user_nicename":"ekumenik","user_registered":"2011-05-12 11:53:22","display_name":"ekumenik","first_name":"Ekumenikenheten","last_name":".","avatar":"https:\/\/secure.gravatar.com\/avatar\/3f31adc01e10688ff020103b2f9bfe5c81b619fe6460f41870929903f56bdae7?s=96&d=mm&r=g"},"featured_image":false,"bloginfo":{"name":"Ekumenikbloggen","url":"https:\/\/blogg.svenskakyrkan.se\/ekumenik"},"_links":{"self":[{"href":"https:\/\/blogg.svenskakyrkan.se\/ekumenik\/wp-json\/wp\/v2\/posts\/555","targetHints":{"allow":["GET"]}}],"collection":[{"href":"https:\/\/blogg.svenskakyrkan.se\/ekumenik\/wp-json\/wp\/v2\/posts"}],"about":[{"href":"https:\/\/blogg.svenskakyrkan.se\/ekumenik\/wp-json\/wp\/v2\/types\/post"}],"author":[{"embeddable":true,"href":"https:\/\/blogg.svenskakyrkan.se\/ekumenik\/wp-json\/wp\/v2\/users\/67"}],"replies":[{"embeddable":true,"href":"https:\/\/blogg.svenskakyrkan.se\/ekumenik\/wp-json\/wp\/v2\/comments?post=555"}],"version-history":[{"count":4,"href":"https:\/\/blogg.svenskakyrkan.se\/ekumenik\/wp-json\/wp\/v2\/posts\/555\/revisions"}],"predecessor-version":[{"id":559,"href":"https:\/\/blogg.svenskakyrkan.se\/ekumenik\/wp-json\/wp\/v2\/posts\/555\/revisions\/559"}],"wp:attachment":[{"href":"https:\/\/blogg.svenskakyrkan.se\/ekumenik\/wp-json\/wp\/v2\/media?parent=555"}],"wp:term":[{"taxonomy":"category","embeddable":true,"href":"https:\/\/blogg.svenskakyrkan.se\/ekumenik\/wp-json\/wp\/v2\/categories?post=555"},{"taxonomy":"post_tag","embeddable":true,"href":"https:\/\/blogg.svenskakyrkan.se\/ekumenik\/wp-json\/wp\/v2\/tags?post=555"}],"curies":[{"name":"wp","href":"https:\/\/api.w.org\/{rel}","templated":true}]}}