{"id":560,"date":"2015-09-25T09:35:18","date_gmt":"2015-09-25T07:35:18","guid":{"rendered":"http:\/\/blogg.svenskakyrkan.se\/ekumenik\/?p=560"},"modified":"2015-09-24T09:38:17","modified_gmt":"2015-09-24T07:38:17","slug":"om-var-pilgrimsvandring-till-santiago-de-compostela","status":"publish","type":"post","link":"https:\/\/blogg.svenskakyrkan.se\/ekumenik\/2015\/09\/25\/om-var-pilgrimsvandring-till-santiago-de-compostela\/","title":{"rendered":"Om v\u00e5r pilgrimsvandring till Santiago de Compostela"},"content":{"rendered":"<p><em><strong><a href=\"http:\/\/blogg.svenskakyrkan.se\/ekumenik\/files\/2015\/09\/santiago-grupp.jpg\"><img loading=\"lazy\" decoding=\"async\" class=\"aligncenter size-medium wp-image-566\" src=\"http:\/\/blogg.svenskakyrkan.se\/ekumenik\/files\/2015\/09\/santiago-grupp-300x201.jpg\" alt=\"santiago grupp\" width=\"300\" height=\"201\" srcset=\"https:\/\/blogg.svenskakyrkan.se\/ekumenik\/files\/2015\/09\/santiago-grupp-300x201.jpg 300w, https:\/\/blogg.svenskakyrkan.se\/ekumenik\/files\/2015\/09\/santiago-grupp-448x300.jpg 448w, https:\/\/blogg.svenskakyrkan.se\/ekumenik\/files\/2015\/09\/santiago-grupp.jpg 960w\" sizes=\"auto, (max-width: 300px) 100vw, 300px\" \/><\/a>Sara H\u00f6gberg var en av Svenska kyrkans tv\u00e5 unga vuxna som pilgrimsvandrade tillsammans med drygt 20 andra\u00a0fr\u00e5n <a href=\"http:\/\/www.porvoocommunion.org\/\">Borg\u00e5gemenskapen<\/a> fr\u00e5n Alleriz till Santiago de Compostela den 24-29\/8 2015. Temat f\u00f6r vandringen var &#8221;Jesus the fountain of living water in our pilgrimage of life&#8221;.<\/strong><\/em><\/p>\n<p>Jag har ganska mycket f\u00f6r mig om dagarna. Jag studerar heltid p\u00e5 universitetet samtidigt som jag arbetar som konfirmandledare i kyrkan och hoppar in som vikarie n\u00e4r det beh\u00f6vs. Ut\u00f6ver detta \u00e4r jag med i ett spex d\u00e4r jag \u00e4r med i produktionen som k\u00f6rsamordnare och med i gyckelgruppen, detta inneb\u00e4r ett m\u00f6te och tv\u00e5 olika rep i veckan. Alla dessa aktiviteter medf\u00f6r att jag inte f\u00e5r mycket tid till mig sj\u00e4lv, till reflektion, till relationen med Gud. Visst \u00e4r jag en del i kyrkan och p\u00e5 m\u00e4ssor, men d\u00e5 det oftast \u00e4r under arbetstid blir det inte riktigt samma sak.<\/p>\n<p>D\u00e4rf\u00f6r blev jag s\u00e5 glad n\u00e4r jag l\u00e4ste om pilgrimsvandringen och best\u00e4mde mig f\u00f6r att ta chansen direkt.<\/p>\n<p>Under pilgrimsvandringen fick vi tr\u00e4ffa m\u00e4nniskor fr\u00e5n olika l\u00e4nder och kulturer. Kulturer som vi fick ta del av varje kv\u00e4ll genom lekar, dans och andakter. Vi fick \u00e4ven h\u00f6ra ber\u00f6rande ber\u00e4ttelser om hur de kommit till tro och \u00e4ven testats i den. Ber\u00e4ttelser som kommer att leva med mig l\u00e4nge. Allt vi har varit med om \u00e4r n\u00e5got jag tar med mig hem, hem till min kyrka och till min omgivning. Jag tar med mig olika livshistorier, lekar till barn-och ungdomsgruppen och nya s\u00e4tt att fira andakt p\u00e5. Tillsammans med reflektioner som vi alla delat med varandra under pilgrimsvandringen, dagar och kv\u00e4llar. Reflektioner som \u201dhur t\u00e4nker du att Gud \u00e4r med oss i v\u00e5ra liv?\u201d och \u201dvarf\u00f6r \u00e4r det viktigt att g\u00e5 i kyrkan?\u201d.<\/p>\n<p>Jag tror att det \u00e4r j\u00e4tteviktigt f\u00f6r oss att g\u00f6ra dessa resor. F\u00f6r att se att vi \u00e4r m\u00e5nga som delar samma tro och att det finns fler perspektiv \u00e4n de vi har h\u00e4r i Sverige, i v\u00e5rt stift, i v\u00e5r egen kyrka. Vi som g\u00f6r dessa resor kan ge n\u00e5got nytt till dem d\u00e4rhemma, vare sig det handlar om synen p\u00e5 Gud, en s\u00e5ng eller en lek. Kanske kan vi \u00e4ven f\u00e5 med oss n\u00e5got annat hem.<\/p>\n<p>Jag k\u00e4nner sj\u00e4lv att jag f\u00e5tt en ny gnista. En ny vilja. Under vandringen fick jag f\u00f6r mig att b\u00f6rja l\u00e4sa Bibeln. Jag har f\u00f6rs\u00f6kt l\u00e4sa den m\u00e5nga g\u00e5nger tidigare men aldrig riktigt fastnat. Under resan l\u00e4ste jag varje dag i flera timmar i str\u00e4ck. M\u00e5nga fr\u00e5gor bubblade upp och nyfikenheten vaknade till liv. Denna gnista, denna nyfikenhet \u00e4r n\u00e5got jag kunde ta med mig hem. Bara h\u00e4romdagen inspirerade jag konfirmander till att faktiskt v\u00e5ga testa l\u00e4sa Bibeln och jag har b\u00f6rjat f\u00f6rfr\u00e5ga Bibelstudium.<\/p>\n<p>Inte visste jag att det skulle vara detta jag tog med mig hem fr\u00e5n pilgrimsvandringen, f\u00f6r vad hade det egentligen med sj\u00e4lva vandringen att g\u00f6ra? Men det var lite det vi kom fram till under veckan tillsammans. Alla orkade inte g\u00e5 hela v\u00e4gen, d\u00e4ribland jag sj\u00e4lv, men det var inte det viktiga. Det viktiga var vad vi gjorde tillsammans, det vi hade tillsammans. Det \u00e4r inte hur m\u00e5nga mil jag gick som jag kommer att minnas, utan m\u00f6tena med m\u00e4nniskorna, kulturen och landskapet.<\/p>\n<p>Det \u00e4r synd att inte alla kan f\u00e5 samma chans som jag fick. Men jag kan fortfarande f\u00f6rs\u00f6ka f\u00f6rmedla de l\u00e4rdomar jag f\u00e5tt fr\u00e5n resan. L\u00e4rdomar om tvivel, medk\u00e4nsla, t\u00e5lamod, hopp och vetskapen om hur m\u00e5nga vi faktiskt \u00e4r i den fantastiska gemenskapen som \u00e4r kristendomen.<\/p>\n","protected":false},"excerpt":{"rendered":"<p>Sara H\u00f6gberg var en av Svenska kyrkans tv\u00e5 unga vuxna som pilgrimsvandrade tillsammans med drygt 20 andra\u00a0fr\u00e5n Borg\u00e5gemenskapen fr\u00e5n Alleriz till Santiago de Compostela den 24-29\/8 2015. Temat f\u00f6r vandringen var &#8221;Jesus the fountain of living water in our pilgrimage of life&#8221;. Jag har ganska mycket f\u00f6r mig om dagarna. Jag studerar heltid p\u00e5 universitetet [&hellip;]<\/p>\n","protected":false},"author":252,"featured_media":0,"comment_status":"open","ping_status":"open","sticky":false,"template":"","format":"standard","meta":{"_acf_changed":false,"footnotes":""},"categories":[17359],"tags":[],"class_list":["post-560","post","type-post","status-publish","format-standard","hentry","category-gastbloggare"],"acf":[],"yoast_head":"<!-- This site is optimized with the Yoast SEO plugin v27.1.1 - https:\/\/yoast.com\/product\/yoast-seo-wordpress\/ -->\n<title>Om v\u00e5r pilgrimsvandring till Santiago de Compostela - Ekumenikbloggen<\/title>\n<meta name=\"robots\" content=\"index, follow, max-snippet:-1, max-image-preview:large, max-video-preview:-1\" \/>\n<link rel=\"canonical\" href=\"https:\/\/blogg.svenskakyrkan.se\/ekumenik\/2015\/09\/25\/om-var-pilgrimsvandring-till-santiago-de-compostela\/\" \/>\n<meta property=\"og:locale\" content=\"sv_SE\" \/>\n<meta property=\"og:type\" content=\"article\" \/>\n<meta property=\"og:title\" content=\"Om v\u00e5r pilgrimsvandring till Santiago de Compostela - Ekumenikbloggen\" \/>\n<meta property=\"og:description\" content=\"Sara H\u00f6gberg var en av Svenska kyrkans tv\u00e5 unga vuxna som pilgrimsvandrade tillsammans med drygt 20 andra\u00a0fr\u00e5n Borg\u00e5gemenskapen fr\u00e5n Alleriz till Santiago de Compostela den 24-29\/8 2015. Temat f\u00f6r vandringen var &#8221;Jesus the fountain of living water in our pilgrimage of life&#8221;. Jag har ganska mycket f\u00f6r mig om dagarna. Jag studerar heltid p\u00e5 universitetet [&hellip;]\" \/>\n<meta property=\"og:url\" content=\"https:\/\/blogg.svenskakyrkan.se\/ekumenik\/2015\/09\/25\/om-var-pilgrimsvandring-till-santiago-de-compostela\/\" \/>\n<meta property=\"og:site_name\" content=\"Ekumenikbloggen\" \/>\n<meta property=\"article:published_time\" content=\"2015-09-25T07:35:18+00:00\" \/>\n<meta property=\"og:image\" content=\"http:\/\/blogg.svenskakyrkan.se\/ekumenik\/files\/2015\/09\/santiago-grupp-300x201.jpg\" \/>\n<meta name=\"author\" content=\"Jenny Sj\u00f6green\" \/>\n<meta name=\"twitter:card\" content=\"summary_large_image\" \/>\n<meta name=\"twitter:label1\" content=\"Skriven av\" \/>\n\t<meta name=\"twitter:data1\" content=\"Jenny Sj\u00f6green\" \/>\n\t<meta name=\"twitter:label2\" content=\"Ber\u00e4knad l\u00e4stid\" \/>\n\t<meta name=\"twitter:data2\" content=\"3 minuter\" \/>\n<script type=\"application\/ld+json\" class=\"yoast-schema-graph\">{\"@context\":\"https:\/\/schema.org\",\"@graph\":[{\"@type\":\"Article\",\"@id\":\"https:\/\/blogg.svenskakyrkan.se\/ekumenik\/2015\/09\/25\/om-var-pilgrimsvandring-till-santiago-de-compostela\/#article\",\"isPartOf\":{\"@id\":\"https:\/\/blogg.svenskakyrkan.se\/ekumenik\/2015\/09\/25\/om-var-pilgrimsvandring-till-santiago-de-compostela\/\"},\"author\":{\"name\":\"Jenny Sj\u00f6green\",\"@id\":\"https:\/\/blogg.svenskakyrkan.se\/ekumenik\/#\/schema\/person\/96db487035bb73d2648d484e987a5d68\"},\"headline\":\"Om v\u00e5r pilgrimsvandring till Santiago de Compostela\",\"datePublished\":\"2015-09-25T07:35:18+00:00\",\"mainEntityOfPage\":{\"@id\":\"https:\/\/blogg.svenskakyrkan.se\/ekumenik\/2015\/09\/25\/om-var-pilgrimsvandring-till-santiago-de-compostela\/\"},\"wordCount\":677,\"commentCount\":0,\"image\":{\"@id\":\"https:\/\/blogg.svenskakyrkan.se\/ekumenik\/2015\/09\/25\/om-var-pilgrimsvandring-till-santiago-de-compostela\/#primaryimage\"},\"thumbnailUrl\":\"http:\/\/blogg.svenskakyrkan.se\/ekumenik\/files\/2015\/09\/santiago-grupp-300x201.jpg\",\"articleSection\":[\"G\u00e4stbloggare\"],\"inLanguage\":\"sv-SE\",\"potentialAction\":[{\"@type\":\"CommentAction\",\"name\":\"Comment\",\"target\":[\"https:\/\/blogg.svenskakyrkan.se\/ekumenik\/2015\/09\/25\/om-var-pilgrimsvandring-till-santiago-de-compostela\/#respond\"]}]},{\"@type\":\"WebPage\",\"@id\":\"https:\/\/blogg.svenskakyrkan.se\/ekumenik\/2015\/09\/25\/om-var-pilgrimsvandring-till-santiago-de-compostela\/\",\"url\":\"https:\/\/blogg.svenskakyrkan.se\/ekumenik\/2015\/09\/25\/om-var-pilgrimsvandring-till-santiago-de-compostela\/\",\"name\":\"Om v\u00e5r pilgrimsvandring till Santiago de Compostela - Ekumenikbloggen\",\"isPartOf\":{\"@id\":\"https:\/\/blogg.svenskakyrkan.se\/ekumenik\/#website\"},\"primaryImageOfPage\":{\"@id\":\"https:\/\/blogg.svenskakyrkan.se\/ekumenik\/2015\/09\/25\/om-var-pilgrimsvandring-till-santiago-de-compostela\/#primaryimage\"},\"image\":{\"@id\":\"https:\/\/blogg.svenskakyrkan.se\/ekumenik\/2015\/09\/25\/om-var-pilgrimsvandring-till-santiago-de-compostela\/#primaryimage\"},\"thumbnailUrl\":\"http:\/\/blogg.svenskakyrkan.se\/ekumenik\/files\/2015\/09\/santiago-grupp-300x201.jpg\",\"datePublished\":\"2015-09-25T07:35:18+00:00\",\"author\":{\"@id\":\"https:\/\/blogg.svenskakyrkan.se\/ekumenik\/#\/schema\/person\/96db487035bb73d2648d484e987a5d68\"},\"breadcrumb\":{\"@id\":\"https:\/\/blogg.svenskakyrkan.se\/ekumenik\/2015\/09\/25\/om-var-pilgrimsvandring-till-santiago-de-compostela\/#breadcrumb\"},\"inLanguage\":\"sv-SE\",\"potentialAction\":[{\"@type\":\"ReadAction\",\"target\":[\"https:\/\/blogg.svenskakyrkan.se\/ekumenik\/2015\/09\/25\/om-var-pilgrimsvandring-till-santiago-de-compostela\/\"]}]},{\"@type\":\"ImageObject\",\"inLanguage\":\"sv-SE\",\"@id\":\"https:\/\/blogg.svenskakyrkan.se\/ekumenik\/2015\/09\/25\/om-var-pilgrimsvandring-till-santiago-de-compostela\/#primaryimage\",\"url\":\"http:\/\/blogg.svenskakyrkan.se\/ekumenik\/files\/2015\/09\/santiago-grupp-300x201.jpg\",\"contentUrl\":\"http:\/\/blogg.svenskakyrkan.se\/ekumenik\/files\/2015\/09\/santiago-grupp-300x201.jpg\"},{\"@type\":\"BreadcrumbList\",\"@id\":\"https:\/\/blogg.svenskakyrkan.se\/ekumenik\/2015\/09\/25\/om-var-pilgrimsvandring-till-santiago-de-compostela\/#breadcrumb\",\"itemListElement\":[{\"@type\":\"ListItem\",\"position\":1,\"name\":\"Hem\",\"item\":\"https:\/\/blogg.svenskakyrkan.se\/ekumenik\/\"},{\"@type\":\"ListItem\",\"position\":2,\"name\":\"Om v\u00e5r pilgrimsvandring till Santiago de Compostela\"}]},{\"@type\":\"WebSite\",\"@id\":\"https:\/\/blogg.svenskakyrkan.se\/ekumenik\/#website\",\"url\":\"https:\/\/blogg.svenskakyrkan.se\/ekumenik\/\",\"name\":\"Ekumenikbloggen\",\"description\":\"Svenska kyrkans blogg om ekumenik och interreligi\u00f6s samverkan\",\"potentialAction\":[{\"@type\":\"SearchAction\",\"target\":{\"@type\":\"EntryPoint\",\"urlTemplate\":\"https:\/\/blogg.svenskakyrkan.se\/ekumenik\/?s={search_term_string}\"},\"query-input\":{\"@type\":\"PropertyValueSpecification\",\"valueRequired\":true,\"valueName\":\"search_term_string\"}}],\"inLanguage\":\"sv-SE\"},{\"@type\":\"Person\",\"@id\":\"https:\/\/blogg.svenskakyrkan.se\/ekumenik\/#\/schema\/person\/96db487035bb73d2648d484e987a5d68\",\"name\":\"Jenny Sj\u00f6green\",\"image\":{\"@type\":\"ImageObject\",\"inLanguage\":\"sv-SE\",\"@id\":\"https:\/\/blogg.svenskakyrkan.se\/ekumenik\/#\/schema\/person\/image\/\",\"url\":\"https:\/\/secure.gravatar.com\/avatar\/7be688f8c33b393214e30bd919b1175794b873c0b8b86be60857b2eeecd1b5ae?s=96&d=mm&r=g\",\"contentUrl\":\"https:\/\/secure.gravatar.com\/avatar\/7be688f8c33b393214e30bd919b1175794b873c0b8b86be60857b2eeecd1b5ae?s=96&d=mm&r=g\",\"caption\":\"Jenny Sj\u00f6green\"},\"url\":\"https:\/\/blogg.svenskakyrkan.se\/ekumenik\/author\/ekumenik2\/\"}]}<\/script>\n<!-- \/ Yoast SEO plugin. -->","yoast_head_json":{"title":"Om v\u00e5r pilgrimsvandring till Santiago de Compostela - Ekumenikbloggen","robots":{"index":"index","follow":"follow","max-snippet":"max-snippet:-1","max-image-preview":"max-image-preview:large","max-video-preview":"max-video-preview:-1"},"canonical":"https:\/\/blogg.svenskakyrkan.se\/ekumenik\/2015\/09\/25\/om-var-pilgrimsvandring-till-santiago-de-compostela\/","og_locale":"sv_SE","og_type":"article","og_title":"Om v\u00e5r pilgrimsvandring till Santiago de Compostela - Ekumenikbloggen","og_description":"Sara H\u00f6gberg var en av Svenska kyrkans tv\u00e5 unga vuxna som pilgrimsvandrade tillsammans med drygt 20 andra\u00a0fr\u00e5n Borg\u00e5gemenskapen fr\u00e5n Alleriz till Santiago de Compostela den 24-29\/8 2015. Temat f\u00f6r vandringen var &#8221;Jesus the fountain of living water in our pilgrimage of life&#8221;. Jag har ganska mycket f\u00f6r mig om dagarna. Jag studerar heltid p\u00e5 universitetet [&hellip;]","og_url":"https:\/\/blogg.svenskakyrkan.se\/ekumenik\/2015\/09\/25\/om-var-pilgrimsvandring-till-santiago-de-compostela\/","og_site_name":"Ekumenikbloggen","article_published_time":"2015-09-25T07:35:18+00:00","og_image":[{"url":"http:\/\/blogg.svenskakyrkan.se\/ekumenik\/files\/2015\/09\/santiago-grupp-300x201.jpg","type":"","width":"","height":""}],"author":"Jenny Sj\u00f6green","twitter_card":"summary_large_image","twitter_misc":{"Skriven av":"Jenny Sj\u00f6green","Ber\u00e4knad l\u00e4stid":"3 minuter"},"schema":{"@context":"https:\/\/schema.org","@graph":[{"@type":"Article","@id":"https:\/\/blogg.svenskakyrkan.se\/ekumenik\/2015\/09\/25\/om-var-pilgrimsvandring-till-santiago-de-compostela\/#article","isPartOf":{"@id":"https:\/\/blogg.svenskakyrkan.se\/ekumenik\/2015\/09\/25\/om-var-pilgrimsvandring-till-santiago-de-compostela\/"},"author":{"name":"Jenny Sj\u00f6green","@id":"https:\/\/blogg.svenskakyrkan.se\/ekumenik\/#\/schema\/person\/96db487035bb73d2648d484e987a5d68"},"headline":"Om v\u00e5r pilgrimsvandring till Santiago de Compostela","datePublished":"2015-09-25T07:35:18+00:00","mainEntityOfPage":{"@id":"https:\/\/blogg.svenskakyrkan.se\/ekumenik\/2015\/09\/25\/om-var-pilgrimsvandring-till-santiago-de-compostela\/"},"wordCount":677,"commentCount":0,"image":{"@id":"https:\/\/blogg.svenskakyrkan.se\/ekumenik\/2015\/09\/25\/om-var-pilgrimsvandring-till-santiago-de-compostela\/#primaryimage"},"thumbnailUrl":"http:\/\/blogg.svenskakyrkan.se\/ekumenik\/files\/2015\/09\/santiago-grupp-300x201.jpg","articleSection":["G\u00e4stbloggare"],"inLanguage":"sv-SE","potentialAction":[{"@type":"CommentAction","name":"Comment","target":["https:\/\/blogg.svenskakyrkan.se\/ekumenik\/2015\/09\/25\/om-var-pilgrimsvandring-till-santiago-de-compostela\/#respond"]}]},{"@type":"WebPage","@id":"https:\/\/blogg.svenskakyrkan.se\/ekumenik\/2015\/09\/25\/om-var-pilgrimsvandring-till-santiago-de-compostela\/","url":"https:\/\/blogg.svenskakyrkan.se\/ekumenik\/2015\/09\/25\/om-var-pilgrimsvandring-till-santiago-de-compostela\/","name":"Om v\u00e5r pilgrimsvandring till Santiago de Compostela - Ekumenikbloggen","isPartOf":{"@id":"https:\/\/blogg.svenskakyrkan.se\/ekumenik\/#website"},"primaryImageOfPage":{"@id":"https:\/\/blogg.svenskakyrkan.se\/ekumenik\/2015\/09\/25\/om-var-pilgrimsvandring-till-santiago-de-compostela\/#primaryimage"},"image":{"@id":"https:\/\/blogg.svenskakyrkan.se\/ekumenik\/2015\/09\/25\/om-var-pilgrimsvandring-till-santiago-de-compostela\/#primaryimage"},"thumbnailUrl":"http:\/\/blogg.svenskakyrkan.se\/ekumenik\/files\/2015\/09\/santiago-grupp-300x201.jpg","datePublished":"2015-09-25T07:35:18+00:00","author":{"@id":"https:\/\/blogg.svenskakyrkan.se\/ekumenik\/#\/schema\/person\/96db487035bb73d2648d484e987a5d68"},"breadcrumb":{"@id":"https:\/\/blogg.svenskakyrkan.se\/ekumenik\/2015\/09\/25\/om-var-pilgrimsvandring-till-santiago-de-compostela\/#breadcrumb"},"inLanguage":"sv-SE","potentialAction":[{"@type":"ReadAction","target":["https:\/\/blogg.svenskakyrkan.se\/ekumenik\/2015\/09\/25\/om-var-pilgrimsvandring-till-santiago-de-compostela\/"]}]},{"@type":"ImageObject","inLanguage":"sv-SE","@id":"https:\/\/blogg.svenskakyrkan.se\/ekumenik\/2015\/09\/25\/om-var-pilgrimsvandring-till-santiago-de-compostela\/#primaryimage","url":"http:\/\/blogg.svenskakyrkan.se\/ekumenik\/files\/2015\/09\/santiago-grupp-300x201.jpg","contentUrl":"http:\/\/blogg.svenskakyrkan.se\/ekumenik\/files\/2015\/09\/santiago-grupp-300x201.jpg"},{"@type":"BreadcrumbList","@id":"https:\/\/blogg.svenskakyrkan.se\/ekumenik\/2015\/09\/25\/om-var-pilgrimsvandring-till-santiago-de-compostela\/#breadcrumb","itemListElement":[{"@type":"ListItem","position":1,"name":"Hem","item":"https:\/\/blogg.svenskakyrkan.se\/ekumenik\/"},{"@type":"ListItem","position":2,"name":"Om v\u00e5r pilgrimsvandring till Santiago de Compostela"}]},{"@type":"WebSite","@id":"https:\/\/blogg.svenskakyrkan.se\/ekumenik\/#website","url":"https:\/\/blogg.svenskakyrkan.se\/ekumenik\/","name":"Ekumenikbloggen","description":"Svenska kyrkans blogg om ekumenik och interreligi\u00f6s samverkan","potentialAction":[{"@type":"SearchAction","target":{"@type":"EntryPoint","urlTemplate":"https:\/\/blogg.svenskakyrkan.se\/ekumenik\/?s={search_term_string}"},"query-input":{"@type":"PropertyValueSpecification","valueRequired":true,"valueName":"search_term_string"}}],"inLanguage":"sv-SE"},{"@type":"Person","@id":"https:\/\/blogg.svenskakyrkan.se\/ekumenik\/#\/schema\/person\/96db487035bb73d2648d484e987a5d68","name":"Jenny Sj\u00f6green","image":{"@type":"ImageObject","inLanguage":"sv-SE","@id":"https:\/\/blogg.svenskakyrkan.se\/ekumenik\/#\/schema\/person\/image\/","url":"https:\/\/secure.gravatar.com\/avatar\/7be688f8c33b393214e30bd919b1175794b873c0b8b86be60857b2eeecd1b5ae?s=96&d=mm&r=g","contentUrl":"https:\/\/secure.gravatar.com\/avatar\/7be688f8c33b393214e30bd919b1175794b873c0b8b86be60857b2eeecd1b5ae?s=96&d=mm&r=g","caption":"Jenny Sj\u00f6green"},"url":"https:\/\/blogg.svenskakyrkan.se\/ekumenik\/author\/ekumenik2\/"}]}},"author_meta":{"ID":"252","user_nicename":"ekumenik2","user_registered":"2013-01-15 09:56:44","display_name":"Jenny Sj\u00f6green","first_name":"Jenny","last_name":"Sj\u00f6green","avatar":"https:\/\/secure.gravatar.com\/avatar\/7be688f8c33b393214e30bd919b1175794b873c0b8b86be60857b2eeecd1b5ae?s=96&d=mm&r=g"},"featured_image":false,"bloginfo":{"name":"Ekumenikbloggen","url":"https:\/\/blogg.svenskakyrkan.se\/ekumenik"},"_links":{"self":[{"href":"https:\/\/blogg.svenskakyrkan.se\/ekumenik\/wp-json\/wp\/v2\/posts\/560","targetHints":{"allow":["GET"]}}],"collection":[{"href":"https:\/\/blogg.svenskakyrkan.se\/ekumenik\/wp-json\/wp\/v2\/posts"}],"about":[{"href":"https:\/\/blogg.svenskakyrkan.se\/ekumenik\/wp-json\/wp\/v2\/types\/post"}],"author":[{"embeddable":true,"href":"https:\/\/blogg.svenskakyrkan.se\/ekumenik\/wp-json\/wp\/v2\/users\/252"}],"replies":[{"embeddable":true,"href":"https:\/\/blogg.svenskakyrkan.se\/ekumenik\/wp-json\/wp\/v2\/comments?post=560"}],"version-history":[{"count":3,"href":"https:\/\/blogg.svenskakyrkan.se\/ekumenik\/wp-json\/wp\/v2\/posts\/560\/revisions"}],"predecessor-version":[{"id":567,"href":"https:\/\/blogg.svenskakyrkan.se\/ekumenik\/wp-json\/wp\/v2\/posts\/560\/revisions\/567"}],"wp:attachment":[{"href":"https:\/\/blogg.svenskakyrkan.se\/ekumenik\/wp-json\/wp\/v2\/media?parent=560"}],"wp:term":[{"taxonomy":"category","embeddable":true,"href":"https:\/\/blogg.svenskakyrkan.se\/ekumenik\/wp-json\/wp\/v2\/categories?post=560"},{"taxonomy":"post_tag","embeddable":true,"href":"https:\/\/blogg.svenskakyrkan.se\/ekumenik\/wp-json\/wp\/v2\/tags?post=560"}],"curies":[{"name":"wp","href":"https:\/\/api.w.org\/{rel}","templated":true}]}}