{"id":562,"date":"2015-09-23T22:32:54","date_gmt":"2015-09-23T20:32:54","guid":{"rendered":"http:\/\/blogg.svenskakyrkan.se\/ekumenik\/?p=562"},"modified":"2015-09-23T22:32:54","modified_gmt":"2015-09-23T20:32:54","slug":"att-hitta-gud-pa-vagen","status":"publish","type":"post","link":"https:\/\/blogg.svenskakyrkan.se\/ekumenik\/2015\/09\/23\/att-hitta-gud-pa-vagen\/","title":{"rendered":"Att hitta gud p\u00e5 v\u00e4gen"},"content":{"rendered":"<p><em><strong>Kristian Hjert\u00e9n var en av Svenska kyrkans tv\u00e5 unga vuxna som pilgrimsvandrade tillsammans med drygt 20 andra\u00a0fr\u00e5n <a href=\"http:\/\/www.porvoocommunion.org\/\">Borg\u00e5gemenskapen<\/a> fr\u00e5n Alleriz till Santiago de Compostela den 24-29\/8 2015. Temat f\u00f6r vandringen var &#8221;Jesus the fountain of living water in our pilgrimage of life&#8221;.<\/strong><\/em><\/p>\n<p>Vi vandrar alla p\u00e5 v\u00e5r egen stig som leder lite varstans beroende p\u00e5 vem som vandrar, med vilka direktiv och vem som ger direktiven. Trots att v\u00e5ra stigar ser otroligt olika ut s\u00e5 har vi alla pilar som liknar varandras.<\/p>\n<p>Under en vecka i Spanien tillsammans med m\u00e4nniskor fr\u00e5n sju l\u00e4nder fick vi uppleva vad det verkligen \u00e4r att vara kristen, trots olika bakgrunder. Genom att dela f\u00f6da, f\u00e4rd och ibland fruktansv\u00e4rd sm\u00e4rta (i f\u00f6tter och kn\u00e4n) kom vi varandra n\u00e4rmare p\u00e5 ett underbart s\u00e4tt.<\/p>\n<p>Detta var andra g\u00e5ngen jag sn\u00f6rade mina k\u00e4ngor, tog p\u00e5 mig ryggs\u00e4cken och vandrade de m\u00e5nga stegen mot Santiago de Compostela. Trots att omgivningen var ganska lik den som finns p\u00e5 den franska v\u00e4gen s\u00e5 blev den portugisiska n\u00e5got annorlunda just f\u00f6r att jag denna g\u00e5ng hade en grupp att vandra med. Inte nog med att det alltid fanns n\u00e5gon att prata med, det var \u00e4ven ett delande som trots den korta veckan tillsammans gjorde att vi kom varandra mycket n\u00e4ra. Ut\u00f6ver sj\u00e4lva vandringen fick vi ta del av traditioner unika f\u00f6r varje land, sovplats och kanske framf\u00f6r allt v\u00e5r syn p\u00e5 v\u00e5r kristna tro. Det blev ett delande p\u00e5 flera plan.<\/p>\n<p>R\u00e4tt s\u00e5 snart hittade man in i ett sammanhang, en rytm d\u00e4r man passade in och trivdes. S\u00e5 v\u00e4l i de olika takterna av stegen p\u00e5 v\u00e4gen som i diskussionerna fann man en plats att k\u00e4nna sig hemma p\u00e5. Denna k\u00e4nsla byggdes ytterligare p\u00e5 f\u00f6r mig d\u00e5 vi hade tv\u00e5 biskopar med oss, fr\u00e5n Spanien och Portugal, som var s\u00e5 personliga att man i vissa stunder undrade varf\u00f6r man inte har denna kontakt med biskoparna hemma.<\/p>\n<p>Om det s\u00e5 var att spela lite volleyboll tio minuter innan maten eller ta en v\u00e4lf\u00f6rtj\u00e4nt \u00f6l efter dagens strapats s\u00e5 fanns de d\u00e4r f\u00f6r att vara del av v\u00e5r Compostela (vandring).<\/p>\n<p>Att tillslut vandra in genom den gamla Arco de Mazarelos, porten in till Santiago de Compostela, var en otrolig lycka. Eftersom att delad gl\u00e4dje \u00e4r dubbel gl\u00e4dje var hum\u00f6ret p\u00e5 topp \u00e4ven om vissa f\u00f6tter och kn\u00e4n protesterat denna sista dag. St\u00e5endes framf\u00f6r katedralen \u00e5terigen, nu tv\u00e5 \u00e5r senare, mindes jag tillbaka p\u00e5 min gl\u00e4dje d\u00e5 och k\u00e4nde att denna g\u00e5ng var det annorlunda. Denna g\u00e5ng hade jag inte tagit mig igenom allt sj\u00e4lv utan delat \u00e4ventyret med vad jag nu anser mycket goda v\u00e4nner.<\/p>\n<p>Nog f\u00f6r att detta gav mig ov\u00e4rderlig erfarenhet, men vad ger detta tillbaka till gemenskapen h\u00e4r hemma?<\/p>\n<p>Efter denna resa, som inte bara var fysiskt, k\u00e4nner jag mig otroligt dragen till att skapa mer kontakt med personer som framf\u00f6r allt \u00e4r kristna och d\u00e5 fr\u00e4mst internationellt. Jag tror att ju mer vi delar med oss om vad vi tycker att tro \u00e4r, speciellt om det kombineras med ett gemensamt m\u00e5l som pilgrimsvandring, desto mer kommer vi att v\u00e4xa i v\u00e5r tro. Genom att f\u00e5 denna fantastiska inspiration kan jag f\u00f6rhoppningsvis p\u00e5verka andra att s\u00f6ka nya m\u00f6tesplatser och vidga sina vyer p\u00e5 flera plan.<\/p>\n<p>Slutligen, liksom f\u00f6r tv\u00e5 \u00e5r sedan b\u00e4r jag med mig tv\u00e5 saker:<\/p>\n<p>Var st\u00e4ndigt vaksam p\u00e5 guds pilar i livet och om du inte ser n\u00e5gra; lita p\u00e5 det sista direktivet han gav dig.<\/p>\n<p><a href=\"http:\/\/elkristiano.blogspot.se\/2013\/08\/dag-1-vidare.html\">L\u00e4nk till bloggen om min vandring 2013<\/a><\/p>\n<p><a href=\"http:\/\/blogg.svenskakyrkan.se\/ekumenik\/files\/2015\/09\/pil.jpg\"><img loading=\"lazy\" decoding=\"async\" class=\"aligncenter size-medium wp-image-563\" src=\"http:\/\/blogg.svenskakyrkan.se\/ekumenik\/files\/2015\/09\/pil-225x300.jpg\" alt=\"pil\" width=\"225\" height=\"300\" srcset=\"https:\/\/blogg.svenskakyrkan.se\/ekumenik\/files\/2015\/09\/pil-225x300.jpg 225w, https:\/\/blogg.svenskakyrkan.se\/ekumenik\/files\/2015\/09\/pil.jpg 720w\" sizes=\"auto, (max-width: 225px) 100vw, 225px\" \/><\/a><\/p>\n<p>&nbsp;<\/p>\n","protected":false},"excerpt":{"rendered":"<p>Kristian Hjert\u00e9n var en av Svenska kyrkans tv\u00e5 unga vuxna som pilgrimsvandrade tillsammans med drygt 20 andra\u00a0fr\u00e5n Borg\u00e5gemenskapen fr\u00e5n Alleriz till Santiago de Compostela den 24-29\/8 2015. Temat f\u00f6r vandringen var &#8221;Jesus the fountain of living water in our pilgrimage of life&#8221;. Vi vandrar alla p\u00e5 v\u00e5r egen stig som leder lite varstans beroende p\u00e5 [&hellip;]<\/p>\n","protected":false},"author":252,"featured_media":0,"comment_status":"open","ping_status":"open","sticky":false,"template":"","format":"standard","meta":{"_acf_changed":false,"footnotes":""},"categories":[17359],"tags":[],"class_list":["post-562","post","type-post","status-publish","format-standard","hentry","category-gastbloggare"],"acf":[],"yoast_head":"<!-- This site is optimized with the Yoast SEO plugin v27.1.1 - https:\/\/yoast.com\/product\/yoast-seo-wordpress\/ -->\n<title>Att hitta gud p\u00e5 v\u00e4gen - Ekumenikbloggen<\/title>\n<meta name=\"robots\" content=\"index, follow, max-snippet:-1, max-image-preview:large, max-video-preview:-1\" \/>\n<link rel=\"canonical\" href=\"https:\/\/blogg.svenskakyrkan.se\/ekumenik\/2015\/09\/23\/att-hitta-gud-pa-vagen\/\" \/>\n<meta property=\"og:locale\" content=\"sv_SE\" \/>\n<meta property=\"og:type\" content=\"article\" \/>\n<meta property=\"og:title\" content=\"Att hitta gud p\u00e5 v\u00e4gen - Ekumenikbloggen\" \/>\n<meta property=\"og:description\" content=\"Kristian Hjert\u00e9n var en av Svenska kyrkans tv\u00e5 unga vuxna som pilgrimsvandrade tillsammans med drygt 20 andra\u00a0fr\u00e5n Borg\u00e5gemenskapen fr\u00e5n Alleriz till Santiago de Compostela den 24-29\/8 2015. Temat f\u00f6r vandringen var &#8221;Jesus the fountain of living water in our pilgrimage of life&#8221;. Vi vandrar alla p\u00e5 v\u00e5r egen stig som leder lite varstans beroende p\u00e5 [&hellip;]\" \/>\n<meta property=\"og:url\" content=\"https:\/\/blogg.svenskakyrkan.se\/ekumenik\/2015\/09\/23\/att-hitta-gud-pa-vagen\/\" \/>\n<meta property=\"og:site_name\" content=\"Ekumenikbloggen\" \/>\n<meta property=\"article:published_time\" content=\"2015-09-23T20:32:54+00:00\" \/>\n<meta property=\"og:image\" content=\"http:\/\/blogg.svenskakyrkan.se\/ekumenik\/files\/2015\/09\/pil-225x300.jpg\" \/>\n<meta name=\"author\" content=\"Jenny Sj\u00f6green\" \/>\n<meta name=\"twitter:card\" content=\"summary_large_image\" \/>\n<meta name=\"twitter:label1\" content=\"Skriven av\" \/>\n\t<meta name=\"twitter:data1\" content=\"Jenny Sj\u00f6green\" \/>\n\t<meta name=\"twitter:label2\" content=\"Ber\u00e4knad l\u00e4stid\" \/>\n\t<meta name=\"twitter:data2\" content=\"3 minuter\" \/>\n<script type=\"application\/ld+json\" class=\"yoast-schema-graph\">{\"@context\":\"https:\/\/schema.org\",\"@graph\":[{\"@type\":\"Article\",\"@id\":\"https:\/\/blogg.svenskakyrkan.se\/ekumenik\/2015\/09\/23\/att-hitta-gud-pa-vagen\/#article\",\"isPartOf\":{\"@id\":\"https:\/\/blogg.svenskakyrkan.se\/ekumenik\/2015\/09\/23\/att-hitta-gud-pa-vagen\/\"},\"author\":{\"name\":\"Jenny Sj\u00f6green\",\"@id\":\"https:\/\/blogg.svenskakyrkan.se\/ekumenik\/#\/schema\/person\/96db487035bb73d2648d484e987a5d68\"},\"headline\":\"Att hitta gud p\u00e5 v\u00e4gen\",\"datePublished\":\"2015-09-23T20:32:54+00:00\",\"mainEntityOfPage\":{\"@id\":\"https:\/\/blogg.svenskakyrkan.se\/ekumenik\/2015\/09\/23\/att-hitta-gud-pa-vagen\/\"},\"wordCount\":662,\"commentCount\":0,\"image\":{\"@id\":\"https:\/\/blogg.svenskakyrkan.se\/ekumenik\/2015\/09\/23\/att-hitta-gud-pa-vagen\/#primaryimage\"},\"thumbnailUrl\":\"http:\/\/blogg.svenskakyrkan.se\/ekumenik\/files\/2015\/09\/pil-225x300.jpg\",\"articleSection\":[\"G\u00e4stbloggare\"],\"inLanguage\":\"sv-SE\",\"potentialAction\":[{\"@type\":\"CommentAction\",\"name\":\"Comment\",\"target\":[\"https:\/\/blogg.svenskakyrkan.se\/ekumenik\/2015\/09\/23\/att-hitta-gud-pa-vagen\/#respond\"]}]},{\"@type\":\"WebPage\",\"@id\":\"https:\/\/blogg.svenskakyrkan.se\/ekumenik\/2015\/09\/23\/att-hitta-gud-pa-vagen\/\",\"url\":\"https:\/\/blogg.svenskakyrkan.se\/ekumenik\/2015\/09\/23\/att-hitta-gud-pa-vagen\/\",\"name\":\"Att hitta gud p\u00e5 v\u00e4gen - Ekumenikbloggen\",\"isPartOf\":{\"@id\":\"https:\/\/blogg.svenskakyrkan.se\/ekumenik\/#website\"},\"primaryImageOfPage\":{\"@id\":\"https:\/\/blogg.svenskakyrkan.se\/ekumenik\/2015\/09\/23\/att-hitta-gud-pa-vagen\/#primaryimage\"},\"image\":{\"@id\":\"https:\/\/blogg.svenskakyrkan.se\/ekumenik\/2015\/09\/23\/att-hitta-gud-pa-vagen\/#primaryimage\"},\"thumbnailUrl\":\"http:\/\/blogg.svenskakyrkan.se\/ekumenik\/files\/2015\/09\/pil-225x300.jpg\",\"datePublished\":\"2015-09-23T20:32:54+00:00\",\"author\":{\"@id\":\"https:\/\/blogg.svenskakyrkan.se\/ekumenik\/#\/schema\/person\/96db487035bb73d2648d484e987a5d68\"},\"breadcrumb\":{\"@id\":\"https:\/\/blogg.svenskakyrkan.se\/ekumenik\/2015\/09\/23\/att-hitta-gud-pa-vagen\/#breadcrumb\"},\"inLanguage\":\"sv-SE\",\"potentialAction\":[{\"@type\":\"ReadAction\",\"target\":[\"https:\/\/blogg.svenskakyrkan.se\/ekumenik\/2015\/09\/23\/att-hitta-gud-pa-vagen\/\"]}]},{\"@type\":\"ImageObject\",\"inLanguage\":\"sv-SE\",\"@id\":\"https:\/\/blogg.svenskakyrkan.se\/ekumenik\/2015\/09\/23\/att-hitta-gud-pa-vagen\/#primaryimage\",\"url\":\"http:\/\/blogg.svenskakyrkan.se\/ekumenik\/files\/2015\/09\/pil-225x300.jpg\",\"contentUrl\":\"http:\/\/blogg.svenskakyrkan.se\/ekumenik\/files\/2015\/09\/pil-225x300.jpg\"},{\"@type\":\"BreadcrumbList\",\"@id\":\"https:\/\/blogg.svenskakyrkan.se\/ekumenik\/2015\/09\/23\/att-hitta-gud-pa-vagen\/#breadcrumb\",\"itemListElement\":[{\"@type\":\"ListItem\",\"position\":1,\"name\":\"Hem\",\"item\":\"https:\/\/blogg.svenskakyrkan.se\/ekumenik\/\"},{\"@type\":\"ListItem\",\"position\":2,\"name\":\"Att hitta gud p\u00e5 v\u00e4gen\"}]},{\"@type\":\"WebSite\",\"@id\":\"https:\/\/blogg.svenskakyrkan.se\/ekumenik\/#website\",\"url\":\"https:\/\/blogg.svenskakyrkan.se\/ekumenik\/\",\"name\":\"Ekumenikbloggen\",\"description\":\"Svenska kyrkans blogg om ekumenik och interreligi\u00f6s samverkan\",\"potentialAction\":[{\"@type\":\"SearchAction\",\"target\":{\"@type\":\"EntryPoint\",\"urlTemplate\":\"https:\/\/blogg.svenskakyrkan.se\/ekumenik\/?s={search_term_string}\"},\"query-input\":{\"@type\":\"PropertyValueSpecification\",\"valueRequired\":true,\"valueName\":\"search_term_string\"}}],\"inLanguage\":\"sv-SE\"},{\"@type\":\"Person\",\"@id\":\"https:\/\/blogg.svenskakyrkan.se\/ekumenik\/#\/schema\/person\/96db487035bb73d2648d484e987a5d68\",\"name\":\"Jenny Sj\u00f6green\",\"image\":{\"@type\":\"ImageObject\",\"inLanguage\":\"sv-SE\",\"@id\":\"https:\/\/blogg.svenskakyrkan.se\/ekumenik\/#\/schema\/person\/image\/\",\"url\":\"https:\/\/secure.gravatar.com\/avatar\/7be688f8c33b393214e30bd919b1175794b873c0b8b86be60857b2eeecd1b5ae?s=96&d=mm&r=g\",\"contentUrl\":\"https:\/\/secure.gravatar.com\/avatar\/7be688f8c33b393214e30bd919b1175794b873c0b8b86be60857b2eeecd1b5ae?s=96&d=mm&r=g\",\"caption\":\"Jenny Sj\u00f6green\"},\"url\":\"https:\/\/blogg.svenskakyrkan.se\/ekumenik\/author\/ekumenik2\/\"}]}<\/script>\n<!-- \/ Yoast SEO plugin. -->","yoast_head_json":{"title":"Att hitta gud p\u00e5 v\u00e4gen - Ekumenikbloggen","robots":{"index":"index","follow":"follow","max-snippet":"max-snippet:-1","max-image-preview":"max-image-preview:large","max-video-preview":"max-video-preview:-1"},"canonical":"https:\/\/blogg.svenskakyrkan.se\/ekumenik\/2015\/09\/23\/att-hitta-gud-pa-vagen\/","og_locale":"sv_SE","og_type":"article","og_title":"Att hitta gud p\u00e5 v\u00e4gen - Ekumenikbloggen","og_description":"Kristian Hjert\u00e9n var en av Svenska kyrkans tv\u00e5 unga vuxna som pilgrimsvandrade tillsammans med drygt 20 andra\u00a0fr\u00e5n Borg\u00e5gemenskapen fr\u00e5n Alleriz till Santiago de Compostela den 24-29\/8 2015. Temat f\u00f6r vandringen var &#8221;Jesus the fountain of living water in our pilgrimage of life&#8221;. Vi vandrar alla p\u00e5 v\u00e5r egen stig som leder lite varstans beroende p\u00e5 [&hellip;]","og_url":"https:\/\/blogg.svenskakyrkan.se\/ekumenik\/2015\/09\/23\/att-hitta-gud-pa-vagen\/","og_site_name":"Ekumenikbloggen","article_published_time":"2015-09-23T20:32:54+00:00","og_image":[{"url":"http:\/\/blogg.svenskakyrkan.se\/ekumenik\/files\/2015\/09\/pil-225x300.jpg","type":"","width":"","height":""}],"author":"Jenny Sj\u00f6green","twitter_card":"summary_large_image","twitter_misc":{"Skriven av":"Jenny Sj\u00f6green","Ber\u00e4knad l\u00e4stid":"3 minuter"},"schema":{"@context":"https:\/\/schema.org","@graph":[{"@type":"Article","@id":"https:\/\/blogg.svenskakyrkan.se\/ekumenik\/2015\/09\/23\/att-hitta-gud-pa-vagen\/#article","isPartOf":{"@id":"https:\/\/blogg.svenskakyrkan.se\/ekumenik\/2015\/09\/23\/att-hitta-gud-pa-vagen\/"},"author":{"name":"Jenny Sj\u00f6green","@id":"https:\/\/blogg.svenskakyrkan.se\/ekumenik\/#\/schema\/person\/96db487035bb73d2648d484e987a5d68"},"headline":"Att hitta gud p\u00e5 v\u00e4gen","datePublished":"2015-09-23T20:32:54+00:00","mainEntityOfPage":{"@id":"https:\/\/blogg.svenskakyrkan.se\/ekumenik\/2015\/09\/23\/att-hitta-gud-pa-vagen\/"},"wordCount":662,"commentCount":0,"image":{"@id":"https:\/\/blogg.svenskakyrkan.se\/ekumenik\/2015\/09\/23\/att-hitta-gud-pa-vagen\/#primaryimage"},"thumbnailUrl":"http:\/\/blogg.svenskakyrkan.se\/ekumenik\/files\/2015\/09\/pil-225x300.jpg","articleSection":["G\u00e4stbloggare"],"inLanguage":"sv-SE","potentialAction":[{"@type":"CommentAction","name":"Comment","target":["https:\/\/blogg.svenskakyrkan.se\/ekumenik\/2015\/09\/23\/att-hitta-gud-pa-vagen\/#respond"]}]},{"@type":"WebPage","@id":"https:\/\/blogg.svenskakyrkan.se\/ekumenik\/2015\/09\/23\/att-hitta-gud-pa-vagen\/","url":"https:\/\/blogg.svenskakyrkan.se\/ekumenik\/2015\/09\/23\/att-hitta-gud-pa-vagen\/","name":"Att hitta gud p\u00e5 v\u00e4gen - Ekumenikbloggen","isPartOf":{"@id":"https:\/\/blogg.svenskakyrkan.se\/ekumenik\/#website"},"primaryImageOfPage":{"@id":"https:\/\/blogg.svenskakyrkan.se\/ekumenik\/2015\/09\/23\/att-hitta-gud-pa-vagen\/#primaryimage"},"image":{"@id":"https:\/\/blogg.svenskakyrkan.se\/ekumenik\/2015\/09\/23\/att-hitta-gud-pa-vagen\/#primaryimage"},"thumbnailUrl":"http:\/\/blogg.svenskakyrkan.se\/ekumenik\/files\/2015\/09\/pil-225x300.jpg","datePublished":"2015-09-23T20:32:54+00:00","author":{"@id":"https:\/\/blogg.svenskakyrkan.se\/ekumenik\/#\/schema\/person\/96db487035bb73d2648d484e987a5d68"},"breadcrumb":{"@id":"https:\/\/blogg.svenskakyrkan.se\/ekumenik\/2015\/09\/23\/att-hitta-gud-pa-vagen\/#breadcrumb"},"inLanguage":"sv-SE","potentialAction":[{"@type":"ReadAction","target":["https:\/\/blogg.svenskakyrkan.se\/ekumenik\/2015\/09\/23\/att-hitta-gud-pa-vagen\/"]}]},{"@type":"ImageObject","inLanguage":"sv-SE","@id":"https:\/\/blogg.svenskakyrkan.se\/ekumenik\/2015\/09\/23\/att-hitta-gud-pa-vagen\/#primaryimage","url":"http:\/\/blogg.svenskakyrkan.se\/ekumenik\/files\/2015\/09\/pil-225x300.jpg","contentUrl":"http:\/\/blogg.svenskakyrkan.se\/ekumenik\/files\/2015\/09\/pil-225x300.jpg"},{"@type":"BreadcrumbList","@id":"https:\/\/blogg.svenskakyrkan.se\/ekumenik\/2015\/09\/23\/att-hitta-gud-pa-vagen\/#breadcrumb","itemListElement":[{"@type":"ListItem","position":1,"name":"Hem","item":"https:\/\/blogg.svenskakyrkan.se\/ekumenik\/"},{"@type":"ListItem","position":2,"name":"Att hitta gud p\u00e5 v\u00e4gen"}]},{"@type":"WebSite","@id":"https:\/\/blogg.svenskakyrkan.se\/ekumenik\/#website","url":"https:\/\/blogg.svenskakyrkan.se\/ekumenik\/","name":"Ekumenikbloggen","description":"Svenska kyrkans blogg om ekumenik och interreligi\u00f6s samverkan","potentialAction":[{"@type":"SearchAction","target":{"@type":"EntryPoint","urlTemplate":"https:\/\/blogg.svenskakyrkan.se\/ekumenik\/?s={search_term_string}"},"query-input":{"@type":"PropertyValueSpecification","valueRequired":true,"valueName":"search_term_string"}}],"inLanguage":"sv-SE"},{"@type":"Person","@id":"https:\/\/blogg.svenskakyrkan.se\/ekumenik\/#\/schema\/person\/96db487035bb73d2648d484e987a5d68","name":"Jenny Sj\u00f6green","image":{"@type":"ImageObject","inLanguage":"sv-SE","@id":"https:\/\/blogg.svenskakyrkan.se\/ekumenik\/#\/schema\/person\/image\/","url":"https:\/\/secure.gravatar.com\/avatar\/7be688f8c33b393214e30bd919b1175794b873c0b8b86be60857b2eeecd1b5ae?s=96&d=mm&r=g","contentUrl":"https:\/\/secure.gravatar.com\/avatar\/7be688f8c33b393214e30bd919b1175794b873c0b8b86be60857b2eeecd1b5ae?s=96&d=mm&r=g","caption":"Jenny Sj\u00f6green"},"url":"https:\/\/blogg.svenskakyrkan.se\/ekumenik\/author\/ekumenik2\/"}]}},"author_meta":{"ID":"252","user_nicename":"ekumenik2","user_registered":"2013-01-15 09:56:44","display_name":"Jenny Sj\u00f6green","first_name":"Jenny","last_name":"Sj\u00f6green","avatar":"https:\/\/secure.gravatar.com\/avatar\/7be688f8c33b393214e30bd919b1175794b873c0b8b86be60857b2eeecd1b5ae?s=96&d=mm&r=g"},"featured_image":false,"bloginfo":{"name":"Ekumenikbloggen","url":"https:\/\/blogg.svenskakyrkan.se\/ekumenik"},"_links":{"self":[{"href":"https:\/\/blogg.svenskakyrkan.se\/ekumenik\/wp-json\/wp\/v2\/posts\/562","targetHints":{"allow":["GET"]}}],"collection":[{"href":"https:\/\/blogg.svenskakyrkan.se\/ekumenik\/wp-json\/wp\/v2\/posts"}],"about":[{"href":"https:\/\/blogg.svenskakyrkan.se\/ekumenik\/wp-json\/wp\/v2\/types\/post"}],"author":[{"embeddable":true,"href":"https:\/\/blogg.svenskakyrkan.se\/ekumenik\/wp-json\/wp\/v2\/users\/252"}],"replies":[{"embeddable":true,"href":"https:\/\/blogg.svenskakyrkan.se\/ekumenik\/wp-json\/wp\/v2\/comments?post=562"}],"version-history":[{"count":1,"href":"https:\/\/blogg.svenskakyrkan.se\/ekumenik\/wp-json\/wp\/v2\/posts\/562\/revisions"}],"predecessor-version":[{"id":564,"href":"https:\/\/blogg.svenskakyrkan.se\/ekumenik\/wp-json\/wp\/v2\/posts\/562\/revisions\/564"}],"wp:attachment":[{"href":"https:\/\/blogg.svenskakyrkan.se\/ekumenik\/wp-json\/wp\/v2\/media?parent=562"}],"wp:term":[{"taxonomy":"category","embeddable":true,"href":"https:\/\/blogg.svenskakyrkan.se\/ekumenik\/wp-json\/wp\/v2\/categories?post=562"},{"taxonomy":"post_tag","embeddable":true,"href":"https:\/\/blogg.svenskakyrkan.se\/ekumenik\/wp-json\/wp\/v2\/tags?post=562"}],"curies":[{"name":"wp","href":"https:\/\/api.w.org\/{rel}","templated":true}]}}