{"id":582,"date":"2016-06-21T12:03:52","date_gmt":"2016-06-21T10:03:52","guid":{"rendered":"http:\/\/blogg.svenskakyrkan.se\/ekumenik\/?p=582"},"modified":"2016-06-21T12:13:05","modified_gmt":"2016-06-21T10:13:05","slug":"sista-dagen-for-lutherska-varldsforbundets-radsmote-i-wittenberg","status":"publish","type":"post","link":"https:\/\/blogg.svenskakyrkan.se\/ekumenik\/2016\/06\/21\/sista-dagen-for-lutherska-varldsforbundets-radsmote-i-wittenberg\/","title":{"rendered":"Sista dagen f\u00f6r Lutherska v\u00e4rldsf\u00f6rbundets r\u00e5dsm\u00f6te i Wittenberg"},"content":{"rendered":"<p><a href=\"http:\/\/blogg.svenskakyrkan.se\/ekumenik\/files\/2016\/06\/LWF-2016-e1466503977411.jpg\"><img loading=\"lazy\" decoding=\"async\" class=\"alignleft size-medium wp-image-584\" src=\"http:\/\/blogg.svenskakyrkan.se\/ekumenik\/files\/2016\/06\/LWF-2016-e1466503977411-225x300.jpg\" alt=\"LWF 2016\" width=\"225\" height=\"300\" srcset=\"https:\/\/blogg.svenskakyrkan.se\/ekumenik\/files\/2016\/06\/LWF-2016-e1466503977411-225x300.jpg 225w, https:\/\/blogg.svenskakyrkan.se\/ekumenik\/files\/2016\/06\/LWF-2016-e1466503977411.jpg 240w\" sizes=\"auto, (max-width: 225px) 100vw, 225px\" \/><\/a>Folk \u00e4r tr\u00f6tta nu. Det \u00e4r l\u00e5nga dagar. M\u00e5nga dokument. En m\u00e4ngd beslut. Men st\u00e4mningen \u00e4r god. G\u00e5rdagen bestod till stor del av att diskutera de politiska situationer medlemskyrkorna befinner sig i samt identifiera vilka uttalanden fr\u00e5n LVF:s r\u00e5dsm\u00f6te som kan vara till gagn f\u00f6r respektive medlemskyrka och vad vi som luthersk kristen gemenskap m\u00e5ste s\u00e4ga. Kyrkorna i Latinamerika uttryckte en stark oro \u00f6ver de anti-demokratiska str\u00f6mningar som\u00a0\u00f6kar i till exempel Brasilien och Venezuela. Kyrkan i Palestina lyfte sin kamp f\u00f6r \u00f6verlevnad i regionen. Den sv\u00e5raste diskussionen handlade om det \u201dpastoral letter\u201d som f\u00f6reslagits med anledning av attacken i Orlando. H\u00e4r g\u00e4ller det att h\u00e5lla huvudet kallt och tolka gener\u00f6st! N\u00e4r diskussionerna p\u00e5 ytan handlar om ordval men under ytan surrar kulturf\u00f6rst\u00e5else, koloniala strukturer, antropologi \u2013 syn p\u00e5 vad en m\u00e4nniska \u00e4r, synen p\u00e5 sexualitet, synen p\u00e5 kyrka, synen p\u00e5 makt, synen p\u00e5 normalitet. Som ofta i dessa sammanhang imponeras jag av viljan att inte pusha, viljan att inte g\u00e5 i klinch med, ett st\u00e4ndigt navigerande och balanserande av ordf\u00f6randen. Och jag njuter! Njuter av att finnas i ett sammanhang d\u00e4r str\u00e4van emot att f\u00f6rst\u00e5 och komma fram\u00e5t \u00e4r st\u00f6rre \u00e4n viljan att f\u00e5 r\u00e4tt och vinna. Vi \u00e4gnade s\u00e4kert 15 minuter \u00e5t att f\u00e5\u00a8orden \u201dJustice, forgiveness, peace and reconciliation\u201d i en ordningsf\u00f6ljd som alla kunde acceptera. Det ligger djup vishet i detta. Byt plats p\u00e5 orden och se vad som h\u00e4nder&#8230;<\/p>\n<p>Detta \u00e4r sista g\u00e5ngen detta r\u00e5dsm\u00f6te tr\u00e4ffas. I maj n\u00e4sta \u00e5r samlas LVF:s medlemkyrkor till generalf\u00f6rsamling i Windhoek, Namibia. D\u00e4r kommer ett nytt r\u00e5dsm\u00f6te v\u00e4ljas. Svenska kyrkans delegation till generalf\u00f6rsamlingen \u2013 utsedd av kyrkostyrelsen &#8211; best\u00e5r av f\u00f6ljande personer:<\/p>\n<p><strong><strong>Eva Bystr\u00f6m-Nordung, Johanna Garde, Mats Hagelin, Kristian Hjert\u00e9n, Antje Jackel\u00e9n, Wanja Lundby-Wedin, Fredrik Mod\u00e9us, Erik Olebark-Ringheim, Karin Rubenson, Sofia Strinnholm<\/strong><\/strong><\/p>\n<p>Nu inleds ett \u00e5r av f\u00f6reberedelser f\u00f6r denna grupp \u2013 och f\u00f6r oss som ska bist\u00e5 dem i deras uppdrag. Teologiska dokument ska l\u00e4sas och diskuteras, obekanta beslutsmetoder ska studeras, samtal ska f\u00f6ras kring hur vi som identifierar oss som evangeliska, reformatoriska, \u201dlutherska\u201d kristna i Sverige relaterar till LVF:s teman f\u00f6r 2017; <em>Befriad genom Guds n\u00e5d; Fr\u00e4lsning \u2013 inte till salu!, Skapelsen \u2013 inte till salu!, M\u00e4nniskan \u2013 Inte till salu!<\/em> \u00a0Under generalf\u00f6rsamlingen f\u00e5r medlemskyrkorna m\u00f6jlighet att bidra med sina lokala insikter och utmaningar och utifr\u00e5n medlemskyrkornas gemensamma vittnesb\u00f6rd skapas sedan Lutherska v\u00e4rldsf\u00f6rbundets strategi f\u00f6r de kommande 7 \u00e5ren.<\/p>\n<p>Om reformations\u00e5ret och dess teman kan man l\u00e4sa p\u00e5 Svenska kyrkans intran\u00e4t och p\u00e5 Lutherska v\u00e4rldsf\u00f6rbundets hemsida.<\/p>\n<p><a href=\"https:\/\/internwww.svenskakyrkan.se\/default.aspx?id=1268407\"><span style=\"text-decoration: underline\">https:\/\/internwww.svenskakyrkan.se\/default.aspx?id=1268407<\/span><\/a><\/p>\n<p><a href=\"https:\/\/www.lutheranworld.org\/reformation-2017\"><span style=\"text-decoration: underline\">https:\/\/www.lutheranworld.org\/reformation-2017<\/span><\/a><\/p>\n<p>Jag packar ihop min dator och min v\u00e4ska och \u00e5ker snart iv\u00e4g till flygplatsen. Det ska bli sk\u00f6nt att komma hem en stund. P\u00e5 torsdag ansluter jag till Kyrkornas v\u00e4rldsr\u00e5ds centralkommitt\u00e9-m\u00f6te som b\u00f6rjar i Trondheim idag. Ibland ger Herren i \u00f6verfl\u00f6d\u2026<\/p>\n<p>&nbsp;<\/p>\n<p>&nbsp;<\/p>\n","protected":false},"excerpt":{"rendered":"<p>Folk \u00e4r tr\u00f6tta nu. Det \u00e4r l\u00e5nga dagar. M\u00e5nga dokument. En m\u00e4ngd beslut. Men st\u00e4mningen \u00e4r god. G\u00e5rdagen bestod till stor del av att diskutera de politiska situationer medlemskyrkorna befinner sig i samt identifiera vilka uttalanden fr\u00e5n LVF:s r\u00e5dsm\u00f6te som kan vara till gagn f\u00f6r respektive medlemskyrka och vad vi som luthersk kristen gemenskap m\u00e5ste [&hellip;]<\/p>\n","protected":false},"author":67,"featured_media":0,"comment_status":"open","ping_status":"open","sticky":false,"template":"","format":"standard","meta":{"_acf_changed":false,"footnotes":""},"categories":[9],"tags":[],"class_list":["post-582","post","type-post","status-publish","format-standard","hentry","category-okategoriserade"],"acf":[],"yoast_head":"<!-- This site is optimized with the Yoast SEO plugin v27.1.1 - https:\/\/yoast.com\/product\/yoast-seo-wordpress\/ -->\n<title>Sista dagen f\u00f6r Lutherska v\u00e4rldsf\u00f6rbundets r\u00e5dsm\u00f6te i Wittenberg - Ekumenikbloggen<\/title>\n<meta name=\"robots\" content=\"index, follow, max-snippet:-1, max-image-preview:large, max-video-preview:-1\" \/>\n<link rel=\"canonical\" href=\"https:\/\/blogg.svenskakyrkan.se\/ekumenik\/2016\/06\/21\/sista-dagen-for-lutherska-varldsforbundets-radsmote-i-wittenberg\/\" \/>\n<meta property=\"og:locale\" content=\"sv_SE\" \/>\n<meta property=\"og:type\" content=\"article\" \/>\n<meta property=\"og:title\" content=\"Sista dagen f\u00f6r Lutherska v\u00e4rldsf\u00f6rbundets r\u00e5dsm\u00f6te i Wittenberg - Ekumenikbloggen\" \/>\n<meta property=\"og:description\" content=\"Folk \u00e4r tr\u00f6tta nu. Det \u00e4r l\u00e5nga dagar. M\u00e5nga dokument. En m\u00e4ngd beslut. Men st\u00e4mningen \u00e4r god. G\u00e5rdagen bestod till stor del av att diskutera de politiska situationer medlemskyrkorna befinner sig i samt identifiera vilka uttalanden fr\u00e5n LVF:s r\u00e5dsm\u00f6te som kan vara till gagn f\u00f6r respektive medlemskyrka och vad vi som luthersk kristen gemenskap m\u00e5ste [&hellip;]\" \/>\n<meta property=\"og:url\" content=\"https:\/\/blogg.svenskakyrkan.se\/ekumenik\/2016\/06\/21\/sista-dagen-for-lutherska-varldsforbundets-radsmote-i-wittenberg\/\" \/>\n<meta property=\"og:site_name\" content=\"Ekumenikbloggen\" \/>\n<meta property=\"article:published_time\" content=\"2016-06-21T10:03:52+00:00\" \/>\n<meta property=\"article:modified_time\" content=\"2016-06-21T10:13:05+00:00\" \/>\n<meta property=\"og:image\" content=\"http:\/\/blogg.svenskakyrkan.se\/ekumenik\/files\/2016\/06\/LWF-2016-e1466503977411-225x300.jpg\" \/>\n<meta name=\"author\" content=\"ekumenik\" \/>\n<meta name=\"twitter:card\" content=\"summary_large_image\" \/>\n<meta name=\"twitter:label1\" content=\"Skriven av\" \/>\n\t<meta name=\"twitter:data1\" content=\"ekumenik\" \/>\n\t<meta name=\"twitter:label2\" content=\"Ber\u00e4knad l\u00e4stid\" \/>\n\t<meta name=\"twitter:data2\" content=\"3 minuter\" \/>\n<script type=\"application\/ld+json\" class=\"yoast-schema-graph\">{\"@context\":\"https:\/\/schema.org\",\"@graph\":[{\"@type\":\"Article\",\"@id\":\"https:\/\/blogg.svenskakyrkan.se\/ekumenik\/2016\/06\/21\/sista-dagen-for-lutherska-varldsforbundets-radsmote-i-wittenberg\/#article\",\"isPartOf\":{\"@id\":\"https:\/\/blogg.svenskakyrkan.se\/ekumenik\/2016\/06\/21\/sista-dagen-for-lutherska-varldsforbundets-radsmote-i-wittenberg\/\"},\"author\":{\"name\":\"ekumenik\",\"@id\":\"https:\/\/blogg.svenskakyrkan.se\/ekumenik\/#\/schema\/person\/817704d50e6143f5fe55167e8e8f65de\"},\"headline\":\"Sista dagen f\u00f6r Lutherska v\u00e4rldsf\u00f6rbundets r\u00e5dsm\u00f6te i Wittenberg\",\"datePublished\":\"2016-06-21T10:03:52+00:00\",\"dateModified\":\"2016-06-21T10:13:05+00:00\",\"mainEntityOfPage\":{\"@id\":\"https:\/\/blogg.svenskakyrkan.se\/ekumenik\/2016\/06\/21\/sista-dagen-for-lutherska-varldsforbundets-radsmote-i-wittenberg\/\"},\"wordCount\":554,\"commentCount\":0,\"image\":{\"@id\":\"https:\/\/blogg.svenskakyrkan.se\/ekumenik\/2016\/06\/21\/sista-dagen-for-lutherska-varldsforbundets-radsmote-i-wittenberg\/#primaryimage\"},\"thumbnailUrl\":\"http:\/\/blogg.svenskakyrkan.se\/ekumenik\/files\/2016\/06\/LWF-2016-e1466503977411-225x300.jpg\",\"inLanguage\":\"sv-SE\",\"potentialAction\":[{\"@type\":\"CommentAction\",\"name\":\"Comment\",\"target\":[\"https:\/\/blogg.svenskakyrkan.se\/ekumenik\/2016\/06\/21\/sista-dagen-for-lutherska-varldsforbundets-radsmote-i-wittenberg\/#respond\"]}]},{\"@type\":\"WebPage\",\"@id\":\"https:\/\/blogg.svenskakyrkan.se\/ekumenik\/2016\/06\/21\/sista-dagen-for-lutherska-varldsforbundets-radsmote-i-wittenberg\/\",\"url\":\"https:\/\/blogg.svenskakyrkan.se\/ekumenik\/2016\/06\/21\/sista-dagen-for-lutherska-varldsforbundets-radsmote-i-wittenberg\/\",\"name\":\"Sista dagen f\u00f6r Lutherska v\u00e4rldsf\u00f6rbundets r\u00e5dsm\u00f6te i Wittenberg - Ekumenikbloggen\",\"isPartOf\":{\"@id\":\"https:\/\/blogg.svenskakyrkan.se\/ekumenik\/#website\"},\"primaryImageOfPage\":{\"@id\":\"https:\/\/blogg.svenskakyrkan.se\/ekumenik\/2016\/06\/21\/sista-dagen-for-lutherska-varldsforbundets-radsmote-i-wittenberg\/#primaryimage\"},\"image\":{\"@id\":\"https:\/\/blogg.svenskakyrkan.se\/ekumenik\/2016\/06\/21\/sista-dagen-for-lutherska-varldsforbundets-radsmote-i-wittenberg\/#primaryimage\"},\"thumbnailUrl\":\"http:\/\/blogg.svenskakyrkan.se\/ekumenik\/files\/2016\/06\/LWF-2016-e1466503977411-225x300.jpg\",\"datePublished\":\"2016-06-21T10:03:52+00:00\",\"dateModified\":\"2016-06-21T10:13:05+00:00\",\"author\":{\"@id\":\"https:\/\/blogg.svenskakyrkan.se\/ekumenik\/#\/schema\/person\/817704d50e6143f5fe55167e8e8f65de\"},\"breadcrumb\":{\"@id\":\"https:\/\/blogg.svenskakyrkan.se\/ekumenik\/2016\/06\/21\/sista-dagen-for-lutherska-varldsforbundets-radsmote-i-wittenberg\/#breadcrumb\"},\"inLanguage\":\"sv-SE\",\"potentialAction\":[{\"@type\":\"ReadAction\",\"target\":[\"https:\/\/blogg.svenskakyrkan.se\/ekumenik\/2016\/06\/21\/sista-dagen-for-lutherska-varldsforbundets-radsmote-i-wittenberg\/\"]}]},{\"@type\":\"ImageObject\",\"inLanguage\":\"sv-SE\",\"@id\":\"https:\/\/blogg.svenskakyrkan.se\/ekumenik\/2016\/06\/21\/sista-dagen-for-lutherska-varldsforbundets-radsmote-i-wittenberg\/#primaryimage\",\"url\":\"http:\/\/blogg.svenskakyrkan.se\/ekumenik\/files\/2016\/06\/LWF-2016-e1466503977411-225x300.jpg\",\"contentUrl\":\"http:\/\/blogg.svenskakyrkan.se\/ekumenik\/files\/2016\/06\/LWF-2016-e1466503977411-225x300.jpg\"},{\"@type\":\"BreadcrumbList\",\"@id\":\"https:\/\/blogg.svenskakyrkan.se\/ekumenik\/2016\/06\/21\/sista-dagen-for-lutherska-varldsforbundets-radsmote-i-wittenberg\/#breadcrumb\",\"itemListElement\":[{\"@type\":\"ListItem\",\"position\":1,\"name\":\"Hem\",\"item\":\"https:\/\/blogg.svenskakyrkan.se\/ekumenik\/\"},{\"@type\":\"ListItem\",\"position\":2,\"name\":\"Sista dagen f\u00f6r Lutherska v\u00e4rldsf\u00f6rbundets r\u00e5dsm\u00f6te i Wittenberg\"}]},{\"@type\":\"WebSite\",\"@id\":\"https:\/\/blogg.svenskakyrkan.se\/ekumenik\/#website\",\"url\":\"https:\/\/blogg.svenskakyrkan.se\/ekumenik\/\",\"name\":\"Ekumenikbloggen\",\"description\":\"Svenska kyrkans blogg om ekumenik och interreligi\u00f6s samverkan\",\"potentialAction\":[{\"@type\":\"SearchAction\",\"target\":{\"@type\":\"EntryPoint\",\"urlTemplate\":\"https:\/\/blogg.svenskakyrkan.se\/ekumenik\/?s={search_term_string}\"},\"query-input\":{\"@type\":\"PropertyValueSpecification\",\"valueRequired\":true,\"valueName\":\"search_term_string\"}}],\"inLanguage\":\"sv-SE\"},{\"@type\":\"Person\",\"@id\":\"https:\/\/blogg.svenskakyrkan.se\/ekumenik\/#\/schema\/person\/817704d50e6143f5fe55167e8e8f65de\",\"name\":\"ekumenik\",\"image\":{\"@type\":\"ImageObject\",\"inLanguage\":\"sv-SE\",\"@id\":\"https:\/\/blogg.svenskakyrkan.se\/ekumenik\/#\/schema\/person\/image\/\",\"url\":\"https:\/\/secure.gravatar.com\/avatar\/3f31adc01e10688ff020103b2f9bfe5c81b619fe6460f41870929903f56bdae7?s=96&d=mm&r=g\",\"contentUrl\":\"https:\/\/secure.gravatar.com\/avatar\/3f31adc01e10688ff020103b2f9bfe5c81b619fe6460f41870929903f56bdae7?s=96&d=mm&r=g\",\"caption\":\"ekumenik\"},\"url\":\"https:\/\/blogg.svenskakyrkan.se\/ekumenik\/author\/ekumenik\/\"}]}<\/script>\n<!-- \/ Yoast SEO plugin. -->","yoast_head_json":{"title":"Sista dagen f\u00f6r Lutherska v\u00e4rldsf\u00f6rbundets r\u00e5dsm\u00f6te i Wittenberg - Ekumenikbloggen","robots":{"index":"index","follow":"follow","max-snippet":"max-snippet:-1","max-image-preview":"max-image-preview:large","max-video-preview":"max-video-preview:-1"},"canonical":"https:\/\/blogg.svenskakyrkan.se\/ekumenik\/2016\/06\/21\/sista-dagen-for-lutherska-varldsforbundets-radsmote-i-wittenberg\/","og_locale":"sv_SE","og_type":"article","og_title":"Sista dagen f\u00f6r Lutherska v\u00e4rldsf\u00f6rbundets r\u00e5dsm\u00f6te i Wittenberg - Ekumenikbloggen","og_description":"Folk \u00e4r tr\u00f6tta nu. Det \u00e4r l\u00e5nga dagar. M\u00e5nga dokument. En m\u00e4ngd beslut. Men st\u00e4mningen \u00e4r god. G\u00e5rdagen bestod till stor del av att diskutera de politiska situationer medlemskyrkorna befinner sig i samt identifiera vilka uttalanden fr\u00e5n LVF:s r\u00e5dsm\u00f6te som kan vara till gagn f\u00f6r respektive medlemskyrka och vad vi som luthersk kristen gemenskap m\u00e5ste [&hellip;]","og_url":"https:\/\/blogg.svenskakyrkan.se\/ekumenik\/2016\/06\/21\/sista-dagen-for-lutherska-varldsforbundets-radsmote-i-wittenberg\/","og_site_name":"Ekumenikbloggen","article_published_time":"2016-06-21T10:03:52+00:00","article_modified_time":"2016-06-21T10:13:05+00:00","og_image":[{"url":"http:\/\/blogg.svenskakyrkan.se\/ekumenik\/files\/2016\/06\/LWF-2016-e1466503977411-225x300.jpg","type":"","width":"","height":""}],"author":"ekumenik","twitter_card":"summary_large_image","twitter_misc":{"Skriven av":"ekumenik","Ber\u00e4knad l\u00e4stid":"3 minuter"},"schema":{"@context":"https:\/\/schema.org","@graph":[{"@type":"Article","@id":"https:\/\/blogg.svenskakyrkan.se\/ekumenik\/2016\/06\/21\/sista-dagen-for-lutherska-varldsforbundets-radsmote-i-wittenberg\/#article","isPartOf":{"@id":"https:\/\/blogg.svenskakyrkan.se\/ekumenik\/2016\/06\/21\/sista-dagen-for-lutherska-varldsforbundets-radsmote-i-wittenberg\/"},"author":{"name":"ekumenik","@id":"https:\/\/blogg.svenskakyrkan.se\/ekumenik\/#\/schema\/person\/817704d50e6143f5fe55167e8e8f65de"},"headline":"Sista dagen f\u00f6r Lutherska v\u00e4rldsf\u00f6rbundets r\u00e5dsm\u00f6te i Wittenberg","datePublished":"2016-06-21T10:03:52+00:00","dateModified":"2016-06-21T10:13:05+00:00","mainEntityOfPage":{"@id":"https:\/\/blogg.svenskakyrkan.se\/ekumenik\/2016\/06\/21\/sista-dagen-for-lutherska-varldsforbundets-radsmote-i-wittenberg\/"},"wordCount":554,"commentCount":0,"image":{"@id":"https:\/\/blogg.svenskakyrkan.se\/ekumenik\/2016\/06\/21\/sista-dagen-for-lutherska-varldsforbundets-radsmote-i-wittenberg\/#primaryimage"},"thumbnailUrl":"http:\/\/blogg.svenskakyrkan.se\/ekumenik\/files\/2016\/06\/LWF-2016-e1466503977411-225x300.jpg","inLanguage":"sv-SE","potentialAction":[{"@type":"CommentAction","name":"Comment","target":["https:\/\/blogg.svenskakyrkan.se\/ekumenik\/2016\/06\/21\/sista-dagen-for-lutherska-varldsforbundets-radsmote-i-wittenberg\/#respond"]}]},{"@type":"WebPage","@id":"https:\/\/blogg.svenskakyrkan.se\/ekumenik\/2016\/06\/21\/sista-dagen-for-lutherska-varldsforbundets-radsmote-i-wittenberg\/","url":"https:\/\/blogg.svenskakyrkan.se\/ekumenik\/2016\/06\/21\/sista-dagen-for-lutherska-varldsforbundets-radsmote-i-wittenberg\/","name":"Sista dagen f\u00f6r Lutherska v\u00e4rldsf\u00f6rbundets r\u00e5dsm\u00f6te i Wittenberg - Ekumenikbloggen","isPartOf":{"@id":"https:\/\/blogg.svenskakyrkan.se\/ekumenik\/#website"},"primaryImageOfPage":{"@id":"https:\/\/blogg.svenskakyrkan.se\/ekumenik\/2016\/06\/21\/sista-dagen-for-lutherska-varldsforbundets-radsmote-i-wittenberg\/#primaryimage"},"image":{"@id":"https:\/\/blogg.svenskakyrkan.se\/ekumenik\/2016\/06\/21\/sista-dagen-for-lutherska-varldsforbundets-radsmote-i-wittenberg\/#primaryimage"},"thumbnailUrl":"http:\/\/blogg.svenskakyrkan.se\/ekumenik\/files\/2016\/06\/LWF-2016-e1466503977411-225x300.jpg","datePublished":"2016-06-21T10:03:52+00:00","dateModified":"2016-06-21T10:13:05+00:00","author":{"@id":"https:\/\/blogg.svenskakyrkan.se\/ekumenik\/#\/schema\/person\/817704d50e6143f5fe55167e8e8f65de"},"breadcrumb":{"@id":"https:\/\/blogg.svenskakyrkan.se\/ekumenik\/2016\/06\/21\/sista-dagen-for-lutherska-varldsforbundets-radsmote-i-wittenberg\/#breadcrumb"},"inLanguage":"sv-SE","potentialAction":[{"@type":"ReadAction","target":["https:\/\/blogg.svenskakyrkan.se\/ekumenik\/2016\/06\/21\/sista-dagen-for-lutherska-varldsforbundets-radsmote-i-wittenberg\/"]}]},{"@type":"ImageObject","inLanguage":"sv-SE","@id":"https:\/\/blogg.svenskakyrkan.se\/ekumenik\/2016\/06\/21\/sista-dagen-for-lutherska-varldsforbundets-radsmote-i-wittenberg\/#primaryimage","url":"http:\/\/blogg.svenskakyrkan.se\/ekumenik\/files\/2016\/06\/LWF-2016-e1466503977411-225x300.jpg","contentUrl":"http:\/\/blogg.svenskakyrkan.se\/ekumenik\/files\/2016\/06\/LWF-2016-e1466503977411-225x300.jpg"},{"@type":"BreadcrumbList","@id":"https:\/\/blogg.svenskakyrkan.se\/ekumenik\/2016\/06\/21\/sista-dagen-for-lutherska-varldsforbundets-radsmote-i-wittenberg\/#breadcrumb","itemListElement":[{"@type":"ListItem","position":1,"name":"Hem","item":"https:\/\/blogg.svenskakyrkan.se\/ekumenik\/"},{"@type":"ListItem","position":2,"name":"Sista dagen f\u00f6r Lutherska v\u00e4rldsf\u00f6rbundets r\u00e5dsm\u00f6te i Wittenberg"}]},{"@type":"WebSite","@id":"https:\/\/blogg.svenskakyrkan.se\/ekumenik\/#website","url":"https:\/\/blogg.svenskakyrkan.se\/ekumenik\/","name":"Ekumenikbloggen","description":"Svenska kyrkans blogg om ekumenik och interreligi\u00f6s samverkan","potentialAction":[{"@type":"SearchAction","target":{"@type":"EntryPoint","urlTemplate":"https:\/\/blogg.svenskakyrkan.se\/ekumenik\/?s={search_term_string}"},"query-input":{"@type":"PropertyValueSpecification","valueRequired":true,"valueName":"search_term_string"}}],"inLanguage":"sv-SE"},{"@type":"Person","@id":"https:\/\/blogg.svenskakyrkan.se\/ekumenik\/#\/schema\/person\/817704d50e6143f5fe55167e8e8f65de","name":"ekumenik","image":{"@type":"ImageObject","inLanguage":"sv-SE","@id":"https:\/\/blogg.svenskakyrkan.se\/ekumenik\/#\/schema\/person\/image\/","url":"https:\/\/secure.gravatar.com\/avatar\/3f31adc01e10688ff020103b2f9bfe5c81b619fe6460f41870929903f56bdae7?s=96&d=mm&r=g","contentUrl":"https:\/\/secure.gravatar.com\/avatar\/3f31adc01e10688ff020103b2f9bfe5c81b619fe6460f41870929903f56bdae7?s=96&d=mm&r=g","caption":"ekumenik"},"url":"https:\/\/blogg.svenskakyrkan.se\/ekumenik\/author\/ekumenik\/"}]}},"author_meta":{"ID":"67","user_nicename":"ekumenik","user_registered":"2011-05-12 11:53:22","display_name":"ekumenik","first_name":"Ekumenikenheten","last_name":".","avatar":"https:\/\/secure.gravatar.com\/avatar\/3f31adc01e10688ff020103b2f9bfe5c81b619fe6460f41870929903f56bdae7?s=96&d=mm&r=g"},"featured_image":false,"bloginfo":{"name":"Ekumenikbloggen","url":"https:\/\/blogg.svenskakyrkan.se\/ekumenik"},"_links":{"self":[{"href":"https:\/\/blogg.svenskakyrkan.se\/ekumenik\/wp-json\/wp\/v2\/posts\/582","targetHints":{"allow":["GET"]}}],"collection":[{"href":"https:\/\/blogg.svenskakyrkan.se\/ekumenik\/wp-json\/wp\/v2\/posts"}],"about":[{"href":"https:\/\/blogg.svenskakyrkan.se\/ekumenik\/wp-json\/wp\/v2\/types\/post"}],"author":[{"embeddable":true,"href":"https:\/\/blogg.svenskakyrkan.se\/ekumenik\/wp-json\/wp\/v2\/users\/67"}],"replies":[{"embeddable":true,"href":"https:\/\/blogg.svenskakyrkan.se\/ekumenik\/wp-json\/wp\/v2\/comments?post=582"}],"version-history":[{"count":2,"href":"https:\/\/blogg.svenskakyrkan.se\/ekumenik\/wp-json\/wp\/v2\/posts\/582\/revisions"}],"predecessor-version":[{"id":585,"href":"https:\/\/blogg.svenskakyrkan.se\/ekumenik\/wp-json\/wp\/v2\/posts\/582\/revisions\/585"}],"wp:attachment":[{"href":"https:\/\/blogg.svenskakyrkan.se\/ekumenik\/wp-json\/wp\/v2\/media?parent=582"}],"wp:term":[{"taxonomy":"category","embeddable":true,"href":"https:\/\/blogg.svenskakyrkan.se\/ekumenik\/wp-json\/wp\/v2\/categories?post=582"},{"taxonomy":"post_tag","embeddable":true,"href":"https:\/\/blogg.svenskakyrkan.se\/ekumenik\/wp-json\/wp\/v2\/tags?post=582"}],"curies":[{"name":"wp","href":"https:\/\/api.w.org\/{rel}","templated":true}]}}