{"id":625,"date":"2018-04-26T15:23:33","date_gmt":"2018-04-26T13:23:33","guid":{"rendered":"http:\/\/blogg.svenskakyrkan.se\/ekumenik\/?p=625"},"modified":"2018-04-26T15:37:21","modified_gmt":"2018-04-26T13:37:21","slug":"en-kristen-apostolisk-och-forfoljd-kyrka","status":"publish","type":"post","link":"https:\/\/blogg.svenskakyrkan.se\/ekumenik\/2018\/04\/26\/en-kristen-apostolisk-och-forfoljd-kyrka\/","title":{"rendered":"En kristen, apostolisk och f\u00f6rf\u00f6ljd kyrka"},"content":{"rendered":"<p>Att vara f\u00f6rf\u00f6ljd \u00e4r en del av den kristna identiteten, s\u00e4ger den syrisk-ortodoxa patriarken Mor Ignatius Aphrem II. \u201cChristianity is not welcomed in the world because it puts people out of their comfort zone. It challenges their worldly philosophical convictions with the simplicity of faith,\u201d\u00a0s\u00e4ger den Aleppobaserade patriarken.\u00a0 P\u00e5 andra dagen av GCF h\u00e5ller vi i\u00a0en minnestund till minnet av\u00a0den syrisk-ortodoxa \u00e4rkebiskopen\u00a0Mor Gregorius Youhanna Ibrahim som f\u00f6rsvann i Syrien f\u00f6r fem \u00e5r sedan\u00a0tillsammans med den grekisk-ortodoxa \u00e4rkebiskopen i Aleppo Boulos Yazjy.\u00a0 Ingen vet fortfarande\u00a0vad som h\u00e4nde med dem.<\/p>\n<p>Kristna i hela v\u00e4rlden f\u00f6rf\u00f6ljs p\u00e5 grund av\u00a0sin tro, men \u00e4ven om man inte lyder av f\u00f6rf\u00f6ljelse i den strikta bem\u00e4rkelsen, att vara kristen \u00e4r att vara martyr. Att vittna om den radikale Jesus Kristus \u00e4r att vara beredd att ge sitt liv f\u00f6r honom. I Colombia, till exempel, \u00a0d\u00f6das kristna m\u00e4nniskor\u00e4ttsaktivister varje vecka.<\/p>\n<p>I Tirana 2015 \u00e4gde rum\u00a0en GCF-\u00a0konsultation om de kristnas f\u00f6rf\u00f6ljelse under mottot <em>Discrimination, Persecution, Martyrdom: Following Christ<\/em> <em>Together.<\/em> Kristna fr\u00e5n hela v\u00e4rden tr\u00e4ffades f\u00f6r att ber\u00e4tta om sina egna erfarenheter av f\u00f6rf\u00f6ljelse och f\u00f6r att solidarisera sig med varandra. Ett slutdokument fr\u00e5n konsultationen finns i l\u00e4nken nedan.<\/p>\n<p>Men hur \u00e4r det f\u00f6r oss kristna i Sverige? Vad betyder att vara kristen i v\u00e5rt samh\u00e4lle och att v\u00e5ga st\u00e5 f\u00f6r r\u00e4ttvisans sida? Vilka erfarenheter b\u00e4r vi med oss av att bli bem\u00f6tt med ilska efter ett uttalande i media eller en h\u00e4ndelse? Det \u00e4r v\u00e4rt att fundera&#8230;<\/p>\n<p>L\u00e4nk till Mor Ignatius Aphrems tal: <a href=\"http:\/\/syriacpatriarchate.org\/2018\/04\/following-christ-together-in-discrimination-persecution-martyrdom-what-does-this-mean-for-the-global-church-today\/\">http:\/\/syriacpatriarchate.org\/2018\/04\/following-christ-together-in-discrimination-persecution-martyrdom-what-does-this-mean-for-the-global-church-today\/<\/a><\/p>\n<p>L\u00e4nk till slutdokument fr\u00e5n Tirana: <a href=\"http:\/\/www.worldea.org\/pdf\/GCF%20Full%20Message.pdf\">http:\/\/www.worldea.org\/pdf\/GCF%20Full%20Message.pdf<\/a><\/p>\n","protected":false},"excerpt":{"rendered":"<p>Att vara f\u00f6rf\u00f6ljd \u00e4r en del av den kristna identiteten, s\u00e4ger den syrisk-ortodoxa patriarken Mor Ignatius Aphrem II. \u201cChristianity is not welcomed in the world because it puts people out of their comfort zone. It challenges their worldly philosophical convictions with the simplicity of faith,\u201d\u00a0s\u00e4ger den Aleppobaserade patriarken.\u00a0 P\u00e5 andra dagen av GCF h\u00e5ller vi [&hellip;]<\/p>\n","protected":false},"author":206,"featured_media":627,"comment_status":"open","ping_status":"open","sticky":false,"template":"","format":"standard","meta":{"_acf_changed":false,"footnotes":""},"categories":[9],"tags":[],"class_list":["post-625","post","type-post","status-publish","format-standard","has-post-thumbnail","hentry","category-okategoriserade"],"acf":[],"yoast_head":"<!-- This site is optimized with the Yoast SEO plugin v27.1.1 - https:\/\/yoast.com\/product\/yoast-seo-wordpress\/ -->\n<title>En kristen, apostolisk och f\u00f6rf\u00f6ljd kyrka - Ekumenikbloggen<\/title>\n<meta name=\"robots\" content=\"index, follow, max-snippet:-1, max-image-preview:large, max-video-preview:-1\" \/>\n<link rel=\"canonical\" href=\"https:\/\/blogg.svenskakyrkan.se\/ekumenik\/2018\/04\/26\/en-kristen-apostolisk-och-forfoljd-kyrka\/\" \/>\n<meta property=\"og:locale\" content=\"sv_SE\" \/>\n<meta property=\"og:type\" content=\"article\" \/>\n<meta property=\"og:title\" content=\"En kristen, apostolisk och f\u00f6rf\u00f6ljd kyrka - Ekumenikbloggen\" \/>\n<meta property=\"og:description\" content=\"Att vara f\u00f6rf\u00f6ljd \u00e4r en del av den kristna identiteten, s\u00e4ger den syrisk-ortodoxa patriarken Mor Ignatius Aphrem II. \u201cChristianity is not welcomed in the world because it puts people out of their comfort zone. It challenges their worldly philosophical convictions with the simplicity of faith,\u201d\u00a0s\u00e4ger den Aleppobaserade patriarken.\u00a0 P\u00e5 andra dagen av GCF h\u00e5ller vi [&hellip;]\" \/>\n<meta property=\"og:url\" content=\"https:\/\/blogg.svenskakyrkan.se\/ekumenik\/2018\/04\/26\/en-kristen-apostolisk-och-forfoljd-kyrka\/\" \/>\n<meta property=\"og:site_name\" content=\"Ekumenikbloggen\" \/>\n<meta property=\"article:published_time\" content=\"2018-04-26T13:23:33+00:00\" \/>\n<meta property=\"article:modified_time\" content=\"2018-04-26T13:37:21+00:00\" \/>\n<meta name=\"author\" content=\"Adriana Gastellu Camp\" \/>\n<meta name=\"twitter:card\" content=\"summary_large_image\" \/>\n<meta name=\"twitter:label1\" content=\"Skriven av\" \/>\n\t<meta name=\"twitter:data1\" content=\"Adriana Gastellu Camp\" \/>\n\t<meta name=\"twitter:label2\" content=\"Ber\u00e4knad l\u00e4stid\" \/>\n\t<meta name=\"twitter:data2\" content=\"2 minuter\" \/>\n<script type=\"application\/ld+json\" class=\"yoast-schema-graph\">{\"@context\":\"https:\/\/schema.org\",\"@graph\":[{\"@type\":\"Article\",\"@id\":\"https:\/\/blogg.svenskakyrkan.se\/ekumenik\/2018\/04\/26\/en-kristen-apostolisk-och-forfoljd-kyrka\/#article\",\"isPartOf\":{\"@id\":\"https:\/\/blogg.svenskakyrkan.se\/ekumenik\/2018\/04\/26\/en-kristen-apostolisk-och-forfoljd-kyrka\/\"},\"author\":{\"name\":\"Adriana Gastellu Camp\",\"@id\":\"https:\/\/blogg.svenskakyrkan.se\/ekumenik\/#\/schema\/person\/3b4412e20cda2b62761ce6e7a0f3442d\"},\"headline\":\"En kristen, apostolisk och f\u00f6rf\u00f6ljd kyrka\",\"datePublished\":\"2018-04-26T13:23:33+00:00\",\"dateModified\":\"2018-04-26T13:37:21+00:00\",\"mainEntityOfPage\":{\"@id\":\"https:\/\/blogg.svenskakyrkan.se\/ekumenik\/2018\/04\/26\/en-kristen-apostolisk-och-forfoljd-kyrka\/\"},\"wordCount\":321,\"commentCount\":0,\"image\":{\"@id\":\"https:\/\/blogg.svenskakyrkan.se\/ekumenik\/2018\/04\/26\/en-kristen-apostolisk-och-forfoljd-kyrka\/#primaryimage\"},\"thumbnailUrl\":\"https:\/\/blogg.svenskakyrkan.se\/ekumenik\/files\/2018\/04\/Syrisk-ortodox-patriark.jpg\",\"inLanguage\":\"sv-SE\",\"potentialAction\":[{\"@type\":\"CommentAction\",\"name\":\"Comment\",\"target\":[\"https:\/\/blogg.svenskakyrkan.se\/ekumenik\/2018\/04\/26\/en-kristen-apostolisk-och-forfoljd-kyrka\/#respond\"]}]},{\"@type\":\"WebPage\",\"@id\":\"https:\/\/blogg.svenskakyrkan.se\/ekumenik\/2018\/04\/26\/en-kristen-apostolisk-och-forfoljd-kyrka\/\",\"url\":\"https:\/\/blogg.svenskakyrkan.se\/ekumenik\/2018\/04\/26\/en-kristen-apostolisk-och-forfoljd-kyrka\/\",\"name\":\"En kristen, apostolisk och f\u00f6rf\u00f6ljd kyrka - Ekumenikbloggen\",\"isPartOf\":{\"@id\":\"https:\/\/blogg.svenskakyrkan.se\/ekumenik\/#website\"},\"primaryImageOfPage\":{\"@id\":\"https:\/\/blogg.svenskakyrkan.se\/ekumenik\/2018\/04\/26\/en-kristen-apostolisk-och-forfoljd-kyrka\/#primaryimage\"},\"image\":{\"@id\":\"https:\/\/blogg.svenskakyrkan.se\/ekumenik\/2018\/04\/26\/en-kristen-apostolisk-och-forfoljd-kyrka\/#primaryimage\"},\"thumbnailUrl\":\"https:\/\/blogg.svenskakyrkan.se\/ekumenik\/files\/2018\/04\/Syrisk-ortodox-patriark.jpg\",\"datePublished\":\"2018-04-26T13:23:33+00:00\",\"dateModified\":\"2018-04-26T13:37:21+00:00\",\"author\":{\"@id\":\"https:\/\/blogg.svenskakyrkan.se\/ekumenik\/#\/schema\/person\/3b4412e20cda2b62761ce6e7a0f3442d\"},\"breadcrumb\":{\"@id\":\"https:\/\/blogg.svenskakyrkan.se\/ekumenik\/2018\/04\/26\/en-kristen-apostolisk-och-forfoljd-kyrka\/#breadcrumb\"},\"inLanguage\":\"sv-SE\",\"potentialAction\":[{\"@type\":\"ReadAction\",\"target\":[\"https:\/\/blogg.svenskakyrkan.se\/ekumenik\/2018\/04\/26\/en-kristen-apostolisk-och-forfoljd-kyrka\/\"]}]},{\"@type\":\"ImageObject\",\"inLanguage\":\"sv-SE\",\"@id\":\"https:\/\/blogg.svenskakyrkan.se\/ekumenik\/2018\/04\/26\/en-kristen-apostolisk-och-forfoljd-kyrka\/#primaryimage\",\"url\":\"https:\/\/blogg.svenskakyrkan.se\/ekumenik\/files\/2018\/04\/Syrisk-ortodox-patriark.jpg\",\"contentUrl\":\"https:\/\/blogg.svenskakyrkan.se\/ekumenik\/files\/2018\/04\/Syrisk-ortodox-patriark.jpg\",\"width\":4032,\"height\":3024,\"caption\":\"Bild: Adriana Gastellu Camp\"},{\"@type\":\"BreadcrumbList\",\"@id\":\"https:\/\/blogg.svenskakyrkan.se\/ekumenik\/2018\/04\/26\/en-kristen-apostolisk-och-forfoljd-kyrka\/#breadcrumb\",\"itemListElement\":[{\"@type\":\"ListItem\",\"position\":1,\"name\":\"Hem\",\"item\":\"https:\/\/blogg.svenskakyrkan.se\/ekumenik\/\"},{\"@type\":\"ListItem\",\"position\":2,\"name\":\"En kristen, apostolisk och f\u00f6rf\u00f6ljd kyrka\"}]},{\"@type\":\"WebSite\",\"@id\":\"https:\/\/blogg.svenskakyrkan.se\/ekumenik\/#website\",\"url\":\"https:\/\/blogg.svenskakyrkan.se\/ekumenik\/\",\"name\":\"Ekumenikbloggen\",\"description\":\"Svenska kyrkans blogg om ekumenik och interreligi\u00f6s samverkan\",\"potentialAction\":[{\"@type\":\"SearchAction\",\"target\":{\"@type\":\"EntryPoint\",\"urlTemplate\":\"https:\/\/blogg.svenskakyrkan.se\/ekumenik\/?s={search_term_string}\"},\"query-input\":{\"@type\":\"PropertyValueSpecification\",\"valueRequired\":true,\"valueName\":\"search_term_string\"}}],\"inLanguage\":\"sv-SE\"},{\"@type\":\"Person\",\"@id\":\"https:\/\/blogg.svenskakyrkan.se\/ekumenik\/#\/schema\/person\/3b4412e20cda2b62761ce6e7a0f3442d\",\"name\":\"Adriana Gastellu Camp\",\"image\":{\"@type\":\"ImageObject\",\"inLanguage\":\"sv-SE\",\"@id\":\"https:\/\/blogg.svenskakyrkan.se\/ekumenik\/#\/schema\/person\/image\/\",\"url\":\"https:\/\/secure.gravatar.com\/avatar\/301dc59fd05836e4b497a1853837d7b5a0c9034270951ec0813cea0d227911dd?s=96&d=mm&r=g\",\"contentUrl\":\"https:\/\/secure.gravatar.com\/avatar\/301dc59fd05836e4b497a1853837d7b5a0c9034270951ec0813cea0d227911dd?s=96&d=mm&r=g\",\"caption\":\"Adriana Gastellu Camp\"},\"url\":\"https:\/\/blogg.svenskakyrkan.se\/ekumenik\/author\/adrianagastellucamp\/\"}]}<\/script>\n<!-- \/ Yoast SEO plugin. -->","yoast_head_json":{"title":"En kristen, apostolisk och f\u00f6rf\u00f6ljd kyrka - Ekumenikbloggen","robots":{"index":"index","follow":"follow","max-snippet":"max-snippet:-1","max-image-preview":"max-image-preview:large","max-video-preview":"max-video-preview:-1"},"canonical":"https:\/\/blogg.svenskakyrkan.se\/ekumenik\/2018\/04\/26\/en-kristen-apostolisk-och-forfoljd-kyrka\/","og_locale":"sv_SE","og_type":"article","og_title":"En kristen, apostolisk och f\u00f6rf\u00f6ljd kyrka - Ekumenikbloggen","og_description":"Att vara f\u00f6rf\u00f6ljd \u00e4r en del av den kristna identiteten, s\u00e4ger den syrisk-ortodoxa patriarken Mor Ignatius Aphrem II. \u201cChristianity is not welcomed in the world because it puts people out of their comfort zone. It challenges their worldly philosophical convictions with the simplicity of faith,\u201d\u00a0s\u00e4ger den Aleppobaserade patriarken.\u00a0 P\u00e5 andra dagen av GCF h\u00e5ller vi [&hellip;]","og_url":"https:\/\/blogg.svenskakyrkan.se\/ekumenik\/2018\/04\/26\/en-kristen-apostolisk-och-forfoljd-kyrka\/","og_site_name":"Ekumenikbloggen","article_published_time":"2018-04-26T13:23:33+00:00","article_modified_time":"2018-04-26T13:37:21+00:00","author":"Adriana Gastellu Camp","twitter_card":"summary_large_image","twitter_misc":{"Skriven av":"Adriana Gastellu Camp","Ber\u00e4knad l\u00e4stid":"2 minuter"},"schema":{"@context":"https:\/\/schema.org","@graph":[{"@type":"Article","@id":"https:\/\/blogg.svenskakyrkan.se\/ekumenik\/2018\/04\/26\/en-kristen-apostolisk-och-forfoljd-kyrka\/#article","isPartOf":{"@id":"https:\/\/blogg.svenskakyrkan.se\/ekumenik\/2018\/04\/26\/en-kristen-apostolisk-och-forfoljd-kyrka\/"},"author":{"name":"Adriana Gastellu Camp","@id":"https:\/\/blogg.svenskakyrkan.se\/ekumenik\/#\/schema\/person\/3b4412e20cda2b62761ce6e7a0f3442d"},"headline":"En kristen, apostolisk och f\u00f6rf\u00f6ljd kyrka","datePublished":"2018-04-26T13:23:33+00:00","dateModified":"2018-04-26T13:37:21+00:00","mainEntityOfPage":{"@id":"https:\/\/blogg.svenskakyrkan.se\/ekumenik\/2018\/04\/26\/en-kristen-apostolisk-och-forfoljd-kyrka\/"},"wordCount":321,"commentCount":0,"image":{"@id":"https:\/\/blogg.svenskakyrkan.se\/ekumenik\/2018\/04\/26\/en-kristen-apostolisk-och-forfoljd-kyrka\/#primaryimage"},"thumbnailUrl":"https:\/\/blogg.svenskakyrkan.se\/ekumenik\/files\/2018\/04\/Syrisk-ortodox-patriark.jpg","inLanguage":"sv-SE","potentialAction":[{"@type":"CommentAction","name":"Comment","target":["https:\/\/blogg.svenskakyrkan.se\/ekumenik\/2018\/04\/26\/en-kristen-apostolisk-och-forfoljd-kyrka\/#respond"]}]},{"@type":"WebPage","@id":"https:\/\/blogg.svenskakyrkan.se\/ekumenik\/2018\/04\/26\/en-kristen-apostolisk-och-forfoljd-kyrka\/","url":"https:\/\/blogg.svenskakyrkan.se\/ekumenik\/2018\/04\/26\/en-kristen-apostolisk-och-forfoljd-kyrka\/","name":"En kristen, apostolisk och f\u00f6rf\u00f6ljd kyrka - Ekumenikbloggen","isPartOf":{"@id":"https:\/\/blogg.svenskakyrkan.se\/ekumenik\/#website"},"primaryImageOfPage":{"@id":"https:\/\/blogg.svenskakyrkan.se\/ekumenik\/2018\/04\/26\/en-kristen-apostolisk-och-forfoljd-kyrka\/#primaryimage"},"image":{"@id":"https:\/\/blogg.svenskakyrkan.se\/ekumenik\/2018\/04\/26\/en-kristen-apostolisk-och-forfoljd-kyrka\/#primaryimage"},"thumbnailUrl":"https:\/\/blogg.svenskakyrkan.se\/ekumenik\/files\/2018\/04\/Syrisk-ortodox-patriark.jpg","datePublished":"2018-04-26T13:23:33+00:00","dateModified":"2018-04-26T13:37:21+00:00","author":{"@id":"https:\/\/blogg.svenskakyrkan.se\/ekumenik\/#\/schema\/person\/3b4412e20cda2b62761ce6e7a0f3442d"},"breadcrumb":{"@id":"https:\/\/blogg.svenskakyrkan.se\/ekumenik\/2018\/04\/26\/en-kristen-apostolisk-och-forfoljd-kyrka\/#breadcrumb"},"inLanguage":"sv-SE","potentialAction":[{"@type":"ReadAction","target":["https:\/\/blogg.svenskakyrkan.se\/ekumenik\/2018\/04\/26\/en-kristen-apostolisk-och-forfoljd-kyrka\/"]}]},{"@type":"ImageObject","inLanguage":"sv-SE","@id":"https:\/\/blogg.svenskakyrkan.se\/ekumenik\/2018\/04\/26\/en-kristen-apostolisk-och-forfoljd-kyrka\/#primaryimage","url":"https:\/\/blogg.svenskakyrkan.se\/ekumenik\/files\/2018\/04\/Syrisk-ortodox-patriark.jpg","contentUrl":"https:\/\/blogg.svenskakyrkan.se\/ekumenik\/files\/2018\/04\/Syrisk-ortodox-patriark.jpg","width":4032,"height":3024,"caption":"Bild: Adriana Gastellu Camp"},{"@type":"BreadcrumbList","@id":"https:\/\/blogg.svenskakyrkan.se\/ekumenik\/2018\/04\/26\/en-kristen-apostolisk-och-forfoljd-kyrka\/#breadcrumb","itemListElement":[{"@type":"ListItem","position":1,"name":"Hem","item":"https:\/\/blogg.svenskakyrkan.se\/ekumenik\/"},{"@type":"ListItem","position":2,"name":"En kristen, apostolisk och f\u00f6rf\u00f6ljd kyrka"}]},{"@type":"WebSite","@id":"https:\/\/blogg.svenskakyrkan.se\/ekumenik\/#website","url":"https:\/\/blogg.svenskakyrkan.se\/ekumenik\/","name":"Ekumenikbloggen","description":"Svenska kyrkans blogg om ekumenik och interreligi\u00f6s samverkan","potentialAction":[{"@type":"SearchAction","target":{"@type":"EntryPoint","urlTemplate":"https:\/\/blogg.svenskakyrkan.se\/ekumenik\/?s={search_term_string}"},"query-input":{"@type":"PropertyValueSpecification","valueRequired":true,"valueName":"search_term_string"}}],"inLanguage":"sv-SE"},{"@type":"Person","@id":"https:\/\/blogg.svenskakyrkan.se\/ekumenik\/#\/schema\/person\/3b4412e20cda2b62761ce6e7a0f3442d","name":"Adriana Gastellu Camp","image":{"@type":"ImageObject","inLanguage":"sv-SE","@id":"https:\/\/blogg.svenskakyrkan.se\/ekumenik\/#\/schema\/person\/image\/","url":"https:\/\/secure.gravatar.com\/avatar\/301dc59fd05836e4b497a1853837d7b5a0c9034270951ec0813cea0d227911dd?s=96&d=mm&r=g","contentUrl":"https:\/\/secure.gravatar.com\/avatar\/301dc59fd05836e4b497a1853837d7b5a0c9034270951ec0813cea0d227911dd?s=96&d=mm&r=g","caption":"Adriana Gastellu Camp"},"url":"https:\/\/blogg.svenskakyrkan.se\/ekumenik\/author\/adrianagastellucamp\/"}]}},"author_meta":{"ID":"206","user_nicename":"adrianagastellucamp","user_registered":"2012-08-13 19:03:01","display_name":"Adriana Gastellu Camp","first_name":"Adriana","last_name":"Gastellu Camp","avatar":"https:\/\/secure.gravatar.com\/avatar\/301dc59fd05836e4b497a1853837d7b5a0c9034270951ec0813cea0d227911dd?s=96&d=mm&r=g"},"featured_image":["https:\/\/blogg.svenskakyrkan.se\/ekumenik\/files\/2018\/04\/Syrisk-ortodox-patriark-1024x768.jpg",1024,768,true],"bloginfo":{"name":"Ekumenikbloggen","url":"https:\/\/blogg.svenskakyrkan.se\/ekumenik"},"_links":{"self":[{"href":"https:\/\/blogg.svenskakyrkan.se\/ekumenik\/wp-json\/wp\/v2\/posts\/625","targetHints":{"allow":["GET"]}}],"collection":[{"href":"https:\/\/blogg.svenskakyrkan.se\/ekumenik\/wp-json\/wp\/v2\/posts"}],"about":[{"href":"https:\/\/blogg.svenskakyrkan.se\/ekumenik\/wp-json\/wp\/v2\/types\/post"}],"author":[{"embeddable":true,"href":"https:\/\/blogg.svenskakyrkan.se\/ekumenik\/wp-json\/wp\/v2\/users\/206"}],"replies":[{"embeddable":true,"href":"https:\/\/blogg.svenskakyrkan.se\/ekumenik\/wp-json\/wp\/v2\/comments?post=625"}],"version-history":[{"count":6,"href":"https:\/\/blogg.svenskakyrkan.se\/ekumenik\/wp-json\/wp\/v2\/posts\/625\/revisions"}],"predecessor-version":[{"id":633,"href":"https:\/\/blogg.svenskakyrkan.se\/ekumenik\/wp-json\/wp\/v2\/posts\/625\/revisions\/633"}],"wp:featuredmedia":[{"embeddable":true,"href":"https:\/\/blogg.svenskakyrkan.se\/ekumenik\/wp-json\/wp\/v2\/media\/627"}],"wp:attachment":[{"href":"https:\/\/blogg.svenskakyrkan.se\/ekumenik\/wp-json\/wp\/v2\/media?parent=625"}],"wp:term":[{"taxonomy":"category","embeddable":true,"href":"https:\/\/blogg.svenskakyrkan.se\/ekumenik\/wp-json\/wp\/v2\/categories?post=625"},{"taxonomy":"post_tag","embeddable":true,"href":"https:\/\/blogg.svenskakyrkan.se\/ekumenik\/wp-json\/wp\/v2\/tags?post=625"}],"curies":[{"name":"wp","href":"https:\/\/api.w.org\/{rel}","templated":true}]}}