{"id":729,"date":"2019-05-06T13:23:40","date_gmt":"2019-05-06T11:23:40","guid":{"rendered":"http:\/\/blogg.svenskakyrkan.se\/ekumenik\/?p=729"},"modified":"2019-05-06T13:23:40","modified_gmt":"2019-05-06T11:23:40","slug":"att-lasa-bibeln-med-maya-folket-i-guatemala","status":"publish","type":"post","link":"https:\/\/blogg.svenskakyrkan.se\/ekumenik\/2019\/05\/06\/att-lasa-bibeln-med-maya-folket-i-guatemala\/","title":{"rendered":"Att l\u00e4sa Bibeln med Maya-folket i Guatemala"},"content":{"rendered":"<p>Efter fyra timmars bilresa fr\u00e5n Guatemala City \u00e4r vi framme i provinsen Zacapa. Marken \u00e4r torr, v\u00e4xterna ser vissna ut och floden har torkat. \u00a0H\u00e4r finns den Lutherska kyrkan ILUGUA, vars kyrkobes\u00f6kare tillh\u00f6r urfolket Maya-Chort\u00ed, en av de cirka 20 grenarna inom Maya-traditionen. I tre dagar l\u00e4ser vi Bibeln tillsammans och pratar om skillnaderna mellan kvinnornas och m\u00e4nnens r\u00e4ttigheter i religionen, kulturen, samh\u00e4llet och kyrkan. Maya-kvinnor \u00e4r tredubbelt segregerade, f\u00f6r att de \u00e4r kvinnor, \u00e4r fattiga och tillh\u00f6r urfolket. Kyrkan har historiskt sett st\u00e4rkt bilden av kvinnan som underordnad m\u00e4nnen, och urfolket som underordnat de \u201dvita\u201d. I Zacapa har de flesta indianer l\u00e4mnat sina traditionella kl\u00e4der, sk\u00e4ms \u00f6ver sin identitet och pratar inte l\u00e4ngre Chort\u00ed. S\u00e5 som i Sverige en g\u00e5ng, har kyrkorna f\u00f6rbjudit urfolket att ut\u00f6va sin kultur och nedv\u00e4rderat allt som h\u00f6r till deras traditioner.<\/p>\n<p>I senaste numret av Kyrkans tidning (KT NR 18 2019) s\u00e4ger Erik Lys\u00e9n i en artikel om det nya namnet Act Svenska kyrkan f\u00f6r kyrkans internationella arbete, \u201dvi kommer beh\u00f6va satsa mer p\u00e5 teologisk utbildning och reflektion i framtiden\u201d.<\/p>\n<p><img loading=\"lazy\" decoding=\"async\" width=\"960\" height=\"720\" class=\"alignnone size-full wp-image-733\" src=\"http:\/\/blogg.svenskakyrkan.se\/ekumenik\/files\/2019\/05\/altare-maya-foto-adriana-gastellu-camp.jpg\" alt=\"Ett altare av blommor p\u00e5 marken.\" srcset=\"https:\/\/blogg.svenskakyrkan.se\/ekumenik\/files\/2019\/05\/altare-maya-foto-adriana-gastellu-camp.jpg 960w, https:\/\/blogg.svenskakyrkan.se\/ekumenik\/files\/2019\/05\/altare-maya-foto-adriana-gastellu-camp-300x225.jpg 300w, https:\/\/blogg.svenskakyrkan.se\/ekumenik\/files\/2019\/05\/altare-maya-foto-adriana-gastellu-camp-768x576.jpg 768w\" sizes=\"auto, (max-width: 960px) 100vw, 960px\" \/><\/p>\n<p>Att l\u00e4sa Bibeln tillsammans, med respekt f\u00f6r varje deltagares erfarenheter, med genus-glas\u00f6gon som hj\u00e4lper att se kvinnornas roll i den kristna traditionen, \u00e4r en fantastisk erfarenhet. Do\u00f1a Secundina s\u00e4ger \u201di byn, n\u00e4r en kvinna f\u00f6der en flicka f\u00e5r den traditionella barnmorskan h\u00e4lften av betald \u00e4n n\u00e4r kvinnan f\u00f6der en pojke. Flickorna respekteras inte och m\u00e4nnen tror att de kan g\u00f6ra vad de vill med oss. Idag uppt\u00e4ckte jag att Guds ande finns i oss lika mycket som hos m\u00e4nnen, och att n\u00e4r en man ut\u00f6var v\u00e5ld mot oss, det \u00e4r Gud sj\u00e4lv han sl\u00e5r\u201d.<\/p>\n<p>Jag l\u00e4r mig mycket av detta folk som levt under f\u00f6rtryckt i mer \u00e4n 500 \u00e5r. Svenska kyrkan och Lutherska kyrkan Ilugua v\u00e4xer tillsammans n\u00e4r vi l\u00e4ser Bibeln tillsammans och reflekterar om tron. Mitt i allt det sv\u00e5ra som Maya-folket har upplevt finns det \u00e4nd\u00e5 hopp. Fler blir medvetna om sina r\u00e4ttigheter, och fler kyrkor vandrar med dem i deras befrielsekamp. Jag l\u00e4mnar Zacapa med tacksamhet och \u00f6dmjukhet efter dessa tre dagar med detta tappra folk.<\/p>\n","protected":false},"excerpt":{"rendered":"<p>Efter fyra timmars bilresa fr\u00e5n Guatemala City \u00e4r vi framme i provinsen Zacapa. Marken \u00e4r torr, v\u00e4xterna ser vissna ut och floden har torkat. \u00a0H\u00e4r finns den Lutherska kyrkan ILUGUA, vars kyrkobes\u00f6kare tillh\u00f6r urfolket Maya-Chort\u00ed, en av de cirka 20 grenarna inom Maya-traditionen. I tre dagar l\u00e4ser vi Bibeln tillsammans och pratar om skillnaderna mellan [&hellip;]<\/p>\n","protected":false},"author":206,"featured_media":734,"comment_status":"open","ping_status":"open","sticky":false,"template":"","format":"standard","meta":{"_acf_changed":false,"footnotes":""},"categories":[45142],"tags":[119195,160906,10826,160903,160905],"class_list":["post-729","post","type-post","status-publish","format-standard","has-post-thumbnail","hentry","category-adriana-gastellu-camp","tag-guatemala","tag-ilugua","tag-kvinnor","tag-maya","tag-zacapa"],"acf":[],"yoast_head":"<!-- This site is optimized with the Yoast SEO plugin v27.1.1 - https:\/\/yoast.com\/product\/yoast-seo-wordpress\/ -->\n<title>Att l\u00e4sa Bibeln med Maya-folket i Guatemala - Ekumenikbloggen<\/title>\n<meta name=\"robots\" content=\"index, follow, max-snippet:-1, max-image-preview:large, max-video-preview:-1\" \/>\n<link rel=\"canonical\" href=\"https:\/\/blogg.svenskakyrkan.se\/ekumenik\/2019\/05\/06\/att-lasa-bibeln-med-maya-folket-i-guatemala\/\" \/>\n<meta property=\"og:locale\" content=\"sv_SE\" \/>\n<meta property=\"og:type\" content=\"article\" \/>\n<meta property=\"og:title\" content=\"Att l\u00e4sa Bibeln med Maya-folket i Guatemala - Ekumenikbloggen\" \/>\n<meta property=\"og:description\" content=\"Efter fyra timmars bilresa fr\u00e5n Guatemala City \u00e4r vi framme i provinsen Zacapa. Marken \u00e4r torr, v\u00e4xterna ser vissna ut och floden har torkat. \u00a0H\u00e4r finns den Lutherska kyrkan ILUGUA, vars kyrkobes\u00f6kare tillh\u00f6r urfolket Maya-Chort\u00ed, en av de cirka 20 grenarna inom Maya-traditionen. I tre dagar l\u00e4ser vi Bibeln tillsammans och pratar om skillnaderna mellan [&hellip;]\" \/>\n<meta property=\"og:url\" content=\"https:\/\/blogg.svenskakyrkan.se\/ekumenik\/2019\/05\/06\/att-lasa-bibeln-med-maya-folket-i-guatemala\/\" \/>\n<meta property=\"og:site_name\" content=\"Ekumenikbloggen\" \/>\n<meta property=\"article:published_time\" content=\"2019-05-06T11:23:40+00:00\" \/>\n<meta property=\"og:image\" content=\"http:\/\/blogg.svenskakyrkan.se\/ekumenik\/files\/2019\/05\/altare-maya-foto-adriana-gastellu-camp.jpg\" \/>\n<meta name=\"author\" content=\"Adriana Gastellu Camp\" \/>\n<meta name=\"twitter:card\" content=\"summary_large_image\" \/>\n<meta name=\"twitter:label1\" content=\"Skriven av\" \/>\n\t<meta name=\"twitter:data1\" content=\"Adriana Gastellu Camp\" \/>\n\t<meta name=\"twitter:label2\" content=\"Ber\u00e4knad l\u00e4stid\" \/>\n\t<meta name=\"twitter:data2\" content=\"2 minuter\" \/>\n<script type=\"application\/ld+json\" class=\"yoast-schema-graph\">{\"@context\":\"https:\/\/schema.org\",\"@graph\":[{\"@type\":\"Article\",\"@id\":\"https:\/\/blogg.svenskakyrkan.se\/ekumenik\/2019\/05\/06\/att-lasa-bibeln-med-maya-folket-i-guatemala\/#article\",\"isPartOf\":{\"@id\":\"https:\/\/blogg.svenskakyrkan.se\/ekumenik\/2019\/05\/06\/att-lasa-bibeln-med-maya-folket-i-guatemala\/\"},\"author\":{\"name\":\"Adriana Gastellu Camp\",\"@id\":\"https:\/\/blogg.svenskakyrkan.se\/ekumenik\/#\/schema\/person\/3b4412e20cda2b62761ce6e7a0f3442d\"},\"headline\":\"Att l\u00e4sa Bibeln med Maya-folket i Guatemala\",\"datePublished\":\"2019-05-06T11:23:40+00:00\",\"mainEntityOfPage\":{\"@id\":\"https:\/\/blogg.svenskakyrkan.se\/ekumenik\/2019\/05\/06\/att-lasa-bibeln-med-maya-folket-i-guatemala\/\"},\"wordCount\":405,\"commentCount\":0,\"image\":{\"@id\":\"https:\/\/blogg.svenskakyrkan.se\/ekumenik\/2019\/05\/06\/att-lasa-bibeln-med-maya-folket-i-guatemala\/#primaryimage\"},\"thumbnailUrl\":\"https:\/\/blogg.svenskakyrkan.se\/ekumenik\/files\/2019\/05\/ung-kvinna-vid-maya-altare-foto-adriana-gastellu-camp.jpg\",\"keywords\":[\"guatemala\",\"ilugua\",\"kvinnor\",\"maya\",\"zacapa\"],\"articleSection\":[\"Adriana Gastellu Camp\"],\"inLanguage\":\"sv-SE\",\"potentialAction\":[{\"@type\":\"CommentAction\",\"name\":\"Comment\",\"target\":[\"https:\/\/blogg.svenskakyrkan.se\/ekumenik\/2019\/05\/06\/att-lasa-bibeln-med-maya-folket-i-guatemala\/#respond\"]}]},{\"@type\":\"WebPage\",\"@id\":\"https:\/\/blogg.svenskakyrkan.se\/ekumenik\/2019\/05\/06\/att-lasa-bibeln-med-maya-folket-i-guatemala\/\",\"url\":\"https:\/\/blogg.svenskakyrkan.se\/ekumenik\/2019\/05\/06\/att-lasa-bibeln-med-maya-folket-i-guatemala\/\",\"name\":\"Att l\u00e4sa Bibeln med Maya-folket i Guatemala - Ekumenikbloggen\",\"isPartOf\":{\"@id\":\"https:\/\/blogg.svenskakyrkan.se\/ekumenik\/#website\"},\"primaryImageOfPage\":{\"@id\":\"https:\/\/blogg.svenskakyrkan.se\/ekumenik\/2019\/05\/06\/att-lasa-bibeln-med-maya-folket-i-guatemala\/#primaryimage\"},\"image\":{\"@id\":\"https:\/\/blogg.svenskakyrkan.se\/ekumenik\/2019\/05\/06\/att-lasa-bibeln-med-maya-folket-i-guatemala\/#primaryimage\"},\"thumbnailUrl\":\"https:\/\/blogg.svenskakyrkan.se\/ekumenik\/files\/2019\/05\/ung-kvinna-vid-maya-altare-foto-adriana-gastellu-camp.jpg\",\"datePublished\":\"2019-05-06T11:23:40+00:00\",\"author\":{\"@id\":\"https:\/\/blogg.svenskakyrkan.se\/ekumenik\/#\/schema\/person\/3b4412e20cda2b62761ce6e7a0f3442d\"},\"breadcrumb\":{\"@id\":\"https:\/\/blogg.svenskakyrkan.se\/ekumenik\/2019\/05\/06\/att-lasa-bibeln-med-maya-folket-i-guatemala\/#breadcrumb\"},\"inLanguage\":\"sv-SE\",\"potentialAction\":[{\"@type\":\"ReadAction\",\"target\":[\"https:\/\/blogg.svenskakyrkan.se\/ekumenik\/2019\/05\/06\/att-lasa-bibeln-med-maya-folket-i-guatemala\/\"]}]},{\"@type\":\"ImageObject\",\"inLanguage\":\"sv-SE\",\"@id\":\"https:\/\/blogg.svenskakyrkan.se\/ekumenik\/2019\/05\/06\/att-lasa-bibeln-med-maya-folket-i-guatemala\/#primaryimage\",\"url\":\"https:\/\/blogg.svenskakyrkan.se\/ekumenik\/files\/2019\/05\/ung-kvinna-vid-maya-altare-foto-adriana-gastellu-camp.jpg\",\"contentUrl\":\"https:\/\/blogg.svenskakyrkan.se\/ekumenik\/files\/2019\/05\/ung-kvinna-vid-maya-altare-foto-adriana-gastellu-camp.jpg\",\"width\":960,\"height\":720,\"caption\":\"Ung kvinna vid altaret som \u00e4r uppbyggt enligt mayansk tradition. Foto: Adriana Gastellu Camp\"},{\"@type\":\"BreadcrumbList\",\"@id\":\"https:\/\/blogg.svenskakyrkan.se\/ekumenik\/2019\/05\/06\/att-lasa-bibeln-med-maya-folket-i-guatemala\/#breadcrumb\",\"itemListElement\":[{\"@type\":\"ListItem\",\"position\":1,\"name\":\"Hem\",\"item\":\"https:\/\/blogg.svenskakyrkan.se\/ekumenik\/\"},{\"@type\":\"ListItem\",\"position\":2,\"name\":\"Att l\u00e4sa Bibeln med Maya-folket i Guatemala\"}]},{\"@type\":\"WebSite\",\"@id\":\"https:\/\/blogg.svenskakyrkan.se\/ekumenik\/#website\",\"url\":\"https:\/\/blogg.svenskakyrkan.se\/ekumenik\/\",\"name\":\"Ekumenikbloggen\",\"description\":\"Svenska kyrkans blogg om ekumenik och interreligi\u00f6s samverkan\",\"potentialAction\":[{\"@type\":\"SearchAction\",\"target\":{\"@type\":\"EntryPoint\",\"urlTemplate\":\"https:\/\/blogg.svenskakyrkan.se\/ekumenik\/?s={search_term_string}\"},\"query-input\":{\"@type\":\"PropertyValueSpecification\",\"valueRequired\":true,\"valueName\":\"search_term_string\"}}],\"inLanguage\":\"sv-SE\"},{\"@type\":\"Person\",\"@id\":\"https:\/\/blogg.svenskakyrkan.se\/ekumenik\/#\/schema\/person\/3b4412e20cda2b62761ce6e7a0f3442d\",\"name\":\"Adriana Gastellu Camp\",\"image\":{\"@type\":\"ImageObject\",\"inLanguage\":\"sv-SE\",\"@id\":\"https:\/\/blogg.svenskakyrkan.se\/ekumenik\/#\/schema\/person\/image\/\",\"url\":\"https:\/\/secure.gravatar.com\/avatar\/301dc59fd05836e4b497a1853837d7b5a0c9034270951ec0813cea0d227911dd?s=96&d=mm&r=g\",\"contentUrl\":\"https:\/\/secure.gravatar.com\/avatar\/301dc59fd05836e4b497a1853837d7b5a0c9034270951ec0813cea0d227911dd?s=96&d=mm&r=g\",\"caption\":\"Adriana Gastellu Camp\"},\"url\":\"https:\/\/blogg.svenskakyrkan.se\/ekumenik\/author\/adrianagastellucamp\/\"}]}<\/script>\n<!-- \/ Yoast SEO plugin. -->","yoast_head_json":{"title":"Att l\u00e4sa Bibeln med Maya-folket i Guatemala - Ekumenikbloggen","robots":{"index":"index","follow":"follow","max-snippet":"max-snippet:-1","max-image-preview":"max-image-preview:large","max-video-preview":"max-video-preview:-1"},"canonical":"https:\/\/blogg.svenskakyrkan.se\/ekumenik\/2019\/05\/06\/att-lasa-bibeln-med-maya-folket-i-guatemala\/","og_locale":"sv_SE","og_type":"article","og_title":"Att l\u00e4sa Bibeln med Maya-folket i Guatemala - Ekumenikbloggen","og_description":"Efter fyra timmars bilresa fr\u00e5n Guatemala City \u00e4r vi framme i provinsen Zacapa. Marken \u00e4r torr, v\u00e4xterna ser vissna ut och floden har torkat. \u00a0H\u00e4r finns den Lutherska kyrkan ILUGUA, vars kyrkobes\u00f6kare tillh\u00f6r urfolket Maya-Chort\u00ed, en av de cirka 20 grenarna inom Maya-traditionen. I tre dagar l\u00e4ser vi Bibeln tillsammans och pratar om skillnaderna mellan [&hellip;]","og_url":"https:\/\/blogg.svenskakyrkan.se\/ekumenik\/2019\/05\/06\/att-lasa-bibeln-med-maya-folket-i-guatemala\/","og_site_name":"Ekumenikbloggen","article_published_time":"2019-05-06T11:23:40+00:00","og_image":[{"url":"http:\/\/blogg.svenskakyrkan.se\/ekumenik\/files\/2019\/05\/altare-maya-foto-adriana-gastellu-camp.jpg","type":"","width":"","height":""}],"author":"Adriana Gastellu Camp","twitter_card":"summary_large_image","twitter_misc":{"Skriven av":"Adriana Gastellu Camp","Ber\u00e4knad l\u00e4stid":"2 minuter"},"schema":{"@context":"https:\/\/schema.org","@graph":[{"@type":"Article","@id":"https:\/\/blogg.svenskakyrkan.se\/ekumenik\/2019\/05\/06\/att-lasa-bibeln-med-maya-folket-i-guatemala\/#article","isPartOf":{"@id":"https:\/\/blogg.svenskakyrkan.se\/ekumenik\/2019\/05\/06\/att-lasa-bibeln-med-maya-folket-i-guatemala\/"},"author":{"name":"Adriana Gastellu Camp","@id":"https:\/\/blogg.svenskakyrkan.se\/ekumenik\/#\/schema\/person\/3b4412e20cda2b62761ce6e7a0f3442d"},"headline":"Att l\u00e4sa Bibeln med Maya-folket i Guatemala","datePublished":"2019-05-06T11:23:40+00:00","mainEntityOfPage":{"@id":"https:\/\/blogg.svenskakyrkan.se\/ekumenik\/2019\/05\/06\/att-lasa-bibeln-med-maya-folket-i-guatemala\/"},"wordCount":405,"commentCount":0,"image":{"@id":"https:\/\/blogg.svenskakyrkan.se\/ekumenik\/2019\/05\/06\/att-lasa-bibeln-med-maya-folket-i-guatemala\/#primaryimage"},"thumbnailUrl":"https:\/\/blogg.svenskakyrkan.se\/ekumenik\/files\/2019\/05\/ung-kvinna-vid-maya-altare-foto-adriana-gastellu-camp.jpg","keywords":["guatemala","ilugua","kvinnor","maya","zacapa"],"articleSection":["Adriana Gastellu Camp"],"inLanguage":"sv-SE","potentialAction":[{"@type":"CommentAction","name":"Comment","target":["https:\/\/blogg.svenskakyrkan.se\/ekumenik\/2019\/05\/06\/att-lasa-bibeln-med-maya-folket-i-guatemala\/#respond"]}]},{"@type":"WebPage","@id":"https:\/\/blogg.svenskakyrkan.se\/ekumenik\/2019\/05\/06\/att-lasa-bibeln-med-maya-folket-i-guatemala\/","url":"https:\/\/blogg.svenskakyrkan.se\/ekumenik\/2019\/05\/06\/att-lasa-bibeln-med-maya-folket-i-guatemala\/","name":"Att l\u00e4sa Bibeln med Maya-folket i Guatemala - Ekumenikbloggen","isPartOf":{"@id":"https:\/\/blogg.svenskakyrkan.se\/ekumenik\/#website"},"primaryImageOfPage":{"@id":"https:\/\/blogg.svenskakyrkan.se\/ekumenik\/2019\/05\/06\/att-lasa-bibeln-med-maya-folket-i-guatemala\/#primaryimage"},"image":{"@id":"https:\/\/blogg.svenskakyrkan.se\/ekumenik\/2019\/05\/06\/att-lasa-bibeln-med-maya-folket-i-guatemala\/#primaryimage"},"thumbnailUrl":"https:\/\/blogg.svenskakyrkan.se\/ekumenik\/files\/2019\/05\/ung-kvinna-vid-maya-altare-foto-adriana-gastellu-camp.jpg","datePublished":"2019-05-06T11:23:40+00:00","author":{"@id":"https:\/\/blogg.svenskakyrkan.se\/ekumenik\/#\/schema\/person\/3b4412e20cda2b62761ce6e7a0f3442d"},"breadcrumb":{"@id":"https:\/\/blogg.svenskakyrkan.se\/ekumenik\/2019\/05\/06\/att-lasa-bibeln-med-maya-folket-i-guatemala\/#breadcrumb"},"inLanguage":"sv-SE","potentialAction":[{"@type":"ReadAction","target":["https:\/\/blogg.svenskakyrkan.se\/ekumenik\/2019\/05\/06\/att-lasa-bibeln-med-maya-folket-i-guatemala\/"]}]},{"@type":"ImageObject","inLanguage":"sv-SE","@id":"https:\/\/blogg.svenskakyrkan.se\/ekumenik\/2019\/05\/06\/att-lasa-bibeln-med-maya-folket-i-guatemala\/#primaryimage","url":"https:\/\/blogg.svenskakyrkan.se\/ekumenik\/files\/2019\/05\/ung-kvinna-vid-maya-altare-foto-adriana-gastellu-camp.jpg","contentUrl":"https:\/\/blogg.svenskakyrkan.se\/ekumenik\/files\/2019\/05\/ung-kvinna-vid-maya-altare-foto-adriana-gastellu-camp.jpg","width":960,"height":720,"caption":"Ung kvinna vid altaret som \u00e4r uppbyggt enligt mayansk tradition. Foto: Adriana Gastellu Camp"},{"@type":"BreadcrumbList","@id":"https:\/\/blogg.svenskakyrkan.se\/ekumenik\/2019\/05\/06\/att-lasa-bibeln-med-maya-folket-i-guatemala\/#breadcrumb","itemListElement":[{"@type":"ListItem","position":1,"name":"Hem","item":"https:\/\/blogg.svenskakyrkan.se\/ekumenik\/"},{"@type":"ListItem","position":2,"name":"Att l\u00e4sa Bibeln med Maya-folket i Guatemala"}]},{"@type":"WebSite","@id":"https:\/\/blogg.svenskakyrkan.se\/ekumenik\/#website","url":"https:\/\/blogg.svenskakyrkan.se\/ekumenik\/","name":"Ekumenikbloggen","description":"Svenska kyrkans blogg om ekumenik och interreligi\u00f6s samverkan","potentialAction":[{"@type":"SearchAction","target":{"@type":"EntryPoint","urlTemplate":"https:\/\/blogg.svenskakyrkan.se\/ekumenik\/?s={search_term_string}"},"query-input":{"@type":"PropertyValueSpecification","valueRequired":true,"valueName":"search_term_string"}}],"inLanguage":"sv-SE"},{"@type":"Person","@id":"https:\/\/blogg.svenskakyrkan.se\/ekumenik\/#\/schema\/person\/3b4412e20cda2b62761ce6e7a0f3442d","name":"Adriana Gastellu Camp","image":{"@type":"ImageObject","inLanguage":"sv-SE","@id":"https:\/\/blogg.svenskakyrkan.se\/ekumenik\/#\/schema\/person\/image\/","url":"https:\/\/secure.gravatar.com\/avatar\/301dc59fd05836e4b497a1853837d7b5a0c9034270951ec0813cea0d227911dd?s=96&d=mm&r=g","contentUrl":"https:\/\/secure.gravatar.com\/avatar\/301dc59fd05836e4b497a1853837d7b5a0c9034270951ec0813cea0d227911dd?s=96&d=mm&r=g","caption":"Adriana Gastellu Camp"},"url":"https:\/\/blogg.svenskakyrkan.se\/ekumenik\/author\/adrianagastellucamp\/"}]}},"author_meta":{"ID":"206","user_nicename":"adrianagastellucamp","user_registered":"2012-08-13 19:03:01","display_name":"Adriana Gastellu Camp","first_name":"Adriana","last_name":"Gastellu Camp","avatar":"https:\/\/secure.gravatar.com\/avatar\/301dc59fd05836e4b497a1853837d7b5a0c9034270951ec0813cea0d227911dd?s=96&d=mm&r=g"},"featured_image":["https:\/\/blogg.svenskakyrkan.se\/ekumenik\/files\/2019\/05\/ung-kvinna-vid-maya-altare-foto-adriana-gastellu-camp.jpg",960,720,false],"bloginfo":{"name":"Ekumenikbloggen","url":"https:\/\/blogg.svenskakyrkan.se\/ekumenik"},"_links":{"self":[{"href":"https:\/\/blogg.svenskakyrkan.se\/ekumenik\/wp-json\/wp\/v2\/posts\/729","targetHints":{"allow":["GET"]}}],"collection":[{"href":"https:\/\/blogg.svenskakyrkan.se\/ekumenik\/wp-json\/wp\/v2\/posts"}],"about":[{"href":"https:\/\/blogg.svenskakyrkan.se\/ekumenik\/wp-json\/wp\/v2\/types\/post"}],"author":[{"embeddable":true,"href":"https:\/\/blogg.svenskakyrkan.se\/ekumenik\/wp-json\/wp\/v2\/users\/206"}],"replies":[{"embeddable":true,"href":"https:\/\/blogg.svenskakyrkan.se\/ekumenik\/wp-json\/wp\/v2\/comments?post=729"}],"version-history":[{"count":4,"href":"https:\/\/blogg.svenskakyrkan.se\/ekumenik\/wp-json\/wp\/v2\/posts\/729\/revisions"}],"predecessor-version":[{"id":731,"href":"https:\/\/blogg.svenskakyrkan.se\/ekumenik\/wp-json\/wp\/v2\/posts\/729\/revisions\/731"}],"wp:featuredmedia":[{"embeddable":true,"href":"https:\/\/blogg.svenskakyrkan.se\/ekumenik\/wp-json\/wp\/v2\/media\/734"}],"wp:attachment":[{"href":"https:\/\/blogg.svenskakyrkan.se\/ekumenik\/wp-json\/wp\/v2\/media?parent=729"}],"wp:term":[{"taxonomy":"category","embeddable":true,"href":"https:\/\/blogg.svenskakyrkan.se\/ekumenik\/wp-json\/wp\/v2\/categories?post=729"},{"taxonomy":"post_tag","embeddable":true,"href":"https:\/\/blogg.svenskakyrkan.se\/ekumenik\/wp-json\/wp\/v2\/tags?post=729"}],"curies":[{"name":"wp","href":"https:\/\/api.w.org\/{rel}","templated":true}]}}