{"id":800,"date":"2020-04-06T15:04:19","date_gmt":"2020-04-06T13:04:19","guid":{"rendered":"http:\/\/blogg.svenskakyrkan.se\/ekumenik\/?p=800"},"modified":"2024-06-20T17:44:05","modified_gmt":"2024-06-20T15:44:05","slug":"kyrkan-som-faltsjukhus","status":"publish","type":"post","link":"https:\/\/blogg.svenskakyrkan.se\/ekumenik\/2020\/04\/06\/kyrkan-som-faltsjukhus\/","title":{"rendered":"Kyrkan som f\u00e4ltsjukhus"},"content":{"rendered":"\n\n\n<p>Palms\u00f6ndagens stora l\u00e4supplevelse var id\u00e9historikern Sverker S\u00f6rlins djupt ber\u00f6rande text p\u00e5 <a href=\"https:\/\/www.dn.se\/kultur-noje\/sverker-sorlin-vi-forsoker-gemensamt-finna-en-vag-dar-en-vag-aldrig-funnits\/\">DN Kultur<\/a> den 5 april. En b\u00e4ttre ing\u00e5ng till Stilla veckan 2020 kunde jag knappast f\u00e5 i en tid d\u00e5 de yttre f\u00f6ruts\u00e4ttningarna f\u00f6r att fira gudstj\u00e4nst f\u00f6r\u00e4ndrats i grunden.<\/p>\n\n\n\n<p>S\u00f6rlin p\u00e5minner egentligen om det sj\u00e4lvklara: bakom varje publicerad artikel om Corona-pandemins v\u00e4ldiga framfart \u00f6ver v\u00e4rlden ryms en personlig ber\u00e4ttelse. <\/p>\n\n\n\n<p>I tio akter delar S\u00f6rlin brottstycken fr\u00e5n sjuks\u00e4ngen. Han talar inifr\u00e5n. Lyssnar p\u00e5 sin egen kropp. Omf\u00f6rhandlar de m\u00e5nga &#8217;stororden&#8217;. Han vacklar, hoppas och l\u00e4ngtar. Han \u00e4r v\u00e4nd mot framtiden.  <\/p>\n\n\n\n<p>Feberdimmorna l\u00e4ttar och kroppen \u00e5terh\u00e4mtar sig. COVID-19 drar vidare. Eftert\u00e4nksamt och uppfordrande kopplar han samman samtidens aldrig sinande str\u00f6m av nyheter med sin oml\u00e4sning av <a href=\"https:\/\/www.dn.se\/kultur-noje\/aven-katterna-tvingades-jama-med-i-hitler-koren\/\">Victor Klemperers  dagb\u00f6cker 1933-1945<\/a>. <\/p>\n\n\n\n<figure class=\"wp-block-image size-large\"><img loading=\"lazy\" decoding=\"async\" width=\"1024\" height=\"684\" src=\"http:\/\/blogg.svenskakyrkan.se\/ekumenik\/files\/2020\/04\/49018025271_f62ddfbed9_k-1024x684.jpg\" alt=\"\" class=\"wp-image-803\" srcset=\"https:\/\/blogg.svenskakyrkan.se\/ekumenik\/files\/2020\/04\/49018025271_f62ddfbed9_k-1024x684.jpg 1024w, https:\/\/blogg.svenskakyrkan.se\/ekumenik\/files\/2020\/04\/49018025271_f62ddfbed9_k-300x200.jpg 300w, https:\/\/blogg.svenskakyrkan.se\/ekumenik\/files\/2020\/04\/49018025271_f62ddfbed9_k-768x513.jpg 768w, https:\/\/blogg.svenskakyrkan.se\/ekumenik\/files\/2020\/04\/49018025271_f62ddfbed9_k-1536x1025.jpg 1536w, https:\/\/blogg.svenskakyrkan.se\/ekumenik\/files\/2020\/04\/49018025271_f62ddfbed9_k-1200x801.jpg 1200w, https:\/\/blogg.svenskakyrkan.se\/ekumenik\/files\/2020\/04\/49018025271_f62ddfbed9_k.jpg 2048w\" sizes=\"auto, (max-width: 1024px) 100vw, 1024px\" \/><figcaption>Photo: Albin Hillert\/LWF<\/figcaption><\/figure>\n\n\n\n<p>Pandemin m\u00e5 vara global till sin karakt\u00e4r men dess effekter sl\u00e5r brutalt olika beroende p\u00e5 var i v\u00e4rlden vi befinner oss. <a href=\"https:\/\/sverigesradio.se\/sida\/artikel.aspx?programid=83&amp;artikel=7446527\">Sveriges radio<\/a> uppm\u00e4rksammade under helgen sina lyssnare p\u00e5 den utsatta situationen i l\u00e4nder som Filippinerna, Bangladesh och Guatemala. <\/p>\n\n\n\n<p>Det har n\u00e4stan g\u00e5tt sju \u00e5r sedan p\u00e5ven Franciskus i en intervju liknade kyrkan vid ett f\u00e4ltsjukhus, som en plats f\u00f6r l\u00e4kande och helande. En s\u00e5dan missionskallelse har m\u00e5nga bottnar och str\u00e4cker sig st\u00e4ndigt \u00f6ver gr\u00e4nser. \u00d6ver hela jorden mobiliserar just nu kyrkor av allehanda slag till tr\u00f6st, lindring och bot. F\u00f6r alla m\u00e4nniskor. F\u00f6r livets skull.<\/p>\n\n\n\n<blockquote class=\"wp-block-quote is-layout-flow wp-block-quote-is-layout-flow\"><p> I see the church as a field hospital after battle. It is useless to ask a seriously injured person if he has high cholesterol and about the level of his blood sugars! You have to heal his wounds. Then we can talk about everything else.<\/p><cite>P\u00e5ven Franciskus<\/cite><\/blockquote>\n\n\n\n<p>Svenska kyrkan deltar tillsammans med m\u00e5nga andra akt\u00f6rer i detta viktiga arbete &#8211; b\u00e5de <a href=\"https:\/\/www.svenskakyrkan.se\/corona\">lokalt<\/a> och <a href=\"https:\/\/www.lutheranworld.org\/news\/covid-19-difficult-realities-becoming-even-more-challenging\">globalt<\/a>! Har du m\u00f6jlighet att st\u00f6dja arbetet genom en g\u00e5va kan du g\u00f6ra det <a href=\"https:\/\/www.svenskakyrkan.se\/act\/kriser-drabbar-redan-utsatta\">h\u00e4r<\/a>! <\/p>\n\n\n\n<p><\/p>\n","protected":false},"excerpt":{"rendered":"<p>Det har g\u00e5tt n\u00e4stan sju \u00e5r sedan p\u00e5ven Franciskus i en uppm\u00e4rksammad intervju liknade kyrkan vid ett f\u00e4ltsjukhus. Likt varje god metafor b\u00f6rjade bilden av den upps\u00f6kande och samh\u00e4llstillv\u00e4nda kyrkan omedelbart leva sitt eget liv.<\/p>\n","protected":false},"author":754,"featured_media":803,"comment_status":"open","ping_status":"open","sticky":false,"template":"","format":"standard","meta":{"_acf_changed":false,"footnotes":""},"categories":[160912],"tags":[160909,160910,160914,160917,7964,160916,160918],"class_list":["post-800","post","type-post","status-publish","format-standard","has-post-thumbnail","hentry","category-johannes-zeiler","tag-act-svenska-kyrkan","tag-corona","tag-covid-19","tag-mission","tag-pask","tag-paven","tag-stilla-veckan"],"acf":[],"yoast_head":"<!-- This site is optimized with the Yoast SEO plugin v27.1.1 - https:\/\/yoast.com\/product\/yoast-seo-wordpress\/ -->\n<title>Kyrkan som f\u00e4ltsjukhus - Ekumenikbloggen<\/title>\n<meta name=\"robots\" content=\"index, follow, max-snippet:-1, max-image-preview:large, max-video-preview:-1\" \/>\n<link rel=\"canonical\" href=\"https:\/\/blogg.svenskakyrkan.se\/ekumenik\/2020\/04\/06\/kyrkan-som-faltsjukhus\/\" \/>\n<meta property=\"og:locale\" content=\"sv_SE\" \/>\n<meta property=\"og:type\" content=\"article\" \/>\n<meta property=\"og:title\" content=\"Kyrkan som f\u00e4ltsjukhus - Ekumenikbloggen\" \/>\n<meta property=\"og:description\" content=\"Det har g\u00e5tt n\u00e4stan sju \u00e5r sedan p\u00e5ven Franciskus i en uppm\u00e4rksammad intervju liknade kyrkan vid ett f\u00e4ltsjukhus. Likt varje god metafor b\u00f6rjade bilden av den upps\u00f6kande och samh\u00e4llstillv\u00e4nda kyrkan omedelbart leva sitt eget liv.\" \/>\n<meta property=\"og:url\" content=\"https:\/\/blogg.svenskakyrkan.se\/ekumenik\/2020\/04\/06\/kyrkan-som-faltsjukhus\/\" \/>\n<meta property=\"og:site_name\" content=\"Ekumenikbloggen\" \/>\n<meta property=\"article:published_time\" content=\"2020-04-06T13:04:19+00:00\" \/>\n<meta property=\"article:modified_time\" content=\"2024-06-20T15:44:05+00:00\" \/>\n<meta property=\"og:image\" content=\"http:\/\/blogg.svenskakyrkan.se\/ekumenik\/files\/2020\/04\/49018025271_f62ddfbed9_k.jpg\" \/>\n\t<meta property=\"og:image:width\" content=\"2048\" \/>\n\t<meta property=\"og:image:height\" content=\"1367\" \/>\n\t<meta property=\"og:image:type\" content=\"image\/jpeg\" \/>\n<meta name=\"author\" content=\"Johannes Zeiler\" \/>\n<meta name=\"twitter:card\" content=\"summary_large_image\" \/>\n<meta name=\"twitter:label1\" content=\"Skriven av\" \/>\n\t<meta name=\"twitter:data1\" content=\"Johannes Zeiler\" \/>\n\t<meta name=\"twitter:label2\" content=\"Ber\u00e4knad l\u00e4stid\" \/>\n\t<meta name=\"twitter:data2\" content=\"2 minuter\" \/>\n<script type=\"application\/ld+json\" class=\"yoast-schema-graph\">{\"@context\":\"https:\/\/schema.org\",\"@graph\":[{\"@type\":\"Article\",\"@id\":\"https:\/\/blogg.svenskakyrkan.se\/ekumenik\/2020\/04\/06\/kyrkan-som-faltsjukhus\/#article\",\"isPartOf\":{\"@id\":\"https:\/\/blogg.svenskakyrkan.se\/ekumenik\/2020\/04\/06\/kyrkan-som-faltsjukhus\/\"},\"author\":{\"name\":\"Johannes Zeiler\",\"@id\":\"https:\/\/blogg.svenskakyrkan.se\/ekumenik\/#\/schema\/person\/af312e1f4f4fac302bd34d6dd4f92a55\"},\"headline\":\"Kyrkan som f\u00e4ltsjukhus\",\"datePublished\":\"2020-04-06T13:04:19+00:00\",\"dateModified\":\"2024-06-20T15:44:05+00:00\",\"mainEntityOfPage\":{\"@id\":\"https:\/\/blogg.svenskakyrkan.se\/ekumenik\/2020\/04\/06\/kyrkan-som-faltsjukhus\/\"},\"wordCount\":362,\"commentCount\":0,\"image\":{\"@id\":\"https:\/\/blogg.svenskakyrkan.se\/ekumenik\/2020\/04\/06\/kyrkan-som-faltsjukhus\/#primaryimage\"},\"thumbnailUrl\":\"https:\/\/blogg.svenskakyrkan.se\/ekumenik\/files\/2020\/04\/49018025271_f62ddfbed9_k.jpg\",\"keywords\":[\"Act Svenska kyrkan\",\"Corona\",\"COVID-19\",\"Mission\",\"P\u00e5sk\",\"P\u00e5ven\",\"Stilla veckan\"],\"articleSection\":[\"Johannes Zeiler\"],\"inLanguage\":\"sv-SE\",\"potentialAction\":[{\"@type\":\"CommentAction\",\"name\":\"Comment\",\"target\":[\"https:\/\/blogg.svenskakyrkan.se\/ekumenik\/2020\/04\/06\/kyrkan-som-faltsjukhus\/#respond\"]}]},{\"@type\":\"WebPage\",\"@id\":\"https:\/\/blogg.svenskakyrkan.se\/ekumenik\/2020\/04\/06\/kyrkan-som-faltsjukhus\/\",\"url\":\"https:\/\/blogg.svenskakyrkan.se\/ekumenik\/2020\/04\/06\/kyrkan-som-faltsjukhus\/\",\"name\":\"Kyrkan som f\u00e4ltsjukhus - Ekumenikbloggen\",\"isPartOf\":{\"@id\":\"https:\/\/blogg.svenskakyrkan.se\/ekumenik\/#website\"},\"primaryImageOfPage\":{\"@id\":\"https:\/\/blogg.svenskakyrkan.se\/ekumenik\/2020\/04\/06\/kyrkan-som-faltsjukhus\/#primaryimage\"},\"image\":{\"@id\":\"https:\/\/blogg.svenskakyrkan.se\/ekumenik\/2020\/04\/06\/kyrkan-som-faltsjukhus\/#primaryimage\"},\"thumbnailUrl\":\"https:\/\/blogg.svenskakyrkan.se\/ekumenik\/files\/2020\/04\/49018025271_f62ddfbed9_k.jpg\",\"datePublished\":\"2020-04-06T13:04:19+00:00\",\"dateModified\":\"2024-06-20T15:44:05+00:00\",\"author\":{\"@id\":\"https:\/\/blogg.svenskakyrkan.se\/ekumenik\/#\/schema\/person\/af312e1f4f4fac302bd34d6dd4f92a55\"},\"breadcrumb\":{\"@id\":\"https:\/\/blogg.svenskakyrkan.se\/ekumenik\/2020\/04\/06\/kyrkan-som-faltsjukhus\/#breadcrumb\"},\"inLanguage\":\"sv-SE\",\"potentialAction\":[{\"@type\":\"ReadAction\",\"target\":[\"https:\/\/blogg.svenskakyrkan.se\/ekumenik\/2020\/04\/06\/kyrkan-som-faltsjukhus\/\"]}]},{\"@type\":\"ImageObject\",\"inLanguage\":\"sv-SE\",\"@id\":\"https:\/\/blogg.svenskakyrkan.se\/ekumenik\/2020\/04\/06\/kyrkan-som-faltsjukhus\/#primaryimage\",\"url\":\"https:\/\/blogg.svenskakyrkan.se\/ekumenik\/files\/2020\/04\/49018025271_f62ddfbed9_k.jpg\",\"contentUrl\":\"https:\/\/blogg.svenskakyrkan.se\/ekumenik\/files\/2020\/04\/49018025271_f62ddfbed9_k.jpg\",\"width\":2048,\"height\":1367,\"caption\":\"Photo: Albin Hillert\/LWF\"},{\"@type\":\"BreadcrumbList\",\"@id\":\"https:\/\/blogg.svenskakyrkan.se\/ekumenik\/2020\/04\/06\/kyrkan-som-faltsjukhus\/#breadcrumb\",\"itemListElement\":[{\"@type\":\"ListItem\",\"position\":1,\"name\":\"Hem\",\"item\":\"https:\/\/blogg.svenskakyrkan.se\/ekumenik\/\"},{\"@type\":\"ListItem\",\"position\":2,\"name\":\"Kyrkan som f\u00e4ltsjukhus\"}]},{\"@type\":\"WebSite\",\"@id\":\"https:\/\/blogg.svenskakyrkan.se\/ekumenik\/#website\",\"url\":\"https:\/\/blogg.svenskakyrkan.se\/ekumenik\/\",\"name\":\"Ekumenikbloggen\",\"description\":\"Svenska kyrkans blogg om ekumenik och interreligi\u00f6s samverkan\",\"potentialAction\":[{\"@type\":\"SearchAction\",\"target\":{\"@type\":\"EntryPoint\",\"urlTemplate\":\"https:\/\/blogg.svenskakyrkan.se\/ekumenik\/?s={search_term_string}\"},\"query-input\":{\"@type\":\"PropertyValueSpecification\",\"valueRequired\":true,\"valueName\":\"search_term_string\"}}],\"inLanguage\":\"sv-SE\"},{\"@type\":\"Person\",\"@id\":\"https:\/\/blogg.svenskakyrkan.se\/ekumenik\/#\/schema\/person\/af312e1f4f4fac302bd34d6dd4f92a55\",\"name\":\"Johannes Zeiler\",\"image\":{\"@type\":\"ImageObject\",\"inLanguage\":\"sv-SE\",\"@id\":\"https:\/\/blogg.svenskakyrkan.se\/ekumenik\/#\/schema\/person\/image\/\",\"url\":\"https:\/\/secure.gravatar.com\/avatar\/ddd7a4536789dbfddb8d26146ab77113b8346a268d627e61afe6dc9e6ff424da?s=96&d=mm&r=g\",\"contentUrl\":\"https:\/\/secure.gravatar.com\/avatar\/ddd7a4536789dbfddb8d26146ab77113b8346a268d627e61afe6dc9e6ff424da?s=96&d=mm&r=g\",\"caption\":\"Johannes Zeiler\"},\"description\":\"Jag arbetar med ekumenik i Svenska kyrkan p\u00e5 Kyrkokansliet i Uppsala. Jag har ett s\u00e4rskilt ansvar f\u00f6r fr\u00e5gor som ber\u00f6r Svenska kyrkans medlemskap och engagemang i Lutherska v\u00e4rldsf\u00f6rbundet. D\u00e4rtill f\u00f6ljer jag v\u00e5ra \u00f6verl\u00e4ggningar med EFS p\u00e5 n\u00e4ra h\u00e5ll samt deltar i dialogsamtalen med Equmeniakyrkan respektive Pingstr\u00f6relsen i Sverige. Jag \u00e4r pr\u00e4st i Svenska kyrkan och teologie doktor i Missionsvetenskap.\",\"url\":\"https:\/\/blogg.svenskakyrkan.se\/ekumenik\/author\/johanneszeiler\/\"}]}<\/script>\n<!-- \/ Yoast SEO plugin. -->","yoast_head_json":{"title":"Kyrkan som f\u00e4ltsjukhus - Ekumenikbloggen","robots":{"index":"index","follow":"follow","max-snippet":"max-snippet:-1","max-image-preview":"max-image-preview:large","max-video-preview":"max-video-preview:-1"},"canonical":"https:\/\/blogg.svenskakyrkan.se\/ekumenik\/2020\/04\/06\/kyrkan-som-faltsjukhus\/","og_locale":"sv_SE","og_type":"article","og_title":"Kyrkan som f\u00e4ltsjukhus - Ekumenikbloggen","og_description":"Det har g\u00e5tt n\u00e4stan sju \u00e5r sedan p\u00e5ven Franciskus i en uppm\u00e4rksammad intervju liknade kyrkan vid ett f\u00e4ltsjukhus. Likt varje god metafor b\u00f6rjade bilden av den upps\u00f6kande och samh\u00e4llstillv\u00e4nda kyrkan omedelbart leva sitt eget liv.","og_url":"https:\/\/blogg.svenskakyrkan.se\/ekumenik\/2020\/04\/06\/kyrkan-som-faltsjukhus\/","og_site_name":"Ekumenikbloggen","article_published_time":"2020-04-06T13:04:19+00:00","article_modified_time":"2024-06-20T15:44:05+00:00","og_image":[{"width":2048,"height":1367,"url":"http:\/\/blogg.svenskakyrkan.se\/ekumenik\/files\/2020\/04\/49018025271_f62ddfbed9_k.jpg","type":"image\/jpeg"}],"author":"Johannes Zeiler","twitter_card":"summary_large_image","twitter_misc":{"Skriven av":"Johannes Zeiler","Ber\u00e4knad l\u00e4stid":"2 minuter"},"schema":{"@context":"https:\/\/schema.org","@graph":[{"@type":"Article","@id":"https:\/\/blogg.svenskakyrkan.se\/ekumenik\/2020\/04\/06\/kyrkan-som-faltsjukhus\/#article","isPartOf":{"@id":"https:\/\/blogg.svenskakyrkan.se\/ekumenik\/2020\/04\/06\/kyrkan-som-faltsjukhus\/"},"author":{"name":"Johannes Zeiler","@id":"https:\/\/blogg.svenskakyrkan.se\/ekumenik\/#\/schema\/person\/af312e1f4f4fac302bd34d6dd4f92a55"},"headline":"Kyrkan som f\u00e4ltsjukhus","datePublished":"2020-04-06T13:04:19+00:00","dateModified":"2024-06-20T15:44:05+00:00","mainEntityOfPage":{"@id":"https:\/\/blogg.svenskakyrkan.se\/ekumenik\/2020\/04\/06\/kyrkan-som-faltsjukhus\/"},"wordCount":362,"commentCount":0,"image":{"@id":"https:\/\/blogg.svenskakyrkan.se\/ekumenik\/2020\/04\/06\/kyrkan-som-faltsjukhus\/#primaryimage"},"thumbnailUrl":"https:\/\/blogg.svenskakyrkan.se\/ekumenik\/files\/2020\/04\/49018025271_f62ddfbed9_k.jpg","keywords":["Act Svenska kyrkan","Corona","COVID-19","Mission","P\u00e5sk","P\u00e5ven","Stilla veckan"],"articleSection":["Johannes Zeiler"],"inLanguage":"sv-SE","potentialAction":[{"@type":"CommentAction","name":"Comment","target":["https:\/\/blogg.svenskakyrkan.se\/ekumenik\/2020\/04\/06\/kyrkan-som-faltsjukhus\/#respond"]}]},{"@type":"WebPage","@id":"https:\/\/blogg.svenskakyrkan.se\/ekumenik\/2020\/04\/06\/kyrkan-som-faltsjukhus\/","url":"https:\/\/blogg.svenskakyrkan.se\/ekumenik\/2020\/04\/06\/kyrkan-som-faltsjukhus\/","name":"Kyrkan som f\u00e4ltsjukhus - Ekumenikbloggen","isPartOf":{"@id":"https:\/\/blogg.svenskakyrkan.se\/ekumenik\/#website"},"primaryImageOfPage":{"@id":"https:\/\/blogg.svenskakyrkan.se\/ekumenik\/2020\/04\/06\/kyrkan-som-faltsjukhus\/#primaryimage"},"image":{"@id":"https:\/\/blogg.svenskakyrkan.se\/ekumenik\/2020\/04\/06\/kyrkan-som-faltsjukhus\/#primaryimage"},"thumbnailUrl":"https:\/\/blogg.svenskakyrkan.se\/ekumenik\/files\/2020\/04\/49018025271_f62ddfbed9_k.jpg","datePublished":"2020-04-06T13:04:19+00:00","dateModified":"2024-06-20T15:44:05+00:00","author":{"@id":"https:\/\/blogg.svenskakyrkan.se\/ekumenik\/#\/schema\/person\/af312e1f4f4fac302bd34d6dd4f92a55"},"breadcrumb":{"@id":"https:\/\/blogg.svenskakyrkan.se\/ekumenik\/2020\/04\/06\/kyrkan-som-faltsjukhus\/#breadcrumb"},"inLanguage":"sv-SE","potentialAction":[{"@type":"ReadAction","target":["https:\/\/blogg.svenskakyrkan.se\/ekumenik\/2020\/04\/06\/kyrkan-som-faltsjukhus\/"]}]},{"@type":"ImageObject","inLanguage":"sv-SE","@id":"https:\/\/blogg.svenskakyrkan.se\/ekumenik\/2020\/04\/06\/kyrkan-som-faltsjukhus\/#primaryimage","url":"https:\/\/blogg.svenskakyrkan.se\/ekumenik\/files\/2020\/04\/49018025271_f62ddfbed9_k.jpg","contentUrl":"https:\/\/blogg.svenskakyrkan.se\/ekumenik\/files\/2020\/04\/49018025271_f62ddfbed9_k.jpg","width":2048,"height":1367,"caption":"Photo: Albin Hillert\/LWF"},{"@type":"BreadcrumbList","@id":"https:\/\/blogg.svenskakyrkan.se\/ekumenik\/2020\/04\/06\/kyrkan-som-faltsjukhus\/#breadcrumb","itemListElement":[{"@type":"ListItem","position":1,"name":"Hem","item":"https:\/\/blogg.svenskakyrkan.se\/ekumenik\/"},{"@type":"ListItem","position":2,"name":"Kyrkan som f\u00e4ltsjukhus"}]},{"@type":"WebSite","@id":"https:\/\/blogg.svenskakyrkan.se\/ekumenik\/#website","url":"https:\/\/blogg.svenskakyrkan.se\/ekumenik\/","name":"Ekumenikbloggen","description":"Svenska kyrkans blogg om ekumenik och interreligi\u00f6s samverkan","potentialAction":[{"@type":"SearchAction","target":{"@type":"EntryPoint","urlTemplate":"https:\/\/blogg.svenskakyrkan.se\/ekumenik\/?s={search_term_string}"},"query-input":{"@type":"PropertyValueSpecification","valueRequired":true,"valueName":"search_term_string"}}],"inLanguage":"sv-SE"},{"@type":"Person","@id":"https:\/\/blogg.svenskakyrkan.se\/ekumenik\/#\/schema\/person\/af312e1f4f4fac302bd34d6dd4f92a55","name":"Johannes Zeiler","image":{"@type":"ImageObject","inLanguage":"sv-SE","@id":"https:\/\/blogg.svenskakyrkan.se\/ekumenik\/#\/schema\/person\/image\/","url":"https:\/\/secure.gravatar.com\/avatar\/ddd7a4536789dbfddb8d26146ab77113b8346a268d627e61afe6dc9e6ff424da?s=96&d=mm&r=g","contentUrl":"https:\/\/secure.gravatar.com\/avatar\/ddd7a4536789dbfddb8d26146ab77113b8346a268d627e61afe6dc9e6ff424da?s=96&d=mm&r=g","caption":"Johannes Zeiler"},"description":"Jag arbetar med ekumenik i Svenska kyrkan p\u00e5 Kyrkokansliet i Uppsala. Jag har ett s\u00e4rskilt ansvar f\u00f6r fr\u00e5gor som ber\u00f6r Svenska kyrkans medlemskap och engagemang i Lutherska v\u00e4rldsf\u00f6rbundet. D\u00e4rtill f\u00f6ljer jag v\u00e5ra \u00f6verl\u00e4ggningar med EFS p\u00e5 n\u00e4ra h\u00e5ll samt deltar i dialogsamtalen med Equmeniakyrkan respektive Pingstr\u00f6relsen i Sverige. Jag \u00e4r pr\u00e4st i Svenska kyrkan och teologie doktor i Missionsvetenskap.","url":"https:\/\/blogg.svenskakyrkan.se\/ekumenik\/author\/johanneszeiler\/"}]}},"author_meta":{"ID":"754","user_nicename":"johanneszeiler","user_registered":"2020-03-30 12:11:52","display_name":"Johannes Zeiler","first_name":"Johannes","last_name":"Zeiler","avatar":"https:\/\/blogg.svenskakyrkan.se\/ekumenik\/files\/2020\/03\/IMG_0132-II-150x150.jpg"},"featured_image":["https:\/\/blogg.svenskakyrkan.se\/ekumenik\/files\/2020\/04\/49018025271_f62ddfbed9_k-1024x684.jpg",1024,684,true],"bloginfo":{"name":"Ekumenikbloggen","url":"https:\/\/blogg.svenskakyrkan.se\/ekumenik"},"_links":{"self":[{"href":"https:\/\/blogg.svenskakyrkan.se\/ekumenik\/wp-json\/wp\/v2\/posts\/800","targetHints":{"allow":["GET"]}}],"collection":[{"href":"https:\/\/blogg.svenskakyrkan.se\/ekumenik\/wp-json\/wp\/v2\/posts"}],"about":[{"href":"https:\/\/blogg.svenskakyrkan.se\/ekumenik\/wp-json\/wp\/v2\/types\/post"}],"author":[{"embeddable":true,"href":"https:\/\/blogg.svenskakyrkan.se\/ekumenik\/wp-json\/wp\/v2\/users\/754"}],"replies":[{"embeddable":true,"href":"https:\/\/blogg.svenskakyrkan.se\/ekumenik\/wp-json\/wp\/v2\/comments?post=800"}],"version-history":[{"count":22,"href":"https:\/\/blogg.svenskakyrkan.se\/ekumenik\/wp-json\/wp\/v2\/posts\/800\/revisions"}],"predecessor-version":[{"id":1515,"href":"https:\/\/blogg.svenskakyrkan.se\/ekumenik\/wp-json\/wp\/v2\/posts\/800\/revisions\/1515"}],"wp:featuredmedia":[{"embeddable":true,"href":"https:\/\/blogg.svenskakyrkan.se\/ekumenik\/wp-json\/wp\/v2\/media\/803"}],"wp:attachment":[{"href":"https:\/\/blogg.svenskakyrkan.se\/ekumenik\/wp-json\/wp\/v2\/media?parent=800"}],"wp:term":[{"taxonomy":"category","embeddable":true,"href":"https:\/\/blogg.svenskakyrkan.se\/ekumenik\/wp-json\/wp\/v2\/categories?post=800"},{"taxonomy":"post_tag","embeddable":true,"href":"https:\/\/blogg.svenskakyrkan.se\/ekumenik\/wp-json\/wp\/v2\/tags?post=800"}],"curies":[{"name":"wp","href":"https:\/\/api.w.org\/{rel}","templated":true}]}}