{"id":830,"date":"2020-04-23T10:22:42","date_gmt":"2020-04-23T08:22:42","guid":{"rendered":"http:\/\/blogg.svenskakyrkan.se\/ekumenik\/?p=830"},"modified":"2020-04-23T10:22:42","modified_gmt":"2020-04-23T08:22:42","slug":"inte-minst-i-coronatider-kan-sma-gester-av-uppskattning-betyda-sa-mycket-att-visa-att-vi-ar-i-det-har-tillsammans-over-religionsgranser","status":"publish","type":"post","link":"https:\/\/blogg.svenskakyrkan.se\/ekumenik\/2020\/04\/23\/inte-minst-i-coronatider-kan-sma-gester-av-uppskattning-betyda-sa-mycket-att-visa-att-vi-ar-i-det-har-tillsammans-over-religionsgranser\/","title":{"rendered":"Inte minst i coronatider kan sm\u00e5 gester av uppskattning betyda s\u00e5 mycket. Att visa att vi \u00e4r i det h\u00e4r tillsammans &#8211; \u00f6ver religionsgr\u00e4nser."},"content":{"rendered":"\n\n\n<p class=\"has-drop-cap\">Nu p\u00e5 fredag 24 april \u00e4r f\u00f6rsta dagen i ramadan. Det blir en v\u00e4ldigt annorlunda fastem\u00e5nad f\u00f6r muslimer. Ocks\u00e5 i Sverige \u00e4r alla gemensamma b\u00f6ner och samlingar sedan flera veckor tills vidare inst\u00e4llda, f\u00f6r att man ser det som sin religi\u00f6sa plikt att v\u00e4rna liv och h\u00e4lsa och inte riskera smittspridning. Mycket av det som normalt g\u00f6rs i mosk\u00e9erna kommer att g\u00f6ras hemma ist\u00e4llet, eller s\u00e4ndas digitalt. Salahuddin Barakat, imam vid Islamakademin i Malm\u00f6, s\u00e4ger i en DN-intervju: \u201dDet \u00e4r jobbigt s\u00e5klart, det \u00e4r sv\u00e5rt (att inte kunna fira tillsammans fysiskt). Men man \u00e4r tvungen som muslim att g\u00f6ra det som \u00e4r b\u00e4st f\u00f6r m\u00e4nniskorna och m\u00e4nskligheten. Vi ser det som en del av praktiserandet\u201d.<br><br>Ta g\u00e4rna kontakt med muslimska v\u00e4nner eller grannar och \u00f6nska en v\u00e4lsignad ramadan, \u201dramadan mubarak\u201d. Inte minst i coronatider kan sm\u00e5 gester av uppskattning betyda s\u00e5 mycket. Att visa att vi \u00e4r i det h\u00e4r tillsammans. <img loading=\"lazy\" decoding=\"async\" width=\"960\" height=\"526\" class=\"wp-image-832\" style=\"width: 350px\" alt=\"\" src=\"http:\/\/blogg.svenskakyrkan.se\/ekumenik\/files\/2020\/04\/Ramadan-sign-3-960x526-1.jpg\" srcset=\"https:\/\/blogg.svenskakyrkan.se\/ekumenik\/files\/2020\/04\/Ramadan-sign-3-960x526-1.jpg 960w, https:\/\/blogg.svenskakyrkan.se\/ekumenik\/files\/2020\/04\/Ramadan-sign-3-960x526-1-300x164.jpg 300w, https:\/\/blogg.svenskakyrkan.se\/ekumenik\/files\/2020\/04\/Ramadan-sign-3-960x526-1-768x421.jpg 768w\" sizes=\"auto, (max-width: 960px) 100vw, 960px\" \/><\/p>\n","protected":false},"excerpt":{"rendered":"<p>Nu p\u00e5 fredag 24 april \u00e4r f\u00f6rsta dagen i ramadan. Det blir en v\u00e4ldigt annorlunda fastem\u00e5nad f\u00f6r muslimer. Ocks\u00e5 i Sverige \u00e4r alla gemensamma b\u00f6ner och samlingar sedan flera veckor tills vidare inst\u00e4llda, f\u00f6r att man ser det som sin religi\u00f6sa plikt att v\u00e4rna liv och h\u00e4lsa och inte riskera smittspridning. Mycket av det som [&hellip;]<\/p>\n","protected":false},"author":757,"featured_media":0,"comment_status":"open","ping_status":"open","sticky":false,"template":"","format":"standard","meta":{"_acf_changed":false,"footnotes":""},"categories":[9],"tags":[160919,160921,160920],"class_list":["post-830","post","type-post","status-publish","format-standard","hentry","category-okategoriserade","tag-interreligiost","tag-ramadan","tag-religionsdialog"],"acf":[],"yoast_head":"<!-- This site is optimized with the Yoast SEO plugin v27.1.1 - https:\/\/yoast.com\/product\/yoast-seo-wordpress\/ -->\n<title>Inte minst i coronatider kan sm\u00e5 gester av uppskattning betyda s\u00e5 mycket. Att visa att vi \u00e4r i det h\u00e4r tillsammans - \u00f6ver religionsgr\u00e4nser. - Ekumenikbloggen<\/title>\n<meta name=\"robots\" content=\"index, follow, max-snippet:-1, max-image-preview:large, max-video-preview:-1\" \/>\n<link rel=\"canonical\" href=\"https:\/\/blogg.svenskakyrkan.se\/ekumenik\/2020\/04\/23\/inte-minst-i-coronatider-kan-sma-gester-av-uppskattning-betyda-sa-mycket-att-visa-att-vi-ar-i-det-har-tillsammans-over-religionsgranser\/\" \/>\n<meta property=\"og:locale\" content=\"sv_SE\" \/>\n<meta property=\"og:type\" content=\"article\" \/>\n<meta property=\"og:title\" content=\"Inte minst i coronatider kan sm\u00e5 gester av uppskattning betyda s\u00e5 mycket. Att visa att vi \u00e4r i det h\u00e4r tillsammans - \u00f6ver religionsgr\u00e4nser. - Ekumenikbloggen\" \/>\n<meta property=\"og:description\" content=\"Nu p\u00e5 fredag 24 april \u00e4r f\u00f6rsta dagen i ramadan. Det blir en v\u00e4ldigt annorlunda fastem\u00e5nad f\u00f6r muslimer. Ocks\u00e5 i Sverige \u00e4r alla gemensamma b\u00f6ner och samlingar sedan flera veckor tills vidare inst\u00e4llda, f\u00f6r att man ser det som sin religi\u00f6sa plikt att v\u00e4rna liv och h\u00e4lsa och inte riskera smittspridning. Mycket av det som [&hellip;]\" \/>\n<meta property=\"og:url\" content=\"https:\/\/blogg.svenskakyrkan.se\/ekumenik\/2020\/04\/23\/inte-minst-i-coronatider-kan-sma-gester-av-uppskattning-betyda-sa-mycket-att-visa-att-vi-ar-i-det-har-tillsammans-over-religionsgranser\/\" \/>\n<meta property=\"og:site_name\" content=\"Ekumenikbloggen\" \/>\n<meta property=\"article:published_time\" content=\"2020-04-23T08:22:42+00:00\" \/>\n<meta property=\"og:image\" content=\"http:\/\/blogg.svenskakyrkan.se\/ekumenik\/files\/2020\/04\/Ramadan-sign-3-960x526-1.jpg\" \/>\n<meta name=\"author\" content=\"Peter L\u00f6\u00f6v Roos\" \/>\n<meta name=\"twitter:card\" content=\"summary_large_image\" \/>\n<meta name=\"twitter:label1\" content=\"Skriven av\" \/>\n\t<meta name=\"twitter:data1\" content=\"Peter L\u00f6\u00f6v Roos\" \/>\n\t<meta name=\"twitter:label2\" content=\"Ber\u00e4knad l\u00e4stid\" \/>\n\t<meta name=\"twitter:data2\" content=\"1 minut\" \/>\n<script type=\"application\/ld+json\" class=\"yoast-schema-graph\">{\"@context\":\"https:\/\/schema.org\",\"@graph\":[{\"@type\":\"Article\",\"@id\":\"https:\/\/blogg.svenskakyrkan.se\/ekumenik\/2020\/04\/23\/inte-minst-i-coronatider-kan-sma-gester-av-uppskattning-betyda-sa-mycket-att-visa-att-vi-ar-i-det-har-tillsammans-over-religionsgranser\/#article\",\"isPartOf\":{\"@id\":\"https:\/\/blogg.svenskakyrkan.se\/ekumenik\/2020\/04\/23\/inte-minst-i-coronatider-kan-sma-gester-av-uppskattning-betyda-sa-mycket-att-visa-att-vi-ar-i-det-har-tillsammans-over-religionsgranser\/\"},\"author\":{\"name\":\"Peter L\u00f6\u00f6v Roos\",\"@id\":\"https:\/\/blogg.svenskakyrkan.se\/ekumenik\/#\/schema\/person\/e37d8da6575da6f3d41adc01c7547f1f\"},\"headline\":\"Inte minst i coronatider kan sm\u00e5 gester av uppskattning betyda s\u00e5 mycket. Att visa att vi \u00e4r i det h\u00e4r tillsammans &#8211; \u00f6ver religionsgr\u00e4nser.\",\"datePublished\":\"2020-04-23T08:22:42+00:00\",\"mainEntityOfPage\":{\"@id\":\"https:\/\/blogg.svenskakyrkan.se\/ekumenik\/2020\/04\/23\/inte-minst-i-coronatider-kan-sma-gester-av-uppskattning-betyda-sa-mycket-att-visa-att-vi-ar-i-det-har-tillsammans-over-religionsgranser\/\"},\"wordCount\":203,\"commentCount\":0,\"image\":{\"@id\":\"https:\/\/blogg.svenskakyrkan.se\/ekumenik\/2020\/04\/23\/inte-minst-i-coronatider-kan-sma-gester-av-uppskattning-betyda-sa-mycket-att-visa-att-vi-ar-i-det-har-tillsammans-over-religionsgranser\/#primaryimage\"},\"thumbnailUrl\":\"http:\/\/blogg.svenskakyrkan.se\/ekumenik\/files\/2020\/04\/Ramadan-sign-3-960x526-1.jpg\",\"keywords\":[\"Interreligi\u00f6st\",\"Ramadan\",\"Religionsdialog\"],\"inLanguage\":\"sv-SE\",\"potentialAction\":[{\"@type\":\"CommentAction\",\"name\":\"Comment\",\"target\":[\"https:\/\/blogg.svenskakyrkan.se\/ekumenik\/2020\/04\/23\/inte-minst-i-coronatider-kan-sma-gester-av-uppskattning-betyda-sa-mycket-att-visa-att-vi-ar-i-det-har-tillsammans-over-religionsgranser\/#respond\"]}]},{\"@type\":\"WebPage\",\"@id\":\"https:\/\/blogg.svenskakyrkan.se\/ekumenik\/2020\/04\/23\/inte-minst-i-coronatider-kan-sma-gester-av-uppskattning-betyda-sa-mycket-att-visa-att-vi-ar-i-det-har-tillsammans-over-religionsgranser\/\",\"url\":\"https:\/\/blogg.svenskakyrkan.se\/ekumenik\/2020\/04\/23\/inte-minst-i-coronatider-kan-sma-gester-av-uppskattning-betyda-sa-mycket-att-visa-att-vi-ar-i-det-har-tillsammans-over-religionsgranser\/\",\"name\":\"Inte minst i coronatider kan sm\u00e5 gester av uppskattning betyda s\u00e5 mycket. Att visa att vi \u00e4r i det h\u00e4r tillsammans - \u00f6ver religionsgr\u00e4nser. - Ekumenikbloggen\",\"isPartOf\":{\"@id\":\"https:\/\/blogg.svenskakyrkan.se\/ekumenik\/#website\"},\"primaryImageOfPage\":{\"@id\":\"https:\/\/blogg.svenskakyrkan.se\/ekumenik\/2020\/04\/23\/inte-minst-i-coronatider-kan-sma-gester-av-uppskattning-betyda-sa-mycket-att-visa-att-vi-ar-i-det-har-tillsammans-over-religionsgranser\/#primaryimage\"},\"image\":{\"@id\":\"https:\/\/blogg.svenskakyrkan.se\/ekumenik\/2020\/04\/23\/inte-minst-i-coronatider-kan-sma-gester-av-uppskattning-betyda-sa-mycket-att-visa-att-vi-ar-i-det-har-tillsammans-over-religionsgranser\/#primaryimage\"},\"thumbnailUrl\":\"http:\/\/blogg.svenskakyrkan.se\/ekumenik\/files\/2020\/04\/Ramadan-sign-3-960x526-1.jpg\",\"datePublished\":\"2020-04-23T08:22:42+00:00\",\"author\":{\"@id\":\"https:\/\/blogg.svenskakyrkan.se\/ekumenik\/#\/schema\/person\/e37d8da6575da6f3d41adc01c7547f1f\"},\"breadcrumb\":{\"@id\":\"https:\/\/blogg.svenskakyrkan.se\/ekumenik\/2020\/04\/23\/inte-minst-i-coronatider-kan-sma-gester-av-uppskattning-betyda-sa-mycket-att-visa-att-vi-ar-i-det-har-tillsammans-over-religionsgranser\/#breadcrumb\"},\"inLanguage\":\"sv-SE\",\"potentialAction\":[{\"@type\":\"ReadAction\",\"target\":[\"https:\/\/blogg.svenskakyrkan.se\/ekumenik\/2020\/04\/23\/inte-minst-i-coronatider-kan-sma-gester-av-uppskattning-betyda-sa-mycket-att-visa-att-vi-ar-i-det-har-tillsammans-over-religionsgranser\/\"]}]},{\"@type\":\"ImageObject\",\"inLanguage\":\"sv-SE\",\"@id\":\"https:\/\/blogg.svenskakyrkan.se\/ekumenik\/2020\/04\/23\/inte-minst-i-coronatider-kan-sma-gester-av-uppskattning-betyda-sa-mycket-att-visa-att-vi-ar-i-det-har-tillsammans-over-religionsgranser\/#primaryimage\",\"url\":\"http:\/\/blogg.svenskakyrkan.se\/ekumenik\/files\/2020\/04\/Ramadan-sign-3-960x526-1.jpg\",\"contentUrl\":\"http:\/\/blogg.svenskakyrkan.se\/ekumenik\/files\/2020\/04\/Ramadan-sign-3-960x526-1.jpg\"},{\"@type\":\"BreadcrumbList\",\"@id\":\"https:\/\/blogg.svenskakyrkan.se\/ekumenik\/2020\/04\/23\/inte-minst-i-coronatider-kan-sma-gester-av-uppskattning-betyda-sa-mycket-att-visa-att-vi-ar-i-det-har-tillsammans-over-religionsgranser\/#breadcrumb\",\"itemListElement\":[{\"@type\":\"ListItem\",\"position\":1,\"name\":\"Hem\",\"item\":\"https:\/\/blogg.svenskakyrkan.se\/ekumenik\/\"},{\"@type\":\"ListItem\",\"position\":2,\"name\":\"Inte minst i coronatider kan sm\u00e5 gester av uppskattning betyda s\u00e5 mycket. Att visa att vi \u00e4r i det h\u00e4r tillsammans &#8211; \u00f6ver religionsgr\u00e4nser.\"}]},{\"@type\":\"WebSite\",\"@id\":\"https:\/\/blogg.svenskakyrkan.se\/ekumenik\/#website\",\"url\":\"https:\/\/blogg.svenskakyrkan.se\/ekumenik\/\",\"name\":\"Ekumenikbloggen\",\"description\":\"Svenska kyrkans blogg om ekumenik och interreligi\u00f6s samverkan\",\"potentialAction\":[{\"@type\":\"SearchAction\",\"target\":{\"@type\":\"EntryPoint\",\"urlTemplate\":\"https:\/\/blogg.svenskakyrkan.se\/ekumenik\/?s={search_term_string}\"},\"query-input\":{\"@type\":\"PropertyValueSpecification\",\"valueRequired\":true,\"valueName\":\"search_term_string\"}}],\"inLanguage\":\"sv-SE\"},{\"@type\":\"Person\",\"@id\":\"https:\/\/blogg.svenskakyrkan.se\/ekumenik\/#\/schema\/person\/e37d8da6575da6f3d41adc01c7547f1f\",\"name\":\"Peter L\u00f6\u00f6v Roos\",\"image\":{\"@type\":\"ImageObject\",\"inLanguage\":\"sv-SE\",\"@id\":\"https:\/\/blogg.svenskakyrkan.se\/ekumenik\/#\/schema\/person\/image\/\",\"url\":\"https:\/\/secure.gravatar.com\/avatar\/92741fe18819b4f861e0d86fa6b6e70819718b3748e99a9d9115e748fe0e1a6c?s=96&d=mm&r=g\",\"contentUrl\":\"https:\/\/secure.gravatar.com\/avatar\/92741fe18819b4f861e0d86fa6b6e70819718b3748e99a9d9115e748fe0e1a6c?s=96&d=mm&r=g\",\"caption\":\"Peter L\u00f6\u00f6v Roos\"},\"description\":\"Samordnare f\u00f6r interreligi\u00f6sa fr\u00e5gor\",\"url\":\"https:\/\/blogg.svenskakyrkan.se\/ekumenik\/author\/peterloovroos\/\"}]}<\/script>\n<!-- \/ Yoast SEO plugin. -->","yoast_head_json":{"title":"Inte minst i coronatider kan sm\u00e5 gester av uppskattning betyda s\u00e5 mycket. Att visa att vi \u00e4r i det h\u00e4r tillsammans - \u00f6ver religionsgr\u00e4nser. - Ekumenikbloggen","robots":{"index":"index","follow":"follow","max-snippet":"max-snippet:-1","max-image-preview":"max-image-preview:large","max-video-preview":"max-video-preview:-1"},"canonical":"https:\/\/blogg.svenskakyrkan.se\/ekumenik\/2020\/04\/23\/inte-minst-i-coronatider-kan-sma-gester-av-uppskattning-betyda-sa-mycket-att-visa-att-vi-ar-i-det-har-tillsammans-over-religionsgranser\/","og_locale":"sv_SE","og_type":"article","og_title":"Inte minst i coronatider kan sm\u00e5 gester av uppskattning betyda s\u00e5 mycket. Att visa att vi \u00e4r i det h\u00e4r tillsammans - \u00f6ver religionsgr\u00e4nser. - Ekumenikbloggen","og_description":"Nu p\u00e5 fredag 24 april \u00e4r f\u00f6rsta dagen i ramadan. Det blir en v\u00e4ldigt annorlunda fastem\u00e5nad f\u00f6r muslimer. Ocks\u00e5 i Sverige \u00e4r alla gemensamma b\u00f6ner och samlingar sedan flera veckor tills vidare inst\u00e4llda, f\u00f6r att man ser det som sin religi\u00f6sa plikt att v\u00e4rna liv och h\u00e4lsa och inte riskera smittspridning. Mycket av det som [&hellip;]","og_url":"https:\/\/blogg.svenskakyrkan.se\/ekumenik\/2020\/04\/23\/inte-minst-i-coronatider-kan-sma-gester-av-uppskattning-betyda-sa-mycket-att-visa-att-vi-ar-i-det-har-tillsammans-over-religionsgranser\/","og_site_name":"Ekumenikbloggen","article_published_time":"2020-04-23T08:22:42+00:00","og_image":[{"url":"http:\/\/blogg.svenskakyrkan.se\/ekumenik\/files\/2020\/04\/Ramadan-sign-3-960x526-1.jpg","type":"","width":"","height":""}],"author":"Peter L\u00f6\u00f6v Roos","twitter_card":"summary_large_image","twitter_misc":{"Skriven av":"Peter L\u00f6\u00f6v Roos","Ber\u00e4knad l\u00e4stid":"1 minut"},"schema":{"@context":"https:\/\/schema.org","@graph":[{"@type":"Article","@id":"https:\/\/blogg.svenskakyrkan.se\/ekumenik\/2020\/04\/23\/inte-minst-i-coronatider-kan-sma-gester-av-uppskattning-betyda-sa-mycket-att-visa-att-vi-ar-i-det-har-tillsammans-over-religionsgranser\/#article","isPartOf":{"@id":"https:\/\/blogg.svenskakyrkan.se\/ekumenik\/2020\/04\/23\/inte-minst-i-coronatider-kan-sma-gester-av-uppskattning-betyda-sa-mycket-att-visa-att-vi-ar-i-det-har-tillsammans-over-religionsgranser\/"},"author":{"name":"Peter L\u00f6\u00f6v Roos","@id":"https:\/\/blogg.svenskakyrkan.se\/ekumenik\/#\/schema\/person\/e37d8da6575da6f3d41adc01c7547f1f"},"headline":"Inte minst i coronatider kan sm\u00e5 gester av uppskattning betyda s\u00e5 mycket. Att visa att vi \u00e4r i det h\u00e4r tillsammans &#8211; \u00f6ver religionsgr\u00e4nser.","datePublished":"2020-04-23T08:22:42+00:00","mainEntityOfPage":{"@id":"https:\/\/blogg.svenskakyrkan.se\/ekumenik\/2020\/04\/23\/inte-minst-i-coronatider-kan-sma-gester-av-uppskattning-betyda-sa-mycket-att-visa-att-vi-ar-i-det-har-tillsammans-over-religionsgranser\/"},"wordCount":203,"commentCount":0,"image":{"@id":"https:\/\/blogg.svenskakyrkan.se\/ekumenik\/2020\/04\/23\/inte-minst-i-coronatider-kan-sma-gester-av-uppskattning-betyda-sa-mycket-att-visa-att-vi-ar-i-det-har-tillsammans-over-religionsgranser\/#primaryimage"},"thumbnailUrl":"http:\/\/blogg.svenskakyrkan.se\/ekumenik\/files\/2020\/04\/Ramadan-sign-3-960x526-1.jpg","keywords":["Interreligi\u00f6st","Ramadan","Religionsdialog"],"inLanguage":"sv-SE","potentialAction":[{"@type":"CommentAction","name":"Comment","target":["https:\/\/blogg.svenskakyrkan.se\/ekumenik\/2020\/04\/23\/inte-minst-i-coronatider-kan-sma-gester-av-uppskattning-betyda-sa-mycket-att-visa-att-vi-ar-i-det-har-tillsammans-over-religionsgranser\/#respond"]}]},{"@type":"WebPage","@id":"https:\/\/blogg.svenskakyrkan.se\/ekumenik\/2020\/04\/23\/inte-minst-i-coronatider-kan-sma-gester-av-uppskattning-betyda-sa-mycket-att-visa-att-vi-ar-i-det-har-tillsammans-over-religionsgranser\/","url":"https:\/\/blogg.svenskakyrkan.se\/ekumenik\/2020\/04\/23\/inte-minst-i-coronatider-kan-sma-gester-av-uppskattning-betyda-sa-mycket-att-visa-att-vi-ar-i-det-har-tillsammans-over-religionsgranser\/","name":"Inte minst i coronatider kan sm\u00e5 gester av uppskattning betyda s\u00e5 mycket. Att visa att vi \u00e4r i det h\u00e4r tillsammans - \u00f6ver religionsgr\u00e4nser. - Ekumenikbloggen","isPartOf":{"@id":"https:\/\/blogg.svenskakyrkan.se\/ekumenik\/#website"},"primaryImageOfPage":{"@id":"https:\/\/blogg.svenskakyrkan.se\/ekumenik\/2020\/04\/23\/inte-minst-i-coronatider-kan-sma-gester-av-uppskattning-betyda-sa-mycket-att-visa-att-vi-ar-i-det-har-tillsammans-over-religionsgranser\/#primaryimage"},"image":{"@id":"https:\/\/blogg.svenskakyrkan.se\/ekumenik\/2020\/04\/23\/inte-minst-i-coronatider-kan-sma-gester-av-uppskattning-betyda-sa-mycket-att-visa-att-vi-ar-i-det-har-tillsammans-over-religionsgranser\/#primaryimage"},"thumbnailUrl":"http:\/\/blogg.svenskakyrkan.se\/ekumenik\/files\/2020\/04\/Ramadan-sign-3-960x526-1.jpg","datePublished":"2020-04-23T08:22:42+00:00","author":{"@id":"https:\/\/blogg.svenskakyrkan.se\/ekumenik\/#\/schema\/person\/e37d8da6575da6f3d41adc01c7547f1f"},"breadcrumb":{"@id":"https:\/\/blogg.svenskakyrkan.se\/ekumenik\/2020\/04\/23\/inte-minst-i-coronatider-kan-sma-gester-av-uppskattning-betyda-sa-mycket-att-visa-att-vi-ar-i-det-har-tillsammans-over-religionsgranser\/#breadcrumb"},"inLanguage":"sv-SE","potentialAction":[{"@type":"ReadAction","target":["https:\/\/blogg.svenskakyrkan.se\/ekumenik\/2020\/04\/23\/inte-minst-i-coronatider-kan-sma-gester-av-uppskattning-betyda-sa-mycket-att-visa-att-vi-ar-i-det-har-tillsammans-over-religionsgranser\/"]}]},{"@type":"ImageObject","inLanguage":"sv-SE","@id":"https:\/\/blogg.svenskakyrkan.se\/ekumenik\/2020\/04\/23\/inte-minst-i-coronatider-kan-sma-gester-av-uppskattning-betyda-sa-mycket-att-visa-att-vi-ar-i-det-har-tillsammans-over-religionsgranser\/#primaryimage","url":"http:\/\/blogg.svenskakyrkan.se\/ekumenik\/files\/2020\/04\/Ramadan-sign-3-960x526-1.jpg","contentUrl":"http:\/\/blogg.svenskakyrkan.se\/ekumenik\/files\/2020\/04\/Ramadan-sign-3-960x526-1.jpg"},{"@type":"BreadcrumbList","@id":"https:\/\/blogg.svenskakyrkan.se\/ekumenik\/2020\/04\/23\/inte-minst-i-coronatider-kan-sma-gester-av-uppskattning-betyda-sa-mycket-att-visa-att-vi-ar-i-det-har-tillsammans-over-religionsgranser\/#breadcrumb","itemListElement":[{"@type":"ListItem","position":1,"name":"Hem","item":"https:\/\/blogg.svenskakyrkan.se\/ekumenik\/"},{"@type":"ListItem","position":2,"name":"Inte minst i coronatider kan sm\u00e5 gester av uppskattning betyda s\u00e5 mycket. Att visa att vi \u00e4r i det h\u00e4r tillsammans &#8211; \u00f6ver religionsgr\u00e4nser."}]},{"@type":"WebSite","@id":"https:\/\/blogg.svenskakyrkan.se\/ekumenik\/#website","url":"https:\/\/blogg.svenskakyrkan.se\/ekumenik\/","name":"Ekumenikbloggen","description":"Svenska kyrkans blogg om ekumenik och interreligi\u00f6s samverkan","potentialAction":[{"@type":"SearchAction","target":{"@type":"EntryPoint","urlTemplate":"https:\/\/blogg.svenskakyrkan.se\/ekumenik\/?s={search_term_string}"},"query-input":{"@type":"PropertyValueSpecification","valueRequired":true,"valueName":"search_term_string"}}],"inLanguage":"sv-SE"},{"@type":"Person","@id":"https:\/\/blogg.svenskakyrkan.se\/ekumenik\/#\/schema\/person\/e37d8da6575da6f3d41adc01c7547f1f","name":"Peter L\u00f6\u00f6v Roos","image":{"@type":"ImageObject","inLanguage":"sv-SE","@id":"https:\/\/blogg.svenskakyrkan.se\/ekumenik\/#\/schema\/person\/image\/","url":"https:\/\/secure.gravatar.com\/avatar\/92741fe18819b4f861e0d86fa6b6e70819718b3748e99a9d9115e748fe0e1a6c?s=96&d=mm&r=g","contentUrl":"https:\/\/secure.gravatar.com\/avatar\/92741fe18819b4f861e0d86fa6b6e70819718b3748e99a9d9115e748fe0e1a6c?s=96&d=mm&r=g","caption":"Peter L\u00f6\u00f6v Roos"},"description":"Samordnare f\u00f6r interreligi\u00f6sa fr\u00e5gor","url":"https:\/\/blogg.svenskakyrkan.se\/ekumenik\/author\/peterloovroos\/"}]}},"author_meta":{"ID":"757","user_nicename":"peterloovroos","user_registered":"2020-03-30 12:18:05","display_name":"Peter L\u00f6\u00f6v Roos","first_name":"Peter","last_name":"L\u00f6\u00f6v Roos","avatar":"https:\/\/blogg.svenskakyrkan.se\/ekumenik\/files\/2020\/04\/PLR-portr\u00e4tt-1-150x150.jpg"},"featured_image":false,"bloginfo":{"name":"Ekumenikbloggen","url":"https:\/\/blogg.svenskakyrkan.se\/ekumenik"},"_links":{"self":[{"href":"https:\/\/blogg.svenskakyrkan.se\/ekumenik\/wp-json\/wp\/v2\/posts\/830","targetHints":{"allow":["GET"]}}],"collection":[{"href":"https:\/\/blogg.svenskakyrkan.se\/ekumenik\/wp-json\/wp\/v2\/posts"}],"about":[{"href":"https:\/\/blogg.svenskakyrkan.se\/ekumenik\/wp-json\/wp\/v2\/types\/post"}],"author":[{"embeddable":true,"href":"https:\/\/blogg.svenskakyrkan.se\/ekumenik\/wp-json\/wp\/v2\/users\/757"}],"replies":[{"embeddable":true,"href":"https:\/\/blogg.svenskakyrkan.se\/ekumenik\/wp-json\/wp\/v2\/comments?post=830"}],"version-history":[{"count":1,"href":"https:\/\/blogg.svenskakyrkan.se\/ekumenik\/wp-json\/wp\/v2\/posts\/830\/revisions"}],"predecessor-version":[{"id":833,"href":"https:\/\/blogg.svenskakyrkan.se\/ekumenik\/wp-json\/wp\/v2\/posts\/830\/revisions\/833"}],"wp:attachment":[{"href":"https:\/\/blogg.svenskakyrkan.se\/ekumenik\/wp-json\/wp\/v2\/media?parent=830"}],"wp:term":[{"taxonomy":"category","embeddable":true,"href":"https:\/\/blogg.svenskakyrkan.se\/ekumenik\/wp-json\/wp\/v2\/categories?post=830"},{"taxonomy":"post_tag","embeddable":true,"href":"https:\/\/blogg.svenskakyrkan.se\/ekumenik\/wp-json\/wp\/v2\/tags?post=830"}],"curies":[{"name":"wp","href":"https:\/\/api.w.org\/{rel}","templated":true}]}}