{"id":836,"date":"2020-04-24T16:06:45","date_gmt":"2020-04-24T14:06:45","guid":{"rendered":"http:\/\/blogg.svenskakyrkan.se\/ekumenik\/?p=836"},"modified":"2020-04-24T16:41:29","modified_gmt":"2020-04-24T14:41:29","slug":"nar-livet-ar-satt-i-standbylage","status":"publish","type":"post","link":"https:\/\/blogg.svenskakyrkan.se\/ekumenik\/2020\/04\/24\/nar-livet-ar-satt-i-standbylage\/","title":{"rendered":"N\u00e4r livet \u00e4r satt i standbyl\u00e4ge"},"content":{"rendered":"\n\n\n<blockquote class=\"wp-block-quote is-layout-flow wp-block-quote-is-layout-flow\"><p>A respons that uses the power of interfaith solidarity is not optional . It is a divine command. May we heed it.<\/p><p><\/p><cite>Katherine Marshall <\/cite><\/blockquote>\n\n\n\n<h2 class=\"wp-block-heading\">Livet i standbyl\u00e4ge<\/h2>\n\n\n\n<p>De som kan jobbar numera hemifr\u00e5n, andra ska undvika att g\u00e5 till aff\u00e4ren eller isolera sig hemma. &nbsp;Mycket i v\u00e5r vardag st\u00e4lls in, pausas eller st\u00e4lls om.&nbsp; M\u00e5nga anpassar sig och st\u00e4ller upp f\u00f6r att hj\u00e4lpa de i riskgrupper s\u00e5 att vardagen fungerar. M\u00e5nga \u00e4r ocks\u00e5 innovativa socialt och inbjuder till digitala coronafikan, gympapass  och spontana m\u00f6ten som underl\u00e4ttar i ensamheten och isoleringen. Men livet upplevs \u00e4nd\u00e5 ensamt och pressat f\u00f6r alltfler, b\u00e5de i Sverige och v\u00e4rlden. Det \u00e4r sv\u00e5rt att se n\u00e5got slut p\u00e5 pandemin och det skapar stress, tristess, \u00e5ngest och oro. M\u00e4nniskor s\u00f6ker utv\u00e4gar och alltfler s\u00f6ker sig till religionen f\u00f6r tr\u00f6st. Jourhavande pr\u00e4st har f\u00e5tt skala upp sin verksamhet f\u00f6r att m\u00f6ta de behov som uttrycks. I media uttalar sig folkh\u00e4lsomyndigheten, experter, journalister och psykologer som analyserar, ger rekommendationer och tips till allm\u00e4nheten som oroar sig och st\u00e4ller fr\u00e5gor. Mitt i mediebruset, mitt i de djupa existentiella fr\u00e5gorna, mitt i krisen och katastrofen finns religionen och kyrkan som utg\u00f6r en fast punkt mitt i stormen, mitt i tillvaron.  <\/p>\n\n\n\n<h2 class=\"wp-block-heading\">Religionens roll och svar <\/h2>\n\n\n\n<p>I Kyrkornas v\u00e4rldsr\u00e5ds veckobrev fr\u00e5n den 17 &#8211; 23 april 2020, intervjuas Katherine Marshall. Katherine lyfter fram de huvudsakliga fr\u00e5gor som v\u00e4ckts i media och av religi\u00f6sa f\u00f6retr\u00e4dare under krisen. De har handlat om distansering i religi\u00f6sa sammanhang, om religionens roll som tr\u00f6stare och sj\u00e4lav\u00e5rdare, om den oj\u00e4mlika effekten av krisen (h\u00e4lsa och ekonomi) f\u00f6r m\u00e4nniskor och samh\u00e4llen, om p\u00e5g\u00e5ende och potentiella konflikter, allt fr\u00e5n v\u00e5ld i hemmet till sv\u00e5righeterna med flyktingar och krig. Hon visar utifr\u00e5n det hur religionen har en inneboende f\u00f6rm\u00e5ga att mobilisera engagemang f\u00f6r och ge st\u00f6d till m\u00e4nniskor i utsatta situationer. Katherine beskriver religionens roll och svar som tv\u00e5 dimensioner:<\/p>\n\n\n\n<blockquote class=\"wp-block-quote is-layout-flow wp-block-quote-is-layout-flow\"><p>The two dimensions that should be obvious to any sensible policymaker or observer are the importance of religious beliefs and communities to people the world over and the extensive reach and presence of the communities and institutions involved. The second is the deeply embedded traditions of care for the vulnerable that are central to religious teachings and example. Beyond this, the significant presence of religiously owned and run health facilities in many countries and the links between peace-building and trauma healing are vitally important now and will become more so in the future. <\/p><cite>Katherine Marshall, <em>Senior Fellow at the Berkley Center for Religion, Peace, and World Affairs, professor of the practice of development, conflict, and religion at the School of Foreign Service at Georgetown University, E<em>xecutive Director of the World Faiths Development Dialogue<\/em>.<\/em><\/cite><\/blockquote>\n\n\n\n<p>Religi\u00f6sa ledares budskap om gemenskap, engagemang, solidaritet, omsorg, fredsbyggande och l\u00e4kande av trauman \u00e4r oerh\u00f6rt viktigt i det vi nu g\u00e5r igenom och kommer att blir \u00e4nnu viktigare i det vi kommer att m\u00f6ta i framtiden, s\u00e4ger Katherine Marshall. Det g\u00e4ller mellan individer, grupper, kyrkor, religioner, samh\u00e4llen och l\u00e4nder \u00f6ver hela v\u00e4rlden. <\/p>\n\n\n\n<h2 class=\"wp-block-heading\">En b\u00f6n i tider av Covid-19<\/h2>\n\n\n\n<p>N\u00e4r m\u00e4nniskors liv rubbas, hindras och hotas av det nya coronaviruset ber vi till dig, livets Gud. Ge oss medk\u00e4nsla, \u00f6dmjukhet och sj\u00e4lvdisciplin till att v\u00e4rna, bry oss om och skydda varje m\u00e4nniska.<\/p>\n\n\n\n<p>Vi ber till dig, barmh\u00e4rtighetens Gud, f\u00f6r alla som lidit direkt och indirekt under denna globala pandemi. M\u00e5 du uppr\u00e4tth\u00e5lla och tr\u00f6sta och l\u00e4ka oss alla.<\/p>\n\n\n\n<p>Vi ber till dig, n\u00e5dens Gud, f\u00f6r alla goda anstr\u00e4ngningar som g\u00f6rs f\u00f6r att r\u00e4dda liv och f\u00f6r att bevara m\u00e4nniskors h\u00e4lsa. M\u00e5 du st\u00e4rka, v\u00e4gleda och skydda alla som har \u00e5tagit sig att bek\u00e4mpa denna sjukdom.<\/p>\n\n\n\n<p>Vi ber till dig, r\u00e4ttf\u00e4rdighetens Gud, f\u00f6r att r\u00e4ttvisan ska r\u00e5da. M\u00e5 du leda oss och ge oss mod i kampen mot rasism, diskriminering, stigmatisering och fr\u00e4mlingsfientlighet mitt i denna h\u00e4lsokris.<\/p>\n\n\n\n<p>Vi ber till dig, k\u00e4rlekens Gud, om ett tidigt slut p\u00e5 smittspridningen av COVID-19 som skadar alla, och f\u00f6r liv, h\u00e4lsa och fred f\u00f6r alla, genom din barmh\u00e4rtighet, n\u00e5d, och k\u00e4rleksfull omsorg och genom m\u00e4nsklig solidaritet, integritet och \u00f6msesidigt st\u00f6d.<\/p>\n\n\n\n<p>Amen<\/p>\n\n\n\n<p><em>B\u00f6nen \u00e4r skriven av Rev. Dr. Manhong Melissa Lin, Kinas kristna r\u00e5d. B\u00f6nen \u00e5terfinns p\u00e5 originalspr\u00e5k (eng) p\u00e5 Kyrkornas v\u00e4rldsr\u00e5ds sida om coronakrisen: <\/em><a href=\"https:\/\/www.oikoumene.org\/en\/resources\/documents\/covid-19\/pray\"><em>https:\/\/www.oikoumene.org\/en\/resources\/documents\/covid-19\/pray<\/em><\/a><em>. L\u00e4nken g\u00e5r till flera b\u00f6ner att \u00f6vers\u00e4tta och anv\u00e4nda.<\/em> <em>B\u00f6nen \u00e4r \u00f6versatt av Mona Ker\u00e4nen.<\/em><\/p>\n\n\n\n<p><\/p>\n\n\n\n<h2 class=\"wp-block-heading\">St\u00f6d till f\u00f6rsamlingsmedarbetare fr\u00e5n Sveriges kristna r\u00e5d, om ensamhet och i tider av Covid-19<\/h2>\n\n\n\n<p>Sveriges kristna r\u00e5d har utformat ett material som st\u00f6d till diakoner, pr\u00e4ster, pastorer och ideella i f\u00f6rsamlingar. Det \u00e4r ett diakonifokus med temat ensamhet ur olika aspekter. Det relaterar \u00e4ven till coronakrisen och l\u00e4nkar till olika kyrkors arbete i tid av Covid-19, som visar hur vi som kyrkor och enskilda kan bidra till gemenskap och medm\u00e4nsklighet. L\u00e4nk till materialet: <a href=\"https:\/\/www.skr.org\/vart-arbete\/diakoni\/diakonifokus-ensamhet\/\">https:\/\/www.skr.org\/vart-arbete\/diakoni\/diakonifokus-ensamhet\/<\/a><\/p>\n\n\n\n<blockquote class=\"wp-block-quote is-layout-flow wp-block-quote-is-layout-flow\"><p>Vi tror att materialet \u00e4r till hj\u00e4lp i kyrkornas diakonala arbete som st\u00e4ndigt p\u00e5g\u00e5r. Nu pr\u00e4glas det mesta i v\u00e5r vardag av rapporter om samh\u00e4llspridning av COVID-19. V\u00e5ra m\u00f6tespunkter har drastiskt blivit f\u00e4rre. Det betyder sannolikt att ensamheten blir \u00e4n st\u00f6rre. Hur kan vi som kyrkor och enskilda bidra till gemenskap och medm\u00e4nsklighet?<\/p><cite>Karin Wiborn, generalsekreterare, Sveriges kristna r\u00e5d<\/cite><\/blockquote>\n","protected":false},"excerpt":{"rendered":"<p>A respons that uses the power of interfaith solidarity is not optional . It is a divine command. May we heed it. Katherine Marshall Livet i standbyl\u00e4ge De som kan jobbar numera hemifr\u00e5n, andra ska undvika att g\u00e5 till aff\u00e4ren eller isolera sig hemma. &nbsp;Mycket i v\u00e5r vardag st\u00e4lls in, pausas eller st\u00e4lls om.&nbsp; M\u00e5nga [&hellip;]<\/p>\n","protected":false},"author":756,"featured_media":0,"comment_status":"open","ping_status":"open","sticky":false,"template":"","format":"standard","meta":{"_acf_changed":false,"footnotes":""},"categories":[160925],"tags":[160910,160924,160923,160922],"class_list":["post-836","post","type-post","status-publish","format-standard","hentry","category-mona-keranen","tag-corona","tag-ensamhet","tag-kyrkornas-varldsrad","tag-sveriges-kristna-rad"],"acf":[],"yoast_head":"<!-- This site is optimized with the Yoast SEO plugin v27.1.1 - https:\/\/yoast.com\/product\/yoast-seo-wordpress\/ -->\n<title>N\u00e4r livet \u00e4r satt i standbyl\u00e4ge - Ekumenikbloggen<\/title>\n<meta name=\"robots\" content=\"index, follow, max-snippet:-1, max-image-preview:large, max-video-preview:-1\" \/>\n<link rel=\"canonical\" href=\"https:\/\/blogg.svenskakyrkan.se\/ekumenik\/2020\/04\/24\/nar-livet-ar-satt-i-standbylage\/\" \/>\n<meta property=\"og:locale\" content=\"sv_SE\" \/>\n<meta property=\"og:type\" content=\"article\" \/>\n<meta property=\"og:title\" content=\"N\u00e4r livet \u00e4r satt i standbyl\u00e4ge - Ekumenikbloggen\" \/>\n<meta property=\"og:description\" content=\"A respons that uses the power of interfaith solidarity is not optional . It is a divine command. May we heed it. Katherine Marshall Livet i standbyl\u00e4ge De som kan jobbar numera hemifr\u00e5n, andra ska undvika att g\u00e5 till aff\u00e4ren eller isolera sig hemma. &nbsp;Mycket i v\u00e5r vardag st\u00e4lls in, pausas eller st\u00e4lls om.&nbsp; M\u00e5nga [&hellip;]\" \/>\n<meta property=\"og:url\" content=\"https:\/\/blogg.svenskakyrkan.se\/ekumenik\/2020\/04\/24\/nar-livet-ar-satt-i-standbylage\/\" \/>\n<meta property=\"og:site_name\" content=\"Ekumenikbloggen\" \/>\n<meta property=\"article:published_time\" content=\"2020-04-24T14:06:45+00:00\" \/>\n<meta property=\"article:modified_time\" content=\"2020-04-24T14:41:29+00:00\" \/>\n<meta name=\"author\" content=\"Mona Ker\u00e4nen\" \/>\n<meta name=\"twitter:card\" content=\"summary_large_image\" \/>\n<meta name=\"twitter:label1\" content=\"Skriven av\" \/>\n\t<meta name=\"twitter:data1\" content=\"Mona Ker\u00e4nen\" \/>\n\t<meta name=\"twitter:label2\" content=\"Ber\u00e4knad l\u00e4stid\" \/>\n\t<meta name=\"twitter:data2\" content=\"5 minuter\" \/>\n<script type=\"application\/ld+json\" class=\"yoast-schema-graph\">{\"@context\":\"https:\/\/schema.org\",\"@graph\":[{\"@type\":\"Article\",\"@id\":\"https:\/\/blogg.svenskakyrkan.se\/ekumenik\/2020\/04\/24\/nar-livet-ar-satt-i-standbylage\/#article\",\"isPartOf\":{\"@id\":\"https:\/\/blogg.svenskakyrkan.se\/ekumenik\/2020\/04\/24\/nar-livet-ar-satt-i-standbylage\/\"},\"author\":{\"name\":\"Mona Ker\u00e4nen\",\"@id\":\"https:\/\/blogg.svenskakyrkan.se\/ekumenik\/#\/schema\/person\/919deb268552a410c83614a4e5ff643f\"},\"headline\":\"N\u00e4r livet \u00e4r satt i standbyl\u00e4ge\",\"datePublished\":\"2020-04-24T14:06:45+00:00\",\"dateModified\":\"2020-04-24T14:41:29+00:00\",\"mainEntityOfPage\":{\"@id\":\"https:\/\/blogg.svenskakyrkan.se\/ekumenik\/2020\/04\/24\/nar-livet-ar-satt-i-standbylage\/\"},\"wordCount\":1009,\"commentCount\":0,\"keywords\":[\"Corona\",\"Ensamhet\",\"Kyrkornas v\u00e4rldsr\u00e5d\",\"Sveriges kristna r\u00e5d\"],\"articleSection\":[\"Mona Ker\u00e4nen\"],\"inLanguage\":\"sv-SE\",\"potentialAction\":[{\"@type\":\"CommentAction\",\"name\":\"Comment\",\"target\":[\"https:\/\/blogg.svenskakyrkan.se\/ekumenik\/2020\/04\/24\/nar-livet-ar-satt-i-standbylage\/#respond\"]}]},{\"@type\":\"WebPage\",\"@id\":\"https:\/\/blogg.svenskakyrkan.se\/ekumenik\/2020\/04\/24\/nar-livet-ar-satt-i-standbylage\/\",\"url\":\"https:\/\/blogg.svenskakyrkan.se\/ekumenik\/2020\/04\/24\/nar-livet-ar-satt-i-standbylage\/\",\"name\":\"N\u00e4r livet \u00e4r satt i standbyl\u00e4ge - Ekumenikbloggen\",\"isPartOf\":{\"@id\":\"https:\/\/blogg.svenskakyrkan.se\/ekumenik\/#website\"},\"datePublished\":\"2020-04-24T14:06:45+00:00\",\"dateModified\":\"2020-04-24T14:41:29+00:00\",\"author\":{\"@id\":\"https:\/\/blogg.svenskakyrkan.se\/ekumenik\/#\/schema\/person\/919deb268552a410c83614a4e5ff643f\"},\"breadcrumb\":{\"@id\":\"https:\/\/blogg.svenskakyrkan.se\/ekumenik\/2020\/04\/24\/nar-livet-ar-satt-i-standbylage\/#breadcrumb\"},\"inLanguage\":\"sv-SE\",\"potentialAction\":[{\"@type\":\"ReadAction\",\"target\":[\"https:\/\/blogg.svenskakyrkan.se\/ekumenik\/2020\/04\/24\/nar-livet-ar-satt-i-standbylage\/\"]}]},{\"@type\":\"BreadcrumbList\",\"@id\":\"https:\/\/blogg.svenskakyrkan.se\/ekumenik\/2020\/04\/24\/nar-livet-ar-satt-i-standbylage\/#breadcrumb\",\"itemListElement\":[{\"@type\":\"ListItem\",\"position\":1,\"name\":\"Hem\",\"item\":\"https:\/\/blogg.svenskakyrkan.se\/ekumenik\/\"},{\"@type\":\"ListItem\",\"position\":2,\"name\":\"N\u00e4r livet \u00e4r satt i standbyl\u00e4ge\"}]},{\"@type\":\"WebSite\",\"@id\":\"https:\/\/blogg.svenskakyrkan.se\/ekumenik\/#website\",\"url\":\"https:\/\/blogg.svenskakyrkan.se\/ekumenik\/\",\"name\":\"Ekumenikbloggen\",\"description\":\"Svenska kyrkans blogg om ekumenik och interreligi\u00f6s samverkan\",\"potentialAction\":[{\"@type\":\"SearchAction\",\"target\":{\"@type\":\"EntryPoint\",\"urlTemplate\":\"https:\/\/blogg.svenskakyrkan.se\/ekumenik\/?s={search_term_string}\"},\"query-input\":{\"@type\":\"PropertyValueSpecification\",\"valueRequired\":true,\"valueName\":\"search_term_string\"}}],\"inLanguage\":\"sv-SE\"},{\"@type\":\"Person\",\"@id\":\"https:\/\/blogg.svenskakyrkan.se\/ekumenik\/#\/schema\/person\/919deb268552a410c83614a4e5ff643f\",\"name\":\"Mona Ker\u00e4nen\",\"image\":{\"@type\":\"ImageObject\",\"inLanguage\":\"sv-SE\",\"@id\":\"https:\/\/blogg.svenskakyrkan.se\/ekumenik\/#\/schema\/person\/image\/\",\"url\":\"https:\/\/secure.gravatar.com\/avatar\/a80bbd77a72291d1fad9191d6e79635d92aeb51db59e98bab841a1200da02eef?s=96&d=mm&r=g\",\"contentUrl\":\"https:\/\/secure.gravatar.com\/avatar\/a80bbd77a72291d1fad9191d6e79635d92aeb51db59e98bab841a1200da02eef?s=96&d=mm&r=g\",\"caption\":\"Mona Ker\u00e4nen\"},\"url\":\"https:\/\/blogg.svenskakyrkan.se\/ekumenik\/author\/monakeranen\/\"}]}<\/script>\n<!-- \/ Yoast SEO plugin. -->","yoast_head_json":{"title":"N\u00e4r livet \u00e4r satt i standbyl\u00e4ge - Ekumenikbloggen","robots":{"index":"index","follow":"follow","max-snippet":"max-snippet:-1","max-image-preview":"max-image-preview:large","max-video-preview":"max-video-preview:-1"},"canonical":"https:\/\/blogg.svenskakyrkan.se\/ekumenik\/2020\/04\/24\/nar-livet-ar-satt-i-standbylage\/","og_locale":"sv_SE","og_type":"article","og_title":"N\u00e4r livet \u00e4r satt i standbyl\u00e4ge - Ekumenikbloggen","og_description":"A respons that uses the power of interfaith solidarity is not optional . It is a divine command. May we heed it. Katherine Marshall Livet i standbyl\u00e4ge De som kan jobbar numera hemifr\u00e5n, andra ska undvika att g\u00e5 till aff\u00e4ren eller isolera sig hemma. &nbsp;Mycket i v\u00e5r vardag st\u00e4lls in, pausas eller st\u00e4lls om.&nbsp; M\u00e5nga [&hellip;]","og_url":"https:\/\/blogg.svenskakyrkan.se\/ekumenik\/2020\/04\/24\/nar-livet-ar-satt-i-standbylage\/","og_site_name":"Ekumenikbloggen","article_published_time":"2020-04-24T14:06:45+00:00","article_modified_time":"2020-04-24T14:41:29+00:00","author":"Mona Ker\u00e4nen","twitter_card":"summary_large_image","twitter_misc":{"Skriven av":"Mona Ker\u00e4nen","Ber\u00e4knad l\u00e4stid":"5 minuter"},"schema":{"@context":"https:\/\/schema.org","@graph":[{"@type":"Article","@id":"https:\/\/blogg.svenskakyrkan.se\/ekumenik\/2020\/04\/24\/nar-livet-ar-satt-i-standbylage\/#article","isPartOf":{"@id":"https:\/\/blogg.svenskakyrkan.se\/ekumenik\/2020\/04\/24\/nar-livet-ar-satt-i-standbylage\/"},"author":{"name":"Mona Ker\u00e4nen","@id":"https:\/\/blogg.svenskakyrkan.se\/ekumenik\/#\/schema\/person\/919deb268552a410c83614a4e5ff643f"},"headline":"N\u00e4r livet \u00e4r satt i standbyl\u00e4ge","datePublished":"2020-04-24T14:06:45+00:00","dateModified":"2020-04-24T14:41:29+00:00","mainEntityOfPage":{"@id":"https:\/\/blogg.svenskakyrkan.se\/ekumenik\/2020\/04\/24\/nar-livet-ar-satt-i-standbylage\/"},"wordCount":1009,"commentCount":0,"keywords":["Corona","Ensamhet","Kyrkornas v\u00e4rldsr\u00e5d","Sveriges kristna r\u00e5d"],"articleSection":["Mona Ker\u00e4nen"],"inLanguage":"sv-SE","potentialAction":[{"@type":"CommentAction","name":"Comment","target":["https:\/\/blogg.svenskakyrkan.se\/ekumenik\/2020\/04\/24\/nar-livet-ar-satt-i-standbylage\/#respond"]}]},{"@type":"WebPage","@id":"https:\/\/blogg.svenskakyrkan.se\/ekumenik\/2020\/04\/24\/nar-livet-ar-satt-i-standbylage\/","url":"https:\/\/blogg.svenskakyrkan.se\/ekumenik\/2020\/04\/24\/nar-livet-ar-satt-i-standbylage\/","name":"N\u00e4r livet \u00e4r satt i standbyl\u00e4ge - Ekumenikbloggen","isPartOf":{"@id":"https:\/\/blogg.svenskakyrkan.se\/ekumenik\/#website"},"datePublished":"2020-04-24T14:06:45+00:00","dateModified":"2020-04-24T14:41:29+00:00","author":{"@id":"https:\/\/blogg.svenskakyrkan.se\/ekumenik\/#\/schema\/person\/919deb268552a410c83614a4e5ff643f"},"breadcrumb":{"@id":"https:\/\/blogg.svenskakyrkan.se\/ekumenik\/2020\/04\/24\/nar-livet-ar-satt-i-standbylage\/#breadcrumb"},"inLanguage":"sv-SE","potentialAction":[{"@type":"ReadAction","target":["https:\/\/blogg.svenskakyrkan.se\/ekumenik\/2020\/04\/24\/nar-livet-ar-satt-i-standbylage\/"]}]},{"@type":"BreadcrumbList","@id":"https:\/\/blogg.svenskakyrkan.se\/ekumenik\/2020\/04\/24\/nar-livet-ar-satt-i-standbylage\/#breadcrumb","itemListElement":[{"@type":"ListItem","position":1,"name":"Hem","item":"https:\/\/blogg.svenskakyrkan.se\/ekumenik\/"},{"@type":"ListItem","position":2,"name":"N\u00e4r livet \u00e4r satt i standbyl\u00e4ge"}]},{"@type":"WebSite","@id":"https:\/\/blogg.svenskakyrkan.se\/ekumenik\/#website","url":"https:\/\/blogg.svenskakyrkan.se\/ekumenik\/","name":"Ekumenikbloggen","description":"Svenska kyrkans blogg om ekumenik och interreligi\u00f6s samverkan","potentialAction":[{"@type":"SearchAction","target":{"@type":"EntryPoint","urlTemplate":"https:\/\/blogg.svenskakyrkan.se\/ekumenik\/?s={search_term_string}"},"query-input":{"@type":"PropertyValueSpecification","valueRequired":true,"valueName":"search_term_string"}}],"inLanguage":"sv-SE"},{"@type":"Person","@id":"https:\/\/blogg.svenskakyrkan.se\/ekumenik\/#\/schema\/person\/919deb268552a410c83614a4e5ff643f","name":"Mona Ker\u00e4nen","image":{"@type":"ImageObject","inLanguage":"sv-SE","@id":"https:\/\/blogg.svenskakyrkan.se\/ekumenik\/#\/schema\/person\/image\/","url":"https:\/\/secure.gravatar.com\/avatar\/a80bbd77a72291d1fad9191d6e79635d92aeb51db59e98bab841a1200da02eef?s=96&d=mm&r=g","contentUrl":"https:\/\/secure.gravatar.com\/avatar\/a80bbd77a72291d1fad9191d6e79635d92aeb51db59e98bab841a1200da02eef?s=96&d=mm&r=g","caption":"Mona Ker\u00e4nen"},"url":"https:\/\/blogg.svenskakyrkan.se\/ekumenik\/author\/monakeranen\/"}]}},"author_meta":{"ID":"756","user_nicename":"monakeranen","user_registered":"2020-03-30 12:16:31","display_name":"Mona Ker\u00e4nen","first_name":"Mona","last_name":"Ker\u00e4nen","avatar":"https:\/\/secure.gravatar.com\/avatar\/a80bbd77a72291d1fad9191d6e79635d92aeb51db59e98bab841a1200da02eef?s=96&d=mm&r=g"},"featured_image":false,"bloginfo":{"name":"Ekumenikbloggen","url":"https:\/\/blogg.svenskakyrkan.se\/ekumenik"},"_links":{"self":[{"href":"https:\/\/blogg.svenskakyrkan.se\/ekumenik\/wp-json\/wp\/v2\/posts\/836","targetHints":{"allow":["GET"]}}],"collection":[{"href":"https:\/\/blogg.svenskakyrkan.se\/ekumenik\/wp-json\/wp\/v2\/posts"}],"about":[{"href":"https:\/\/blogg.svenskakyrkan.se\/ekumenik\/wp-json\/wp\/v2\/types\/post"}],"author":[{"embeddable":true,"href":"https:\/\/blogg.svenskakyrkan.se\/ekumenik\/wp-json\/wp\/v2\/users\/756"}],"replies":[{"embeddable":true,"href":"https:\/\/blogg.svenskakyrkan.se\/ekumenik\/wp-json\/wp\/v2\/comments?post=836"}],"version-history":[{"count":12,"href":"https:\/\/blogg.svenskakyrkan.se\/ekumenik\/wp-json\/wp\/v2\/posts\/836\/revisions"}],"predecessor-version":[{"id":849,"href":"https:\/\/blogg.svenskakyrkan.se\/ekumenik\/wp-json\/wp\/v2\/posts\/836\/revisions\/849"}],"wp:attachment":[{"href":"https:\/\/blogg.svenskakyrkan.se\/ekumenik\/wp-json\/wp\/v2\/media?parent=836"}],"wp:term":[{"taxonomy":"category","embeddable":true,"href":"https:\/\/blogg.svenskakyrkan.se\/ekumenik\/wp-json\/wp\/v2\/categories?post=836"},{"taxonomy":"post_tag","embeddable":true,"href":"https:\/\/blogg.svenskakyrkan.se\/ekumenik\/wp-json\/wp\/v2\/tags?post=836"}],"curies":[{"name":"wp","href":"https:\/\/api.w.org\/{rel}","templated":true}]}}