{"id":851,"date":"2020-05-04T14:06:35","date_gmt":"2020-05-04T12:06:35","guid":{"rendered":"http:\/\/blogg.svenskakyrkan.se\/ekumenik\/?p=851"},"modified":"2020-05-14T10:41:00","modified_gmt":"2020-05-14T08:41:00","slug":"att-vara-kyrka-online-i-tider-av-pandemi","status":"publish","type":"post","link":"https:\/\/blogg.svenskakyrkan.se\/ekumenik\/2020\/05\/04\/att-vara-kyrka-online-i-tider-av-pandemi\/","title":{"rendered":"Att vara kyrka online i tider av pandemi"},"content":{"rendered":"\n\n\n<h2 class=\"wp-block-heading\">Webbinarium om att vara kyrka online<\/h2>\n\n\n\n<p>I Kyrkornas v\u00e4rldsr\u00e5ds senaste veckobrev f\u00f6r perioden 24 \u2013 30 april finns en l\u00e4nk till det digitala webbinariet som Kyrkornas v\u00e4rldsr\u00e5d modererade den 29 april: \u201dWebinar on Churches\u2019 ministry online\u201d. L\u00e4nk: <a href=\"https:\/\/www.youtube.com\/watch?v=GgfTmqtqgyk\">https:\/\/www.youtube.com\/watch?v=GgfTmqtqgyk<\/a>.<\/p>\n\n\n\n<p>Webbinariet b\u00f6rjar med en introduktion av professor Heidi A. Campbell, Professor of Communication at Texas A&amp;M University and Director of the Network of New Media, Religion and Digital Culture Studies: \u201cThe Distanced Church: Doing Church Online in a time of Pandemic\u201d. Den titeln har hon ocks\u00e5 p\u00e5 en e-bok som \u00e4r tillg\u00e4nglig online via den h\u00e4r l\u00e4nken: <a href=\"https:\/\/oaktrust.library.tamu.edu\/handle\/1969.1\/187891\">https:\/\/oaktrust.library.tamu.edu\/handle\/1969.1\/187891<\/a>. \u00a0<\/p>\n\n\n\n<h2 class=\"wp-block-heading\">Strategier f\u00f6r att vara kyrka online<\/h2>\n\n\n\n<p>Heidi Campbell har unders\u00f6kt de strategier kyrkor anv\u00e4nder f\u00f6r att hantera kyrkan online. Den f\u00f6rsta strategin kallar hon \u201dTransfer strategy\u201d, som handlar om att ta kyrkan som den \u00e4r direkt online. Den andra kallar hon \u201dTranslation strategy\u201d, som handlar om att anpassa gudstj\u00e4nsten och det man vill f\u00f6rmedla till det digitala mediet, s\u00e5 att det kommer n\u00e4rmare deltagarna och det p\u00e5 s\u00e5 s\u00e4tt blir mera informellt. Den tredje strategin, \u201dTransformation strategy\u201d, betonar mera interaktiva och experimentella delar, ex. att vara med i en procession genom att rita r\u00f6da kors p\u00e5 handen som man visar i mediet. Hon utg\u00e5r i detta \u00e4ven fr\u00e5n en tidigare unders\u00f6kning som hon formulerat i skriften: \u201dNetwork theology\u201d. Hon betonar vikten av att experter inom teologi, forskning och media m\u00f6ts och jobbar med detta tillsammans.<\/p>\n\n\n\n<ul class=\"wp-block-list\"><li>Det handlar om att vara medveten om att man i det digitala jobbar med vad det \u00e4r att vara kyrka, vilket tas som sj\u00e4lvklart i den fysiska milj\u00f6n<\/li><li>Det \u00e4r viktigt att f\u00f6rst\u00e5 digitala medier och vad som h\u00e4nder n\u00e4r man ex. placerar gudstj\u00e4nsten i just det mediala rummet som har en egen fastst\u00e4lld kultur, &nbsp;ex. Facebook, och vad gudstj\u00e4nsten blir och beh\u00f6ver vara i det sammanhanget<\/li><\/ul>\n\n\n\n<h2 class=\"wp-block-heading\">Fr\u00e5gor att st\u00e4lla sig inf\u00f6r att vara kyrka online<\/h2>\n\n\n\n<p>Heidi Campbell st\u00e4ller n\u00e5gra viktiga fr\u00e5gor att ta fundera \u00f6ver och ta st\u00e4llning till:<\/p>\n\n\n\n<ul class=\"wp-block-list\"><li>Hur kan den fysiska platsen och den digitala platsen att vara kyrka kombineras?<\/li><li>Hur kan den tekniska upplevelsen bli en upplevelse av att vara en f\u00f6rsamlingsgemenskap?<\/li><li>Hur kan det skapas alternativ till digitala rum f\u00f6r de som inte har kunskap och tillg\u00e5ng till digital teknik eller internet? ( red. Det omv\u00e4nda g\u00e4ller f\u00f6rst\u00e5s ocks\u00e5.)<\/li><\/ul>\n\n\n\n<h2 class=\"wp-block-heading\">Exempel fr\u00e5n Sydkorea, Tyskland, USA och Norge<\/h2>\n\n\n\n<p>Rev. Jonggoo Kim, the senior pastor of Seshin Methodist Church in Seoul, <strong>South Korea<\/strong>: \u201cOnline experience of churches during lock-down in Korea\u201d. I Sydkorea gjorde man s.k. \u201dEaster masks\u201d, ansiktsmasker som medlemmar syr av bomull (f\u00f6r att kunna \u00e5teranv\u00e4nda dem) och som de delar ut till grannar, flyktingar och migranter och andra runt om. De har onlinegudstj\u00e4nster f\u00f6r att fira tillsammans p\u00e5 distans i hemmet. Jonggoo Kim har noterat att vi \u00e4r i den fj\u00e4rde industriella revolutionen men att kyrkor har varit l\u00e5ngsamma n\u00e4r det g\u00e4ller att anpassa sitt s\u00e4tt att vara kyrka till den revolutionen, till det digitala och AI. Det har pandemin p\u00e5skyndat, vilket \u00e4r bra menar han.<\/p>\n\n\n\n<p>Rev. Ralf Peter Reimann, pastor and Internet Commissioner of the Evangelical Church in the Rhineland: \u201cAchieving engagement and participation online: churches in <strong>Germany<\/strong>\u201d. Peter Reimann menar att vi har hanterat kyrkan som att den \u00e4r detsamma som en fysisk byggnad s\u00e5 att vi har reducerat kyrkan till en fysisk plats. Pandemin har visat att kyrkan best\u00e5r av m\u00e4nniskor som kommer tillsamman och ber. Det handlade tidigare enbart om att \u201dkomma till kyrkan\u201d, men i och med pandemin handlar det numera mera om att \u201dkyrkan kommer till m\u00e4nniskor och deras hem\u201d. En nyckelfras i deras arbete under pandemin har varit: \u201dKyrka i hemmet\u201d. Att vara en kyrka online \u00e4r \u201dLivestreaming\u201d, dvs. att f\u00f6rsamlingsborna f\u00e5r vara med och delta ex. genom att chatta. Det har inneburit att man s\u00e4ger \u201dHej\u201d och talar om varifr\u00e5n man kommer osv. P\u00e5 det s\u00e4ttet blir det synligt vilka som deltar i gudstj\u00e4nstgemenskapen. Den digitala kyrkan \u00e4r ocks\u00e5 en lokal kyrka. Kommer kyrkan att forts\u00e4tta med detta efter pandemin har mattats av, f\u00f6r h\u00f6griskgrupper och de som vanligen inte kan ta sig till kyrkans gudstj\u00e4nster fysiskt, fr\u00e5gar sig Peter. Det som ocks\u00e5 har h\u00e4nt \u00e4r att de som tidigare inte kommit till kyrkan nu deltar i gudstj\u00e4nster digitalt. De f\u00f6rlorar vi om vi helt och enbart \u00e5terg\u00e5r till fysiska gudstj\u00e4nster i kyrkorummet. Peter har ocks\u00e5 sett att de digitala gudstj\u00e4nsterna har inneburit att m\u00e4nniskor deltar mera direkt \u00e4n i en fysisk gudstj\u00e4nst, ex. n\u00e4r det g\u00e4ller att kommentera och skriva att man vill ha f\u00f6rb\u00f6n osv.<\/p>\n\n\n\n<p>Rev. Dr. Nicolas Kazarian head of the ecumenical department of the Greek Orthodox Archdiocese of <strong>America<\/strong>: \u201cOrthodox perspective on the ministry of the Church online\u201d. I New York har de st\u00e4ngda kyrkor och firar alla gudstj\u00e4nster online. Man anv\u00e4nder Facebook, Zoom, Youtube, Skype, f\u00f6rsamlingens webbsida, d\u00e4r Facebook \u00e4r det mest anv\u00e4nda digitala mediet. Att vara med i digitala gudstj\u00e4nster \u00e4r att som att f\u00f6rvandla hemmet till kyrkor, vilket har inneburit att det man har hemma, blommor och ljus m.m. blir en del av kyrkan. Det har i och med det blivit en form av f\u00f6rnyelse av kyrkan.<\/p>\n\n\n\n<p>Ingeborg Dybvig, Communications Director Church of <strong>Norway<\/strong>: \u201cOn the way to interactive digital presence: experience of the Church of Norway\u201d. Norska kyrkan har sedan 2019 \u00f6kat sin n\u00e4rvaro online eftersom m\u00e4nniskor tillbringar sin tid online. H\u00e4lften av medlemmar g\u00e5r inte till kyrkan annat \u00e4n n\u00e4r det \u00e4r n\u00e5gon f\u00f6rr\u00e4ttning av n\u00e5got slag. Deras strategi har varit att ge hopp i en os\u00e4ker v\u00e4rld: \u201d\u00e4ven om kyrkporten \u00e4r st\u00e4ngd, s\u00e5 \u00e4r kyrkan \u00f6ppen och tillg\u00e4nglig\u201d. M\u00e5nga har sagt att det har varit en fantastisk erfarenhet att bes\u00f6ka kyrkor runt om i Norge d\u00e4r man normalt inte brukar vara. De str\u00f6mmade gudstj\u00e4nster fr\u00e5n katedralen i Oslo och m\u00e5nga andra st\u00e4llet. De s\u00e5g till att det fanns anst\u00e4llda som modererade och hanterade det digitala interaktiva i de gudstj\u00e4nsterna som b\u00e5de var fysiska och digitala. Fredagar kl. 20 inf\u00f6rde man \u201dHela Norge t\u00e4nder ett ljus\u201d d\u00e4r \u00f6ver 50\u00a0000 deltog genom att ta ett foto av sitt ljus och l\u00e4gga upp det. Varje l\u00f6rdag visar de gudstj\u00e4nster fr\u00e5n olika kyrkor runt om i Norge. Varje kv\u00e4ll kl. 22 ber en pr\u00e4st f\u00f6r natten, vilket har blivit mycket popul\u00e4rt. De har p\u00e5 detta s\u00e4tt n\u00e5tt ut till olika m\u00e5lgrupper. Norska kyrkan har \u00e4ven babys\u00e5ng och program f\u00f6r olika \u00e5ldrar. F\u00f6r de som \u00e4r ensamma hemma har de introducerat m\u00f6jligheten att delta i 20 min l\u00e5nga dagliga lunchm\u00f6ten, d\u00e4r n\u00e5gon presenterar ett \u00e4mne som man pratar om tillsammans.<\/p>\n\n\n\n<h2 class=\"wp-block-heading\">Slutord<\/h2>\n\n\n\n<p>Det \u00e4r n\u00e5gra exempel p\u00e5 hur det ser ut runt om i v\u00e4rlden och hur man kan vara kyrka online. Det visar p\u00e5 tre strategier som kan vara v\u00e4gledande och tar upp n\u00e5gra fr\u00e5gor att samtala om inf\u00f6r olika satsningar. Exemplen tar ocks\u00e5 utg\u00e5ngspunkt i vad kyrkan beh\u00f6ver vara\u00a0och g\u00f6ra\u00a0just nu, ex. att ge hopp. Det viktig att fundera \u00f6ver vad kyrkan \u00e4r och vill vara och vad kyrkan blir och uppfattas som p\u00e5 det s\u00e4tt hon framtr\u00e4der online. Exempel fr\u00e5n kyrkor i Sverige har Sveriges kristna r\u00e5d samlat h\u00e4r: https:\/\/www.skr.org\/kyrkorna-och-corona-viruset\/<\/p>\n","protected":false},"excerpt":{"rendered":"<p>Webbinarium om att vara kyrka online I Kyrkornas v\u00e4rldsr\u00e5ds senaste veckobrev f\u00f6r perioden 24 \u2013 30 april finns en l\u00e4nk till det digitala webbinariet som Kyrkornas v\u00e4rldsr\u00e5d modererade den 29 april: \u201dWebinar on Churches\u2019 ministry online\u201d. L\u00e4nk: https:\/\/www.youtube.com\/watch?v=GgfTmqtqgyk. Webbinariet b\u00f6rjar med en introduktion av professor Heidi A. Campbell, Professor of Communication at Texas A&amp;M University [&hellip;]<\/p>\n","protected":false},"author":756,"featured_media":0,"comment_status":"open","ping_status":"open","sticky":false,"template":"","format":"standard","meta":{"_acf_changed":false,"footnotes":""},"categories":[160925,9],"tags":[160927,160926,160923,160922],"class_list":["post-851","post","type-post","status-publish","format-standard","hentry","category-mona-keranen","category-okategoriserade","tag-gudstjanst-online","tag-kyrka-online","tag-kyrkornas-varldsrad","tag-sveriges-kristna-rad"],"acf":[],"yoast_head":"<!-- This site is optimized with the Yoast SEO plugin v27.1.1 - https:\/\/yoast.com\/product\/yoast-seo-wordpress\/ -->\n<title>Att vara kyrka online i tider av pandemi - Ekumenikbloggen<\/title>\n<meta name=\"robots\" content=\"index, follow, max-snippet:-1, max-image-preview:large, max-video-preview:-1\" \/>\n<link rel=\"canonical\" href=\"https:\/\/blogg.svenskakyrkan.se\/ekumenik\/2020\/05\/04\/att-vara-kyrka-online-i-tider-av-pandemi\/\" \/>\n<meta property=\"og:locale\" content=\"sv_SE\" \/>\n<meta property=\"og:type\" content=\"article\" \/>\n<meta property=\"og:title\" content=\"Att vara kyrka online i tider av pandemi - Ekumenikbloggen\" \/>\n<meta property=\"og:description\" content=\"Webbinarium om att vara kyrka online I Kyrkornas v\u00e4rldsr\u00e5ds senaste veckobrev f\u00f6r perioden 24 \u2013 30 april finns en l\u00e4nk till det digitala webbinariet som Kyrkornas v\u00e4rldsr\u00e5d modererade den 29 april: \u201dWebinar on Churches\u2019 ministry online\u201d. L\u00e4nk: https:\/\/www.youtube.com\/watch?v=GgfTmqtqgyk. Webbinariet b\u00f6rjar med en introduktion av professor Heidi A. Campbell, Professor of Communication at Texas A&amp;M University [&hellip;]\" \/>\n<meta property=\"og:url\" content=\"https:\/\/blogg.svenskakyrkan.se\/ekumenik\/2020\/05\/04\/att-vara-kyrka-online-i-tider-av-pandemi\/\" \/>\n<meta property=\"og:site_name\" content=\"Ekumenikbloggen\" \/>\n<meta property=\"article:published_time\" content=\"2020-05-04T12:06:35+00:00\" \/>\n<meta property=\"article:modified_time\" content=\"2020-05-14T08:41:00+00:00\" \/>\n<meta name=\"author\" content=\"Mona Ker\u00e4nen\" \/>\n<meta name=\"twitter:card\" content=\"summary_large_image\" \/>\n<meta name=\"twitter:label1\" content=\"Skriven av\" \/>\n\t<meta name=\"twitter:data1\" content=\"Mona Ker\u00e4nen\" \/>\n\t<meta name=\"twitter:label2\" content=\"Ber\u00e4knad l\u00e4stid\" \/>\n\t<meta name=\"twitter:data2\" content=\"7 minuter\" \/>\n<script type=\"application\/ld+json\" class=\"yoast-schema-graph\">{\"@context\":\"https:\/\/schema.org\",\"@graph\":[{\"@type\":\"Article\",\"@id\":\"https:\/\/blogg.svenskakyrkan.se\/ekumenik\/2020\/05\/04\/att-vara-kyrka-online-i-tider-av-pandemi\/#article\",\"isPartOf\":{\"@id\":\"https:\/\/blogg.svenskakyrkan.se\/ekumenik\/2020\/05\/04\/att-vara-kyrka-online-i-tider-av-pandemi\/\"},\"author\":{\"name\":\"Mona Ker\u00e4nen\",\"@id\":\"https:\/\/blogg.svenskakyrkan.se\/ekumenik\/#\/schema\/person\/919deb268552a410c83614a4e5ff643f\"},\"headline\":\"Att vara kyrka online i tider av pandemi\",\"datePublished\":\"2020-05-04T12:06:35+00:00\",\"dateModified\":\"2020-05-14T08:41:00+00:00\",\"mainEntityOfPage\":{\"@id\":\"https:\/\/blogg.svenskakyrkan.se\/ekumenik\/2020\/05\/04\/att-vara-kyrka-online-i-tider-av-pandemi\/\"},\"wordCount\":1336,\"commentCount\":0,\"keywords\":[\"Gudstj\u00e4nst online\",\"Kyrka online\",\"Kyrkornas v\u00e4rldsr\u00e5d\",\"Sveriges kristna r\u00e5d\"],\"articleSection\":[\"Mona Ker\u00e4nen\"],\"inLanguage\":\"sv-SE\",\"potentialAction\":[{\"@type\":\"CommentAction\",\"name\":\"Comment\",\"target\":[\"https:\/\/blogg.svenskakyrkan.se\/ekumenik\/2020\/05\/04\/att-vara-kyrka-online-i-tider-av-pandemi\/#respond\"]}]},{\"@type\":\"WebPage\",\"@id\":\"https:\/\/blogg.svenskakyrkan.se\/ekumenik\/2020\/05\/04\/att-vara-kyrka-online-i-tider-av-pandemi\/\",\"url\":\"https:\/\/blogg.svenskakyrkan.se\/ekumenik\/2020\/05\/04\/att-vara-kyrka-online-i-tider-av-pandemi\/\",\"name\":\"Att vara kyrka online i tider av pandemi - Ekumenikbloggen\",\"isPartOf\":{\"@id\":\"https:\/\/blogg.svenskakyrkan.se\/ekumenik\/#website\"},\"datePublished\":\"2020-05-04T12:06:35+00:00\",\"dateModified\":\"2020-05-14T08:41:00+00:00\",\"author\":{\"@id\":\"https:\/\/blogg.svenskakyrkan.se\/ekumenik\/#\/schema\/person\/919deb268552a410c83614a4e5ff643f\"},\"breadcrumb\":{\"@id\":\"https:\/\/blogg.svenskakyrkan.se\/ekumenik\/2020\/05\/04\/att-vara-kyrka-online-i-tider-av-pandemi\/#breadcrumb\"},\"inLanguage\":\"sv-SE\",\"potentialAction\":[{\"@type\":\"ReadAction\",\"target\":[\"https:\/\/blogg.svenskakyrkan.se\/ekumenik\/2020\/05\/04\/att-vara-kyrka-online-i-tider-av-pandemi\/\"]}]},{\"@type\":\"BreadcrumbList\",\"@id\":\"https:\/\/blogg.svenskakyrkan.se\/ekumenik\/2020\/05\/04\/att-vara-kyrka-online-i-tider-av-pandemi\/#breadcrumb\",\"itemListElement\":[{\"@type\":\"ListItem\",\"position\":1,\"name\":\"Hem\",\"item\":\"https:\/\/blogg.svenskakyrkan.se\/ekumenik\/\"},{\"@type\":\"ListItem\",\"position\":2,\"name\":\"Att vara kyrka online i tider av pandemi\"}]},{\"@type\":\"WebSite\",\"@id\":\"https:\/\/blogg.svenskakyrkan.se\/ekumenik\/#website\",\"url\":\"https:\/\/blogg.svenskakyrkan.se\/ekumenik\/\",\"name\":\"Ekumenikbloggen\",\"description\":\"Svenska kyrkans blogg om ekumenik och interreligi\u00f6s samverkan\",\"potentialAction\":[{\"@type\":\"SearchAction\",\"target\":{\"@type\":\"EntryPoint\",\"urlTemplate\":\"https:\/\/blogg.svenskakyrkan.se\/ekumenik\/?s={search_term_string}\"},\"query-input\":{\"@type\":\"PropertyValueSpecification\",\"valueRequired\":true,\"valueName\":\"search_term_string\"}}],\"inLanguage\":\"sv-SE\"},{\"@type\":\"Person\",\"@id\":\"https:\/\/blogg.svenskakyrkan.se\/ekumenik\/#\/schema\/person\/919deb268552a410c83614a4e5ff643f\",\"name\":\"Mona Ker\u00e4nen\",\"image\":{\"@type\":\"ImageObject\",\"inLanguage\":\"sv-SE\",\"@id\":\"https:\/\/blogg.svenskakyrkan.se\/ekumenik\/#\/schema\/person\/image\/\",\"url\":\"https:\/\/secure.gravatar.com\/avatar\/a80bbd77a72291d1fad9191d6e79635d92aeb51db59e98bab841a1200da02eef?s=96&d=mm&r=g\",\"contentUrl\":\"https:\/\/secure.gravatar.com\/avatar\/a80bbd77a72291d1fad9191d6e79635d92aeb51db59e98bab841a1200da02eef?s=96&d=mm&r=g\",\"caption\":\"Mona Ker\u00e4nen\"},\"url\":\"https:\/\/blogg.svenskakyrkan.se\/ekumenik\/author\/monakeranen\/\"}]}<\/script>\n<!-- \/ Yoast SEO plugin. -->","yoast_head_json":{"title":"Att vara kyrka online i tider av pandemi - Ekumenikbloggen","robots":{"index":"index","follow":"follow","max-snippet":"max-snippet:-1","max-image-preview":"max-image-preview:large","max-video-preview":"max-video-preview:-1"},"canonical":"https:\/\/blogg.svenskakyrkan.se\/ekumenik\/2020\/05\/04\/att-vara-kyrka-online-i-tider-av-pandemi\/","og_locale":"sv_SE","og_type":"article","og_title":"Att vara kyrka online i tider av pandemi - Ekumenikbloggen","og_description":"Webbinarium om att vara kyrka online I Kyrkornas v\u00e4rldsr\u00e5ds senaste veckobrev f\u00f6r perioden 24 \u2013 30 april finns en l\u00e4nk till det digitala webbinariet som Kyrkornas v\u00e4rldsr\u00e5d modererade den 29 april: \u201dWebinar on Churches\u2019 ministry online\u201d. L\u00e4nk: https:\/\/www.youtube.com\/watch?v=GgfTmqtqgyk. Webbinariet b\u00f6rjar med en introduktion av professor Heidi A. Campbell, Professor of Communication at Texas A&amp;M University [&hellip;]","og_url":"https:\/\/blogg.svenskakyrkan.se\/ekumenik\/2020\/05\/04\/att-vara-kyrka-online-i-tider-av-pandemi\/","og_site_name":"Ekumenikbloggen","article_published_time":"2020-05-04T12:06:35+00:00","article_modified_time":"2020-05-14T08:41:00+00:00","author":"Mona Ker\u00e4nen","twitter_card":"summary_large_image","twitter_misc":{"Skriven av":"Mona Ker\u00e4nen","Ber\u00e4knad l\u00e4stid":"7 minuter"},"schema":{"@context":"https:\/\/schema.org","@graph":[{"@type":"Article","@id":"https:\/\/blogg.svenskakyrkan.se\/ekumenik\/2020\/05\/04\/att-vara-kyrka-online-i-tider-av-pandemi\/#article","isPartOf":{"@id":"https:\/\/blogg.svenskakyrkan.se\/ekumenik\/2020\/05\/04\/att-vara-kyrka-online-i-tider-av-pandemi\/"},"author":{"name":"Mona Ker\u00e4nen","@id":"https:\/\/blogg.svenskakyrkan.se\/ekumenik\/#\/schema\/person\/919deb268552a410c83614a4e5ff643f"},"headline":"Att vara kyrka online i tider av pandemi","datePublished":"2020-05-04T12:06:35+00:00","dateModified":"2020-05-14T08:41:00+00:00","mainEntityOfPage":{"@id":"https:\/\/blogg.svenskakyrkan.se\/ekumenik\/2020\/05\/04\/att-vara-kyrka-online-i-tider-av-pandemi\/"},"wordCount":1336,"commentCount":0,"keywords":["Gudstj\u00e4nst online","Kyrka online","Kyrkornas v\u00e4rldsr\u00e5d","Sveriges kristna r\u00e5d"],"articleSection":["Mona Ker\u00e4nen"],"inLanguage":"sv-SE","potentialAction":[{"@type":"CommentAction","name":"Comment","target":["https:\/\/blogg.svenskakyrkan.se\/ekumenik\/2020\/05\/04\/att-vara-kyrka-online-i-tider-av-pandemi\/#respond"]}]},{"@type":"WebPage","@id":"https:\/\/blogg.svenskakyrkan.se\/ekumenik\/2020\/05\/04\/att-vara-kyrka-online-i-tider-av-pandemi\/","url":"https:\/\/blogg.svenskakyrkan.se\/ekumenik\/2020\/05\/04\/att-vara-kyrka-online-i-tider-av-pandemi\/","name":"Att vara kyrka online i tider av pandemi - Ekumenikbloggen","isPartOf":{"@id":"https:\/\/blogg.svenskakyrkan.se\/ekumenik\/#website"},"datePublished":"2020-05-04T12:06:35+00:00","dateModified":"2020-05-14T08:41:00+00:00","author":{"@id":"https:\/\/blogg.svenskakyrkan.se\/ekumenik\/#\/schema\/person\/919deb268552a410c83614a4e5ff643f"},"breadcrumb":{"@id":"https:\/\/blogg.svenskakyrkan.se\/ekumenik\/2020\/05\/04\/att-vara-kyrka-online-i-tider-av-pandemi\/#breadcrumb"},"inLanguage":"sv-SE","potentialAction":[{"@type":"ReadAction","target":["https:\/\/blogg.svenskakyrkan.se\/ekumenik\/2020\/05\/04\/att-vara-kyrka-online-i-tider-av-pandemi\/"]}]},{"@type":"BreadcrumbList","@id":"https:\/\/blogg.svenskakyrkan.se\/ekumenik\/2020\/05\/04\/att-vara-kyrka-online-i-tider-av-pandemi\/#breadcrumb","itemListElement":[{"@type":"ListItem","position":1,"name":"Hem","item":"https:\/\/blogg.svenskakyrkan.se\/ekumenik\/"},{"@type":"ListItem","position":2,"name":"Att vara kyrka online i tider av pandemi"}]},{"@type":"WebSite","@id":"https:\/\/blogg.svenskakyrkan.se\/ekumenik\/#website","url":"https:\/\/blogg.svenskakyrkan.se\/ekumenik\/","name":"Ekumenikbloggen","description":"Svenska kyrkans blogg om ekumenik och interreligi\u00f6s samverkan","potentialAction":[{"@type":"SearchAction","target":{"@type":"EntryPoint","urlTemplate":"https:\/\/blogg.svenskakyrkan.se\/ekumenik\/?s={search_term_string}"},"query-input":{"@type":"PropertyValueSpecification","valueRequired":true,"valueName":"search_term_string"}}],"inLanguage":"sv-SE"},{"@type":"Person","@id":"https:\/\/blogg.svenskakyrkan.se\/ekumenik\/#\/schema\/person\/919deb268552a410c83614a4e5ff643f","name":"Mona Ker\u00e4nen","image":{"@type":"ImageObject","inLanguage":"sv-SE","@id":"https:\/\/blogg.svenskakyrkan.se\/ekumenik\/#\/schema\/person\/image\/","url":"https:\/\/secure.gravatar.com\/avatar\/a80bbd77a72291d1fad9191d6e79635d92aeb51db59e98bab841a1200da02eef?s=96&d=mm&r=g","contentUrl":"https:\/\/secure.gravatar.com\/avatar\/a80bbd77a72291d1fad9191d6e79635d92aeb51db59e98bab841a1200da02eef?s=96&d=mm&r=g","caption":"Mona Ker\u00e4nen"},"url":"https:\/\/blogg.svenskakyrkan.se\/ekumenik\/author\/monakeranen\/"}]}},"author_meta":{"ID":"756","user_nicename":"monakeranen","user_registered":"2020-03-30 12:16:31","display_name":"Mona Ker\u00e4nen","first_name":"Mona","last_name":"Ker\u00e4nen","avatar":"https:\/\/secure.gravatar.com\/avatar\/a80bbd77a72291d1fad9191d6e79635d92aeb51db59e98bab841a1200da02eef?s=96&d=mm&r=g"},"featured_image":false,"bloginfo":{"name":"Ekumenikbloggen","url":"https:\/\/blogg.svenskakyrkan.se\/ekumenik"},"_links":{"self":[{"href":"https:\/\/blogg.svenskakyrkan.se\/ekumenik\/wp-json\/wp\/v2\/posts\/851","targetHints":{"allow":["GET"]}}],"collection":[{"href":"https:\/\/blogg.svenskakyrkan.se\/ekumenik\/wp-json\/wp\/v2\/posts"}],"about":[{"href":"https:\/\/blogg.svenskakyrkan.se\/ekumenik\/wp-json\/wp\/v2\/types\/post"}],"author":[{"embeddable":true,"href":"https:\/\/blogg.svenskakyrkan.se\/ekumenik\/wp-json\/wp\/v2\/users\/756"}],"replies":[{"embeddable":true,"href":"https:\/\/blogg.svenskakyrkan.se\/ekumenik\/wp-json\/wp\/v2\/comments?post=851"}],"version-history":[{"count":10,"href":"https:\/\/blogg.svenskakyrkan.se\/ekumenik\/wp-json\/wp\/v2\/posts\/851\/revisions"}],"predecessor-version":[{"id":872,"href":"https:\/\/blogg.svenskakyrkan.se\/ekumenik\/wp-json\/wp\/v2\/posts\/851\/revisions\/872"}],"wp:attachment":[{"href":"https:\/\/blogg.svenskakyrkan.se\/ekumenik\/wp-json\/wp\/v2\/media?parent=851"}],"wp:term":[{"taxonomy":"category","embeddable":true,"href":"https:\/\/blogg.svenskakyrkan.se\/ekumenik\/wp-json\/wp\/v2\/categories?post=851"},{"taxonomy":"post_tag","embeddable":true,"href":"https:\/\/blogg.svenskakyrkan.se\/ekumenik\/wp-json\/wp\/v2\/tags?post=851"}],"curies":[{"name":"wp","href":"https:\/\/api.w.org\/{rel}","templated":true}]}}