{"id":958,"date":"2021-01-21T09:12:16","date_gmt":"2021-01-21T08:12:16","guid":{"rendered":"http:\/\/blogg.svenskakyrkan.se\/ekumenik\/?p=958"},"modified":"2024-06-20T17:43:47","modified_gmt":"2024-06-20T15:43:47","slug":"jesus-camnerin-och-biden-ber-om-enhet-och-fred","status":"publish","type":"post","link":"https:\/\/blogg.svenskakyrkan.se\/ekumenik\/2021\/01\/21\/jesus-camnerin-och-biden-ber-om-enhet-och-fred\/","title":{"rendered":"Jesus, Camnerin och Biden ber om enhet och fred"},"content":{"rendered":"\n<p>Talet om enhet och enighet \u00e4r p\u00e5 m\u00e5ngas l\u00e4ppar i dessa dagar<\/p>\n\n\n\n<p>Vi befinner oss mitt i <a href=\"https:\/\/www.skr.org\/vart-arbete\/boneveckan\/\">B\u00f6neveckan f\u00f6r kristen enhet <\/a>som engagerar kyrkor i hela den ekumeniska r\u00f6relsen \u00f6ver hela v\u00e4rlden. Med utg\u00e5ngspunkt i Jesu egen b\u00f6n och \u00f6nskan om kristnas synliga enhet och v\u00e4rldens fred (Johannesevangeliets 17:e kapitel) samlas kristna i b\u00f6n f\u00f6r kristen enhet.<\/p>\n\n\n\n<p>Sveriges kristna r\u00e5ds nyutn\u00e4mnda generalsekreterare, Sofia Camnerin, f\u00f6rtydligar i ett uttalande vad det handlar om i ett f\u00f6rsta <a href=\"https:\/\/www.skr.org\/camnerin-ny-generalsekreterare-for-sveriges-kristna-rad\/\">uttalande<\/a>:&nbsp;<\/p>\n\n\n\n<blockquote class=\"wp-block-quote is-layout-flow wp-block-quote-is-layout-flow\"><p>Jag tror verkligen att enhet \u00e4r svaret p\u00e5 v\u00e4rldens n\u00f6d. Kyrkor ska s\u00f6ka enhet f\u00f6r v\u00e4rldens skull, f\u00f6r att v\u00e4rlden ska tro.<\/p><\/blockquote>\n\n\n\n<p>Talet om enhet kan tecknas i m\u00e5nga f\u00e4rger och utl\u00e4ggs ocks\u00e5 l\u00e5ngt bortom kyrkornas egna dom\u00e4ner. Inte helt \u00f6verraskande var just ropet efter enighet ett genomg\u00e5ende tema i Joe Bidens <a href=\"https:\/\/www.dn.se\/varlden\/har-ar-joe-bidens-tal-ord-for-ord\/\">installationstal <\/a>som han ig\u00e5r h\u00f6ll direkt efter det att han svurits in som ny president i USA.<\/p>\n\n\n\n<blockquote class=\"wp-block-quote is-layout-flow wp-block-quote-is-layout-flow\"><p>Och tillsammans kommer vi att skriva en amerikansk ber\u00e4ttelse om hopp, inte r\u00e4dsla. Om enighet, inte splittring. Om ljus, inte m\u00f6rker. En ber\u00e4ttelse om anst\u00e4ndighet och v\u00e4rdighet, k\u00e4rlek och helande, storhet och godhet. L\u00e5t detta bli den ber\u00e4ttelse som v\u00e4gleder oss. Ber\u00e4ttelsen som inspirerar oss. Och som ber\u00e4ttar f\u00f6r framtida generationer att vi m\u00f6tte \u00f6gonblicket, och tog v\u00e5rt ansvar. Demokrati och hopp, sanning och r\u00e4ttvisa, de dog inte p\u00e5 v\u00e5r vakt, de blomstrade.<\/p><\/blockquote>\n\n\n\n<p>Bidens tal om enighet (genomg\u00e5ende anv\u00e4nde han engelskans <em>unity<\/em>) \u2013 \u00e4r inte synonymt med vare sig enhetlighet eller likriktning \u2013 blir en utmaning ocks\u00e5 f\u00f6r kyrkorna att anta i en ny tid. \u00a0<\/p>\n\n\n\n<p><\/p>\n","protected":false},"excerpt":{"rendered":"<p>Talet om enhet och enighet \u00e4r p\u00e5 m\u00e5ngas l\u00e4ppar i dessa dagar Vi befinner oss mitt i B\u00f6neveckan f\u00f6r kristen enhet som engagerar kyrkor i hela den ekumeniska r\u00f6relsen \u00f6ver hela v\u00e4rlden. Med utg\u00e5ngspunkt i Jesu egen b\u00f6n och \u00f6nskan om kristnas synliga enhet och v\u00e4rldens fred (Johannesevangeliets 17:e kapitel) samlas kristna i b\u00f6n f\u00f6r [&hellip;]<\/p>\n","protected":false},"author":754,"featured_media":0,"comment_status":"open","ping_status":"open","sticky":false,"template":"","format":"standard","meta":{"_acf_changed":false,"footnotes":""},"categories":[9],"tags":[160946,10482,160944,160945],"class_list":["post-958","post","type-post","status-publish","format-standard","hentry","category-okategoriserade","tag-boneveckan-for-kristen-enhet","tag-ekumenik","tag-enhet","tag-enighet"],"acf":[],"yoast_head":"<!-- This site is optimized with the Yoast SEO plugin v27.1.1 - https:\/\/yoast.com\/product\/yoast-seo-wordpress\/ -->\n<title>Jesus, Camnerin och Biden ber om enhet och fred - Ekumenikbloggen<\/title>\n<meta name=\"robots\" content=\"index, follow, max-snippet:-1, max-image-preview:large, max-video-preview:-1\" \/>\n<link rel=\"canonical\" href=\"https:\/\/blogg.svenskakyrkan.se\/ekumenik\/2021\/01\/21\/jesus-camnerin-och-biden-ber-om-enhet-och-fred\/\" \/>\n<meta property=\"og:locale\" content=\"sv_SE\" \/>\n<meta property=\"og:type\" content=\"article\" \/>\n<meta property=\"og:title\" content=\"Jesus, Camnerin och Biden ber om enhet och fred - Ekumenikbloggen\" \/>\n<meta property=\"og:description\" content=\"Talet om enhet och enighet \u00e4r p\u00e5 m\u00e5ngas l\u00e4ppar i dessa dagar Vi befinner oss mitt i B\u00f6neveckan f\u00f6r kristen enhet som engagerar kyrkor i hela den ekumeniska r\u00f6relsen \u00f6ver hela v\u00e4rlden. Med utg\u00e5ngspunkt i Jesu egen b\u00f6n och \u00f6nskan om kristnas synliga enhet och v\u00e4rldens fred (Johannesevangeliets 17:e kapitel) samlas kristna i b\u00f6n f\u00f6r [&hellip;]\" \/>\n<meta property=\"og:url\" content=\"https:\/\/blogg.svenskakyrkan.se\/ekumenik\/2021\/01\/21\/jesus-camnerin-och-biden-ber-om-enhet-och-fred\/\" \/>\n<meta property=\"og:site_name\" content=\"Ekumenikbloggen\" \/>\n<meta property=\"article:published_time\" content=\"2021-01-21T08:12:16+00:00\" \/>\n<meta property=\"article:modified_time\" content=\"2024-06-20T15:43:47+00:00\" \/>\n<meta name=\"author\" content=\"Johannes Zeiler\" \/>\n<meta name=\"twitter:card\" content=\"summary_large_image\" \/>\n<meta name=\"twitter:label1\" content=\"Skriven av\" \/>\n\t<meta name=\"twitter:data1\" content=\"Johannes Zeiler\" \/>\n\t<meta name=\"twitter:label2\" content=\"Ber\u00e4knad l\u00e4stid\" \/>\n\t<meta name=\"twitter:data2\" content=\"1 minut\" \/>\n<script type=\"application\/ld+json\" class=\"yoast-schema-graph\">{\"@context\":\"https:\/\/schema.org\",\"@graph\":[{\"@type\":\"Article\",\"@id\":\"https:\/\/blogg.svenskakyrkan.se\/ekumenik\/2021\/01\/21\/jesus-camnerin-och-biden-ber-om-enhet-och-fred\/#article\",\"isPartOf\":{\"@id\":\"https:\/\/blogg.svenskakyrkan.se\/ekumenik\/2021\/01\/21\/jesus-camnerin-och-biden-ber-om-enhet-och-fred\/\"},\"author\":{\"name\":\"Johannes Zeiler\",\"@id\":\"https:\/\/blogg.svenskakyrkan.se\/ekumenik\/#\/schema\/person\/af312e1f4f4fac302bd34d6dd4f92a55\"},\"headline\":\"Jesus, Camnerin och Biden ber om enhet och fred\",\"datePublished\":\"2021-01-21T08:12:16+00:00\",\"dateModified\":\"2024-06-20T15:43:47+00:00\",\"mainEntityOfPage\":{\"@id\":\"https:\/\/blogg.svenskakyrkan.se\/ekumenik\/2021\/01\/21\/jesus-camnerin-och-biden-ber-om-enhet-och-fred\/\"},\"wordCount\":308,\"commentCount\":0,\"keywords\":[\"B\u00f6neveckan f\u00f6r kristen enhet\",\"Ekumenik\",\"Enhet\",\"Enighet\"],\"inLanguage\":\"sv-SE\",\"potentialAction\":[{\"@type\":\"CommentAction\",\"name\":\"Comment\",\"target\":[\"https:\/\/blogg.svenskakyrkan.se\/ekumenik\/2021\/01\/21\/jesus-camnerin-och-biden-ber-om-enhet-och-fred\/#respond\"]}]},{\"@type\":\"WebPage\",\"@id\":\"https:\/\/blogg.svenskakyrkan.se\/ekumenik\/2021\/01\/21\/jesus-camnerin-och-biden-ber-om-enhet-och-fred\/\",\"url\":\"https:\/\/blogg.svenskakyrkan.se\/ekumenik\/2021\/01\/21\/jesus-camnerin-och-biden-ber-om-enhet-och-fred\/\",\"name\":\"Jesus, Camnerin och Biden ber om enhet och fred - Ekumenikbloggen\",\"isPartOf\":{\"@id\":\"https:\/\/blogg.svenskakyrkan.se\/ekumenik\/#website\"},\"datePublished\":\"2021-01-21T08:12:16+00:00\",\"dateModified\":\"2024-06-20T15:43:47+00:00\",\"author\":{\"@id\":\"https:\/\/blogg.svenskakyrkan.se\/ekumenik\/#\/schema\/person\/af312e1f4f4fac302bd34d6dd4f92a55\"},\"breadcrumb\":{\"@id\":\"https:\/\/blogg.svenskakyrkan.se\/ekumenik\/2021\/01\/21\/jesus-camnerin-och-biden-ber-om-enhet-och-fred\/#breadcrumb\"},\"inLanguage\":\"sv-SE\",\"potentialAction\":[{\"@type\":\"ReadAction\",\"target\":[\"https:\/\/blogg.svenskakyrkan.se\/ekumenik\/2021\/01\/21\/jesus-camnerin-och-biden-ber-om-enhet-och-fred\/\"]}]},{\"@type\":\"BreadcrumbList\",\"@id\":\"https:\/\/blogg.svenskakyrkan.se\/ekumenik\/2021\/01\/21\/jesus-camnerin-och-biden-ber-om-enhet-och-fred\/#breadcrumb\",\"itemListElement\":[{\"@type\":\"ListItem\",\"position\":1,\"name\":\"Hem\",\"item\":\"https:\/\/blogg.svenskakyrkan.se\/ekumenik\/\"},{\"@type\":\"ListItem\",\"position\":2,\"name\":\"Jesus, Camnerin och Biden ber om enhet och fred\"}]},{\"@type\":\"WebSite\",\"@id\":\"https:\/\/blogg.svenskakyrkan.se\/ekumenik\/#website\",\"url\":\"https:\/\/blogg.svenskakyrkan.se\/ekumenik\/\",\"name\":\"Ekumenikbloggen\",\"description\":\"Svenska kyrkans blogg om ekumenik och interreligi\u00f6s samverkan\",\"potentialAction\":[{\"@type\":\"SearchAction\",\"target\":{\"@type\":\"EntryPoint\",\"urlTemplate\":\"https:\/\/blogg.svenskakyrkan.se\/ekumenik\/?s={search_term_string}\"},\"query-input\":{\"@type\":\"PropertyValueSpecification\",\"valueRequired\":true,\"valueName\":\"search_term_string\"}}],\"inLanguage\":\"sv-SE\"},{\"@type\":\"Person\",\"@id\":\"https:\/\/blogg.svenskakyrkan.se\/ekumenik\/#\/schema\/person\/af312e1f4f4fac302bd34d6dd4f92a55\",\"name\":\"Johannes Zeiler\",\"image\":{\"@type\":\"ImageObject\",\"inLanguage\":\"sv-SE\",\"@id\":\"https:\/\/blogg.svenskakyrkan.se\/ekumenik\/#\/schema\/person\/image\/\",\"url\":\"https:\/\/secure.gravatar.com\/avatar\/ddd7a4536789dbfddb8d26146ab77113b8346a268d627e61afe6dc9e6ff424da?s=96&d=mm&r=g\",\"contentUrl\":\"https:\/\/secure.gravatar.com\/avatar\/ddd7a4536789dbfddb8d26146ab77113b8346a268d627e61afe6dc9e6ff424da?s=96&d=mm&r=g\",\"caption\":\"Johannes Zeiler\"},\"description\":\"Jag arbetar med ekumenik i Svenska kyrkan p\u00e5 Kyrkokansliet i Uppsala. Jag har ett s\u00e4rskilt ansvar f\u00f6r fr\u00e5gor som ber\u00f6r Svenska kyrkans medlemskap och engagemang i Lutherska v\u00e4rldsf\u00f6rbundet. D\u00e4rtill f\u00f6ljer jag v\u00e5ra \u00f6verl\u00e4ggningar med EFS p\u00e5 n\u00e4ra h\u00e5ll samt deltar i dialogsamtalen med Equmeniakyrkan respektive Pingstr\u00f6relsen i Sverige. Jag \u00e4r pr\u00e4st i Svenska kyrkan och teologie doktor i Missionsvetenskap.\",\"url\":\"https:\/\/blogg.svenskakyrkan.se\/ekumenik\/author\/johanneszeiler\/\"}]}<\/script>\n<!-- \/ Yoast SEO plugin. -->","yoast_head_json":{"title":"Jesus, Camnerin och Biden ber om enhet och fred - Ekumenikbloggen","robots":{"index":"index","follow":"follow","max-snippet":"max-snippet:-1","max-image-preview":"max-image-preview:large","max-video-preview":"max-video-preview:-1"},"canonical":"https:\/\/blogg.svenskakyrkan.se\/ekumenik\/2021\/01\/21\/jesus-camnerin-och-biden-ber-om-enhet-och-fred\/","og_locale":"sv_SE","og_type":"article","og_title":"Jesus, Camnerin och Biden ber om enhet och fred - Ekumenikbloggen","og_description":"Talet om enhet och enighet \u00e4r p\u00e5 m\u00e5ngas l\u00e4ppar i dessa dagar Vi befinner oss mitt i B\u00f6neveckan f\u00f6r kristen enhet som engagerar kyrkor i hela den ekumeniska r\u00f6relsen \u00f6ver hela v\u00e4rlden. Med utg\u00e5ngspunkt i Jesu egen b\u00f6n och \u00f6nskan om kristnas synliga enhet och v\u00e4rldens fred (Johannesevangeliets 17:e kapitel) samlas kristna i b\u00f6n f\u00f6r [&hellip;]","og_url":"https:\/\/blogg.svenskakyrkan.se\/ekumenik\/2021\/01\/21\/jesus-camnerin-och-biden-ber-om-enhet-och-fred\/","og_site_name":"Ekumenikbloggen","article_published_time":"2021-01-21T08:12:16+00:00","article_modified_time":"2024-06-20T15:43:47+00:00","author":"Johannes Zeiler","twitter_card":"summary_large_image","twitter_misc":{"Skriven av":"Johannes Zeiler","Ber\u00e4knad l\u00e4stid":"1 minut"},"schema":{"@context":"https:\/\/schema.org","@graph":[{"@type":"Article","@id":"https:\/\/blogg.svenskakyrkan.se\/ekumenik\/2021\/01\/21\/jesus-camnerin-och-biden-ber-om-enhet-och-fred\/#article","isPartOf":{"@id":"https:\/\/blogg.svenskakyrkan.se\/ekumenik\/2021\/01\/21\/jesus-camnerin-och-biden-ber-om-enhet-och-fred\/"},"author":{"name":"Johannes Zeiler","@id":"https:\/\/blogg.svenskakyrkan.se\/ekumenik\/#\/schema\/person\/af312e1f4f4fac302bd34d6dd4f92a55"},"headline":"Jesus, Camnerin och Biden ber om enhet och fred","datePublished":"2021-01-21T08:12:16+00:00","dateModified":"2024-06-20T15:43:47+00:00","mainEntityOfPage":{"@id":"https:\/\/blogg.svenskakyrkan.se\/ekumenik\/2021\/01\/21\/jesus-camnerin-och-biden-ber-om-enhet-och-fred\/"},"wordCount":308,"commentCount":0,"keywords":["B\u00f6neveckan f\u00f6r kristen enhet","Ekumenik","Enhet","Enighet"],"inLanguage":"sv-SE","potentialAction":[{"@type":"CommentAction","name":"Comment","target":["https:\/\/blogg.svenskakyrkan.se\/ekumenik\/2021\/01\/21\/jesus-camnerin-och-biden-ber-om-enhet-och-fred\/#respond"]}]},{"@type":"WebPage","@id":"https:\/\/blogg.svenskakyrkan.se\/ekumenik\/2021\/01\/21\/jesus-camnerin-och-biden-ber-om-enhet-och-fred\/","url":"https:\/\/blogg.svenskakyrkan.se\/ekumenik\/2021\/01\/21\/jesus-camnerin-och-biden-ber-om-enhet-och-fred\/","name":"Jesus, Camnerin och Biden ber om enhet och fred - Ekumenikbloggen","isPartOf":{"@id":"https:\/\/blogg.svenskakyrkan.se\/ekumenik\/#website"},"datePublished":"2021-01-21T08:12:16+00:00","dateModified":"2024-06-20T15:43:47+00:00","author":{"@id":"https:\/\/blogg.svenskakyrkan.se\/ekumenik\/#\/schema\/person\/af312e1f4f4fac302bd34d6dd4f92a55"},"breadcrumb":{"@id":"https:\/\/blogg.svenskakyrkan.se\/ekumenik\/2021\/01\/21\/jesus-camnerin-och-biden-ber-om-enhet-och-fred\/#breadcrumb"},"inLanguage":"sv-SE","potentialAction":[{"@type":"ReadAction","target":["https:\/\/blogg.svenskakyrkan.se\/ekumenik\/2021\/01\/21\/jesus-camnerin-och-biden-ber-om-enhet-och-fred\/"]}]},{"@type":"BreadcrumbList","@id":"https:\/\/blogg.svenskakyrkan.se\/ekumenik\/2021\/01\/21\/jesus-camnerin-och-biden-ber-om-enhet-och-fred\/#breadcrumb","itemListElement":[{"@type":"ListItem","position":1,"name":"Hem","item":"https:\/\/blogg.svenskakyrkan.se\/ekumenik\/"},{"@type":"ListItem","position":2,"name":"Jesus, Camnerin och Biden ber om enhet och fred"}]},{"@type":"WebSite","@id":"https:\/\/blogg.svenskakyrkan.se\/ekumenik\/#website","url":"https:\/\/blogg.svenskakyrkan.se\/ekumenik\/","name":"Ekumenikbloggen","description":"Svenska kyrkans blogg om ekumenik och interreligi\u00f6s samverkan","potentialAction":[{"@type":"SearchAction","target":{"@type":"EntryPoint","urlTemplate":"https:\/\/blogg.svenskakyrkan.se\/ekumenik\/?s={search_term_string}"},"query-input":{"@type":"PropertyValueSpecification","valueRequired":true,"valueName":"search_term_string"}}],"inLanguage":"sv-SE"},{"@type":"Person","@id":"https:\/\/blogg.svenskakyrkan.se\/ekumenik\/#\/schema\/person\/af312e1f4f4fac302bd34d6dd4f92a55","name":"Johannes Zeiler","image":{"@type":"ImageObject","inLanguage":"sv-SE","@id":"https:\/\/blogg.svenskakyrkan.se\/ekumenik\/#\/schema\/person\/image\/","url":"https:\/\/secure.gravatar.com\/avatar\/ddd7a4536789dbfddb8d26146ab77113b8346a268d627e61afe6dc9e6ff424da?s=96&d=mm&r=g","contentUrl":"https:\/\/secure.gravatar.com\/avatar\/ddd7a4536789dbfddb8d26146ab77113b8346a268d627e61afe6dc9e6ff424da?s=96&d=mm&r=g","caption":"Johannes Zeiler"},"description":"Jag arbetar med ekumenik i Svenska kyrkan p\u00e5 Kyrkokansliet i Uppsala. Jag har ett s\u00e4rskilt ansvar f\u00f6r fr\u00e5gor som ber\u00f6r Svenska kyrkans medlemskap och engagemang i Lutherska v\u00e4rldsf\u00f6rbundet. D\u00e4rtill f\u00f6ljer jag v\u00e5ra \u00f6verl\u00e4ggningar med EFS p\u00e5 n\u00e4ra h\u00e5ll samt deltar i dialogsamtalen med Equmeniakyrkan respektive Pingstr\u00f6relsen i Sverige. Jag \u00e4r pr\u00e4st i Svenska kyrkan och teologie doktor i Missionsvetenskap.","url":"https:\/\/blogg.svenskakyrkan.se\/ekumenik\/author\/johanneszeiler\/"}]}},"author_meta":{"ID":"754","user_nicename":"johanneszeiler","user_registered":"2020-03-30 12:11:52","display_name":"Johannes Zeiler","first_name":"Johannes","last_name":"Zeiler","avatar":"https:\/\/blogg.svenskakyrkan.se\/ekumenik\/files\/2020\/03\/IMG_0132-II-150x150.jpg"},"featured_image":false,"bloginfo":{"name":"Ekumenikbloggen","url":"https:\/\/blogg.svenskakyrkan.se\/ekumenik"},"_links":{"self":[{"href":"https:\/\/blogg.svenskakyrkan.se\/ekumenik\/wp-json\/wp\/v2\/posts\/958","targetHints":{"allow":["GET"]}}],"collection":[{"href":"https:\/\/blogg.svenskakyrkan.se\/ekumenik\/wp-json\/wp\/v2\/posts"}],"about":[{"href":"https:\/\/blogg.svenskakyrkan.se\/ekumenik\/wp-json\/wp\/v2\/types\/post"}],"author":[{"embeddable":true,"href":"https:\/\/blogg.svenskakyrkan.se\/ekumenik\/wp-json\/wp\/v2\/users\/754"}],"replies":[{"embeddable":true,"href":"https:\/\/blogg.svenskakyrkan.se\/ekumenik\/wp-json\/wp\/v2\/comments?post=958"}],"version-history":[{"count":3,"href":"https:\/\/blogg.svenskakyrkan.se\/ekumenik\/wp-json\/wp\/v2\/posts\/958\/revisions"}],"predecessor-version":[{"id":961,"href":"https:\/\/blogg.svenskakyrkan.se\/ekumenik\/wp-json\/wp\/v2\/posts\/958\/revisions\/961"}],"wp:attachment":[{"href":"https:\/\/blogg.svenskakyrkan.se\/ekumenik\/wp-json\/wp\/v2\/media?parent=958"}],"wp:term":[{"taxonomy":"category","embeddable":true,"href":"https:\/\/blogg.svenskakyrkan.se\/ekumenik\/wp-json\/wp\/v2\/categories?post=958"},{"taxonomy":"post_tag","embeddable":true,"href":"https:\/\/blogg.svenskakyrkan.se\/ekumenik\/wp-json\/wp\/v2\/tags?post=958"}],"curies":[{"name":"wp","href":"https:\/\/api.w.org\/{rel}","templated":true}]}}