{"id":971,"date":"2021-01-29T11:48:56","date_gmt":"2021-01-29T10:48:56","guid":{"rendered":"http:\/\/blogg.svenskakyrkan.se\/ekumenik\/?p=971"},"modified":"2021-01-29T11:48:57","modified_gmt":"2021-01-29T10:48:57","slug":"religionsfrihet-en-mansklig-rattighet-med-utmaningar","status":"publish","type":"post","link":"https:\/\/blogg.svenskakyrkan.se\/ekumenik\/2021\/01\/29\/religionsfrihet-en-mansklig-rattighet-med-utmaningar\/","title":{"rendered":"Religionsfrihet \u2013 en m\u00e4nsklig r\u00e4ttighet med utmaningar"},"content":{"rendered":"\n\n\n<p>Den 2 februari kl 16.30-17.30 kommer Sveriges interreligi\u00f6sa r\u00e5d tillsammans med studief\u00f6rbundet Sensus arrangera ett panelsamtal och en digital ljusmanifestation online. F\u00f6rutom politiker, opinionsbildare och andra samh\u00e4llsakt\u00f6rer inbjuds lokala interreligi\u00f6sa grupper, samt allm\u00e4nheten att ta del av eventet.<\/p>\n\n\n\n<p>Panelsamtalet tar sin utg\u00e5ngspunkt i artikel 18 i FN:s deklaration om m\u00e4nskliga r\u00e4ttigheter:<\/p>\n\n\n\n<p>&#8221;Var och en har r\u00e4tt till tankefrihet, samvetsfrihet och religionsfrihet. Denna r\u00e4tt innefattar frihet att byta religion och trosuppfattning och att, ensam eller i gemenskap med andra, offentligen eller enskilt, ut\u00f6va sin religion eller trosuppfattning genom undervisning, andaktsut\u00f6vning, gudstj\u00e4nst och religi\u00f6sa sedv\u00e4njor.&#8221;<\/p>\n\n\n\n<p>De senaste \u00e5ren har religion \u00e5ter f\u00e5tt en \u00f6kad aktualitet i samh\u00e4llet. Religi\u00f6sa akt\u00f6rer har spelat en viktig roll f\u00f6r att m\u00f6ta samh\u00e4llsutmaningar, inte minst under pandemin. Samtidigt har terrorattacker med religi\u00f6sa f\u00f6rtecken skapat r\u00e4dsla och ilska. Okunskap om religion bidrar till f\u00f6renklingar. Media sprider stereotypa bilder och det finns ett motst\u00e5nd mot att religion skall synas eller ut\u00f6vas i det offentliga rummet som uttrycks i en slags allm\u00e4n religi\u00f6s ber\u00f6ringsskr\u00e4ck och en samh\u00e4llelig religi\u00f6s analfabetism.<\/p>\n\n\n\n<p>Hur kan vi tala om religion p\u00e5 ett konstruktivt s\u00e4tt? Hur kan vi st\u00e5 upp f\u00f6r varandras r\u00e4ttigheter?<\/p>\n\n\n\n<p>Beh\u00f6ver religion synligg\u00f6ras mer eller mindre? Hur kan vi tillsammans skapa st\u00f6rre f\u00f6rst\u00e5else f\u00f6r olikt\u00e4nkande, bidra till samf\u00f6rst\u00e5nd, god vilja och medm\u00e4nsklighet? Vilka goda exempel kan lyftas fram?<\/p>\n\n\n\n<p>MEDVERKANDE I PANELEN \u00c4R:<\/p>\n\n\n\n<p>Shahram Mansoory, ordf\u00f6rande, Sveriges interreligi\u00f6sa r\u00e5d<\/p>\n\n\n\n<p>Antje Jackel\u00e9n, \u00e4rkebiskop, Svenska kyrkan<\/p>\n\n\n\n<p>Anneli R\u00e5destad, chefredakt\u00f6r, Judisk Kr\u00f6nika<\/p>\n\n\n\n<p>Mohammad Fazlhashemi, professor i religionsvetenskap<\/p>\n\n\n\n<p>Ferdinando Sardella, docent i religionshistoria, Stockholms universitet.<\/p>\n\n\n\n<p>MODERATOR:<\/p>\n\n\n\n<p>Elisabeth Sandlund, ledarskribent p\u00e5 tidningen Dagen<\/p>\n\n\n\n<p>Om du \u00e4r intresserad av delta, kan du registrera dig via l\u00e4nken. Bekr\u00e4ftelse och inloggningsl\u00e4nk skickas till din epost. https:\/\/zoom.us\/webinar\/register\/WN_zdpxzVOYTXa4A_bfJaQykQ<\/p>\n\n\n\n<h2 class=\"wp-block-heading\">Gemensam ljusmanifestation f\u00f6r fred<\/h2>\n\n\n\n<p>Panelsamtalet kommer att avslutas med att paneldeltagarna startar en digital ljusmanifestation f\u00f6r religionsfrihet, god vilja och medm\u00e4nsklighet under hashtaggen #Light4Peace. Du kan ocks\u00e5 vara med och t\u00e4nda ett ljus f\u00f6r fred och hopp. Vi hoppas ljusmanifestationen kommer spridas p\u00e5 sociala medier \u00f6ver hela landet.<\/p>\n\n\n\n<p>S\u00c5 H\u00c4R KAN DU DELTA:<\/p>\n\n\n\n<ul class=\"wp-block-list\"><li>T\u00e4nd ett ljus<\/li><li>Fotografera<\/li><li>Dela bilden p\u00e5 sociala medier<\/li><li>L\u00e4gg till hashtaggen#Light4Peace i ditt inl\u00e4gg.<\/li><\/ul>\n\n\n\n<p>Manifestationen kommer att s\u00e4ndas live p\u00e5 <a href=\"https:\/\/www.facebook.com\/interreligiosaradet\">Sveriges interreligi\u00f6sa r\u00e5ds Facebooksida<\/a>.<\/p>\n\n\n\n<figure class=\"wp-block-image size-large\"><img loading=\"lazy\" decoding=\"async\" width=\"1024\" height=\"576\" src=\"https:\/\/blogg.svenskakyrkan.se\/ekumenik\/files\/2021\/01\/Ekumenik-1024x576.jpg\" alt=\"\" class=\"wp-image-973\" srcset=\"https:\/\/blogg.svenskakyrkan.se\/ekumenik\/files\/2021\/01\/Ekumenik-1024x576.jpg 1024w, https:\/\/blogg.svenskakyrkan.se\/ekumenik\/files\/2021\/01\/Ekumenik-300x169.jpg 300w, https:\/\/blogg.svenskakyrkan.se\/ekumenik\/files\/2021\/01\/Ekumenik-768x432.jpg 768w, https:\/\/blogg.svenskakyrkan.se\/ekumenik\/files\/2021\/01\/Ekumenik-1536x864.jpg 1536w, https:\/\/blogg.svenskakyrkan.se\/ekumenik\/files\/2021\/01\/Ekumenik-1200x675.jpg 1200w, https:\/\/blogg.svenskakyrkan.se\/ekumenik\/files\/2021\/01\/Ekumenik.jpg 1920w\" sizes=\"auto, (max-width: 1024px) 100vw, 1024px\" \/><\/figure>\n\n\n\n<p><em>&#8211; Maria Kjellsdotter Rydinger<\/em><\/p>\n","protected":false},"excerpt":{"rendered":"<p>Den 2 februari kl 16.30-17.30 kommer Sveriges interreligi\u00f6sa r\u00e5d tillsammans med studief\u00f6rbundet Sensus arrangera ett panelsamtal och en digital ljusmanifestation online. F\u00f6rutom politiker, opinionsbildare och andra samh\u00e4llsakt\u00f6rer inbjuds lokala interreligi\u00f6sa grupper, samt allm\u00e4nheten att ta del av eventet. Panelsamtalet tar sin utg\u00e5ngspunkt i artikel 18 i FN:s deklaration om m\u00e4nskliga r\u00e4ttigheter: &#8221;Var och en har [&hellip;]<\/p>\n","protected":false},"author":758,"featured_media":0,"comment_status":"open","ping_status":"open","sticky":false,"template":"","format":"standard","meta":{"_acf_changed":false,"footnotes":""},"categories":[9],"tags":[],"class_list":["post-971","post","type-post","status-publish","format-standard","hentry","category-okategoriserade"],"acf":[],"yoast_head":"<!-- This site is optimized with the Yoast SEO plugin v27.1.1 - https:\/\/yoast.com\/product\/yoast-seo-wordpress\/ -->\n<title>Religionsfrihet \u2013 en m\u00e4nsklig r\u00e4ttighet med utmaningar - Ekumenikbloggen<\/title>\n<meta name=\"robots\" content=\"index, follow, max-snippet:-1, max-image-preview:large, max-video-preview:-1\" \/>\n<link rel=\"canonical\" href=\"https:\/\/blogg.svenskakyrkan.se\/ekumenik\/2021\/01\/29\/religionsfrihet-en-mansklig-rattighet-med-utmaningar\/\" \/>\n<meta property=\"og:locale\" content=\"sv_SE\" \/>\n<meta property=\"og:type\" content=\"article\" \/>\n<meta property=\"og:title\" content=\"Religionsfrihet \u2013 en m\u00e4nsklig r\u00e4ttighet med utmaningar - Ekumenikbloggen\" \/>\n<meta property=\"og:description\" content=\"Den 2 februari kl 16.30-17.30 kommer Sveriges interreligi\u00f6sa r\u00e5d tillsammans med studief\u00f6rbundet Sensus arrangera ett panelsamtal och en digital ljusmanifestation online. F\u00f6rutom politiker, opinionsbildare och andra samh\u00e4llsakt\u00f6rer inbjuds lokala interreligi\u00f6sa grupper, samt allm\u00e4nheten att ta del av eventet. Panelsamtalet tar sin utg\u00e5ngspunkt i artikel 18 i FN:s deklaration om m\u00e4nskliga r\u00e4ttigheter: &#8221;Var och en har [&hellip;]\" \/>\n<meta property=\"og:url\" content=\"https:\/\/blogg.svenskakyrkan.se\/ekumenik\/2021\/01\/29\/religionsfrihet-en-mansklig-rattighet-med-utmaningar\/\" \/>\n<meta property=\"og:site_name\" content=\"Ekumenikbloggen\" \/>\n<meta property=\"article:published_time\" content=\"2021-01-29T10:48:56+00:00\" \/>\n<meta property=\"article:modified_time\" content=\"2021-01-29T10:48:57+00:00\" \/>\n<meta property=\"og:image\" content=\"https:\/\/blogg.svenskakyrkan.se\/ekumenik\/files\/2021\/01\/Ekumenik-1024x576.jpg\" \/>\n<meta name=\"author\" content=\"Cajsa Sandgren\" \/>\n<meta name=\"twitter:card\" content=\"summary_large_image\" \/>\n<meta name=\"twitter:label1\" content=\"Skriven av\" \/>\n\t<meta name=\"twitter:data1\" content=\"Cajsa Sandgren\" \/>\n\t<meta name=\"twitter:label2\" content=\"Ber\u00e4knad l\u00e4stid\" \/>\n\t<meta name=\"twitter:data2\" content=\"2 minuter\" \/>\n<script type=\"application\/ld+json\" class=\"yoast-schema-graph\">{\"@context\":\"https:\/\/schema.org\",\"@graph\":[{\"@type\":\"Article\",\"@id\":\"https:\/\/blogg.svenskakyrkan.se\/ekumenik\/2021\/01\/29\/religionsfrihet-en-mansklig-rattighet-med-utmaningar\/#article\",\"isPartOf\":{\"@id\":\"https:\/\/blogg.svenskakyrkan.se\/ekumenik\/2021\/01\/29\/religionsfrihet-en-mansklig-rattighet-med-utmaningar\/\"},\"author\":{\"name\":\"Cajsa Sandgren\",\"@id\":\"https:\/\/blogg.svenskakyrkan.se\/ekumenik\/#\/schema\/person\/dc6684aeb98e5d042821882b2bee560b\"},\"headline\":\"Religionsfrihet \u2013 en m\u00e4nsklig r\u00e4ttighet med utmaningar\",\"datePublished\":\"2021-01-29T10:48:56+00:00\",\"dateModified\":\"2021-01-29T10:48:57+00:00\",\"mainEntityOfPage\":{\"@id\":\"https:\/\/blogg.svenskakyrkan.se\/ekumenik\/2021\/01\/29\/religionsfrihet-en-mansklig-rattighet-med-utmaningar\/\"},\"wordCount\":446,\"commentCount\":0,\"image\":{\"@id\":\"https:\/\/blogg.svenskakyrkan.se\/ekumenik\/2021\/01\/29\/religionsfrihet-en-mansklig-rattighet-med-utmaningar\/#primaryimage\"},\"thumbnailUrl\":\"https:\/\/blogg.svenskakyrkan.se\/ekumenik\/files\/2021\/01\/Ekumenik-1024x576.jpg\",\"inLanguage\":\"sv-SE\",\"potentialAction\":[{\"@type\":\"CommentAction\",\"name\":\"Comment\",\"target\":[\"https:\/\/blogg.svenskakyrkan.se\/ekumenik\/2021\/01\/29\/religionsfrihet-en-mansklig-rattighet-med-utmaningar\/#respond\"]}]},{\"@type\":\"WebPage\",\"@id\":\"https:\/\/blogg.svenskakyrkan.se\/ekumenik\/2021\/01\/29\/religionsfrihet-en-mansklig-rattighet-med-utmaningar\/\",\"url\":\"https:\/\/blogg.svenskakyrkan.se\/ekumenik\/2021\/01\/29\/religionsfrihet-en-mansklig-rattighet-med-utmaningar\/\",\"name\":\"Religionsfrihet \u2013 en m\u00e4nsklig r\u00e4ttighet med utmaningar - Ekumenikbloggen\",\"isPartOf\":{\"@id\":\"https:\/\/blogg.svenskakyrkan.se\/ekumenik\/#website\"},\"primaryImageOfPage\":{\"@id\":\"https:\/\/blogg.svenskakyrkan.se\/ekumenik\/2021\/01\/29\/religionsfrihet-en-mansklig-rattighet-med-utmaningar\/#primaryimage\"},\"image\":{\"@id\":\"https:\/\/blogg.svenskakyrkan.se\/ekumenik\/2021\/01\/29\/religionsfrihet-en-mansklig-rattighet-med-utmaningar\/#primaryimage\"},\"thumbnailUrl\":\"https:\/\/blogg.svenskakyrkan.se\/ekumenik\/files\/2021\/01\/Ekumenik-1024x576.jpg\",\"datePublished\":\"2021-01-29T10:48:56+00:00\",\"dateModified\":\"2021-01-29T10:48:57+00:00\",\"author\":{\"@id\":\"https:\/\/blogg.svenskakyrkan.se\/ekumenik\/#\/schema\/person\/dc6684aeb98e5d042821882b2bee560b\"},\"breadcrumb\":{\"@id\":\"https:\/\/blogg.svenskakyrkan.se\/ekumenik\/2021\/01\/29\/religionsfrihet-en-mansklig-rattighet-med-utmaningar\/#breadcrumb\"},\"inLanguage\":\"sv-SE\",\"potentialAction\":[{\"@type\":\"ReadAction\",\"target\":[\"https:\/\/blogg.svenskakyrkan.se\/ekumenik\/2021\/01\/29\/religionsfrihet-en-mansklig-rattighet-med-utmaningar\/\"]}]},{\"@type\":\"ImageObject\",\"inLanguage\":\"sv-SE\",\"@id\":\"https:\/\/blogg.svenskakyrkan.se\/ekumenik\/2021\/01\/29\/religionsfrihet-en-mansklig-rattighet-med-utmaningar\/#primaryimage\",\"url\":\"https:\/\/blogg.svenskakyrkan.se\/ekumenik\/files\/2021\/01\/Ekumenik-1024x576.jpg\",\"contentUrl\":\"https:\/\/blogg.svenskakyrkan.se\/ekumenik\/files\/2021\/01\/Ekumenik-1024x576.jpg\"},{\"@type\":\"BreadcrumbList\",\"@id\":\"https:\/\/blogg.svenskakyrkan.se\/ekumenik\/2021\/01\/29\/religionsfrihet-en-mansklig-rattighet-med-utmaningar\/#breadcrumb\",\"itemListElement\":[{\"@type\":\"ListItem\",\"position\":1,\"name\":\"Hem\",\"item\":\"https:\/\/blogg.svenskakyrkan.se\/ekumenik\/\"},{\"@type\":\"ListItem\",\"position\":2,\"name\":\"Religionsfrihet \u2013 en m\u00e4nsklig r\u00e4ttighet med utmaningar\"}]},{\"@type\":\"WebSite\",\"@id\":\"https:\/\/blogg.svenskakyrkan.se\/ekumenik\/#website\",\"url\":\"https:\/\/blogg.svenskakyrkan.se\/ekumenik\/\",\"name\":\"Ekumenikbloggen\",\"description\":\"Svenska kyrkans blogg om ekumenik och interreligi\u00f6s samverkan\",\"potentialAction\":[{\"@type\":\"SearchAction\",\"target\":{\"@type\":\"EntryPoint\",\"urlTemplate\":\"https:\/\/blogg.svenskakyrkan.se\/ekumenik\/?s={search_term_string}\"},\"query-input\":{\"@type\":\"PropertyValueSpecification\",\"valueRequired\":true,\"valueName\":\"search_term_string\"}}],\"inLanguage\":\"sv-SE\"},{\"@type\":\"Person\",\"@id\":\"https:\/\/blogg.svenskakyrkan.se\/ekumenik\/#\/schema\/person\/dc6684aeb98e5d042821882b2bee560b\",\"name\":\"Cajsa Sandgren\",\"image\":{\"@type\":\"ImageObject\",\"inLanguage\":\"sv-SE\",\"@id\":\"https:\/\/blogg.svenskakyrkan.se\/ekumenik\/#\/schema\/person\/image\/\",\"url\":\"https:\/\/secure.gravatar.com\/avatar\/e31f7d8a07c1ebc91108040a0e286ee8b4777bb18f807d9c4073553d066e1d26?s=96&d=mm&r=g\",\"contentUrl\":\"https:\/\/secure.gravatar.com\/avatar\/e31f7d8a07c1ebc91108040a0e286ee8b4777bb18f807d9c4073553d066e1d26?s=96&d=mm&r=g\",\"caption\":\"Cajsa Sandgren\"},\"url\":\"https:\/\/blogg.svenskakyrkan.se\/ekumenik\/author\/cajsasandgren\/\"}]}<\/script>\n<!-- \/ Yoast SEO plugin. -->","yoast_head_json":{"title":"Religionsfrihet \u2013 en m\u00e4nsklig r\u00e4ttighet med utmaningar - Ekumenikbloggen","robots":{"index":"index","follow":"follow","max-snippet":"max-snippet:-1","max-image-preview":"max-image-preview:large","max-video-preview":"max-video-preview:-1"},"canonical":"https:\/\/blogg.svenskakyrkan.se\/ekumenik\/2021\/01\/29\/religionsfrihet-en-mansklig-rattighet-med-utmaningar\/","og_locale":"sv_SE","og_type":"article","og_title":"Religionsfrihet \u2013 en m\u00e4nsklig r\u00e4ttighet med utmaningar - Ekumenikbloggen","og_description":"Den 2 februari kl 16.30-17.30 kommer Sveriges interreligi\u00f6sa r\u00e5d tillsammans med studief\u00f6rbundet Sensus arrangera ett panelsamtal och en digital ljusmanifestation online. F\u00f6rutom politiker, opinionsbildare och andra samh\u00e4llsakt\u00f6rer inbjuds lokala interreligi\u00f6sa grupper, samt allm\u00e4nheten att ta del av eventet. Panelsamtalet tar sin utg\u00e5ngspunkt i artikel 18 i FN:s deklaration om m\u00e4nskliga r\u00e4ttigheter: &#8221;Var och en har [&hellip;]","og_url":"https:\/\/blogg.svenskakyrkan.se\/ekumenik\/2021\/01\/29\/religionsfrihet-en-mansklig-rattighet-med-utmaningar\/","og_site_name":"Ekumenikbloggen","article_published_time":"2021-01-29T10:48:56+00:00","article_modified_time":"2021-01-29T10:48:57+00:00","og_image":[{"url":"https:\/\/blogg.svenskakyrkan.se\/ekumenik\/files\/2021\/01\/Ekumenik-1024x576.jpg","type":"","width":"","height":""}],"author":"Cajsa Sandgren","twitter_card":"summary_large_image","twitter_misc":{"Skriven av":"Cajsa Sandgren","Ber\u00e4knad l\u00e4stid":"2 minuter"},"schema":{"@context":"https:\/\/schema.org","@graph":[{"@type":"Article","@id":"https:\/\/blogg.svenskakyrkan.se\/ekumenik\/2021\/01\/29\/religionsfrihet-en-mansklig-rattighet-med-utmaningar\/#article","isPartOf":{"@id":"https:\/\/blogg.svenskakyrkan.se\/ekumenik\/2021\/01\/29\/religionsfrihet-en-mansklig-rattighet-med-utmaningar\/"},"author":{"name":"Cajsa Sandgren","@id":"https:\/\/blogg.svenskakyrkan.se\/ekumenik\/#\/schema\/person\/dc6684aeb98e5d042821882b2bee560b"},"headline":"Religionsfrihet \u2013 en m\u00e4nsklig r\u00e4ttighet med utmaningar","datePublished":"2021-01-29T10:48:56+00:00","dateModified":"2021-01-29T10:48:57+00:00","mainEntityOfPage":{"@id":"https:\/\/blogg.svenskakyrkan.se\/ekumenik\/2021\/01\/29\/religionsfrihet-en-mansklig-rattighet-med-utmaningar\/"},"wordCount":446,"commentCount":0,"image":{"@id":"https:\/\/blogg.svenskakyrkan.se\/ekumenik\/2021\/01\/29\/religionsfrihet-en-mansklig-rattighet-med-utmaningar\/#primaryimage"},"thumbnailUrl":"https:\/\/blogg.svenskakyrkan.se\/ekumenik\/files\/2021\/01\/Ekumenik-1024x576.jpg","inLanguage":"sv-SE","potentialAction":[{"@type":"CommentAction","name":"Comment","target":["https:\/\/blogg.svenskakyrkan.se\/ekumenik\/2021\/01\/29\/religionsfrihet-en-mansklig-rattighet-med-utmaningar\/#respond"]}]},{"@type":"WebPage","@id":"https:\/\/blogg.svenskakyrkan.se\/ekumenik\/2021\/01\/29\/religionsfrihet-en-mansklig-rattighet-med-utmaningar\/","url":"https:\/\/blogg.svenskakyrkan.se\/ekumenik\/2021\/01\/29\/religionsfrihet-en-mansklig-rattighet-med-utmaningar\/","name":"Religionsfrihet \u2013 en m\u00e4nsklig r\u00e4ttighet med utmaningar - Ekumenikbloggen","isPartOf":{"@id":"https:\/\/blogg.svenskakyrkan.se\/ekumenik\/#website"},"primaryImageOfPage":{"@id":"https:\/\/blogg.svenskakyrkan.se\/ekumenik\/2021\/01\/29\/religionsfrihet-en-mansklig-rattighet-med-utmaningar\/#primaryimage"},"image":{"@id":"https:\/\/blogg.svenskakyrkan.se\/ekumenik\/2021\/01\/29\/religionsfrihet-en-mansklig-rattighet-med-utmaningar\/#primaryimage"},"thumbnailUrl":"https:\/\/blogg.svenskakyrkan.se\/ekumenik\/files\/2021\/01\/Ekumenik-1024x576.jpg","datePublished":"2021-01-29T10:48:56+00:00","dateModified":"2021-01-29T10:48:57+00:00","author":{"@id":"https:\/\/blogg.svenskakyrkan.se\/ekumenik\/#\/schema\/person\/dc6684aeb98e5d042821882b2bee560b"},"breadcrumb":{"@id":"https:\/\/blogg.svenskakyrkan.se\/ekumenik\/2021\/01\/29\/religionsfrihet-en-mansklig-rattighet-med-utmaningar\/#breadcrumb"},"inLanguage":"sv-SE","potentialAction":[{"@type":"ReadAction","target":["https:\/\/blogg.svenskakyrkan.se\/ekumenik\/2021\/01\/29\/religionsfrihet-en-mansklig-rattighet-med-utmaningar\/"]}]},{"@type":"ImageObject","inLanguage":"sv-SE","@id":"https:\/\/blogg.svenskakyrkan.se\/ekumenik\/2021\/01\/29\/religionsfrihet-en-mansklig-rattighet-med-utmaningar\/#primaryimage","url":"https:\/\/blogg.svenskakyrkan.se\/ekumenik\/files\/2021\/01\/Ekumenik-1024x576.jpg","contentUrl":"https:\/\/blogg.svenskakyrkan.se\/ekumenik\/files\/2021\/01\/Ekumenik-1024x576.jpg"},{"@type":"BreadcrumbList","@id":"https:\/\/blogg.svenskakyrkan.se\/ekumenik\/2021\/01\/29\/religionsfrihet-en-mansklig-rattighet-med-utmaningar\/#breadcrumb","itemListElement":[{"@type":"ListItem","position":1,"name":"Hem","item":"https:\/\/blogg.svenskakyrkan.se\/ekumenik\/"},{"@type":"ListItem","position":2,"name":"Religionsfrihet \u2013 en m\u00e4nsklig r\u00e4ttighet med utmaningar"}]},{"@type":"WebSite","@id":"https:\/\/blogg.svenskakyrkan.se\/ekumenik\/#website","url":"https:\/\/blogg.svenskakyrkan.se\/ekumenik\/","name":"Ekumenikbloggen","description":"Svenska kyrkans blogg om ekumenik och interreligi\u00f6s samverkan","potentialAction":[{"@type":"SearchAction","target":{"@type":"EntryPoint","urlTemplate":"https:\/\/blogg.svenskakyrkan.se\/ekumenik\/?s={search_term_string}"},"query-input":{"@type":"PropertyValueSpecification","valueRequired":true,"valueName":"search_term_string"}}],"inLanguage":"sv-SE"},{"@type":"Person","@id":"https:\/\/blogg.svenskakyrkan.se\/ekumenik\/#\/schema\/person\/dc6684aeb98e5d042821882b2bee560b","name":"Cajsa Sandgren","image":{"@type":"ImageObject","inLanguage":"sv-SE","@id":"https:\/\/blogg.svenskakyrkan.se\/ekumenik\/#\/schema\/person\/image\/","url":"https:\/\/secure.gravatar.com\/avatar\/e31f7d8a07c1ebc91108040a0e286ee8b4777bb18f807d9c4073553d066e1d26?s=96&d=mm&r=g","contentUrl":"https:\/\/secure.gravatar.com\/avatar\/e31f7d8a07c1ebc91108040a0e286ee8b4777bb18f807d9c4073553d066e1d26?s=96&d=mm&r=g","caption":"Cajsa Sandgren"},"url":"https:\/\/blogg.svenskakyrkan.se\/ekumenik\/author\/cajsasandgren\/"}]}},"author_meta":{"ID":"758","user_nicename":"cajsasandgren","user_registered":"2020-03-30 12:18:16","display_name":"Cajsa Sandgren","first_name":"Cajsa","last_name":"Sandgren","avatar":"https:\/\/secure.gravatar.com\/avatar\/e31f7d8a07c1ebc91108040a0e286ee8b4777bb18f807d9c4073553d066e1d26?s=96&d=mm&r=g"},"featured_image":false,"bloginfo":{"name":"Ekumenikbloggen","url":"https:\/\/blogg.svenskakyrkan.se\/ekumenik"},"_links":{"self":[{"href":"https:\/\/blogg.svenskakyrkan.se\/ekumenik\/wp-json\/wp\/v2\/posts\/971","targetHints":{"allow":["GET"]}}],"collection":[{"href":"https:\/\/blogg.svenskakyrkan.se\/ekumenik\/wp-json\/wp\/v2\/posts"}],"about":[{"href":"https:\/\/blogg.svenskakyrkan.se\/ekumenik\/wp-json\/wp\/v2\/types\/post"}],"author":[{"embeddable":true,"href":"https:\/\/blogg.svenskakyrkan.se\/ekumenik\/wp-json\/wp\/v2\/users\/758"}],"replies":[{"embeddable":true,"href":"https:\/\/blogg.svenskakyrkan.se\/ekumenik\/wp-json\/wp\/v2\/comments?post=971"}],"version-history":[{"count":3,"href":"https:\/\/blogg.svenskakyrkan.se\/ekumenik\/wp-json\/wp\/v2\/posts\/971\/revisions"}],"predecessor-version":[{"id":975,"href":"https:\/\/blogg.svenskakyrkan.se\/ekumenik\/wp-json\/wp\/v2\/posts\/971\/revisions\/975"}],"wp:attachment":[{"href":"https:\/\/blogg.svenskakyrkan.se\/ekumenik\/wp-json\/wp\/v2\/media?parent=971"}],"wp:term":[{"taxonomy":"category","embeddable":true,"href":"https:\/\/blogg.svenskakyrkan.se\/ekumenik\/wp-json\/wp\/v2\/categories?post=971"},{"taxonomy":"post_tag","embeddable":true,"href":"https:\/\/blogg.svenskakyrkan.se\/ekumenik\/wp-json\/wp\/v2\/tags?post=971"}],"curies":[{"name":"wp","href":"https:\/\/api.w.org\/{rel}","templated":true}]}}