{"id":157,"date":"2022-01-03T09:21:15","date_gmt":"2022-01-03T08:21:15","guid":{"rendered":"https:\/\/blogg.svenskakyrkan.se\/ellversons-blogg\/?p=157"},"modified":"2022-01-03T09:21:15","modified_gmt":"2022-01-03T08:21:15","slug":"en-forvrangd-gudsbild","status":"publish","type":"post","link":"https:\/\/blogg.svenskakyrkan.se\/ellversons-blogg\/2022\/01\/03\/en-forvrangd-gudsbild\/","title":{"rendered":"En f\u00f6rvr\u00e4ngd Gudsbild"},"content":{"rendered":"\n<p>Det finns m\u00e4nniskor som tror p\u00e5 Gud, och andra som inte g\u00f6r det. Och<br>s\u00e5 finns det en tredje sort, som jag k\u00e4nner lite extra f\u00f6r.<br>Det \u00e4r de som inte vill ha  med Gud att g\u00f6ra. M\u00e4nniskor som p\u00e5 en punkt<br>i sitt liv inser att Gud finns och \u00e4r verklighet. Men fortfarande inte vill ha<br>med honom att g\u00f6ra.<br><br>Sk\u00e4len till detta kan vara m\u00e5nga och komplexa. En kan vara den gudsbild<br>man mer eller mindre omedvetet b\u00e4r p\u00e5.<br><br>Tidigt, mycket tidigt i v\u00e5ra liv g\u00f6r vi erfarenheter. Vi blir omh\u00e4ndertagna,<br>m\u00f6ter k\u00e4rlek och v\u00e4rme och f\u00e5r v\u00e5ra behov tillgodosedda. S\u00e5 h\u00e4r \u00e4r det<br>att vara m\u00e4nniska. S\u00e5 h\u00e4r \u00e4r livet.<br><br>Men andra g\u00f6r tidigt andra erfarenheter. Deras behov blir inte alltid<br>m\u00f6tta med omv\u00e5rdnad. Den v\u00e4rld jag \u00e4r beroende av ter sig nyckfull<br>och inte alltid k\u00e4rleksfull. \u00c5ter andra kan tidigt, alltf\u00f6r tidigt m\u00f6ta<br>krav p\u00e5 lydnad och beh\u00e4rskning.<br><br>Den f\u00f6rvr\u00e4ngda gudsbilden<br><br>Allt detta har en tendens att spilla \u00f6ver p\u00e5 Gud och p\u00e5 v\u00e5r mer eller<br>mindre omedvetna gudsbild. Vi f\u00e5r en sned bild av Gud, som blir<br>till en mask f\u00f6r Guds r\u00e4tta ansikte. En &#8221;Gud&#8221; jag inte vill ha att g\u00f6ra med.<br>F\u00f6r n\u00e5gon kan &#8221;Gud&#8221; tv\u00e4rtom te sig s\u00e5 kr\u00e4vande och d\u00f6mande, att jag<br>inte v\u00e5gar n\u00e5got annat \u00e4n att h\u00e5lla mig till honom. Eller &#8221;Gud&#8221; kan te<br>sig s\u00e5 mesig, att han inte blir n\u00e5gon att v\u00e4nda sig till och f\u00e5 hj\u00e4lp ifr\u00e5n.<br><br>S\u00e5 vad g\u00f6r vi?<br><br>Om detta finns tv\u00e5 saker att s\u00e4ga. F\u00f6r det f\u00f6rsta att vi beh\u00f6ver bli medvetna<br>om den f\u00f6rvr\u00e4ngda gudsbilden, s\u00e5 att vi kan g\u00f6ra upp med den och<br>sedan sl\u00e4ppa den.<br>F\u00f6r det andra, att \u00e4ven Gud, s\u00e5som han verkligen \u00e4r, lider av detta, likav\u00e4l<br>som vi sj\u00e4lva. <br>Men en sak kan jag inte bespara dig, s\u00e4ger Gud, detta att jag finns och \u00e4r till!<br><br><\/p>\n","protected":false},"excerpt":{"rendered":"<p>Det finns m\u00e4nniskor som tror p\u00e5 Gud, och andra som inte g\u00f6r det. Ochs\u00e5 finns det en tredje sort, som jag k\u00e4nner lite extra f\u00f6r.Det \u00e4r de som inte vill ha med Gud att g\u00f6ra. M\u00e4nniskor som p\u00e5 en punkti sitt liv inser att Gud finns och \u00e4r verklighet. Men fortfarande inte vill hamed honom [&hellip;]<\/p>\n","protected":false},"author":770,"featured_media":0,"comment_status":"open","ping_status":"open","sticky":false,"template":"","format":"standard","meta":{"_acf_changed":false,"footnotes":""},"categories":[1],"tags":[],"class_list":["post-157","post","type-post","status-publish","format-standard","hentry","category-okategoriserade"],"acf":[],"yoast_head":"<!-- This site is optimized with the Yoast SEO plugin v27.1.1 - https:\/\/yoast.com\/product\/yoast-seo-wordpress\/ -->\n<title>En f\u00f6rvr\u00e4ngd Gudsbild - A. Ellverson<\/title>\n<meta name=\"robots\" content=\"index, follow, max-snippet:-1, max-image-preview:large, max-video-preview:-1\" \/>\n<link rel=\"canonical\" href=\"https:\/\/blogg.svenskakyrkan.se\/ellversons-blogg\/2022\/01\/03\/en-forvrangd-gudsbild\/\" \/>\n<meta property=\"og:locale\" content=\"sv_SE\" \/>\n<meta property=\"og:type\" content=\"article\" \/>\n<meta property=\"og:title\" content=\"En f\u00f6rvr\u00e4ngd Gudsbild - A. Ellverson\" \/>\n<meta property=\"og:description\" content=\"Det finns m\u00e4nniskor som tror p\u00e5 Gud, och andra som inte g\u00f6r det. Ochs\u00e5 finns det en tredje sort, som jag k\u00e4nner lite extra f\u00f6r.Det \u00e4r de som inte vill ha med Gud att g\u00f6ra. M\u00e4nniskor som p\u00e5 en punkti sitt liv inser att Gud finns och \u00e4r verklighet. Men fortfarande inte vill hamed honom [&hellip;]\" \/>\n<meta property=\"og:url\" content=\"https:\/\/blogg.svenskakyrkan.se\/ellversons-blogg\/2022\/01\/03\/en-forvrangd-gudsbild\/\" \/>\n<meta property=\"og:site_name\" content=\"A. Ellverson\" \/>\n<meta property=\"article:published_time\" content=\"2022-01-03T08:21:15+00:00\" \/>\n<meta name=\"author\" content=\"ellversons-blogg\" \/>\n<meta name=\"twitter:card\" content=\"summary_large_image\" \/>\n<meta name=\"twitter:label1\" content=\"Skriven av\" \/>\n\t<meta name=\"twitter:data1\" content=\"ellversons-blogg\" \/>\n\t<meta name=\"twitter:label2\" content=\"Ber\u00e4knad l\u00e4stid\" \/>\n\t<meta name=\"twitter:data2\" content=\"2 minuter\" \/>\n<script type=\"application\/ld+json\" class=\"yoast-schema-graph\">{\"@context\":\"https:\/\/schema.org\",\"@graph\":[{\"@type\":\"Article\",\"@id\":\"https:\/\/blogg.svenskakyrkan.se\/ellversons-blogg\/2022\/01\/03\/en-forvrangd-gudsbild\/#article\",\"isPartOf\":{\"@id\":\"https:\/\/blogg.svenskakyrkan.se\/ellversons-blogg\/2022\/01\/03\/en-forvrangd-gudsbild\/\"},\"author\":{\"name\":\"ellversons-blogg\",\"@id\":\"https:\/\/blogg.svenskakyrkan.se\/ellversons-blogg\/#\/schema\/person\/4273d207224e5b929da44d510001c612\"},\"headline\":\"En f\u00f6rvr\u00e4ngd Gudsbild\",\"datePublished\":\"2022-01-03T08:21:15+00:00\",\"mainEntityOfPage\":{\"@id\":\"https:\/\/blogg.svenskakyrkan.se\/ellversons-blogg\/2022\/01\/03\/en-forvrangd-gudsbild\/\"},\"wordCount\":362,\"commentCount\":0,\"inLanguage\":\"sv-SE\",\"potentialAction\":[{\"@type\":\"CommentAction\",\"name\":\"Comment\",\"target\":[\"https:\/\/blogg.svenskakyrkan.se\/ellversons-blogg\/2022\/01\/03\/en-forvrangd-gudsbild\/#respond\"]}]},{\"@type\":\"WebPage\",\"@id\":\"https:\/\/blogg.svenskakyrkan.se\/ellversons-blogg\/2022\/01\/03\/en-forvrangd-gudsbild\/\",\"url\":\"https:\/\/blogg.svenskakyrkan.se\/ellversons-blogg\/2022\/01\/03\/en-forvrangd-gudsbild\/\",\"name\":\"En f\u00f6rvr\u00e4ngd Gudsbild - A. Ellverson\",\"isPartOf\":{\"@id\":\"https:\/\/blogg.svenskakyrkan.se\/ellversons-blogg\/#website\"},\"datePublished\":\"2022-01-03T08:21:15+00:00\",\"author\":{\"@id\":\"https:\/\/blogg.svenskakyrkan.se\/ellversons-blogg\/#\/schema\/person\/4273d207224e5b929da44d510001c612\"},\"breadcrumb\":{\"@id\":\"https:\/\/blogg.svenskakyrkan.se\/ellversons-blogg\/2022\/01\/03\/en-forvrangd-gudsbild\/#breadcrumb\"},\"inLanguage\":\"sv-SE\",\"potentialAction\":[{\"@type\":\"ReadAction\",\"target\":[\"https:\/\/blogg.svenskakyrkan.se\/ellversons-blogg\/2022\/01\/03\/en-forvrangd-gudsbild\/\"]}]},{\"@type\":\"BreadcrumbList\",\"@id\":\"https:\/\/blogg.svenskakyrkan.se\/ellversons-blogg\/2022\/01\/03\/en-forvrangd-gudsbild\/#breadcrumb\",\"itemListElement\":[{\"@type\":\"ListItem\",\"position\":1,\"name\":\"Hem\",\"item\":\"https:\/\/blogg.svenskakyrkan.se\/ellversons-blogg\/\"},{\"@type\":\"ListItem\",\"position\":2,\"name\":\"En f\u00f6rvr\u00e4ngd Gudsbild\"}]},{\"@type\":\"WebSite\",\"@id\":\"https:\/\/blogg.svenskakyrkan.se\/ellversons-blogg\/#website\",\"url\":\"https:\/\/blogg.svenskakyrkan.se\/ellversons-blogg\/\",\"name\":\"A. Ellverson\",\"description\":\"Molnet. Tro och teologi med inslag av \u00d6stkyrkans t\u00e4nkande.\",\"potentialAction\":[{\"@type\":\"SearchAction\",\"target\":{\"@type\":\"EntryPoint\",\"urlTemplate\":\"https:\/\/blogg.svenskakyrkan.se\/ellversons-blogg\/?s={search_term_string}\"},\"query-input\":{\"@type\":\"PropertyValueSpecification\",\"valueRequired\":true,\"valueName\":\"search_term_string\"}}],\"inLanguage\":\"sv-SE\"},{\"@type\":\"Person\",\"@id\":\"https:\/\/blogg.svenskakyrkan.se\/ellversons-blogg\/#\/schema\/person\/4273d207224e5b929da44d510001c612\",\"name\":\"ellversons-blogg\",\"image\":{\"@type\":\"ImageObject\",\"inLanguage\":\"sv-SE\",\"@id\":\"https:\/\/blogg.svenskakyrkan.se\/ellversons-blogg\/#\/schema\/person\/image\/\",\"url\":\"https:\/\/secure.gravatar.com\/avatar\/219a7abd7a16e91adee6bb0da77546861ee2dfb15af5853ad545992361a96f4d?s=96&d=mm&r=g\",\"contentUrl\":\"https:\/\/secure.gravatar.com\/avatar\/219a7abd7a16e91adee6bb0da77546861ee2dfb15af5853ad545992361a96f4d?s=96&d=mm&r=g\",\"caption\":\"ellversons-blogg\"},\"url\":\"https:\/\/blogg.svenskakyrkan.se\/ellversons-blogg\/author\/ellversons-blogg\/\"}]}<\/script>\n<!-- \/ Yoast SEO plugin. -->","yoast_head_json":{"title":"En f\u00f6rvr\u00e4ngd Gudsbild - A. Ellverson","robots":{"index":"index","follow":"follow","max-snippet":"max-snippet:-1","max-image-preview":"max-image-preview:large","max-video-preview":"max-video-preview:-1"},"canonical":"https:\/\/blogg.svenskakyrkan.se\/ellversons-blogg\/2022\/01\/03\/en-forvrangd-gudsbild\/","og_locale":"sv_SE","og_type":"article","og_title":"En f\u00f6rvr\u00e4ngd Gudsbild - A. Ellverson","og_description":"Det finns m\u00e4nniskor som tror p\u00e5 Gud, och andra som inte g\u00f6r det. Ochs\u00e5 finns det en tredje sort, som jag k\u00e4nner lite extra f\u00f6r.Det \u00e4r de som inte vill ha med Gud att g\u00f6ra. M\u00e4nniskor som p\u00e5 en punkti sitt liv inser att Gud finns och \u00e4r verklighet. Men fortfarande inte vill hamed honom [&hellip;]","og_url":"https:\/\/blogg.svenskakyrkan.se\/ellversons-blogg\/2022\/01\/03\/en-forvrangd-gudsbild\/","og_site_name":"A. Ellverson","article_published_time":"2022-01-03T08:21:15+00:00","author":"ellversons-blogg","twitter_card":"summary_large_image","twitter_misc":{"Skriven av":"ellversons-blogg","Ber\u00e4knad l\u00e4stid":"2 minuter"},"schema":{"@context":"https:\/\/schema.org","@graph":[{"@type":"Article","@id":"https:\/\/blogg.svenskakyrkan.se\/ellversons-blogg\/2022\/01\/03\/en-forvrangd-gudsbild\/#article","isPartOf":{"@id":"https:\/\/blogg.svenskakyrkan.se\/ellversons-blogg\/2022\/01\/03\/en-forvrangd-gudsbild\/"},"author":{"name":"ellversons-blogg","@id":"https:\/\/blogg.svenskakyrkan.se\/ellversons-blogg\/#\/schema\/person\/4273d207224e5b929da44d510001c612"},"headline":"En f\u00f6rvr\u00e4ngd Gudsbild","datePublished":"2022-01-03T08:21:15+00:00","mainEntityOfPage":{"@id":"https:\/\/blogg.svenskakyrkan.se\/ellversons-blogg\/2022\/01\/03\/en-forvrangd-gudsbild\/"},"wordCount":362,"commentCount":0,"inLanguage":"sv-SE","potentialAction":[{"@type":"CommentAction","name":"Comment","target":["https:\/\/blogg.svenskakyrkan.se\/ellversons-blogg\/2022\/01\/03\/en-forvrangd-gudsbild\/#respond"]}]},{"@type":"WebPage","@id":"https:\/\/blogg.svenskakyrkan.se\/ellversons-blogg\/2022\/01\/03\/en-forvrangd-gudsbild\/","url":"https:\/\/blogg.svenskakyrkan.se\/ellversons-blogg\/2022\/01\/03\/en-forvrangd-gudsbild\/","name":"En f\u00f6rvr\u00e4ngd Gudsbild - A. Ellverson","isPartOf":{"@id":"https:\/\/blogg.svenskakyrkan.se\/ellversons-blogg\/#website"},"datePublished":"2022-01-03T08:21:15+00:00","author":{"@id":"https:\/\/blogg.svenskakyrkan.se\/ellversons-blogg\/#\/schema\/person\/4273d207224e5b929da44d510001c612"},"breadcrumb":{"@id":"https:\/\/blogg.svenskakyrkan.se\/ellversons-blogg\/2022\/01\/03\/en-forvrangd-gudsbild\/#breadcrumb"},"inLanguage":"sv-SE","potentialAction":[{"@type":"ReadAction","target":["https:\/\/blogg.svenskakyrkan.se\/ellversons-blogg\/2022\/01\/03\/en-forvrangd-gudsbild\/"]}]},{"@type":"BreadcrumbList","@id":"https:\/\/blogg.svenskakyrkan.se\/ellversons-blogg\/2022\/01\/03\/en-forvrangd-gudsbild\/#breadcrumb","itemListElement":[{"@type":"ListItem","position":1,"name":"Hem","item":"https:\/\/blogg.svenskakyrkan.se\/ellversons-blogg\/"},{"@type":"ListItem","position":2,"name":"En f\u00f6rvr\u00e4ngd Gudsbild"}]},{"@type":"WebSite","@id":"https:\/\/blogg.svenskakyrkan.se\/ellversons-blogg\/#website","url":"https:\/\/blogg.svenskakyrkan.se\/ellversons-blogg\/","name":"A. Ellverson","description":"Molnet. Tro och teologi med inslag av \u00d6stkyrkans t\u00e4nkande.","potentialAction":[{"@type":"SearchAction","target":{"@type":"EntryPoint","urlTemplate":"https:\/\/blogg.svenskakyrkan.se\/ellversons-blogg\/?s={search_term_string}"},"query-input":{"@type":"PropertyValueSpecification","valueRequired":true,"valueName":"search_term_string"}}],"inLanguage":"sv-SE"},{"@type":"Person","@id":"https:\/\/blogg.svenskakyrkan.se\/ellversons-blogg\/#\/schema\/person\/4273d207224e5b929da44d510001c612","name":"ellversons-blogg","image":{"@type":"ImageObject","inLanguage":"sv-SE","@id":"https:\/\/blogg.svenskakyrkan.se\/ellversons-blogg\/#\/schema\/person\/image\/","url":"https:\/\/secure.gravatar.com\/avatar\/219a7abd7a16e91adee6bb0da77546861ee2dfb15af5853ad545992361a96f4d?s=96&d=mm&r=g","contentUrl":"https:\/\/secure.gravatar.com\/avatar\/219a7abd7a16e91adee6bb0da77546861ee2dfb15af5853ad545992361a96f4d?s=96&d=mm&r=g","caption":"ellversons-blogg"},"url":"https:\/\/blogg.svenskakyrkan.se\/ellversons-blogg\/author\/ellversons-blogg\/"}]}},"author_meta":{"ID":"770","user_nicename":"ellversons-blogg","user_registered":"2020-09-21 11:10:09","display_name":"ellversons-blogg","avatar":"https:\/\/secure.gravatar.com\/avatar\/219a7abd7a16e91adee6bb0da77546861ee2dfb15af5853ad545992361a96f4d?s=96&d=mm&r=g"},"featured_image":false,"bloginfo":{"name":"A. Ellverson","url":"https:\/\/blogg.svenskakyrkan.se\/ellversons-blogg"},"_links":{"self":[{"href":"https:\/\/blogg.svenskakyrkan.se\/ellversons-blogg\/wp-json\/wp\/v2\/posts\/157","targetHints":{"allow":["GET"]}}],"collection":[{"href":"https:\/\/blogg.svenskakyrkan.se\/ellversons-blogg\/wp-json\/wp\/v2\/posts"}],"about":[{"href":"https:\/\/blogg.svenskakyrkan.se\/ellversons-blogg\/wp-json\/wp\/v2\/types\/post"}],"author":[{"embeddable":true,"href":"https:\/\/blogg.svenskakyrkan.se\/ellversons-blogg\/wp-json\/wp\/v2\/users\/770"}],"replies":[{"embeddable":true,"href":"https:\/\/blogg.svenskakyrkan.se\/ellversons-blogg\/wp-json\/wp\/v2\/comments?post=157"}],"version-history":[{"count":2,"href":"https:\/\/blogg.svenskakyrkan.se\/ellversons-blogg\/wp-json\/wp\/v2\/posts\/157\/revisions"}],"predecessor-version":[{"id":160,"href":"https:\/\/blogg.svenskakyrkan.se\/ellversons-blogg\/wp-json\/wp\/v2\/posts\/157\/revisions\/160"}],"wp:attachment":[{"href":"https:\/\/blogg.svenskakyrkan.se\/ellversons-blogg\/wp-json\/wp\/v2\/media?parent=157"}],"wp:term":[{"taxonomy":"category","embeddable":true,"href":"https:\/\/blogg.svenskakyrkan.se\/ellversons-blogg\/wp-json\/wp\/v2\/categories?post=157"},{"taxonomy":"post_tag","embeddable":true,"href":"https:\/\/blogg.svenskakyrkan.se\/ellversons-blogg\/wp-json\/wp\/v2\/tags?post=157"}],"curies":[{"name":"wp","href":"https:\/\/api.w.org\/{rel}","templated":true}]}}