{"id":671,"date":"2025-06-16T14:15:38","date_gmt":"2025-06-16T12:15:38","guid":{"rendered":"https:\/\/blogg.svenskakyrkan.se\/ellversons-blogg\/?p=671"},"modified":"2025-06-16T14:15:39","modified_gmt":"2025-06-16T12:15:39","slug":"ekorrar","status":"publish","type":"post","link":"https:\/\/blogg.svenskakyrkan.se\/ellversons-blogg\/2025\/06\/16\/ekorrar\/","title":{"rendered":"Ekorrar"},"content":{"rendered":"P\u00e5 mitt kylsk\u00e5p finns en bild med tv\u00e5 ekorrar. <br \/>Vi hade tidigare en liten stuga nedanf\u00f6r Uppsala. Den l\u00e5g vid en skog, och det<br \/>gjorde att h\u00e4r kom diverse djur. Bland annat ekorrar. <br \/>Vi hade satt ned en typ av vatten nedanf\u00f6r en rosbuske, och dit kom olika djur f\u00f6r att dricka. <br \/>Vid ett tillf\u00e4lle kom det en ekorre f\u00f6r att dricka. Samtidig kom en f\u00e5gel f\u00f6r att dricka.<br \/><br \/>Pl\u00f6tslig ser de varande! De blev r\u00e4dda och min ekorre sprang upp  en tr\u00e4d.<br \/>Det gjorde f\u00e5geln ocks\u00e5, och snart satt de och tittade p\u00e5 varande i tr\u00e4det.","protected":false},"excerpt":{"rendered":"<p>P\u00e5 mitt kylsk\u00e5p finns en bild med tv\u00e5 ekorrar. Vi hade tidigare en liten stuga nedanf\u00f6r Uppsala. Den l\u00e5g vid en skog, och detgjorde att h\u00e4r kom diverse djur. Bland annat ekorrar. Vi hade satt ned en typ av vatten nedanf\u00f6r en rosbuske, och dit kom olika djur f\u00f6r att dricka. Vid ett tillf\u00e4lle kom [&hellip;]<\/p>\n","protected":false},"author":770,"featured_media":0,"comment_status":"open","ping_status":"open","sticky":false,"template":"","format":"standard","meta":{"_acf_changed":false,"footnotes":""},"categories":[1],"tags":[],"class_list":["post-671","post","type-post","status-publish","format-standard","hentry","category-okategoriserade"],"acf":[],"yoast_head":"<!-- This site is optimized with the Yoast SEO plugin v27.1.1 - https:\/\/yoast.com\/product\/yoast-seo-wordpress\/ -->\n<title>Ekorrar - A. Ellverson<\/title>\n<meta name=\"robots\" content=\"index, follow, max-snippet:-1, max-image-preview:large, max-video-preview:-1\" \/>\n<link rel=\"canonical\" href=\"https:\/\/blogg.svenskakyrkan.se\/ellversons-blogg\/2025\/06\/16\/ekorrar\/\" \/>\n<meta property=\"og:locale\" content=\"sv_SE\" \/>\n<meta property=\"og:type\" content=\"article\" \/>\n<meta property=\"og:title\" content=\"Ekorrar - A. Ellverson\" \/>\n<meta property=\"og:description\" content=\"P\u00e5 mitt kylsk\u00e5p finns en bild med tv\u00e5 ekorrar. Vi hade tidigare en liten stuga nedanf\u00f6r Uppsala. Den l\u00e5g vid en skog, och detgjorde att h\u00e4r kom diverse djur. Bland annat ekorrar. Vi hade satt ned en typ av vatten nedanf\u00f6r en rosbuske, och dit kom olika djur f\u00f6r att dricka. Vid ett tillf\u00e4lle kom [&hellip;]\" \/>\n<meta property=\"og:url\" content=\"https:\/\/blogg.svenskakyrkan.se\/ellversons-blogg\/2025\/06\/16\/ekorrar\/\" \/>\n<meta property=\"og:site_name\" content=\"A. Ellverson\" \/>\n<meta property=\"article:published_time\" content=\"2025-06-16T12:15:38+00:00\" \/>\n<meta property=\"article:modified_time\" content=\"2025-06-16T12:15:39+00:00\" \/>\n<meta name=\"author\" content=\"ellversons-blogg\" \/>\n<meta name=\"twitter:card\" content=\"summary_large_image\" \/>\n<meta name=\"twitter:label1\" content=\"Skriven av\" \/>\n\t<meta name=\"twitter:data1\" content=\"ellversons-blogg\" \/>\n\t<meta name=\"twitter:label2\" content=\"Ber\u00e4knad l\u00e4stid\" \/>\n\t<meta name=\"twitter:data2\" content=\"1 minut\" \/>\n<script type=\"application\/ld+json\" class=\"yoast-schema-graph\">{\"@context\":\"https:\/\/schema.org\",\"@graph\":[{\"@type\":\"Article\",\"@id\":\"https:\/\/blogg.svenskakyrkan.se\/ellversons-blogg\/2025\/06\/16\/ekorrar\/#article\",\"isPartOf\":{\"@id\":\"https:\/\/blogg.svenskakyrkan.se\/ellversons-blogg\/2025\/06\/16\/ekorrar\/\"},\"author\":{\"name\":\"ellversons-blogg\",\"@id\":\"https:\/\/blogg.svenskakyrkan.se\/ellversons-blogg\/#\/schema\/person\/4273d207224e5b929da44d510001c612\"},\"headline\":\"Ekorrar\",\"datePublished\":\"2025-06-16T12:15:38+00:00\",\"dateModified\":\"2025-06-16T12:15:39+00:00\",\"mainEntityOfPage\":{\"@id\":\"https:\/\/blogg.svenskakyrkan.se\/ellversons-blogg\/2025\/06\/16\/ekorrar\/\"},\"wordCount\":112,\"commentCount\":0,\"inLanguage\":\"sv-SE\",\"potentialAction\":[{\"@type\":\"CommentAction\",\"name\":\"Comment\",\"target\":[\"https:\/\/blogg.svenskakyrkan.se\/ellversons-blogg\/2025\/06\/16\/ekorrar\/#respond\"]}]},{\"@type\":\"WebPage\",\"@id\":\"https:\/\/blogg.svenskakyrkan.se\/ellversons-blogg\/2025\/06\/16\/ekorrar\/\",\"url\":\"https:\/\/blogg.svenskakyrkan.se\/ellversons-blogg\/2025\/06\/16\/ekorrar\/\",\"name\":\"Ekorrar - A. Ellverson\",\"isPartOf\":{\"@id\":\"https:\/\/blogg.svenskakyrkan.se\/ellversons-blogg\/#website\"},\"datePublished\":\"2025-06-16T12:15:38+00:00\",\"dateModified\":\"2025-06-16T12:15:39+00:00\",\"author\":{\"@id\":\"https:\/\/blogg.svenskakyrkan.se\/ellversons-blogg\/#\/schema\/person\/4273d207224e5b929da44d510001c612\"},\"breadcrumb\":{\"@id\":\"https:\/\/blogg.svenskakyrkan.se\/ellversons-blogg\/2025\/06\/16\/ekorrar\/#breadcrumb\"},\"inLanguage\":\"sv-SE\",\"potentialAction\":[{\"@type\":\"ReadAction\",\"target\":[\"https:\/\/blogg.svenskakyrkan.se\/ellversons-blogg\/2025\/06\/16\/ekorrar\/\"]}]},{\"@type\":\"BreadcrumbList\",\"@id\":\"https:\/\/blogg.svenskakyrkan.se\/ellversons-blogg\/2025\/06\/16\/ekorrar\/#breadcrumb\",\"itemListElement\":[{\"@type\":\"ListItem\",\"position\":1,\"name\":\"Hem\",\"item\":\"https:\/\/blogg.svenskakyrkan.se\/ellversons-blogg\/\"},{\"@type\":\"ListItem\",\"position\":2,\"name\":\"Ekorrar\"}]},{\"@type\":\"WebSite\",\"@id\":\"https:\/\/blogg.svenskakyrkan.se\/ellversons-blogg\/#website\",\"url\":\"https:\/\/blogg.svenskakyrkan.se\/ellversons-blogg\/\",\"name\":\"A. Ellverson\",\"description\":\"Molnet. Tro och teologi med inslag av \u00d6stkyrkans t\u00e4nkande.\",\"potentialAction\":[{\"@type\":\"SearchAction\",\"target\":{\"@type\":\"EntryPoint\",\"urlTemplate\":\"https:\/\/blogg.svenskakyrkan.se\/ellversons-blogg\/?s={search_term_string}\"},\"query-input\":{\"@type\":\"PropertyValueSpecification\",\"valueRequired\":true,\"valueName\":\"search_term_string\"}}],\"inLanguage\":\"sv-SE\"},{\"@type\":\"Person\",\"@id\":\"https:\/\/blogg.svenskakyrkan.se\/ellversons-blogg\/#\/schema\/person\/4273d207224e5b929da44d510001c612\",\"name\":\"ellversons-blogg\",\"image\":{\"@type\":\"ImageObject\",\"inLanguage\":\"sv-SE\",\"@id\":\"https:\/\/blogg.svenskakyrkan.se\/ellversons-blogg\/#\/schema\/person\/image\/\",\"url\":\"https:\/\/secure.gravatar.com\/avatar\/219a7abd7a16e91adee6bb0da77546861ee2dfb15af5853ad545992361a96f4d?s=96&d=mm&r=g\",\"contentUrl\":\"https:\/\/secure.gravatar.com\/avatar\/219a7abd7a16e91adee6bb0da77546861ee2dfb15af5853ad545992361a96f4d?s=96&d=mm&r=g\",\"caption\":\"ellversons-blogg\"},\"url\":\"https:\/\/blogg.svenskakyrkan.se\/ellversons-blogg\/author\/ellversons-blogg\/\"}]}<\/script>\n<!-- \/ Yoast SEO plugin. -->","yoast_head_json":{"title":"Ekorrar - A. Ellverson","robots":{"index":"index","follow":"follow","max-snippet":"max-snippet:-1","max-image-preview":"max-image-preview:large","max-video-preview":"max-video-preview:-1"},"canonical":"https:\/\/blogg.svenskakyrkan.se\/ellversons-blogg\/2025\/06\/16\/ekorrar\/","og_locale":"sv_SE","og_type":"article","og_title":"Ekorrar - A. Ellverson","og_description":"P\u00e5 mitt kylsk\u00e5p finns en bild med tv\u00e5 ekorrar. Vi hade tidigare en liten stuga nedanf\u00f6r Uppsala. Den l\u00e5g vid en skog, och detgjorde att h\u00e4r kom diverse djur. Bland annat ekorrar. Vi hade satt ned en typ av vatten nedanf\u00f6r en rosbuske, och dit kom olika djur f\u00f6r att dricka. Vid ett tillf\u00e4lle kom [&hellip;]","og_url":"https:\/\/blogg.svenskakyrkan.se\/ellversons-blogg\/2025\/06\/16\/ekorrar\/","og_site_name":"A. Ellverson","article_published_time":"2025-06-16T12:15:38+00:00","article_modified_time":"2025-06-16T12:15:39+00:00","author":"ellversons-blogg","twitter_card":"summary_large_image","twitter_misc":{"Skriven av":"ellversons-blogg","Ber\u00e4knad l\u00e4stid":"1 minut"},"schema":{"@context":"https:\/\/schema.org","@graph":[{"@type":"Article","@id":"https:\/\/blogg.svenskakyrkan.se\/ellversons-blogg\/2025\/06\/16\/ekorrar\/#article","isPartOf":{"@id":"https:\/\/blogg.svenskakyrkan.se\/ellversons-blogg\/2025\/06\/16\/ekorrar\/"},"author":{"name":"ellversons-blogg","@id":"https:\/\/blogg.svenskakyrkan.se\/ellversons-blogg\/#\/schema\/person\/4273d207224e5b929da44d510001c612"},"headline":"Ekorrar","datePublished":"2025-06-16T12:15:38+00:00","dateModified":"2025-06-16T12:15:39+00:00","mainEntityOfPage":{"@id":"https:\/\/blogg.svenskakyrkan.se\/ellversons-blogg\/2025\/06\/16\/ekorrar\/"},"wordCount":112,"commentCount":0,"inLanguage":"sv-SE","potentialAction":[{"@type":"CommentAction","name":"Comment","target":["https:\/\/blogg.svenskakyrkan.se\/ellversons-blogg\/2025\/06\/16\/ekorrar\/#respond"]}]},{"@type":"WebPage","@id":"https:\/\/blogg.svenskakyrkan.se\/ellversons-blogg\/2025\/06\/16\/ekorrar\/","url":"https:\/\/blogg.svenskakyrkan.se\/ellversons-blogg\/2025\/06\/16\/ekorrar\/","name":"Ekorrar - A. Ellverson","isPartOf":{"@id":"https:\/\/blogg.svenskakyrkan.se\/ellversons-blogg\/#website"},"datePublished":"2025-06-16T12:15:38+00:00","dateModified":"2025-06-16T12:15:39+00:00","author":{"@id":"https:\/\/blogg.svenskakyrkan.se\/ellversons-blogg\/#\/schema\/person\/4273d207224e5b929da44d510001c612"},"breadcrumb":{"@id":"https:\/\/blogg.svenskakyrkan.se\/ellversons-blogg\/2025\/06\/16\/ekorrar\/#breadcrumb"},"inLanguage":"sv-SE","potentialAction":[{"@type":"ReadAction","target":["https:\/\/blogg.svenskakyrkan.se\/ellversons-blogg\/2025\/06\/16\/ekorrar\/"]}]},{"@type":"BreadcrumbList","@id":"https:\/\/blogg.svenskakyrkan.se\/ellversons-blogg\/2025\/06\/16\/ekorrar\/#breadcrumb","itemListElement":[{"@type":"ListItem","position":1,"name":"Hem","item":"https:\/\/blogg.svenskakyrkan.se\/ellversons-blogg\/"},{"@type":"ListItem","position":2,"name":"Ekorrar"}]},{"@type":"WebSite","@id":"https:\/\/blogg.svenskakyrkan.se\/ellversons-blogg\/#website","url":"https:\/\/blogg.svenskakyrkan.se\/ellversons-blogg\/","name":"A. Ellverson","description":"Molnet. Tro och teologi med inslag av \u00d6stkyrkans t\u00e4nkande.","potentialAction":[{"@type":"SearchAction","target":{"@type":"EntryPoint","urlTemplate":"https:\/\/blogg.svenskakyrkan.se\/ellversons-blogg\/?s={search_term_string}"},"query-input":{"@type":"PropertyValueSpecification","valueRequired":true,"valueName":"search_term_string"}}],"inLanguage":"sv-SE"},{"@type":"Person","@id":"https:\/\/blogg.svenskakyrkan.se\/ellversons-blogg\/#\/schema\/person\/4273d207224e5b929da44d510001c612","name":"ellversons-blogg","image":{"@type":"ImageObject","inLanguage":"sv-SE","@id":"https:\/\/blogg.svenskakyrkan.se\/ellversons-blogg\/#\/schema\/person\/image\/","url":"https:\/\/secure.gravatar.com\/avatar\/219a7abd7a16e91adee6bb0da77546861ee2dfb15af5853ad545992361a96f4d?s=96&d=mm&r=g","contentUrl":"https:\/\/secure.gravatar.com\/avatar\/219a7abd7a16e91adee6bb0da77546861ee2dfb15af5853ad545992361a96f4d?s=96&d=mm&r=g","caption":"ellversons-blogg"},"url":"https:\/\/blogg.svenskakyrkan.se\/ellversons-blogg\/author\/ellversons-blogg\/"}]}},"author_meta":{"ID":"770","user_nicename":"ellversons-blogg","user_registered":"2020-09-21 11:10:09","display_name":"ellversons-blogg","avatar":"https:\/\/secure.gravatar.com\/avatar\/219a7abd7a16e91adee6bb0da77546861ee2dfb15af5853ad545992361a96f4d?s=96&d=mm&r=g"},"featured_image":false,"bloginfo":{"name":"A. Ellverson","url":"https:\/\/blogg.svenskakyrkan.se\/ellversons-blogg"},"_links":{"self":[{"href":"https:\/\/blogg.svenskakyrkan.se\/ellversons-blogg\/wp-json\/wp\/v2\/posts\/671","targetHints":{"allow":["GET"]}}],"collection":[{"href":"https:\/\/blogg.svenskakyrkan.se\/ellversons-blogg\/wp-json\/wp\/v2\/posts"}],"about":[{"href":"https:\/\/blogg.svenskakyrkan.se\/ellversons-blogg\/wp-json\/wp\/v2\/types\/post"}],"author":[{"embeddable":true,"href":"https:\/\/blogg.svenskakyrkan.se\/ellversons-blogg\/wp-json\/wp\/v2\/users\/770"}],"replies":[{"embeddable":true,"href":"https:\/\/blogg.svenskakyrkan.se\/ellversons-blogg\/wp-json\/wp\/v2\/comments?post=671"}],"version-history":[{"count":1,"href":"https:\/\/blogg.svenskakyrkan.se\/ellversons-blogg\/wp-json\/wp\/v2\/posts\/671\/revisions"}],"predecessor-version":[{"id":672,"href":"https:\/\/blogg.svenskakyrkan.se\/ellversons-blogg\/wp-json\/wp\/v2\/posts\/671\/revisions\/672"}],"wp:attachment":[{"href":"https:\/\/blogg.svenskakyrkan.se\/ellversons-blogg\/wp-json\/wp\/v2\/media?parent=671"}],"wp:term":[{"taxonomy":"category","embeddable":true,"href":"https:\/\/blogg.svenskakyrkan.se\/ellversons-blogg\/wp-json\/wp\/v2\/categories?post=671"},{"taxonomy":"post_tag","embeddable":true,"href":"https:\/\/blogg.svenskakyrkan.se\/ellversons-blogg\/wp-json\/wp\/v2\/tags?post=671"}],"curies":[{"name":"wp","href":"https:\/\/api.w.org\/{rel}","templated":true}]}}