{"id":689,"date":"2025-07-04T20:03:25","date_gmt":"2025-07-04T18:03:25","guid":{"rendered":"https:\/\/blogg.svenskakyrkan.se\/ellversons-blogg\/?p=689"},"modified":"2025-07-04T20:03:25","modified_gmt":"2025-07-04T18:03:25","slug":"visa-mig-herre-2","status":"publish","type":"post","link":"https:\/\/blogg.svenskakyrkan.se\/ellversons-blogg\/2025\/07\/04\/visa-mig-herre-2\/","title":{"rendered":"Visa mig, Herre"},"content":{"rendered":"Fredag B\u00f6n under dagen<br \/><br \/>  Visa mig, Herre, dina stadgars v\u00e4g, <br \/>  och jag skall f\u00f6lja den till slutet.<br \/>  Ge mig f\u00f6rst\u00e5nd att lyda din lag, att h\u00e5lla den helt och fullt.<br \/>  Led min vandring efter dina bud,<br \/>  den stigen g\u00e5r jag med gl\u00e4dje.<br \/>  <br \/>  H\u00e5ll ditt l\u00f6fte till din tj\u00e4nare, s\u00e5 kan jag leva i gudsfruktan.<br \/>  Jag l\u00e4ngtar till dina befallningar, <br \/>  l\u00e5t din r\u00e4ttf\u00e4rdighet sk\u00e4nka mig liv.<br \/><br \/>Psalm 119<br \/><br \/>Och d\u00e5 man l\u00e4ser detta, undrar man om detta g\u00e5r att g\u00f6ra?","protected":false},"excerpt":{"rendered":"<p>Fredag B\u00f6n under dagen Visa mig, Herre, dina stadgars v\u00e4g, och jag skall f\u00f6lja den till slutet. Ge mig f\u00f6rst\u00e5nd att lyda din lag, att h\u00e5lla den helt och fullt. Led min vandring efter dina bud, den stigen g\u00e5r jag med gl\u00e4dje. H\u00e5ll ditt l\u00f6fte till din tj\u00e4nare, s\u00e5 kan jag leva i gudsfruktan. Jag [&hellip;]<\/p>\n","protected":false},"author":770,"featured_media":0,"comment_status":"open","ping_status":"open","sticky":false,"template":"","format":"standard","meta":{"_acf_changed":false,"footnotes":""},"categories":[1],"tags":[],"class_list":["post-689","post","type-post","status-publish","format-standard","hentry","category-okategoriserade"],"acf":[],"yoast_head":"<!-- This site is optimized with the Yoast SEO plugin v27.1.1 - https:\/\/yoast.com\/product\/yoast-seo-wordpress\/ -->\n<title>Visa mig, Herre - A. Ellverson<\/title>\n<meta name=\"robots\" content=\"index, follow, max-snippet:-1, max-image-preview:large, max-video-preview:-1\" \/>\n<link rel=\"canonical\" href=\"https:\/\/blogg.svenskakyrkan.se\/ellversons-blogg\/2025\/07\/04\/visa-mig-herre-2\/\" \/>\n<meta property=\"og:locale\" content=\"sv_SE\" \/>\n<meta property=\"og:type\" content=\"article\" \/>\n<meta property=\"og:title\" content=\"Visa mig, Herre - A. Ellverson\" \/>\n<meta property=\"og:description\" content=\"Fredag B\u00f6n under dagen Visa mig, Herre, dina stadgars v\u00e4g, och jag skall f\u00f6lja den till slutet. Ge mig f\u00f6rst\u00e5nd att lyda din lag, att h\u00e5lla den helt och fullt. Led min vandring efter dina bud, den stigen g\u00e5r jag med gl\u00e4dje. H\u00e5ll ditt l\u00f6fte till din tj\u00e4nare, s\u00e5 kan jag leva i gudsfruktan. Jag [&hellip;]\" \/>\n<meta property=\"og:url\" content=\"https:\/\/blogg.svenskakyrkan.se\/ellversons-blogg\/2025\/07\/04\/visa-mig-herre-2\/\" \/>\n<meta property=\"og:site_name\" content=\"A. Ellverson\" \/>\n<meta property=\"article:published_time\" content=\"2025-07-04T18:03:25+00:00\" \/>\n<meta name=\"author\" content=\"ellversons-blogg\" \/>\n<meta name=\"twitter:card\" content=\"summary_large_image\" \/>\n<meta name=\"twitter:label1\" content=\"Skriven av\" \/>\n\t<meta name=\"twitter:data1\" content=\"ellversons-blogg\" \/>\n<script type=\"application\/ld+json\" class=\"yoast-schema-graph\">{\"@context\":\"https:\/\/schema.org\",\"@graph\":[{\"@type\":\"Article\",\"@id\":\"https:\/\/blogg.svenskakyrkan.se\/ellversons-blogg\/2025\/07\/04\/visa-mig-herre-2\/#article\",\"isPartOf\":{\"@id\":\"https:\/\/blogg.svenskakyrkan.se\/ellversons-blogg\/2025\/07\/04\/visa-mig-herre-2\/\"},\"author\":{\"name\":\"ellversons-blogg\",\"@id\":\"https:\/\/blogg.svenskakyrkan.se\/ellversons-blogg\/#\/schema\/person\/4273d207224e5b929da44d510001c612\"},\"headline\":\"Visa mig, Herre\",\"datePublished\":\"2025-07-04T18:03:25+00:00\",\"mainEntityOfPage\":{\"@id\":\"https:\/\/blogg.svenskakyrkan.se\/ellversons-blogg\/2025\/07\/04\/visa-mig-herre-2\/\"},\"wordCount\":100,\"commentCount\":0,\"inLanguage\":\"sv-SE\",\"potentialAction\":[{\"@type\":\"CommentAction\",\"name\":\"Comment\",\"target\":[\"https:\/\/blogg.svenskakyrkan.se\/ellversons-blogg\/2025\/07\/04\/visa-mig-herre-2\/#respond\"]}]},{\"@type\":\"WebPage\",\"@id\":\"https:\/\/blogg.svenskakyrkan.se\/ellversons-blogg\/2025\/07\/04\/visa-mig-herre-2\/\",\"url\":\"https:\/\/blogg.svenskakyrkan.se\/ellversons-blogg\/2025\/07\/04\/visa-mig-herre-2\/\",\"name\":\"Visa mig, Herre - A. Ellverson\",\"isPartOf\":{\"@id\":\"https:\/\/blogg.svenskakyrkan.se\/ellversons-blogg\/#website\"},\"datePublished\":\"2025-07-04T18:03:25+00:00\",\"author\":{\"@id\":\"https:\/\/blogg.svenskakyrkan.se\/ellversons-blogg\/#\/schema\/person\/4273d207224e5b929da44d510001c612\"},\"breadcrumb\":{\"@id\":\"https:\/\/blogg.svenskakyrkan.se\/ellversons-blogg\/2025\/07\/04\/visa-mig-herre-2\/#breadcrumb\"},\"inLanguage\":\"sv-SE\",\"potentialAction\":[{\"@type\":\"ReadAction\",\"target\":[\"https:\/\/blogg.svenskakyrkan.se\/ellversons-blogg\/2025\/07\/04\/visa-mig-herre-2\/\"]}]},{\"@type\":\"BreadcrumbList\",\"@id\":\"https:\/\/blogg.svenskakyrkan.se\/ellversons-blogg\/2025\/07\/04\/visa-mig-herre-2\/#breadcrumb\",\"itemListElement\":[{\"@type\":\"ListItem\",\"position\":1,\"name\":\"Hem\",\"item\":\"https:\/\/blogg.svenskakyrkan.se\/ellversons-blogg\/\"},{\"@type\":\"ListItem\",\"position\":2,\"name\":\"Visa mig, Herre\"}]},{\"@type\":\"WebSite\",\"@id\":\"https:\/\/blogg.svenskakyrkan.se\/ellversons-blogg\/#website\",\"url\":\"https:\/\/blogg.svenskakyrkan.se\/ellversons-blogg\/\",\"name\":\"A. Ellverson\",\"description\":\"Molnet. Tro och teologi med inslag av \u00d6stkyrkans t\u00e4nkande.\",\"potentialAction\":[{\"@type\":\"SearchAction\",\"target\":{\"@type\":\"EntryPoint\",\"urlTemplate\":\"https:\/\/blogg.svenskakyrkan.se\/ellversons-blogg\/?s={search_term_string}\"},\"query-input\":{\"@type\":\"PropertyValueSpecification\",\"valueRequired\":true,\"valueName\":\"search_term_string\"}}],\"inLanguage\":\"sv-SE\"},{\"@type\":\"Person\",\"@id\":\"https:\/\/blogg.svenskakyrkan.se\/ellversons-blogg\/#\/schema\/person\/4273d207224e5b929da44d510001c612\",\"name\":\"ellversons-blogg\",\"image\":{\"@type\":\"ImageObject\",\"inLanguage\":\"sv-SE\",\"@id\":\"https:\/\/blogg.svenskakyrkan.se\/ellversons-blogg\/#\/schema\/person\/image\/\",\"url\":\"https:\/\/secure.gravatar.com\/avatar\/219a7abd7a16e91adee6bb0da77546861ee2dfb15af5853ad545992361a96f4d?s=96&d=mm&r=g\",\"contentUrl\":\"https:\/\/secure.gravatar.com\/avatar\/219a7abd7a16e91adee6bb0da77546861ee2dfb15af5853ad545992361a96f4d?s=96&d=mm&r=g\",\"caption\":\"ellversons-blogg\"},\"url\":\"https:\/\/blogg.svenskakyrkan.se\/ellversons-blogg\/author\/ellversons-blogg\/\"}]}<\/script>\n<!-- \/ Yoast SEO plugin. -->","yoast_head_json":{"title":"Visa mig, Herre - A. Ellverson","robots":{"index":"index","follow":"follow","max-snippet":"max-snippet:-1","max-image-preview":"max-image-preview:large","max-video-preview":"max-video-preview:-1"},"canonical":"https:\/\/blogg.svenskakyrkan.se\/ellversons-blogg\/2025\/07\/04\/visa-mig-herre-2\/","og_locale":"sv_SE","og_type":"article","og_title":"Visa mig, Herre - A. Ellverson","og_description":"Fredag B\u00f6n under dagen Visa mig, Herre, dina stadgars v\u00e4g, och jag skall f\u00f6lja den till slutet. Ge mig f\u00f6rst\u00e5nd att lyda din lag, att h\u00e5lla den helt och fullt. Led min vandring efter dina bud, den stigen g\u00e5r jag med gl\u00e4dje. H\u00e5ll ditt l\u00f6fte till din tj\u00e4nare, s\u00e5 kan jag leva i gudsfruktan. Jag [&hellip;]","og_url":"https:\/\/blogg.svenskakyrkan.se\/ellversons-blogg\/2025\/07\/04\/visa-mig-herre-2\/","og_site_name":"A. Ellverson","article_published_time":"2025-07-04T18:03:25+00:00","author":"ellversons-blogg","twitter_card":"summary_large_image","twitter_misc":{"Skriven av":"ellversons-blogg"},"schema":{"@context":"https:\/\/schema.org","@graph":[{"@type":"Article","@id":"https:\/\/blogg.svenskakyrkan.se\/ellversons-blogg\/2025\/07\/04\/visa-mig-herre-2\/#article","isPartOf":{"@id":"https:\/\/blogg.svenskakyrkan.se\/ellversons-blogg\/2025\/07\/04\/visa-mig-herre-2\/"},"author":{"name":"ellversons-blogg","@id":"https:\/\/blogg.svenskakyrkan.se\/ellversons-blogg\/#\/schema\/person\/4273d207224e5b929da44d510001c612"},"headline":"Visa mig, Herre","datePublished":"2025-07-04T18:03:25+00:00","mainEntityOfPage":{"@id":"https:\/\/blogg.svenskakyrkan.se\/ellversons-blogg\/2025\/07\/04\/visa-mig-herre-2\/"},"wordCount":100,"commentCount":0,"inLanguage":"sv-SE","potentialAction":[{"@type":"CommentAction","name":"Comment","target":["https:\/\/blogg.svenskakyrkan.se\/ellversons-blogg\/2025\/07\/04\/visa-mig-herre-2\/#respond"]}]},{"@type":"WebPage","@id":"https:\/\/blogg.svenskakyrkan.se\/ellversons-blogg\/2025\/07\/04\/visa-mig-herre-2\/","url":"https:\/\/blogg.svenskakyrkan.se\/ellversons-blogg\/2025\/07\/04\/visa-mig-herre-2\/","name":"Visa mig, Herre - A. Ellverson","isPartOf":{"@id":"https:\/\/blogg.svenskakyrkan.se\/ellversons-blogg\/#website"},"datePublished":"2025-07-04T18:03:25+00:00","author":{"@id":"https:\/\/blogg.svenskakyrkan.se\/ellversons-blogg\/#\/schema\/person\/4273d207224e5b929da44d510001c612"},"breadcrumb":{"@id":"https:\/\/blogg.svenskakyrkan.se\/ellversons-blogg\/2025\/07\/04\/visa-mig-herre-2\/#breadcrumb"},"inLanguage":"sv-SE","potentialAction":[{"@type":"ReadAction","target":["https:\/\/blogg.svenskakyrkan.se\/ellversons-blogg\/2025\/07\/04\/visa-mig-herre-2\/"]}]},{"@type":"BreadcrumbList","@id":"https:\/\/blogg.svenskakyrkan.se\/ellversons-blogg\/2025\/07\/04\/visa-mig-herre-2\/#breadcrumb","itemListElement":[{"@type":"ListItem","position":1,"name":"Hem","item":"https:\/\/blogg.svenskakyrkan.se\/ellversons-blogg\/"},{"@type":"ListItem","position":2,"name":"Visa mig, Herre"}]},{"@type":"WebSite","@id":"https:\/\/blogg.svenskakyrkan.se\/ellversons-blogg\/#website","url":"https:\/\/blogg.svenskakyrkan.se\/ellversons-blogg\/","name":"A. Ellverson","description":"Molnet. Tro och teologi med inslag av \u00d6stkyrkans t\u00e4nkande.","potentialAction":[{"@type":"SearchAction","target":{"@type":"EntryPoint","urlTemplate":"https:\/\/blogg.svenskakyrkan.se\/ellversons-blogg\/?s={search_term_string}"},"query-input":{"@type":"PropertyValueSpecification","valueRequired":true,"valueName":"search_term_string"}}],"inLanguage":"sv-SE"},{"@type":"Person","@id":"https:\/\/blogg.svenskakyrkan.se\/ellversons-blogg\/#\/schema\/person\/4273d207224e5b929da44d510001c612","name":"ellversons-blogg","image":{"@type":"ImageObject","inLanguage":"sv-SE","@id":"https:\/\/blogg.svenskakyrkan.se\/ellversons-blogg\/#\/schema\/person\/image\/","url":"https:\/\/secure.gravatar.com\/avatar\/219a7abd7a16e91adee6bb0da77546861ee2dfb15af5853ad545992361a96f4d?s=96&d=mm&r=g","contentUrl":"https:\/\/secure.gravatar.com\/avatar\/219a7abd7a16e91adee6bb0da77546861ee2dfb15af5853ad545992361a96f4d?s=96&d=mm&r=g","caption":"ellversons-blogg"},"url":"https:\/\/blogg.svenskakyrkan.se\/ellversons-blogg\/author\/ellversons-blogg\/"}]}},"author_meta":{"ID":"770","user_nicename":"ellversons-blogg","user_registered":"2020-09-21 11:10:09","display_name":"ellversons-blogg","avatar":"https:\/\/secure.gravatar.com\/avatar\/219a7abd7a16e91adee6bb0da77546861ee2dfb15af5853ad545992361a96f4d?s=96&d=mm&r=g"},"featured_image":false,"bloginfo":{"name":"A. Ellverson","url":"https:\/\/blogg.svenskakyrkan.se\/ellversons-blogg"},"_links":{"self":[{"href":"https:\/\/blogg.svenskakyrkan.se\/ellversons-blogg\/wp-json\/wp\/v2\/posts\/689","targetHints":{"allow":["GET"]}}],"collection":[{"href":"https:\/\/blogg.svenskakyrkan.se\/ellversons-blogg\/wp-json\/wp\/v2\/posts"}],"about":[{"href":"https:\/\/blogg.svenskakyrkan.se\/ellversons-blogg\/wp-json\/wp\/v2\/types\/post"}],"author":[{"embeddable":true,"href":"https:\/\/blogg.svenskakyrkan.se\/ellversons-blogg\/wp-json\/wp\/v2\/users\/770"}],"replies":[{"embeddable":true,"href":"https:\/\/blogg.svenskakyrkan.se\/ellversons-blogg\/wp-json\/wp\/v2\/comments?post=689"}],"version-history":[{"count":1,"href":"https:\/\/blogg.svenskakyrkan.se\/ellversons-blogg\/wp-json\/wp\/v2\/posts\/689\/revisions"}],"predecessor-version":[{"id":690,"href":"https:\/\/blogg.svenskakyrkan.se\/ellversons-blogg\/wp-json\/wp\/v2\/posts\/689\/revisions\/690"}],"wp:attachment":[{"href":"https:\/\/blogg.svenskakyrkan.se\/ellversons-blogg\/wp-json\/wp\/v2\/media?parent=689"}],"wp:term":[{"taxonomy":"category","embeddable":true,"href":"https:\/\/blogg.svenskakyrkan.se\/ellversons-blogg\/wp-json\/wp\/v2\/categories?post=689"},{"taxonomy":"post_tag","embeddable":true,"href":"https:\/\/blogg.svenskakyrkan.se\/ellversons-blogg\/wp-json\/wp\/v2\/tags?post=689"}],"curies":[{"name":"wp","href":"https:\/\/api.w.org\/{rel}","templated":true}]}}