{"id":695,"date":"2025-07-12T18:09:51","date_gmt":"2025-07-12T16:09:51","guid":{"rendered":"https:\/\/blogg.svenskakyrkan.se\/ellversons-blogg\/?p=695"},"modified":"2025-07-12T18:09:51","modified_gmt":"2025-07-12T16:09:51","slug":"lordag","status":"publish","type":"post","link":"https:\/\/blogg.svenskakyrkan.se\/ellversons-blogg\/2025\/07\/12\/lordag\/","title":{"rendered":"L\u00f6rdag"},"content":{"rendered":"L\u00e5t oss \u00e4lska varandra, ty k\u00e4rleken kommer fr\u00e5n Gud,<br \/>och den som \u00e4lskar \u00e4r f\u00f6dd av Gud och k\u00e4nner Gud. <br \/>Men den som inte \u00e4lskar k\u00e4nner inte Gud,<br \/>eftersom Gud \u00e4r k\u00e4rlek. <br \/>S\u00e5 uppenbarades Guds k\u00e4rlek hos oss: han s\u00e4nde sin ende son till v\u00e4rlden<br \/>f\u00f6r att  vi skulle f\u00e5 liv genom honom.<br \/>Detta \u00e4r k\u00e4rleken, inte att vi \u00e4lskar Gud<br \/>utan att han har \u00e4lskar oss och s\u00e4nt sin son<br \/>&#8212;<br \/>Om Gud  har \u00e4lskat oss s\u00e5., m\u00e5ste ocks\u00e5  vi \u00e4lska varandra .<br \/>(hur g\u00f6r vi detta?)<br \/>","protected":false},"excerpt":{"rendered":"<p>L\u00e5t oss \u00e4lska varandra, ty k\u00e4rleken kommer fr\u00e5n Gud,och den som \u00e4lskar \u00e4r f\u00f6dd av Gud och k\u00e4nner Gud. Men den som inte \u00e4lskar k\u00e4nner inte Gud,eftersom Gud \u00e4r k\u00e4rlek. S\u00e5 uppenbarades Guds k\u00e4rlek hos oss: han s\u00e4nde sin ende son till v\u00e4rldenf\u00f6r att vi skulle f\u00e5 liv genom honom.Detta \u00e4r k\u00e4rleken, inte att vi [&hellip;]<\/p>\n","protected":false},"author":770,"featured_media":0,"comment_status":"open","ping_status":"open","sticky":false,"template":"","format":"standard","meta":{"_acf_changed":false,"footnotes":""},"categories":[1],"tags":[],"class_list":["post-695","post","type-post","status-publish","format-standard","hentry","category-okategoriserade"],"acf":[],"yoast_head":"<!-- This site is optimized with the Yoast SEO plugin v27.1.1 - https:\/\/yoast.com\/product\/yoast-seo-wordpress\/ -->\n<title>L\u00f6rdag - A. Ellverson<\/title>\n<meta name=\"robots\" content=\"index, follow, max-snippet:-1, max-image-preview:large, max-video-preview:-1\" \/>\n<link rel=\"canonical\" href=\"https:\/\/blogg.svenskakyrkan.se\/ellversons-blogg\/2025\/07\/12\/lordag\/\" \/>\n<meta property=\"og:locale\" content=\"sv_SE\" \/>\n<meta property=\"og:type\" content=\"article\" \/>\n<meta property=\"og:title\" content=\"L\u00f6rdag - A. Ellverson\" \/>\n<meta property=\"og:description\" content=\"L\u00e5t oss \u00e4lska varandra, ty k\u00e4rleken kommer fr\u00e5n Gud,och den som \u00e4lskar \u00e4r f\u00f6dd av Gud och k\u00e4nner Gud. Men den som inte \u00e4lskar k\u00e4nner inte Gud,eftersom Gud \u00e4r k\u00e4rlek. S\u00e5 uppenbarades Guds k\u00e4rlek hos oss: han s\u00e4nde sin ende son till v\u00e4rldenf\u00f6r att vi skulle f\u00e5 liv genom honom.Detta \u00e4r k\u00e4rleken, inte att vi [&hellip;]\" \/>\n<meta property=\"og:url\" content=\"https:\/\/blogg.svenskakyrkan.se\/ellversons-blogg\/2025\/07\/12\/lordag\/\" \/>\n<meta property=\"og:site_name\" content=\"A. Ellverson\" \/>\n<meta property=\"article:published_time\" content=\"2025-07-12T16:09:51+00:00\" \/>\n<meta name=\"author\" content=\"ellversons-blogg\" \/>\n<meta name=\"twitter:card\" content=\"summary_large_image\" \/>\n<meta name=\"twitter:label1\" content=\"Skriven av\" \/>\n\t<meta name=\"twitter:data1\" content=\"ellversons-blogg\" \/>\n<script type=\"application\/ld+json\" class=\"yoast-schema-graph\">{\"@context\":\"https:\/\/schema.org\",\"@graph\":[{\"@type\":\"Article\",\"@id\":\"https:\/\/blogg.svenskakyrkan.se\/ellversons-blogg\/2025\/07\/12\/lordag\/#article\",\"isPartOf\":{\"@id\":\"https:\/\/blogg.svenskakyrkan.se\/ellversons-blogg\/2025\/07\/12\/lordag\/\"},\"author\":{\"name\":\"ellversons-blogg\",\"@id\":\"https:\/\/blogg.svenskakyrkan.se\/ellversons-blogg\/#\/schema\/person\/4273d207224e5b929da44d510001c612\"},\"headline\":\"L\u00f6rdag\",\"datePublished\":\"2025-07-12T16:09:51+00:00\",\"mainEntityOfPage\":{\"@id\":\"https:\/\/blogg.svenskakyrkan.se\/ellversons-blogg\/2025\/07\/12\/lordag\/\"},\"wordCount\":100,\"commentCount\":0,\"inLanguage\":\"sv-SE\",\"potentialAction\":[{\"@type\":\"CommentAction\",\"name\":\"Comment\",\"target\":[\"https:\/\/blogg.svenskakyrkan.se\/ellversons-blogg\/2025\/07\/12\/lordag\/#respond\"]}]},{\"@type\":\"WebPage\",\"@id\":\"https:\/\/blogg.svenskakyrkan.se\/ellversons-blogg\/2025\/07\/12\/lordag\/\",\"url\":\"https:\/\/blogg.svenskakyrkan.se\/ellversons-blogg\/2025\/07\/12\/lordag\/\",\"name\":\"L\u00f6rdag - A. Ellverson\",\"isPartOf\":{\"@id\":\"https:\/\/blogg.svenskakyrkan.se\/ellversons-blogg\/#website\"},\"datePublished\":\"2025-07-12T16:09:51+00:00\",\"author\":{\"@id\":\"https:\/\/blogg.svenskakyrkan.se\/ellversons-blogg\/#\/schema\/person\/4273d207224e5b929da44d510001c612\"},\"breadcrumb\":{\"@id\":\"https:\/\/blogg.svenskakyrkan.se\/ellversons-blogg\/2025\/07\/12\/lordag\/#breadcrumb\"},\"inLanguage\":\"sv-SE\",\"potentialAction\":[{\"@type\":\"ReadAction\",\"target\":[\"https:\/\/blogg.svenskakyrkan.se\/ellversons-blogg\/2025\/07\/12\/lordag\/\"]}]},{\"@type\":\"BreadcrumbList\",\"@id\":\"https:\/\/blogg.svenskakyrkan.se\/ellversons-blogg\/2025\/07\/12\/lordag\/#breadcrumb\",\"itemListElement\":[{\"@type\":\"ListItem\",\"position\":1,\"name\":\"Hem\",\"item\":\"https:\/\/blogg.svenskakyrkan.se\/ellversons-blogg\/\"},{\"@type\":\"ListItem\",\"position\":2,\"name\":\"L\u00f6rdag\"}]},{\"@type\":\"WebSite\",\"@id\":\"https:\/\/blogg.svenskakyrkan.se\/ellversons-blogg\/#website\",\"url\":\"https:\/\/blogg.svenskakyrkan.se\/ellversons-blogg\/\",\"name\":\"A. Ellverson\",\"description\":\"Molnet. Tro och teologi med inslag av \u00d6stkyrkans t\u00e4nkande.\",\"potentialAction\":[{\"@type\":\"SearchAction\",\"target\":{\"@type\":\"EntryPoint\",\"urlTemplate\":\"https:\/\/blogg.svenskakyrkan.se\/ellversons-blogg\/?s={search_term_string}\"},\"query-input\":{\"@type\":\"PropertyValueSpecification\",\"valueRequired\":true,\"valueName\":\"search_term_string\"}}],\"inLanguage\":\"sv-SE\"},{\"@type\":\"Person\",\"@id\":\"https:\/\/blogg.svenskakyrkan.se\/ellversons-blogg\/#\/schema\/person\/4273d207224e5b929da44d510001c612\",\"name\":\"ellversons-blogg\",\"image\":{\"@type\":\"ImageObject\",\"inLanguage\":\"sv-SE\",\"@id\":\"https:\/\/blogg.svenskakyrkan.se\/ellversons-blogg\/#\/schema\/person\/image\/\",\"url\":\"https:\/\/secure.gravatar.com\/avatar\/219a7abd7a16e91adee6bb0da77546861ee2dfb15af5853ad545992361a96f4d?s=96&d=mm&r=g\",\"contentUrl\":\"https:\/\/secure.gravatar.com\/avatar\/219a7abd7a16e91adee6bb0da77546861ee2dfb15af5853ad545992361a96f4d?s=96&d=mm&r=g\",\"caption\":\"ellversons-blogg\"},\"url\":\"https:\/\/blogg.svenskakyrkan.se\/ellversons-blogg\/author\/ellversons-blogg\/\"}]}<\/script>\n<!-- \/ Yoast SEO plugin. -->","yoast_head_json":{"title":"L\u00f6rdag - A. Ellverson","robots":{"index":"index","follow":"follow","max-snippet":"max-snippet:-1","max-image-preview":"max-image-preview:large","max-video-preview":"max-video-preview:-1"},"canonical":"https:\/\/blogg.svenskakyrkan.se\/ellversons-blogg\/2025\/07\/12\/lordag\/","og_locale":"sv_SE","og_type":"article","og_title":"L\u00f6rdag - A. Ellverson","og_description":"L\u00e5t oss \u00e4lska varandra, ty k\u00e4rleken kommer fr\u00e5n Gud,och den som \u00e4lskar \u00e4r f\u00f6dd av Gud och k\u00e4nner Gud. Men den som inte \u00e4lskar k\u00e4nner inte Gud,eftersom Gud \u00e4r k\u00e4rlek. S\u00e5 uppenbarades Guds k\u00e4rlek hos oss: han s\u00e4nde sin ende son till v\u00e4rldenf\u00f6r att vi skulle f\u00e5 liv genom honom.Detta \u00e4r k\u00e4rleken, inte att vi [&hellip;]","og_url":"https:\/\/blogg.svenskakyrkan.se\/ellversons-blogg\/2025\/07\/12\/lordag\/","og_site_name":"A. Ellverson","article_published_time":"2025-07-12T16:09:51+00:00","author":"ellversons-blogg","twitter_card":"summary_large_image","twitter_misc":{"Skriven av":"ellversons-blogg"},"schema":{"@context":"https:\/\/schema.org","@graph":[{"@type":"Article","@id":"https:\/\/blogg.svenskakyrkan.se\/ellversons-blogg\/2025\/07\/12\/lordag\/#article","isPartOf":{"@id":"https:\/\/blogg.svenskakyrkan.se\/ellversons-blogg\/2025\/07\/12\/lordag\/"},"author":{"name":"ellversons-blogg","@id":"https:\/\/blogg.svenskakyrkan.se\/ellversons-blogg\/#\/schema\/person\/4273d207224e5b929da44d510001c612"},"headline":"L\u00f6rdag","datePublished":"2025-07-12T16:09:51+00:00","mainEntityOfPage":{"@id":"https:\/\/blogg.svenskakyrkan.se\/ellversons-blogg\/2025\/07\/12\/lordag\/"},"wordCount":100,"commentCount":0,"inLanguage":"sv-SE","potentialAction":[{"@type":"CommentAction","name":"Comment","target":["https:\/\/blogg.svenskakyrkan.se\/ellversons-blogg\/2025\/07\/12\/lordag\/#respond"]}]},{"@type":"WebPage","@id":"https:\/\/blogg.svenskakyrkan.se\/ellversons-blogg\/2025\/07\/12\/lordag\/","url":"https:\/\/blogg.svenskakyrkan.se\/ellversons-blogg\/2025\/07\/12\/lordag\/","name":"L\u00f6rdag - A. Ellverson","isPartOf":{"@id":"https:\/\/blogg.svenskakyrkan.se\/ellversons-blogg\/#website"},"datePublished":"2025-07-12T16:09:51+00:00","author":{"@id":"https:\/\/blogg.svenskakyrkan.se\/ellversons-blogg\/#\/schema\/person\/4273d207224e5b929da44d510001c612"},"breadcrumb":{"@id":"https:\/\/blogg.svenskakyrkan.se\/ellversons-blogg\/2025\/07\/12\/lordag\/#breadcrumb"},"inLanguage":"sv-SE","potentialAction":[{"@type":"ReadAction","target":["https:\/\/blogg.svenskakyrkan.se\/ellversons-blogg\/2025\/07\/12\/lordag\/"]}]},{"@type":"BreadcrumbList","@id":"https:\/\/blogg.svenskakyrkan.se\/ellversons-blogg\/2025\/07\/12\/lordag\/#breadcrumb","itemListElement":[{"@type":"ListItem","position":1,"name":"Hem","item":"https:\/\/blogg.svenskakyrkan.se\/ellversons-blogg\/"},{"@type":"ListItem","position":2,"name":"L\u00f6rdag"}]},{"@type":"WebSite","@id":"https:\/\/blogg.svenskakyrkan.se\/ellversons-blogg\/#website","url":"https:\/\/blogg.svenskakyrkan.se\/ellversons-blogg\/","name":"A. Ellverson","description":"Molnet. Tro och teologi med inslag av \u00d6stkyrkans t\u00e4nkande.","potentialAction":[{"@type":"SearchAction","target":{"@type":"EntryPoint","urlTemplate":"https:\/\/blogg.svenskakyrkan.se\/ellversons-blogg\/?s={search_term_string}"},"query-input":{"@type":"PropertyValueSpecification","valueRequired":true,"valueName":"search_term_string"}}],"inLanguage":"sv-SE"},{"@type":"Person","@id":"https:\/\/blogg.svenskakyrkan.se\/ellversons-blogg\/#\/schema\/person\/4273d207224e5b929da44d510001c612","name":"ellversons-blogg","image":{"@type":"ImageObject","inLanguage":"sv-SE","@id":"https:\/\/blogg.svenskakyrkan.se\/ellversons-blogg\/#\/schema\/person\/image\/","url":"https:\/\/secure.gravatar.com\/avatar\/219a7abd7a16e91adee6bb0da77546861ee2dfb15af5853ad545992361a96f4d?s=96&d=mm&r=g","contentUrl":"https:\/\/secure.gravatar.com\/avatar\/219a7abd7a16e91adee6bb0da77546861ee2dfb15af5853ad545992361a96f4d?s=96&d=mm&r=g","caption":"ellversons-blogg"},"url":"https:\/\/blogg.svenskakyrkan.se\/ellversons-blogg\/author\/ellversons-blogg\/"}]}},"author_meta":{"ID":"770","user_nicename":"ellversons-blogg","user_registered":"2020-09-21 11:10:09","display_name":"ellversons-blogg","avatar":"https:\/\/secure.gravatar.com\/avatar\/219a7abd7a16e91adee6bb0da77546861ee2dfb15af5853ad545992361a96f4d?s=96&d=mm&r=g"},"featured_image":false,"bloginfo":{"name":"A. Ellverson","url":"https:\/\/blogg.svenskakyrkan.se\/ellversons-blogg"},"_links":{"self":[{"href":"https:\/\/blogg.svenskakyrkan.se\/ellversons-blogg\/wp-json\/wp\/v2\/posts\/695","targetHints":{"allow":["GET"]}}],"collection":[{"href":"https:\/\/blogg.svenskakyrkan.se\/ellversons-blogg\/wp-json\/wp\/v2\/posts"}],"about":[{"href":"https:\/\/blogg.svenskakyrkan.se\/ellversons-blogg\/wp-json\/wp\/v2\/types\/post"}],"author":[{"embeddable":true,"href":"https:\/\/blogg.svenskakyrkan.se\/ellversons-blogg\/wp-json\/wp\/v2\/users\/770"}],"replies":[{"embeddable":true,"href":"https:\/\/blogg.svenskakyrkan.se\/ellversons-blogg\/wp-json\/wp\/v2\/comments?post=695"}],"version-history":[{"count":1,"href":"https:\/\/blogg.svenskakyrkan.se\/ellversons-blogg\/wp-json\/wp\/v2\/posts\/695\/revisions"}],"predecessor-version":[{"id":696,"href":"https:\/\/blogg.svenskakyrkan.se\/ellversons-blogg\/wp-json\/wp\/v2\/posts\/695\/revisions\/696"}],"wp:attachment":[{"href":"https:\/\/blogg.svenskakyrkan.se\/ellversons-blogg\/wp-json\/wp\/v2\/media?parent=695"}],"wp:term":[{"taxonomy":"category","embeddable":true,"href":"https:\/\/blogg.svenskakyrkan.se\/ellversons-blogg\/wp-json\/wp\/v2\/categories?post=695"},{"taxonomy":"post_tag","embeddable":true,"href":"https:\/\/blogg.svenskakyrkan.se\/ellversons-blogg\/wp-json\/wp\/v2\/tags?post=695"}],"curies":[{"name":"wp","href":"https:\/\/api.w.org\/{rel}","templated":true}]}}