{"id":722,"date":"2025-09-04T16:19:43","date_gmt":"2025-09-04T14:19:43","guid":{"rendered":"https:\/\/blogg.svenskakyrkan.se\/ellversons-blogg\/?p=722"},"modified":"2025-09-04T16:19:44","modified_gmt":"2025-09-04T14:19:44","slug":"ata-glass","status":"publish","type":"post","link":"https:\/\/blogg.svenskakyrkan.se\/ellversons-blogg\/2025\/09\/04\/ata-glass\/","title":{"rendered":"\u00c4ta glass"},"content":{"rendered":"Jag har just \u00e4tit glass med hallon fr\u00e5n min syster Inga.<br \/>N\u00e4r jag var barn p\u00e5 40-talet, var glass n\u00e5got mycket fint!<br \/>Jag var 5 \u00e5r, och reste med min mamma och pappa till Gotland, d\u00e4r min pappa skulle spela varpa.<br \/>Det avslutades med en stor middag, och som dessert fick vi glass.<br \/>Men innan glassen kom till mig var den slut!<br \/>(s\u00e5 kan det bli)","protected":false},"excerpt":{"rendered":"<p>Jag har just \u00e4tit glass med hallon fr\u00e5n min syster Inga.N\u00e4r jag var barn p\u00e5 40-talet, var glass n\u00e5got mycket fint!Jag var 5 \u00e5r, och reste med min mamma och pappa till Gotland, d\u00e4r min pappa skulle spela varpa.Det avslutades med en stor middag, och som dessert fick vi glass.Men innan glassen kom till mig [&hellip;]<\/p>\n","protected":false},"author":770,"featured_media":0,"comment_status":"open","ping_status":"open","sticky":false,"template":"","format":"standard","meta":{"_acf_changed":false,"footnotes":""},"categories":[1],"tags":[],"class_list":["post-722","post","type-post","status-publish","format-standard","hentry","category-okategoriserade"],"acf":[],"yoast_head":"<!-- This site is optimized with the Yoast SEO plugin v27.1.1 - https:\/\/yoast.com\/product\/yoast-seo-wordpress\/ -->\n<title>\u00c4ta glass - A. Ellverson<\/title>\n<meta name=\"robots\" content=\"index, follow, max-snippet:-1, max-image-preview:large, max-video-preview:-1\" \/>\n<link rel=\"canonical\" href=\"https:\/\/blogg.svenskakyrkan.se\/ellversons-blogg\/2025\/09\/04\/ata-glass\/\" \/>\n<meta property=\"og:locale\" content=\"sv_SE\" \/>\n<meta property=\"og:type\" content=\"article\" \/>\n<meta property=\"og:title\" content=\"\u00c4ta glass - A. Ellverson\" \/>\n<meta property=\"og:description\" content=\"Jag har just \u00e4tit glass med hallon fr\u00e5n min syster Inga.N\u00e4r jag var barn p\u00e5 40-talet, var glass n\u00e5got mycket fint!Jag var 5 \u00e5r, och reste med min mamma och pappa till Gotland, d\u00e4r min pappa skulle spela varpa.Det avslutades med en stor middag, och som dessert fick vi glass.Men innan glassen kom till mig [&hellip;]\" \/>\n<meta property=\"og:url\" content=\"https:\/\/blogg.svenskakyrkan.se\/ellversons-blogg\/2025\/09\/04\/ata-glass\/\" \/>\n<meta property=\"og:site_name\" content=\"A. Ellverson\" \/>\n<meta property=\"article:published_time\" content=\"2025-09-04T14:19:43+00:00\" \/>\n<meta property=\"article:modified_time\" content=\"2025-09-04T14:19:44+00:00\" \/>\n<meta name=\"author\" content=\"ellversons-blogg\" \/>\n<meta name=\"twitter:card\" content=\"summary_large_image\" \/>\n<meta name=\"twitter:label1\" content=\"Skriven av\" \/>\n\t<meta name=\"twitter:data1\" content=\"ellversons-blogg\" \/>\n<script type=\"application\/ld+json\" class=\"yoast-schema-graph\">{\"@context\":\"https:\/\/schema.org\",\"@graph\":[{\"@type\":\"Article\",\"@id\":\"https:\/\/blogg.svenskakyrkan.se\/ellversons-blogg\/2025\/09\/04\/ata-glass\/#article\",\"isPartOf\":{\"@id\":\"https:\/\/blogg.svenskakyrkan.se\/ellversons-blogg\/2025\/09\/04\/ata-glass\/\"},\"author\":{\"name\":\"ellversons-blogg\",\"@id\":\"https:\/\/blogg.svenskakyrkan.se\/ellversons-blogg\/#\/schema\/person\/4273d207224e5b929da44d510001c612\"},\"headline\":\"\u00c4ta glass\",\"datePublished\":\"2025-09-04T14:19:43+00:00\",\"dateModified\":\"2025-09-04T14:19:44+00:00\",\"mainEntityOfPage\":{\"@id\":\"https:\/\/blogg.svenskakyrkan.se\/ellversons-blogg\/2025\/09\/04\/ata-glass\/\"},\"wordCount\":71,\"commentCount\":0,\"inLanguage\":\"sv-SE\",\"potentialAction\":[{\"@type\":\"CommentAction\",\"name\":\"Comment\",\"target\":[\"https:\/\/blogg.svenskakyrkan.se\/ellversons-blogg\/2025\/09\/04\/ata-glass\/#respond\"]}]},{\"@type\":\"WebPage\",\"@id\":\"https:\/\/blogg.svenskakyrkan.se\/ellversons-blogg\/2025\/09\/04\/ata-glass\/\",\"url\":\"https:\/\/blogg.svenskakyrkan.se\/ellversons-blogg\/2025\/09\/04\/ata-glass\/\",\"name\":\"\u00c4ta glass - A. Ellverson\",\"isPartOf\":{\"@id\":\"https:\/\/blogg.svenskakyrkan.se\/ellversons-blogg\/#website\"},\"datePublished\":\"2025-09-04T14:19:43+00:00\",\"dateModified\":\"2025-09-04T14:19:44+00:00\",\"author\":{\"@id\":\"https:\/\/blogg.svenskakyrkan.se\/ellversons-blogg\/#\/schema\/person\/4273d207224e5b929da44d510001c612\"},\"breadcrumb\":{\"@id\":\"https:\/\/blogg.svenskakyrkan.se\/ellversons-blogg\/2025\/09\/04\/ata-glass\/#breadcrumb\"},\"inLanguage\":\"sv-SE\",\"potentialAction\":[{\"@type\":\"ReadAction\",\"target\":[\"https:\/\/blogg.svenskakyrkan.se\/ellversons-blogg\/2025\/09\/04\/ata-glass\/\"]}]},{\"@type\":\"BreadcrumbList\",\"@id\":\"https:\/\/blogg.svenskakyrkan.se\/ellversons-blogg\/2025\/09\/04\/ata-glass\/#breadcrumb\",\"itemListElement\":[{\"@type\":\"ListItem\",\"position\":1,\"name\":\"Hem\",\"item\":\"https:\/\/blogg.svenskakyrkan.se\/ellversons-blogg\/\"},{\"@type\":\"ListItem\",\"position\":2,\"name\":\"\u00c4ta glass\"}]},{\"@type\":\"WebSite\",\"@id\":\"https:\/\/blogg.svenskakyrkan.se\/ellversons-blogg\/#website\",\"url\":\"https:\/\/blogg.svenskakyrkan.se\/ellversons-blogg\/\",\"name\":\"A. Ellverson\",\"description\":\"Molnet. Tro och teologi med inslag av \u00d6stkyrkans t\u00e4nkande.\",\"potentialAction\":[{\"@type\":\"SearchAction\",\"target\":{\"@type\":\"EntryPoint\",\"urlTemplate\":\"https:\/\/blogg.svenskakyrkan.se\/ellversons-blogg\/?s={search_term_string}\"},\"query-input\":{\"@type\":\"PropertyValueSpecification\",\"valueRequired\":true,\"valueName\":\"search_term_string\"}}],\"inLanguage\":\"sv-SE\"},{\"@type\":\"Person\",\"@id\":\"https:\/\/blogg.svenskakyrkan.se\/ellversons-blogg\/#\/schema\/person\/4273d207224e5b929da44d510001c612\",\"name\":\"ellversons-blogg\",\"image\":{\"@type\":\"ImageObject\",\"inLanguage\":\"sv-SE\",\"@id\":\"https:\/\/blogg.svenskakyrkan.se\/ellversons-blogg\/#\/schema\/person\/image\/\",\"url\":\"https:\/\/secure.gravatar.com\/avatar\/219a7abd7a16e91adee6bb0da77546861ee2dfb15af5853ad545992361a96f4d?s=96&d=mm&r=g\",\"contentUrl\":\"https:\/\/secure.gravatar.com\/avatar\/219a7abd7a16e91adee6bb0da77546861ee2dfb15af5853ad545992361a96f4d?s=96&d=mm&r=g\",\"caption\":\"ellversons-blogg\"},\"url\":\"https:\/\/blogg.svenskakyrkan.se\/ellversons-blogg\/author\/ellversons-blogg\/\"}]}<\/script>\n<!-- \/ Yoast SEO plugin. -->","yoast_head_json":{"title":"\u00c4ta glass - A. Ellverson","robots":{"index":"index","follow":"follow","max-snippet":"max-snippet:-1","max-image-preview":"max-image-preview:large","max-video-preview":"max-video-preview:-1"},"canonical":"https:\/\/blogg.svenskakyrkan.se\/ellversons-blogg\/2025\/09\/04\/ata-glass\/","og_locale":"sv_SE","og_type":"article","og_title":"\u00c4ta glass - A. Ellverson","og_description":"Jag har just \u00e4tit glass med hallon fr\u00e5n min syster Inga.N\u00e4r jag var barn p\u00e5 40-talet, var glass n\u00e5got mycket fint!Jag var 5 \u00e5r, och reste med min mamma och pappa till Gotland, d\u00e4r min pappa skulle spela varpa.Det avslutades med en stor middag, och som dessert fick vi glass.Men innan glassen kom till mig [&hellip;]","og_url":"https:\/\/blogg.svenskakyrkan.se\/ellversons-blogg\/2025\/09\/04\/ata-glass\/","og_site_name":"A. Ellverson","article_published_time":"2025-09-04T14:19:43+00:00","article_modified_time":"2025-09-04T14:19:44+00:00","author":"ellversons-blogg","twitter_card":"summary_large_image","twitter_misc":{"Skriven av":"ellversons-blogg"},"schema":{"@context":"https:\/\/schema.org","@graph":[{"@type":"Article","@id":"https:\/\/blogg.svenskakyrkan.se\/ellversons-blogg\/2025\/09\/04\/ata-glass\/#article","isPartOf":{"@id":"https:\/\/blogg.svenskakyrkan.se\/ellversons-blogg\/2025\/09\/04\/ata-glass\/"},"author":{"name":"ellversons-blogg","@id":"https:\/\/blogg.svenskakyrkan.se\/ellversons-blogg\/#\/schema\/person\/4273d207224e5b929da44d510001c612"},"headline":"\u00c4ta glass","datePublished":"2025-09-04T14:19:43+00:00","dateModified":"2025-09-04T14:19:44+00:00","mainEntityOfPage":{"@id":"https:\/\/blogg.svenskakyrkan.se\/ellversons-blogg\/2025\/09\/04\/ata-glass\/"},"wordCount":71,"commentCount":0,"inLanguage":"sv-SE","potentialAction":[{"@type":"CommentAction","name":"Comment","target":["https:\/\/blogg.svenskakyrkan.se\/ellversons-blogg\/2025\/09\/04\/ata-glass\/#respond"]}]},{"@type":"WebPage","@id":"https:\/\/blogg.svenskakyrkan.se\/ellversons-blogg\/2025\/09\/04\/ata-glass\/","url":"https:\/\/blogg.svenskakyrkan.se\/ellversons-blogg\/2025\/09\/04\/ata-glass\/","name":"\u00c4ta glass - A. Ellverson","isPartOf":{"@id":"https:\/\/blogg.svenskakyrkan.se\/ellversons-blogg\/#website"},"datePublished":"2025-09-04T14:19:43+00:00","dateModified":"2025-09-04T14:19:44+00:00","author":{"@id":"https:\/\/blogg.svenskakyrkan.se\/ellversons-blogg\/#\/schema\/person\/4273d207224e5b929da44d510001c612"},"breadcrumb":{"@id":"https:\/\/blogg.svenskakyrkan.se\/ellversons-blogg\/2025\/09\/04\/ata-glass\/#breadcrumb"},"inLanguage":"sv-SE","potentialAction":[{"@type":"ReadAction","target":["https:\/\/blogg.svenskakyrkan.se\/ellversons-blogg\/2025\/09\/04\/ata-glass\/"]}]},{"@type":"BreadcrumbList","@id":"https:\/\/blogg.svenskakyrkan.se\/ellversons-blogg\/2025\/09\/04\/ata-glass\/#breadcrumb","itemListElement":[{"@type":"ListItem","position":1,"name":"Hem","item":"https:\/\/blogg.svenskakyrkan.se\/ellversons-blogg\/"},{"@type":"ListItem","position":2,"name":"\u00c4ta glass"}]},{"@type":"WebSite","@id":"https:\/\/blogg.svenskakyrkan.se\/ellversons-blogg\/#website","url":"https:\/\/blogg.svenskakyrkan.se\/ellversons-blogg\/","name":"A. Ellverson","description":"Molnet. Tro och teologi med inslag av \u00d6stkyrkans t\u00e4nkande.","potentialAction":[{"@type":"SearchAction","target":{"@type":"EntryPoint","urlTemplate":"https:\/\/blogg.svenskakyrkan.se\/ellversons-blogg\/?s={search_term_string}"},"query-input":{"@type":"PropertyValueSpecification","valueRequired":true,"valueName":"search_term_string"}}],"inLanguage":"sv-SE"},{"@type":"Person","@id":"https:\/\/blogg.svenskakyrkan.se\/ellversons-blogg\/#\/schema\/person\/4273d207224e5b929da44d510001c612","name":"ellversons-blogg","image":{"@type":"ImageObject","inLanguage":"sv-SE","@id":"https:\/\/blogg.svenskakyrkan.se\/ellversons-blogg\/#\/schema\/person\/image\/","url":"https:\/\/secure.gravatar.com\/avatar\/219a7abd7a16e91adee6bb0da77546861ee2dfb15af5853ad545992361a96f4d?s=96&d=mm&r=g","contentUrl":"https:\/\/secure.gravatar.com\/avatar\/219a7abd7a16e91adee6bb0da77546861ee2dfb15af5853ad545992361a96f4d?s=96&d=mm&r=g","caption":"ellversons-blogg"},"url":"https:\/\/blogg.svenskakyrkan.se\/ellversons-blogg\/author\/ellversons-blogg\/"}]}},"author_meta":{"ID":"770","user_nicename":"ellversons-blogg","user_registered":"2020-09-21 11:10:09","display_name":"ellversons-blogg","avatar":"https:\/\/secure.gravatar.com\/avatar\/219a7abd7a16e91adee6bb0da77546861ee2dfb15af5853ad545992361a96f4d?s=96&d=mm&r=g"},"featured_image":false,"bloginfo":{"name":"A. Ellverson","url":"https:\/\/blogg.svenskakyrkan.se\/ellversons-blogg"},"_links":{"self":[{"href":"https:\/\/blogg.svenskakyrkan.se\/ellversons-blogg\/wp-json\/wp\/v2\/posts\/722","targetHints":{"allow":["GET"]}}],"collection":[{"href":"https:\/\/blogg.svenskakyrkan.se\/ellversons-blogg\/wp-json\/wp\/v2\/posts"}],"about":[{"href":"https:\/\/blogg.svenskakyrkan.se\/ellversons-blogg\/wp-json\/wp\/v2\/types\/post"}],"author":[{"embeddable":true,"href":"https:\/\/blogg.svenskakyrkan.se\/ellversons-blogg\/wp-json\/wp\/v2\/users\/770"}],"replies":[{"embeddable":true,"href":"https:\/\/blogg.svenskakyrkan.se\/ellversons-blogg\/wp-json\/wp\/v2\/comments?post=722"}],"version-history":[{"count":1,"href":"https:\/\/blogg.svenskakyrkan.se\/ellversons-blogg\/wp-json\/wp\/v2\/posts\/722\/revisions"}],"predecessor-version":[{"id":723,"href":"https:\/\/blogg.svenskakyrkan.se\/ellversons-blogg\/wp-json\/wp\/v2\/posts\/722\/revisions\/723"}],"wp:attachment":[{"href":"https:\/\/blogg.svenskakyrkan.se\/ellversons-blogg\/wp-json\/wp\/v2\/media?parent=722"}],"wp:term":[{"taxonomy":"category","embeddable":true,"href":"https:\/\/blogg.svenskakyrkan.se\/ellversons-blogg\/wp-json\/wp\/v2\/categories?post=722"},{"taxonomy":"post_tag","embeddable":true,"href":"https:\/\/blogg.svenskakyrkan.se\/ellversons-blogg\/wp-json\/wp\/v2\/tags?post=722"}],"curies":[{"name":"wp","href":"https:\/\/api.w.org\/{rel}","templated":true}]}}