{"id":14,"date":"2015-02-25T12:28:07","date_gmt":"2015-02-25T11:28:07","guid":{"rendered":"http:\/\/blogg.svenskakyrkan.se\/fastebloggen\/?p=14"},"modified":"2015-02-25T12:28:07","modified_gmt":"2015-02-25T11:28:07","slug":"lordag-212","status":"publish","type":"post","link":"https:\/\/blogg.svenskakyrkan.se\/fastebloggen\/2015\/02\/25\/lordag-212\/","title":{"rendered":"L\u00f6rdag 21\/2"},"content":{"rendered":"<p><strong>Jesaja 58<\/strong><\/p>\n<p><em>\u201dNi fastar under br\u00e5k och gr\u00e4l och sk\u00e4ndliga slagsm\u00e5l. Som ni fastar i dag blir inte er b\u00f6n h\u00f6rd i h\u00f6jden. \u00c4r det en s\u00e5dan fasta jag vill se: en dag d\u00e5 man sp\u00e4ker sig, h\u00e4nger med huvudet som ett str\u00e5, ligger i s\u00e4ck och aska? Kallar du det fasta, en dag som behagar Herren? Nej, detta \u00e4r den fasta jag vill se: att du lossar or\u00e4ttf\u00e4rdiga bojor, sliter s\u00f6nder okets rep, befriar de f\u00f6rtryckta, krossar alla ok. Dela ditt br\u00f6d med den hungrige, ge heml\u00f6sa stackare husrum, ser du en naken s\u00e5 kl\u00e4 honom, v\u00e4nd inte dina egna ryggen! D\u00e5 bryter gryningsljuset fram f\u00f6r dig, och dina s\u00e5r skall genast l\u00e4kas. Din r\u00e4ttf\u00e4rdighet skall g\u00e5 framf\u00f6r dig och Herrens h\u00e4rlighet g\u00e5 sist i ditt t\u00e5g. D\u00e5 skall Herren svara n\u00e4r du kallar, n\u00e4r du ropar s\u00e4ger han: \u201dH\u00e4r \u00e4r jag.\u201d Om du g\u00f6r slut p\u00e5 allt f\u00f6rtryck hos dig, hot och h\u00e5n och f\u00f6rtal.\u201d \u00a0 <\/em><\/p>\n<p>&nbsp;<\/p>\n<p><strong>Johan skriver:<\/strong><\/p>\n<p>N\u00e4r jag var ton\u00e5ring och ofta var i Stockholm s\u00e5 h\u00e4nde det inte s\u00e4llan att jag h\u00f6rde Maria. Inte Jesus mor men den Maria som satt och sj\u00f6ng vid sin elorgel p\u00e5 plattan vid Sergels torg. Det finns faktiskt en liten artikel om henne p\u00e5 wikipedia. Marias pappa var frikyrkopastor och sj\u00e4lv vill hon ber\u00e4tta om Jesus via sina l\u00e4sars\u00e5nger. Med b\u00e4sta vilja i v\u00e4rlden kan jag inte s\u00e4ga att hon sj\u00f6ng bra, hennes r\u00f6st ekade ganska g\u00e4llt \u00f6ver betongplattorna p\u00e5 torget. Men hon var ett annorlunda inslag i det offentliga rummet, inte minst i Stockholms 70- och 80-tal. Det fanns och finns en outtalad regel i v\u00e5rt land &#8211; min tro beh\u00e5ller jag f\u00f6r mig sj\u00e4lv, m\u00e4nniskor som Maria g\u00f6r oss besv\u00e4rade. P\u00e5 Tv \u00e4r vi vana att se muslimer cirkla runt Khaba i Mecka, eller hinduer som \u00f6vert\u00e4ckta av r\u00f6d f\u00e4rg s\u00e4nka sig ned i Ganges. Ska vi se likande scener av massor och m\u00e4nniskor som g\u00f6r samma sak i v\u00e5rt land m\u00e5ste Sverige ha vunnit OS-guld i Ishockey. \u00a0 D\u00e4rf\u00f6r \u00e4r inte texten idag helt l\u00e4tt att f\u00f6rst\u00e5 f\u00f6r en nutida nordbo. Vem h\u00e4nger med huvudet ikl\u00e4dd s\u00e4ck och aska runt gath\u00f6rnen i \u00d6rebro? Men om vi ist\u00e4llet f\u00f6r fasta t\u00e4nker p\u00e5 den fasad vi visar upp f\u00f6r varandra. V\u00e5r egen pr\u00e4ktighet som tar sig uttryck i tankar som att jag \u00e4r v\u00e4l inte s\u00e4mre \u00e4n n\u00e5gon annan, och se vad dom d\u00e4r andra g\u00f6r\u2026 \u00a0 Det Jesaja kritiserar \u00e4r att hans samtid anv\u00e4nde fastan f\u00f6r att visa upp sig sj\u00e4lva. Dom har inte f\u00f6rst\u00e5tt att en riktig fasta handlar om att gl\u00f6mma sig sj\u00e4lv och se min medm\u00e4nniska. Om vi ser p\u00e5 Jesaja ord p\u00e5 det s\u00e4ttet s\u00e5 tror jag att han talar r\u00e4tt in till v\u00e5r egen tid och till oss.<\/p>\n","protected":false},"excerpt":{"rendered":"<p>Jesaja 58 \u201dNi fastar under br\u00e5k och gr\u00e4l och sk\u00e4ndliga slagsm\u00e5l. Som ni fastar i dag blir inte er b\u00f6n h\u00f6rd i h\u00f6jden. \u00c4r det en s\u00e5dan fasta jag vill se: en dag d\u00e5 man sp\u00e4ker sig, h\u00e4nger med huvudet som ett str\u00e5, ligger i s\u00e4ck och aska? Kallar du det fasta, en dag som [&hellip;]<\/p>\n","protected":false},"author":480,"featured_media":0,"comment_status":"open","ping_status":"open","sticky":false,"template":"","format":"standard","meta":{"_acf_changed":false,"footnotes":""},"categories":[99162],"tags":[],"class_list":["post-14","post","type-post","status-publish","format-standard","hentry","category-askonsdagen"],"acf":[],"yoast_head":"<!-- This site is optimized with the Yoast SEO plugin v27.1.1 - https:\/\/yoast.com\/product\/yoast-seo-wordpress\/ -->\n<title>L\u00f6rdag 21\/2  - Johans och Jennys fasteblogg<\/title>\n<meta name=\"robots\" content=\"index, follow, max-snippet:-1, max-image-preview:large, max-video-preview:-1\" \/>\n<link rel=\"canonical\" href=\"https:\/\/blogg.svenskakyrkan.se\/fastebloggen\/2015\/02\/25\/lordag-212\/\" \/>\n<meta property=\"og:locale\" content=\"sv_SE\" \/>\n<meta property=\"og:type\" content=\"article\" \/>\n<meta property=\"og:title\" content=\"L\u00f6rdag 21\/2  - Johans och Jennys fasteblogg\" \/>\n<meta property=\"og:description\" content=\"Jesaja 58 \u201dNi fastar under br\u00e5k och gr\u00e4l och sk\u00e4ndliga slagsm\u00e5l. Som ni fastar i dag blir inte er b\u00f6n h\u00f6rd i h\u00f6jden. \u00c4r det en s\u00e5dan fasta jag vill se: en dag d\u00e5 man sp\u00e4ker sig, h\u00e4nger med huvudet som ett str\u00e5, ligger i s\u00e4ck och aska? Kallar du det fasta, en dag som [&hellip;]\" \/>\n<meta property=\"og:url\" content=\"https:\/\/blogg.svenskakyrkan.se\/fastebloggen\/2015\/02\/25\/lordag-212\/\" \/>\n<meta property=\"og:site_name\" content=\"Johans och Jennys fasteblogg\" \/>\n<meta property=\"article:published_time\" content=\"2015-02-25T11:28:07+00:00\" \/>\n<meta name=\"author\" content=\"fastebloggen\" \/>\n<meta name=\"twitter:card\" content=\"summary_large_image\" \/>\n<meta name=\"twitter:label1\" content=\"Skriven av\" \/>\n\t<meta name=\"twitter:data1\" content=\"fastebloggen\" \/>\n\t<meta name=\"twitter:label2\" content=\"Ber\u00e4knad l\u00e4stid\" \/>\n\t<meta name=\"twitter:data2\" content=\"3 minuter\" \/>\n<script type=\"application\/ld+json\" class=\"yoast-schema-graph\">{\"@context\":\"https:\/\/schema.org\",\"@graph\":[{\"@type\":\"Article\",\"@id\":\"https:\/\/blogg.svenskakyrkan.se\/fastebloggen\/2015\/02\/25\/lordag-212\/#article\",\"isPartOf\":{\"@id\":\"https:\/\/blogg.svenskakyrkan.se\/fastebloggen\/2015\/02\/25\/lordag-212\/\"},\"author\":{\"name\":\"fastebloggen\",\"@id\":\"https:\/\/blogg.svenskakyrkan.se\/fastebloggen\/#\/schema\/person\/f3d5fb80dd4d71eac466dcbaf59128ee\"},\"headline\":\"L\u00f6rdag 21\/2\",\"datePublished\":\"2015-02-25T11:28:07+00:00\",\"mainEntityOfPage\":{\"@id\":\"https:\/\/blogg.svenskakyrkan.se\/fastebloggen\/2015\/02\/25\/lordag-212\/\"},\"wordCount\":551,\"commentCount\":0,\"articleSection\":[\"Askonsdagen\"],\"inLanguage\":\"sv-SE\",\"potentialAction\":[{\"@type\":\"CommentAction\",\"name\":\"Comment\",\"target\":[\"https:\/\/blogg.svenskakyrkan.se\/fastebloggen\/2015\/02\/25\/lordag-212\/#respond\"]}]},{\"@type\":\"WebPage\",\"@id\":\"https:\/\/blogg.svenskakyrkan.se\/fastebloggen\/2015\/02\/25\/lordag-212\/\",\"url\":\"https:\/\/blogg.svenskakyrkan.se\/fastebloggen\/2015\/02\/25\/lordag-212\/\",\"name\":\"L\u00f6rdag 21\/2 - Johans och Jennys fasteblogg\",\"isPartOf\":{\"@id\":\"https:\/\/blogg.svenskakyrkan.se\/fastebloggen\/#website\"},\"datePublished\":\"2015-02-25T11:28:07+00:00\",\"author\":{\"@id\":\"https:\/\/blogg.svenskakyrkan.se\/fastebloggen\/#\/schema\/person\/f3d5fb80dd4d71eac466dcbaf59128ee\"},\"breadcrumb\":{\"@id\":\"https:\/\/blogg.svenskakyrkan.se\/fastebloggen\/2015\/02\/25\/lordag-212\/#breadcrumb\"},\"inLanguage\":\"sv-SE\",\"potentialAction\":[{\"@type\":\"ReadAction\",\"target\":[\"https:\/\/blogg.svenskakyrkan.se\/fastebloggen\/2015\/02\/25\/lordag-212\/\"]}]},{\"@type\":\"BreadcrumbList\",\"@id\":\"https:\/\/blogg.svenskakyrkan.se\/fastebloggen\/2015\/02\/25\/lordag-212\/#breadcrumb\",\"itemListElement\":[{\"@type\":\"ListItem\",\"position\":1,\"name\":\"Hem\",\"item\":\"https:\/\/blogg.svenskakyrkan.se\/fastebloggen\/\"},{\"@type\":\"ListItem\",\"position\":2,\"name\":\"L\u00f6rdag 21\/2\"}]},{\"@type\":\"WebSite\",\"@id\":\"https:\/\/blogg.svenskakyrkan.se\/fastebloggen\/#website\",\"url\":\"https:\/\/blogg.svenskakyrkan.se\/fastebloggen\/\",\"name\":\"Johans och Jennys fasteblogg\",\"description\":\"Johan och Jenny brevv\u00e4xlar om livet och f\u00f6rs\u00f6ker f\u00f6rst\u00e5 fastan 2021\",\"potentialAction\":[{\"@type\":\"SearchAction\",\"target\":{\"@type\":\"EntryPoint\",\"urlTemplate\":\"https:\/\/blogg.svenskakyrkan.se\/fastebloggen\/?s={search_term_string}\"},\"query-input\":{\"@type\":\"PropertyValueSpecification\",\"valueRequired\":true,\"valueName\":\"search_term_string\"}}],\"inLanguage\":\"sv-SE\"},{\"@type\":\"Person\",\"@id\":\"https:\/\/blogg.svenskakyrkan.se\/fastebloggen\/#\/schema\/person\/f3d5fb80dd4d71eac466dcbaf59128ee\",\"name\":\"fastebloggen\",\"image\":{\"@type\":\"ImageObject\",\"inLanguage\":\"sv-SE\",\"@id\":\"https:\/\/blogg.svenskakyrkan.se\/fastebloggen\/#\/schema\/person\/image\/\",\"url\":\"https:\/\/secure.gravatar.com\/avatar\/32fa98ef687580ad8b70ab86cd15809f008499d4d0e3d1a4142048c4ef0e1667?s=96&d=mm&r=g\",\"contentUrl\":\"https:\/\/secure.gravatar.com\/avatar\/32fa98ef687580ad8b70ab86cd15809f008499d4d0e3d1a4142048c4ef0e1667?s=96&d=mm&r=g\",\"caption\":\"fastebloggen\"},\"url\":\"https:\/\/blogg.svenskakyrkan.se\/fastebloggen\/author\/fastebloggen\/\"}]}<\/script>\n<!-- \/ Yoast SEO plugin. -->","yoast_head_json":{"title":"L\u00f6rdag 21\/2  - Johans och Jennys fasteblogg","robots":{"index":"index","follow":"follow","max-snippet":"max-snippet:-1","max-image-preview":"max-image-preview:large","max-video-preview":"max-video-preview:-1"},"canonical":"https:\/\/blogg.svenskakyrkan.se\/fastebloggen\/2015\/02\/25\/lordag-212\/","og_locale":"sv_SE","og_type":"article","og_title":"L\u00f6rdag 21\/2  - Johans och Jennys fasteblogg","og_description":"Jesaja 58 \u201dNi fastar under br\u00e5k och gr\u00e4l och sk\u00e4ndliga slagsm\u00e5l. Som ni fastar i dag blir inte er b\u00f6n h\u00f6rd i h\u00f6jden. \u00c4r det en s\u00e5dan fasta jag vill se: en dag d\u00e5 man sp\u00e4ker sig, h\u00e4nger med huvudet som ett str\u00e5, ligger i s\u00e4ck och aska? Kallar du det fasta, en dag som [&hellip;]","og_url":"https:\/\/blogg.svenskakyrkan.se\/fastebloggen\/2015\/02\/25\/lordag-212\/","og_site_name":"Johans och Jennys fasteblogg","article_published_time":"2015-02-25T11:28:07+00:00","author":"fastebloggen","twitter_card":"summary_large_image","twitter_misc":{"Skriven av":"fastebloggen","Ber\u00e4knad l\u00e4stid":"3 minuter"},"schema":{"@context":"https:\/\/schema.org","@graph":[{"@type":"Article","@id":"https:\/\/blogg.svenskakyrkan.se\/fastebloggen\/2015\/02\/25\/lordag-212\/#article","isPartOf":{"@id":"https:\/\/blogg.svenskakyrkan.se\/fastebloggen\/2015\/02\/25\/lordag-212\/"},"author":{"name":"fastebloggen","@id":"https:\/\/blogg.svenskakyrkan.se\/fastebloggen\/#\/schema\/person\/f3d5fb80dd4d71eac466dcbaf59128ee"},"headline":"L\u00f6rdag 21\/2","datePublished":"2015-02-25T11:28:07+00:00","mainEntityOfPage":{"@id":"https:\/\/blogg.svenskakyrkan.se\/fastebloggen\/2015\/02\/25\/lordag-212\/"},"wordCount":551,"commentCount":0,"articleSection":["Askonsdagen"],"inLanguage":"sv-SE","potentialAction":[{"@type":"CommentAction","name":"Comment","target":["https:\/\/blogg.svenskakyrkan.se\/fastebloggen\/2015\/02\/25\/lordag-212\/#respond"]}]},{"@type":"WebPage","@id":"https:\/\/blogg.svenskakyrkan.se\/fastebloggen\/2015\/02\/25\/lordag-212\/","url":"https:\/\/blogg.svenskakyrkan.se\/fastebloggen\/2015\/02\/25\/lordag-212\/","name":"L\u00f6rdag 21\/2 - Johans och Jennys fasteblogg","isPartOf":{"@id":"https:\/\/blogg.svenskakyrkan.se\/fastebloggen\/#website"},"datePublished":"2015-02-25T11:28:07+00:00","author":{"@id":"https:\/\/blogg.svenskakyrkan.se\/fastebloggen\/#\/schema\/person\/f3d5fb80dd4d71eac466dcbaf59128ee"},"breadcrumb":{"@id":"https:\/\/blogg.svenskakyrkan.se\/fastebloggen\/2015\/02\/25\/lordag-212\/#breadcrumb"},"inLanguage":"sv-SE","potentialAction":[{"@type":"ReadAction","target":["https:\/\/blogg.svenskakyrkan.se\/fastebloggen\/2015\/02\/25\/lordag-212\/"]}]},{"@type":"BreadcrumbList","@id":"https:\/\/blogg.svenskakyrkan.se\/fastebloggen\/2015\/02\/25\/lordag-212\/#breadcrumb","itemListElement":[{"@type":"ListItem","position":1,"name":"Hem","item":"https:\/\/blogg.svenskakyrkan.se\/fastebloggen\/"},{"@type":"ListItem","position":2,"name":"L\u00f6rdag 21\/2"}]},{"@type":"WebSite","@id":"https:\/\/blogg.svenskakyrkan.se\/fastebloggen\/#website","url":"https:\/\/blogg.svenskakyrkan.se\/fastebloggen\/","name":"Johans och Jennys fasteblogg","description":"Johan och Jenny brevv\u00e4xlar om livet och f\u00f6rs\u00f6ker f\u00f6rst\u00e5 fastan 2021","potentialAction":[{"@type":"SearchAction","target":{"@type":"EntryPoint","urlTemplate":"https:\/\/blogg.svenskakyrkan.se\/fastebloggen\/?s={search_term_string}"},"query-input":{"@type":"PropertyValueSpecification","valueRequired":true,"valueName":"search_term_string"}}],"inLanguage":"sv-SE"},{"@type":"Person","@id":"https:\/\/blogg.svenskakyrkan.se\/fastebloggen\/#\/schema\/person\/f3d5fb80dd4d71eac466dcbaf59128ee","name":"fastebloggen","image":{"@type":"ImageObject","inLanguage":"sv-SE","@id":"https:\/\/blogg.svenskakyrkan.se\/fastebloggen\/#\/schema\/person\/image\/","url":"https:\/\/secure.gravatar.com\/avatar\/32fa98ef687580ad8b70ab86cd15809f008499d4d0e3d1a4142048c4ef0e1667?s=96&d=mm&r=g","contentUrl":"https:\/\/secure.gravatar.com\/avatar\/32fa98ef687580ad8b70ab86cd15809f008499d4d0e3d1a4142048c4ef0e1667?s=96&d=mm&r=g","caption":"fastebloggen"},"url":"https:\/\/blogg.svenskakyrkan.se\/fastebloggen\/author\/fastebloggen\/"}]}},"author_meta":{"ID":"480","user_nicename":"fastebloggen","user_registered":"2015-02-25 10:06:38","display_name":"fastebloggen","avatar":"https:\/\/secure.gravatar.com\/avatar\/32fa98ef687580ad8b70ab86cd15809f008499d4d0e3d1a4142048c4ef0e1667?s=96&d=mm&r=g"},"featured_image":false,"bloginfo":{"name":"Johans och Jennys fasteblogg","url":"https:\/\/blogg.svenskakyrkan.se\/fastebloggen"},"_links":{"self":[{"href":"https:\/\/blogg.svenskakyrkan.se\/fastebloggen\/wp-json\/wp\/v2\/posts\/14","targetHints":{"allow":["GET"]}}],"collection":[{"href":"https:\/\/blogg.svenskakyrkan.se\/fastebloggen\/wp-json\/wp\/v2\/posts"}],"about":[{"href":"https:\/\/blogg.svenskakyrkan.se\/fastebloggen\/wp-json\/wp\/v2\/types\/post"}],"author":[{"embeddable":true,"href":"https:\/\/blogg.svenskakyrkan.se\/fastebloggen\/wp-json\/wp\/v2\/users\/480"}],"replies":[{"embeddable":true,"href":"https:\/\/blogg.svenskakyrkan.se\/fastebloggen\/wp-json\/wp\/v2\/comments?post=14"}],"version-history":[{"count":1,"href":"https:\/\/blogg.svenskakyrkan.se\/fastebloggen\/wp-json\/wp\/v2\/posts\/14\/revisions"}],"predecessor-version":[{"id":15,"href":"https:\/\/blogg.svenskakyrkan.se\/fastebloggen\/wp-json\/wp\/v2\/posts\/14\/revisions\/15"}],"wp:attachment":[{"href":"https:\/\/blogg.svenskakyrkan.se\/fastebloggen\/wp-json\/wp\/v2\/media?parent=14"}],"wp:term":[{"taxonomy":"category","embeddable":true,"href":"https:\/\/blogg.svenskakyrkan.se\/fastebloggen\/wp-json\/wp\/v2\/categories?post=14"},{"taxonomy":"post_tag","embeddable":true,"href":"https:\/\/blogg.svenskakyrkan.se\/fastebloggen\/wp-json\/wp\/v2\/tags?post=14"}],"curies":[{"name":"wp","href":"https:\/\/api.w.org\/{rel}","templated":true}]}}