{"id":167,"date":"2021-03-01T08:00:00","date_gmt":"2021-03-01T07:00:00","guid":{"rendered":"http:\/\/blogg.svenskakyrkan.se\/fastebloggen\/?p=167"},"modified":"2021-02-28T10:19:06","modified_gmt":"2021-02-28T09:19:06","slug":"tron-som-kan-forsatta-berg","status":"publish","type":"post","link":"https:\/\/blogg.svenskakyrkan.se\/fastebloggen\/2021\/03\/01\/tron-som-kan-forsatta-berg\/","title":{"rendered":"Tron som kan f\u00f6rs\u00e4tta berg"},"content":{"rendered":"\n\n\n<p>K\u00e4re Johan!<\/p>\n\n\n\n<p>Nu n\u00e4r vi har brevv\u00e4xlat en hel vecka k\u00e4nner jag att vi kan b\u00f6rja vara lite mindre formella. Man l\u00e4r trots allt k\u00e4nna varandra p\u00e5 djupet ganska fort n\u00e4r man b\u00f6rjar prata om de st\u00f6rre fr\u00e5gorna, bortom ifall kaffe eller te smakar b\u00e4st, bortom budgetansvar och ink\u00f6p, ja till och med bortom planering av f\u00f6rsamlingens verksamhet, hur viktig s\u00e5dan \u00e4n kan vara. Tro \u00e4r n\u00e5got som bor djupt inom oss och n\u00e4r vi b\u00f6rjar ber\u00e4tta f\u00f6r varandra om hur vi tror, d\u00e5 kan det h\u00e4nda saker.<\/p>\n\n\n\n<p>Som den d\u00e4r g\u00e5ngen d\u00e5 jag hade f\u00f6rm\u00e5nen att bes\u00f6ka Guds hus i Fisks\u00e4tra och prata med m\u00e4nniskor som varje dag funderar \u00f6ver tro och hur den kan brygga broar \u00f6ver gr\u00e4nserna, i det h\u00e4r fallet religionsgr\u00e4nserna, mellan m\u00e4nniskor. Jag minns starkast n\u00e4r jag tog av mig skorna f\u00f6r att kliva in i mosk\u00e9n och blev m\u00f6tt av imamen som h\u00e4lsade v\u00e4lkommen och efter en stunds sm\u00e5prat f\u00f6rtroligt lutade sig n\u00e4rmare mig och sade: \u201dVi kommer att ses i himlen, eftersom det bara finns en Gud. Men det d\u00e4r med Jesus, det kommer ni att f\u00e5 problem med!\u201d Och s\u00e5 skrattade han s\u00e5 att det dansade solkatter i hans \u00f6gon.<\/p>\n\n\n\n<p>F\u00f6r visst har du alldeles r\u00e4tt, Johan, vi m\u00e4nniskor \u00e4r r\u00e4dda f\u00f6r varandra. Det verkar vara djupt nedlagt i oss, kanske av evolutionen som sett till att just vi blivit vi med hj\u00e4lp av generationer av l\u00e4rdomar om vad man ska vara r\u00e4dd f\u00f6r. Idag beh\u00f6ver vi inte oroa oss fullt lika mycket f\u00f6r de sabeltandade tigrarna och kanske leder det till att vi l\u00e4gger \u00e4n mer energi p\u00e5 att fundera p\u00e5 om fr\u00e4mmande m\u00e4nniskor nog inte utg\u00f6r ett hot trots allt.<\/p>\n\n\n\n<p>Men vilka \u00e4r egentligen fr\u00e4mmande m\u00e4nniskor? De \u00e4r bara fr\u00e4mmande s\u00e5 l\u00e4nge jag inte l\u00e4r k\u00e4nna dem. S\u00e5 om jag ska kunna forts\u00e4tta vara riktigt r\u00e4dd f\u00f6r andra m\u00e4nniskor s\u00e5 m\u00e5ste jag se till att inte l\u00e4ra k\u00e4nna dem. F\u00f6r om jag g\u00f6r det, med ett r\u00e4ttvist och \u00f6ppet sinne, s\u00e5 blir det s\u00e5 o\u00e4ndligt mycket sv\u00e5rare att beh\u00e5lla dem i de fack d\u00e4r jag tryggt har placerat dem.<\/p>\n\n\n\n<p>M\u00e4nniskor \u00f6verraskar en n\u00e4mligen ofta. Det kan ta ett bra tag innan man n\u00e5r dit, f\u00f6r de d\u00e4r kategoriseringarna som jag gjort str\u00e4cker sig ofta s\u00e5 l\u00e5ngt att jag tolkar allt utifr\u00e5n dem, hittar bevis f\u00f6r mina egna teser om m\u00e4nniskor och hj\u00e4lper mig att avf\u00e4rda dem. Men bortanf\u00f6r och innanf\u00f6r? Oj, vilka djup det finns i oss m\u00e4nniskor. Vilka gudsbevis som finns nedlagda d\u00e4r, som skatter i v\u00e5ra sj\u00e4lar.<\/p>\n\n\n\n<p>En fin sak med att vara pr\u00e4st \u00e4r att kragen ofta ger mig en snabbfil in i m\u00e4nniskors tankar och hj\u00e4rtan. F\u00f6rbi kategoriseringarna. Ofta i samband med begravningssamtal och andra sj\u00e4lav\u00e5rdande samtal. N\u00e4r livet st\u00e5r p\u00e5 sin spets. D\u00e5 har vi inte tid att h\u00e5llas med de d\u00e4r dumheterna, d\u00e5 beh\u00f6ver vi se varandra om vi ska kunna erbjuda varandra tr\u00f6st.<\/p>\n\n\n\n<p>Och det \u00e4r det som den kananeiska kvinnan i g\u00e5rdagens evangelietext, som du skriver om, g\u00f6r. Hon har inte tid med kategoriseringarna. Hon bryr sig inte ens om att hon faktiskt tycks bli diskriminerad av sj\u00e4lvaste Jesus. Hon har ett \u00e4rende s\u00e5 akut och viktigt, hennes \u00e4lskade dotters h\u00e4lsa, att allt annat blir till stoff och aska. Hon kliver \u00f6ver alla gr\u00e4nser, alla tankar om v\u00e4rdighet och att veta sin plats och hon v\u00e5gar vara s\u00e5rbar. S\u00e5 blir hon, som accepterar att bli liknad vid en hund, ett exempel f\u00f6r oss alla. Ett exempel p\u00e5 mod och p\u00e5 en tro som b\u00e4r genom de dyigaste vatten.<\/p>\n\n\n\n<p>S\u00e5 avslutar jag mitt brev med \u00e4nnu ett exempel, Jakob, han som inte ger upp utan k\u00e4mpar genom natten och f\u00e5r sin h\u00f6ft slagen ur led, f\u00f6r \u201dJag sl\u00e4pper dig inte f\u00f6rr\u00e4n du v\u00e4lsignar mig\u201d.<\/p>\n\n\n\n<p>H\u00e5ll ut i tron, Johan.<\/p>\n\n\n\n<p>V\u00e4nliga h\u00e4lsningar<\/p>\n\n\n\n<p>Jenny<\/p>\n\n\n\n<p>1 Mos 32<\/p>\n\n\n\n<p>Jakob blev ensam kvar. D\u00e5 brottades en man med honom tills dagen grydde.<br>N\u00e4r han s\u00e5g att han inte kunde besegra Jakob slog han till honom p\u00e5 h\u00f6ftbenet, s\u00e5 att h\u00f6ften gick ur led n\u00e4r de brottades med varandra.<br>\u201dSl\u00e4pp mig\u201d, sade mannen, \u201ddagen gryr!\u201d Men Jakob svarade: \u201dJag sl\u00e4pper dig inte f\u00f6rr\u00e4n du v\u00e4lsignar mig.\u201d<br>Han fr\u00e5gade honom: \u201dVad \u00e4r ditt namn?\u201d \u2014 \u201dJakob\u201d, svarade han.<br>D\u00e5 sade han: \u201dDitt namn skall inte l\u00e4ngre vara Jakob utan Israel, ty du har k\u00e4mpat med Gud och m\u00e4nniskor och segrat.\u201d<\/p>\n","protected":false},"excerpt":{"rendered":"<p>K\u00e4re Johan! Nu n\u00e4r vi har brevv\u00e4xlat en hel vecka k\u00e4nner jag att vi kan b\u00f6rja vara lite mindre formella. Man l\u00e4r trots allt k\u00e4nna varandra p\u00e5 djupet ganska fort n\u00e4r man b\u00f6rjar prata om de st\u00f6rre fr\u00e5gorna, bortom ifall kaffe eller te smakar b\u00e4st, bortom budgetansvar och ink\u00f6p, ja till och med bortom planering [&hellip;]<\/p>\n","protected":false},"author":480,"featured_media":0,"comment_status":"open","ping_status":"open","sticky":false,"template":"","format":"standard","meta":{"_acf_changed":false,"footnotes":""},"categories":[9],"tags":[],"class_list":["post-167","post","type-post","status-publish","format-standard","hentry","category-okategoriserade"],"acf":[],"yoast_head":"<!-- This site is optimized with the Yoast SEO plugin v27.1.1 - https:\/\/yoast.com\/product\/yoast-seo-wordpress\/ -->\n<title>Tron som kan f\u00f6rs\u00e4tta berg - Johans och Jennys fasteblogg<\/title>\n<meta name=\"robots\" content=\"index, follow, max-snippet:-1, max-image-preview:large, max-video-preview:-1\" \/>\n<link rel=\"canonical\" href=\"https:\/\/blogg.svenskakyrkan.se\/fastebloggen\/2021\/03\/01\/tron-som-kan-forsatta-berg\/\" \/>\n<meta property=\"og:locale\" content=\"sv_SE\" \/>\n<meta property=\"og:type\" content=\"article\" \/>\n<meta property=\"og:title\" content=\"Tron som kan f\u00f6rs\u00e4tta berg - Johans och Jennys fasteblogg\" \/>\n<meta property=\"og:description\" content=\"K\u00e4re Johan! Nu n\u00e4r vi har brevv\u00e4xlat en hel vecka k\u00e4nner jag att vi kan b\u00f6rja vara lite mindre formella. Man l\u00e4r trots allt k\u00e4nna varandra p\u00e5 djupet ganska fort n\u00e4r man b\u00f6rjar prata om de st\u00f6rre fr\u00e5gorna, bortom ifall kaffe eller te smakar b\u00e4st, bortom budgetansvar och ink\u00f6p, ja till och med bortom planering [&hellip;]\" \/>\n<meta property=\"og:url\" content=\"https:\/\/blogg.svenskakyrkan.se\/fastebloggen\/2021\/03\/01\/tron-som-kan-forsatta-berg\/\" \/>\n<meta property=\"og:site_name\" content=\"Johans och Jennys fasteblogg\" \/>\n<meta property=\"article:published_time\" content=\"2021-03-01T07:00:00+00:00\" \/>\n<meta name=\"author\" content=\"fastebloggen\" \/>\n<meta name=\"twitter:card\" content=\"summary_large_image\" \/>\n<meta name=\"twitter:label1\" content=\"Skriven av\" \/>\n\t<meta name=\"twitter:data1\" content=\"fastebloggen\" \/>\n\t<meta name=\"twitter:label2\" content=\"Ber\u00e4knad l\u00e4stid\" \/>\n\t<meta name=\"twitter:data2\" content=\"4 minuter\" \/>\n<script type=\"application\/ld+json\" class=\"yoast-schema-graph\">{\"@context\":\"https:\/\/schema.org\",\"@graph\":[{\"@type\":\"Article\",\"@id\":\"https:\/\/blogg.svenskakyrkan.se\/fastebloggen\/2021\/03\/01\/tron-som-kan-forsatta-berg\/#article\",\"isPartOf\":{\"@id\":\"https:\/\/blogg.svenskakyrkan.se\/fastebloggen\/2021\/03\/01\/tron-som-kan-forsatta-berg\/\"},\"author\":{\"name\":\"fastebloggen\",\"@id\":\"https:\/\/blogg.svenskakyrkan.se\/fastebloggen\/#\/schema\/person\/f3d5fb80dd4d71eac466dcbaf59128ee\"},\"headline\":\"Tron som kan f\u00f6rs\u00e4tta berg\",\"datePublished\":\"2021-03-01T07:00:00+00:00\",\"mainEntityOfPage\":{\"@id\":\"https:\/\/blogg.svenskakyrkan.se\/fastebloggen\/2021\/03\/01\/tron-som-kan-forsatta-berg\/\"},\"wordCount\":867,\"commentCount\":0,\"inLanguage\":\"sv-SE\",\"potentialAction\":[{\"@type\":\"CommentAction\",\"name\":\"Comment\",\"target\":[\"https:\/\/blogg.svenskakyrkan.se\/fastebloggen\/2021\/03\/01\/tron-som-kan-forsatta-berg\/#respond\"]}]},{\"@type\":\"WebPage\",\"@id\":\"https:\/\/blogg.svenskakyrkan.se\/fastebloggen\/2021\/03\/01\/tron-som-kan-forsatta-berg\/\",\"url\":\"https:\/\/blogg.svenskakyrkan.se\/fastebloggen\/2021\/03\/01\/tron-som-kan-forsatta-berg\/\",\"name\":\"Tron som kan f\u00f6rs\u00e4tta berg - Johans och Jennys fasteblogg\",\"isPartOf\":{\"@id\":\"https:\/\/blogg.svenskakyrkan.se\/fastebloggen\/#website\"},\"datePublished\":\"2021-03-01T07:00:00+00:00\",\"author\":{\"@id\":\"https:\/\/blogg.svenskakyrkan.se\/fastebloggen\/#\/schema\/person\/f3d5fb80dd4d71eac466dcbaf59128ee\"},\"breadcrumb\":{\"@id\":\"https:\/\/blogg.svenskakyrkan.se\/fastebloggen\/2021\/03\/01\/tron-som-kan-forsatta-berg\/#breadcrumb\"},\"inLanguage\":\"sv-SE\",\"potentialAction\":[{\"@type\":\"ReadAction\",\"target\":[\"https:\/\/blogg.svenskakyrkan.se\/fastebloggen\/2021\/03\/01\/tron-som-kan-forsatta-berg\/\"]}]},{\"@type\":\"BreadcrumbList\",\"@id\":\"https:\/\/blogg.svenskakyrkan.se\/fastebloggen\/2021\/03\/01\/tron-som-kan-forsatta-berg\/#breadcrumb\",\"itemListElement\":[{\"@type\":\"ListItem\",\"position\":1,\"name\":\"Hem\",\"item\":\"https:\/\/blogg.svenskakyrkan.se\/fastebloggen\/\"},{\"@type\":\"ListItem\",\"position\":2,\"name\":\"Tron som kan f\u00f6rs\u00e4tta berg\"}]},{\"@type\":\"WebSite\",\"@id\":\"https:\/\/blogg.svenskakyrkan.se\/fastebloggen\/#website\",\"url\":\"https:\/\/blogg.svenskakyrkan.se\/fastebloggen\/\",\"name\":\"Johans och Jennys fasteblogg\",\"description\":\"Johan och Jenny brevv\u00e4xlar om livet och f\u00f6rs\u00f6ker f\u00f6rst\u00e5 fastan 2021\",\"potentialAction\":[{\"@type\":\"SearchAction\",\"target\":{\"@type\":\"EntryPoint\",\"urlTemplate\":\"https:\/\/blogg.svenskakyrkan.se\/fastebloggen\/?s={search_term_string}\"},\"query-input\":{\"@type\":\"PropertyValueSpecification\",\"valueRequired\":true,\"valueName\":\"search_term_string\"}}],\"inLanguage\":\"sv-SE\"},{\"@type\":\"Person\",\"@id\":\"https:\/\/blogg.svenskakyrkan.se\/fastebloggen\/#\/schema\/person\/f3d5fb80dd4d71eac466dcbaf59128ee\",\"name\":\"fastebloggen\",\"image\":{\"@type\":\"ImageObject\",\"inLanguage\":\"sv-SE\",\"@id\":\"https:\/\/blogg.svenskakyrkan.se\/fastebloggen\/#\/schema\/person\/image\/\",\"url\":\"https:\/\/secure.gravatar.com\/avatar\/32fa98ef687580ad8b70ab86cd15809f008499d4d0e3d1a4142048c4ef0e1667?s=96&d=mm&r=g\",\"contentUrl\":\"https:\/\/secure.gravatar.com\/avatar\/32fa98ef687580ad8b70ab86cd15809f008499d4d0e3d1a4142048c4ef0e1667?s=96&d=mm&r=g\",\"caption\":\"fastebloggen\"},\"url\":\"https:\/\/blogg.svenskakyrkan.se\/fastebloggen\/author\/fastebloggen\/\"}]}<\/script>\n<!-- \/ Yoast SEO plugin. -->","yoast_head_json":{"title":"Tron som kan f\u00f6rs\u00e4tta berg - Johans och Jennys fasteblogg","robots":{"index":"index","follow":"follow","max-snippet":"max-snippet:-1","max-image-preview":"max-image-preview:large","max-video-preview":"max-video-preview:-1"},"canonical":"https:\/\/blogg.svenskakyrkan.se\/fastebloggen\/2021\/03\/01\/tron-som-kan-forsatta-berg\/","og_locale":"sv_SE","og_type":"article","og_title":"Tron som kan f\u00f6rs\u00e4tta berg - Johans och Jennys fasteblogg","og_description":"K\u00e4re Johan! Nu n\u00e4r vi har brevv\u00e4xlat en hel vecka k\u00e4nner jag att vi kan b\u00f6rja vara lite mindre formella. Man l\u00e4r trots allt k\u00e4nna varandra p\u00e5 djupet ganska fort n\u00e4r man b\u00f6rjar prata om de st\u00f6rre fr\u00e5gorna, bortom ifall kaffe eller te smakar b\u00e4st, bortom budgetansvar och ink\u00f6p, ja till och med bortom planering [&hellip;]","og_url":"https:\/\/blogg.svenskakyrkan.se\/fastebloggen\/2021\/03\/01\/tron-som-kan-forsatta-berg\/","og_site_name":"Johans och Jennys fasteblogg","article_published_time":"2021-03-01T07:00:00+00:00","author":"fastebloggen","twitter_card":"summary_large_image","twitter_misc":{"Skriven av":"fastebloggen","Ber\u00e4knad l\u00e4stid":"4 minuter"},"schema":{"@context":"https:\/\/schema.org","@graph":[{"@type":"Article","@id":"https:\/\/blogg.svenskakyrkan.se\/fastebloggen\/2021\/03\/01\/tron-som-kan-forsatta-berg\/#article","isPartOf":{"@id":"https:\/\/blogg.svenskakyrkan.se\/fastebloggen\/2021\/03\/01\/tron-som-kan-forsatta-berg\/"},"author":{"name":"fastebloggen","@id":"https:\/\/blogg.svenskakyrkan.se\/fastebloggen\/#\/schema\/person\/f3d5fb80dd4d71eac466dcbaf59128ee"},"headline":"Tron som kan f\u00f6rs\u00e4tta berg","datePublished":"2021-03-01T07:00:00+00:00","mainEntityOfPage":{"@id":"https:\/\/blogg.svenskakyrkan.se\/fastebloggen\/2021\/03\/01\/tron-som-kan-forsatta-berg\/"},"wordCount":867,"commentCount":0,"inLanguage":"sv-SE","potentialAction":[{"@type":"CommentAction","name":"Comment","target":["https:\/\/blogg.svenskakyrkan.se\/fastebloggen\/2021\/03\/01\/tron-som-kan-forsatta-berg\/#respond"]}]},{"@type":"WebPage","@id":"https:\/\/blogg.svenskakyrkan.se\/fastebloggen\/2021\/03\/01\/tron-som-kan-forsatta-berg\/","url":"https:\/\/blogg.svenskakyrkan.se\/fastebloggen\/2021\/03\/01\/tron-som-kan-forsatta-berg\/","name":"Tron som kan f\u00f6rs\u00e4tta berg - Johans och Jennys fasteblogg","isPartOf":{"@id":"https:\/\/blogg.svenskakyrkan.se\/fastebloggen\/#website"},"datePublished":"2021-03-01T07:00:00+00:00","author":{"@id":"https:\/\/blogg.svenskakyrkan.se\/fastebloggen\/#\/schema\/person\/f3d5fb80dd4d71eac466dcbaf59128ee"},"breadcrumb":{"@id":"https:\/\/blogg.svenskakyrkan.se\/fastebloggen\/2021\/03\/01\/tron-som-kan-forsatta-berg\/#breadcrumb"},"inLanguage":"sv-SE","potentialAction":[{"@type":"ReadAction","target":["https:\/\/blogg.svenskakyrkan.se\/fastebloggen\/2021\/03\/01\/tron-som-kan-forsatta-berg\/"]}]},{"@type":"BreadcrumbList","@id":"https:\/\/blogg.svenskakyrkan.se\/fastebloggen\/2021\/03\/01\/tron-som-kan-forsatta-berg\/#breadcrumb","itemListElement":[{"@type":"ListItem","position":1,"name":"Hem","item":"https:\/\/blogg.svenskakyrkan.se\/fastebloggen\/"},{"@type":"ListItem","position":2,"name":"Tron som kan f\u00f6rs\u00e4tta berg"}]},{"@type":"WebSite","@id":"https:\/\/blogg.svenskakyrkan.se\/fastebloggen\/#website","url":"https:\/\/blogg.svenskakyrkan.se\/fastebloggen\/","name":"Johans och Jennys fasteblogg","description":"Johan och Jenny brevv\u00e4xlar om livet och f\u00f6rs\u00f6ker f\u00f6rst\u00e5 fastan 2021","potentialAction":[{"@type":"SearchAction","target":{"@type":"EntryPoint","urlTemplate":"https:\/\/blogg.svenskakyrkan.se\/fastebloggen\/?s={search_term_string}"},"query-input":{"@type":"PropertyValueSpecification","valueRequired":true,"valueName":"search_term_string"}}],"inLanguage":"sv-SE"},{"@type":"Person","@id":"https:\/\/blogg.svenskakyrkan.se\/fastebloggen\/#\/schema\/person\/f3d5fb80dd4d71eac466dcbaf59128ee","name":"fastebloggen","image":{"@type":"ImageObject","inLanguage":"sv-SE","@id":"https:\/\/blogg.svenskakyrkan.se\/fastebloggen\/#\/schema\/person\/image\/","url":"https:\/\/secure.gravatar.com\/avatar\/32fa98ef687580ad8b70ab86cd15809f008499d4d0e3d1a4142048c4ef0e1667?s=96&d=mm&r=g","contentUrl":"https:\/\/secure.gravatar.com\/avatar\/32fa98ef687580ad8b70ab86cd15809f008499d4d0e3d1a4142048c4ef0e1667?s=96&d=mm&r=g","caption":"fastebloggen"},"url":"https:\/\/blogg.svenskakyrkan.se\/fastebloggen\/author\/fastebloggen\/"}]}},"author_meta":{"ID":"480","user_nicename":"fastebloggen","user_registered":"2015-02-25 10:06:38","display_name":"fastebloggen","avatar":"https:\/\/secure.gravatar.com\/avatar\/32fa98ef687580ad8b70ab86cd15809f008499d4d0e3d1a4142048c4ef0e1667?s=96&d=mm&r=g"},"featured_image":false,"bloginfo":{"name":"Johans och Jennys fasteblogg","url":"https:\/\/blogg.svenskakyrkan.se\/fastebloggen"},"_links":{"self":[{"href":"https:\/\/blogg.svenskakyrkan.se\/fastebloggen\/wp-json\/wp\/v2\/posts\/167","targetHints":{"allow":["GET"]}}],"collection":[{"href":"https:\/\/blogg.svenskakyrkan.se\/fastebloggen\/wp-json\/wp\/v2\/posts"}],"about":[{"href":"https:\/\/blogg.svenskakyrkan.se\/fastebloggen\/wp-json\/wp\/v2\/types\/post"}],"author":[{"embeddable":true,"href":"https:\/\/blogg.svenskakyrkan.se\/fastebloggen\/wp-json\/wp\/v2\/users\/480"}],"replies":[{"embeddable":true,"href":"https:\/\/blogg.svenskakyrkan.se\/fastebloggen\/wp-json\/wp\/v2\/comments?post=167"}],"version-history":[{"count":1,"href":"https:\/\/blogg.svenskakyrkan.se\/fastebloggen\/wp-json\/wp\/v2\/posts\/167\/revisions"}],"predecessor-version":[{"id":168,"href":"https:\/\/blogg.svenskakyrkan.se\/fastebloggen\/wp-json\/wp\/v2\/posts\/167\/revisions\/168"}],"wp:attachment":[{"href":"https:\/\/blogg.svenskakyrkan.se\/fastebloggen\/wp-json\/wp\/v2\/media?parent=167"}],"wp:term":[{"taxonomy":"category","embeddable":true,"href":"https:\/\/blogg.svenskakyrkan.se\/fastebloggen\/wp-json\/wp\/v2\/categories?post=167"},{"taxonomy":"post_tag","embeddable":true,"href":"https:\/\/blogg.svenskakyrkan.se\/fastebloggen\/wp-json\/wp\/v2\/tags?post=167"}],"curies":[{"name":"wp","href":"https:\/\/api.w.org\/{rel}","templated":true}]}}