{"id":186,"date":"2021-03-09T08:00:00","date_gmt":"2021-03-09T07:00:00","guid":{"rendered":"http:\/\/blogg.svenskakyrkan.se\/fastebloggen\/?p=186"},"modified":"2021-03-07T14:55:19","modified_gmt":"2021-03-07T13:55:19","slug":"nyanser-av-godhet","status":"publish","type":"post","link":"https:\/\/blogg.svenskakyrkan.se\/fastebloggen\/2021\/03\/09\/nyanser-av-godhet\/","title":{"rendered":"Nyanser av godhet"},"content":{"rendered":"\n\n\n<p>K\u00e4re Johan!<\/p>\n\n\n\n<p>Tack f\u00f6r g\u00e5rdagens brev, som andades hopp och framtidstro mer \u00e4n n\u00e5got annat. Bara s\u00e5, t\u00e4nker jag, som du gjorde ig\u00e5r: genom att inte blunda f\u00f6r m\u00e4nsklighetens oerh\u00f6rda utmaningar men att heller inte k\u00e4nna uppgivenhet inf\u00f6r dem, kan vi forts\u00e4tta fram\u00e5t.<\/p>\n\n\n\n<p>S\u00e5 f\u00e5r vi, som Paulus eller m\u00f6jligen n\u00e5gon av hans l\u00e4rjungar, skrev i brevet till efesierna, ta p\u00e5 oss Guds rustning och h\u00e4mta styrka i hans oerh\u00f6rda kraft.<\/p>\n\n\n\n<p>Jag har t\u00e4nkt en del p\u00e5 ondskan inom mig sj\u00e4lv p\u00e5 sistone. N\u00e4r jag g\u00f6r det s\u00e5 blir den inte svart eller vit, inte \u00e4nglalik eller utkl\u00e4dd till dj\u00e4vul. Det blir m\u00e5nga nyanser, en del av skinande vitt trots allt, och jag har inte hittills hittat n\u00e5gon nattsvart, men mycket d\u00e4remellan. F\u00f6r det \u00e4r en sak att st\u00e4lla upp p\u00e5 tanken \u201ddet finns gott och ont i alla\u201d. Det \u00e4r en annan sak att flytta in den i sig sj\u00e4lv. Om jag ska f\u00f6rs\u00f6ka se p\u00e5 mig sj\u00e4lv, eller in i mig sj\u00e4lv, med n\u00e5gon slags nyktra \u00f6gon s\u00e5 hamnar de flesta av mina tillkortakommanden i l\u00e5dor d\u00e4r jag kan packa ned saker orsakade av diverse mindre smickrande egenskaper, s\u00e5som: lathet, dumhet, d\u00e5lig sj\u00e4lvk\u00e4nsla, d\u00e5ligt sj\u00e4lvf\u00f6rtroende och bristande tillit till mig sj\u00e4lv och andra. Men ingenting har jag hittills lagt i l\u00e5dan \u201ddet h\u00e4r gjorde jag med flit, utifr\u00e5n en \u00f6nskan att vara ond\u201d.<\/p>\n\n\n\n<p>Inte ens ang\u00e5ende de allra allvarligaste saker jag n\u00e5gon g\u00e5ng anklagats f\u00f6r har jag efter\u00e5t t\u00e4nkt \u201ds\u00e5 g\u00e5r det n\u00e4r man t\u00e4nker ut en ond plan\u201d. De v\u00e4rsta misstagen har sin grund i de tv\u00e5 f\u00f6rsta kategorierna ovan, lathet och dumhet, som jag tycks vara f\u00f6rm\u00f6gen till. Kampen mot ondskan inom mig sj\u00e4lv b\u00f6r i s\u00e5 fall, logiskt sett, bli en kamp mot dessa egenskaper, och f\u00f6r andra, mer ljusskimrande, som jag dag f\u00f6r dag b\u00f6r \u00f6va p\u00e5 att ge allt mer plats.<\/p>\n\n\n\n<p>Men s\u00e5 har jag inte beg\u00e5tt de allra tyngsta synderna. Jag har inte valt ett kriminellt liv och jag har inte fysiskt skadat n\u00e5gon annan till exempel. Hur ser det ut inuti dem som g\u00f6r det? \u00c4r det nattsvarta mer dominant d\u00e4r? Eller ser de ocks\u00e5 p\u00e5 sig sj\u00e4lva som i grunden goda m\u00e4nniskor, som \u201dr\u00e5kar\u201d g\u00f6ra ont? Domineras de av starka egenskaper s\u00e5som dem jag r\u00e4knat upp, dumhet och lathet till exempel, som aldrig motarbetas och bek\u00e4mpas? Eller hur kan det bli som det blir i vissa m\u00e4nniskoliv? Vad tror du?<\/p>\n\n\n\n<p>F\u00f6r hur vet man egentligen riktigt s\u00e4kert att det \u00e4r en annan som har en skev sj\u00e4lvbild? Den som jag m\u00e4ter onda g\u00e4rningar hos, allts\u00e5 objektivt sett onda som i exemplen ovan, om den personen t\u00e4nker om sig sj\u00e4lv att den \u00e4r i grunden god \u2013 vad s\u00e4ger det om min egen \u00f6vertygelse om detsamma? Ska en domstol, best\u00e5ende av m\u00e4nniskor, f\u00e4lla domen? Eller ska vi n\u00f6ja oss med att det finns ont och gott i v\u00e4rlden och l\u00e5ta Gud vara v\u00e5r domare p\u00e5 den yttersta dagen?<\/p>\n\n\n\n<p>Att k\u00e4nna sig sj\u00e4lv, att v\u00e5ga se efter hur nyanserna inuti ser ut, \u00e4r i alla fall viktigt, det \u00e4r jag s\u00e4ker p\u00e5. Annars \u00e4r det l\u00e4tt gjort att n\u00e5gon annan f\u00e5r f\u00e4rga mig. En anklagelse som jag inte f\u00e5r eller kan v\u00e4rja mig mot kan pl\u00f6tsligt f\u00e4lla mig, placera mig i ett fack och om jag sj\u00e4lv b\u00f6rjar tro p\u00e5 den \u00e4r jag illa ute. Att leva i relation till m\u00e4nniskor \u00e4r att ta en stor risk att m\u00e4nniskor d\u00f6mer en, kanske p\u00e5 helt or\u00e4ttvisa grunder. Det m\u00e5ste jag ibland helt enkelt kunna leva med.<\/p>\n\n\n\n<p>Tack f\u00f6r hj\u00e4lpen med att h\u00e5lla fast i det ljus som g\u00f6r att vi tillsammans kan v\u00e5ga utforska ocks\u00e5 m\u00f6rkret!<\/p>\n\n\n\n<p>I v\u00e5rsolen, varma h\u00e4lsningar<\/p>\n\n\n\n<p>Jenny<\/p>\n\n\n\n<p>Ef 6:10<\/p>\n\n\n\n<p>H\u00e4mta nu styrka hos Herren, av hans oerh\u00f6rda kraft. Ta p\u00e5 er Guds rustning, s\u00e5 att ni kan h\u00e5lla st\u00e5nd mot dj\u00e4vulens l\u00f6mska grepp.<\/p>\n","protected":false},"excerpt":{"rendered":"<p>K\u00e4re Johan! Tack f\u00f6r g\u00e5rdagens brev, som andades hopp och framtidstro mer \u00e4n n\u00e5got annat. Bara s\u00e5, t\u00e4nker jag, som du gjorde ig\u00e5r: genom att inte blunda f\u00f6r m\u00e4nsklighetens oerh\u00f6rda utmaningar men att heller inte k\u00e4nna uppgivenhet inf\u00f6r dem, kan vi forts\u00e4tta fram\u00e5t. S\u00e5 f\u00e5r vi, som Paulus eller m\u00f6jligen n\u00e5gon av hans l\u00e4rjungar, skrev [&hellip;]<\/p>\n","protected":false},"author":480,"featured_media":0,"comment_status":"open","ping_status":"open","sticky":false,"template":"","format":"standard","meta":{"_acf_changed":false,"footnotes":""},"categories":[9],"tags":[],"class_list":["post-186","post","type-post","status-publish","format-standard","hentry","category-okategoriserade"],"acf":[],"yoast_head":"<!-- This site is optimized with the Yoast SEO plugin v27.1.1 - https:\/\/yoast.com\/product\/yoast-seo-wordpress\/ -->\n<title>Nyanser av godhet - Johans och Jennys fasteblogg<\/title>\n<meta name=\"robots\" content=\"index, follow, max-snippet:-1, max-image-preview:large, max-video-preview:-1\" \/>\n<link rel=\"canonical\" href=\"https:\/\/blogg.svenskakyrkan.se\/fastebloggen\/2021\/03\/09\/nyanser-av-godhet\/\" \/>\n<meta property=\"og:locale\" content=\"sv_SE\" \/>\n<meta property=\"og:type\" content=\"article\" \/>\n<meta property=\"og:title\" content=\"Nyanser av godhet - Johans och Jennys fasteblogg\" \/>\n<meta property=\"og:description\" content=\"K\u00e4re Johan! Tack f\u00f6r g\u00e5rdagens brev, som andades hopp och framtidstro mer \u00e4n n\u00e5got annat. Bara s\u00e5, t\u00e4nker jag, som du gjorde ig\u00e5r: genom att inte blunda f\u00f6r m\u00e4nsklighetens oerh\u00f6rda utmaningar men att heller inte k\u00e4nna uppgivenhet inf\u00f6r dem, kan vi forts\u00e4tta fram\u00e5t. S\u00e5 f\u00e5r vi, som Paulus eller m\u00f6jligen n\u00e5gon av hans l\u00e4rjungar, skrev [&hellip;]\" \/>\n<meta property=\"og:url\" content=\"https:\/\/blogg.svenskakyrkan.se\/fastebloggen\/2021\/03\/09\/nyanser-av-godhet\/\" \/>\n<meta property=\"og:site_name\" content=\"Johans och Jennys fasteblogg\" \/>\n<meta property=\"article:published_time\" content=\"2021-03-09T07:00:00+00:00\" \/>\n<meta name=\"author\" content=\"fastebloggen\" \/>\n<meta name=\"twitter:card\" content=\"summary_large_image\" \/>\n<meta name=\"twitter:label1\" content=\"Skriven av\" \/>\n\t<meta name=\"twitter:data1\" content=\"fastebloggen\" \/>\n\t<meta name=\"twitter:label2\" content=\"Ber\u00e4knad l\u00e4stid\" \/>\n\t<meta name=\"twitter:data2\" content=\"4 minuter\" \/>\n<script type=\"application\/ld+json\" class=\"yoast-schema-graph\">{\"@context\":\"https:\/\/schema.org\",\"@graph\":[{\"@type\":\"Article\",\"@id\":\"https:\/\/blogg.svenskakyrkan.se\/fastebloggen\/2021\/03\/09\/nyanser-av-godhet\/#article\",\"isPartOf\":{\"@id\":\"https:\/\/blogg.svenskakyrkan.se\/fastebloggen\/2021\/03\/09\/nyanser-av-godhet\/\"},\"author\":{\"name\":\"fastebloggen\",\"@id\":\"https:\/\/blogg.svenskakyrkan.se\/fastebloggen\/#\/schema\/person\/f3d5fb80dd4d71eac466dcbaf59128ee\"},\"headline\":\"Nyanser av godhet\",\"datePublished\":\"2021-03-09T07:00:00+00:00\",\"mainEntityOfPage\":{\"@id\":\"https:\/\/blogg.svenskakyrkan.se\/fastebloggen\/2021\/03\/09\/nyanser-av-godhet\/\"},\"wordCount\":762,\"commentCount\":0,\"inLanguage\":\"sv-SE\",\"potentialAction\":[{\"@type\":\"CommentAction\",\"name\":\"Comment\",\"target\":[\"https:\/\/blogg.svenskakyrkan.se\/fastebloggen\/2021\/03\/09\/nyanser-av-godhet\/#respond\"]}]},{\"@type\":\"WebPage\",\"@id\":\"https:\/\/blogg.svenskakyrkan.se\/fastebloggen\/2021\/03\/09\/nyanser-av-godhet\/\",\"url\":\"https:\/\/blogg.svenskakyrkan.se\/fastebloggen\/2021\/03\/09\/nyanser-av-godhet\/\",\"name\":\"Nyanser av godhet - Johans och Jennys fasteblogg\",\"isPartOf\":{\"@id\":\"https:\/\/blogg.svenskakyrkan.se\/fastebloggen\/#website\"},\"datePublished\":\"2021-03-09T07:00:00+00:00\",\"author\":{\"@id\":\"https:\/\/blogg.svenskakyrkan.se\/fastebloggen\/#\/schema\/person\/f3d5fb80dd4d71eac466dcbaf59128ee\"},\"breadcrumb\":{\"@id\":\"https:\/\/blogg.svenskakyrkan.se\/fastebloggen\/2021\/03\/09\/nyanser-av-godhet\/#breadcrumb\"},\"inLanguage\":\"sv-SE\",\"potentialAction\":[{\"@type\":\"ReadAction\",\"target\":[\"https:\/\/blogg.svenskakyrkan.se\/fastebloggen\/2021\/03\/09\/nyanser-av-godhet\/\"]}]},{\"@type\":\"BreadcrumbList\",\"@id\":\"https:\/\/blogg.svenskakyrkan.se\/fastebloggen\/2021\/03\/09\/nyanser-av-godhet\/#breadcrumb\",\"itemListElement\":[{\"@type\":\"ListItem\",\"position\":1,\"name\":\"Hem\",\"item\":\"https:\/\/blogg.svenskakyrkan.se\/fastebloggen\/\"},{\"@type\":\"ListItem\",\"position\":2,\"name\":\"Nyanser av godhet\"}]},{\"@type\":\"WebSite\",\"@id\":\"https:\/\/blogg.svenskakyrkan.se\/fastebloggen\/#website\",\"url\":\"https:\/\/blogg.svenskakyrkan.se\/fastebloggen\/\",\"name\":\"Johans och Jennys fasteblogg\",\"description\":\"Johan och Jenny brevv\u00e4xlar om livet och f\u00f6rs\u00f6ker f\u00f6rst\u00e5 fastan 2021\",\"potentialAction\":[{\"@type\":\"SearchAction\",\"target\":{\"@type\":\"EntryPoint\",\"urlTemplate\":\"https:\/\/blogg.svenskakyrkan.se\/fastebloggen\/?s={search_term_string}\"},\"query-input\":{\"@type\":\"PropertyValueSpecification\",\"valueRequired\":true,\"valueName\":\"search_term_string\"}}],\"inLanguage\":\"sv-SE\"},{\"@type\":\"Person\",\"@id\":\"https:\/\/blogg.svenskakyrkan.se\/fastebloggen\/#\/schema\/person\/f3d5fb80dd4d71eac466dcbaf59128ee\",\"name\":\"fastebloggen\",\"image\":{\"@type\":\"ImageObject\",\"inLanguage\":\"sv-SE\",\"@id\":\"https:\/\/blogg.svenskakyrkan.se\/fastebloggen\/#\/schema\/person\/image\/\",\"url\":\"https:\/\/secure.gravatar.com\/avatar\/32fa98ef687580ad8b70ab86cd15809f008499d4d0e3d1a4142048c4ef0e1667?s=96&d=mm&r=g\",\"contentUrl\":\"https:\/\/secure.gravatar.com\/avatar\/32fa98ef687580ad8b70ab86cd15809f008499d4d0e3d1a4142048c4ef0e1667?s=96&d=mm&r=g\",\"caption\":\"fastebloggen\"},\"url\":\"https:\/\/blogg.svenskakyrkan.se\/fastebloggen\/author\/fastebloggen\/\"}]}<\/script>\n<!-- \/ Yoast SEO plugin. -->","yoast_head_json":{"title":"Nyanser av godhet - Johans och Jennys fasteblogg","robots":{"index":"index","follow":"follow","max-snippet":"max-snippet:-1","max-image-preview":"max-image-preview:large","max-video-preview":"max-video-preview:-1"},"canonical":"https:\/\/blogg.svenskakyrkan.se\/fastebloggen\/2021\/03\/09\/nyanser-av-godhet\/","og_locale":"sv_SE","og_type":"article","og_title":"Nyanser av godhet - Johans och Jennys fasteblogg","og_description":"K\u00e4re Johan! Tack f\u00f6r g\u00e5rdagens brev, som andades hopp och framtidstro mer \u00e4n n\u00e5got annat. Bara s\u00e5, t\u00e4nker jag, som du gjorde ig\u00e5r: genom att inte blunda f\u00f6r m\u00e4nsklighetens oerh\u00f6rda utmaningar men att heller inte k\u00e4nna uppgivenhet inf\u00f6r dem, kan vi forts\u00e4tta fram\u00e5t. S\u00e5 f\u00e5r vi, som Paulus eller m\u00f6jligen n\u00e5gon av hans l\u00e4rjungar, skrev [&hellip;]","og_url":"https:\/\/blogg.svenskakyrkan.se\/fastebloggen\/2021\/03\/09\/nyanser-av-godhet\/","og_site_name":"Johans och Jennys fasteblogg","article_published_time":"2021-03-09T07:00:00+00:00","author":"fastebloggen","twitter_card":"summary_large_image","twitter_misc":{"Skriven av":"fastebloggen","Ber\u00e4knad l\u00e4stid":"4 minuter"},"schema":{"@context":"https:\/\/schema.org","@graph":[{"@type":"Article","@id":"https:\/\/blogg.svenskakyrkan.se\/fastebloggen\/2021\/03\/09\/nyanser-av-godhet\/#article","isPartOf":{"@id":"https:\/\/blogg.svenskakyrkan.se\/fastebloggen\/2021\/03\/09\/nyanser-av-godhet\/"},"author":{"name":"fastebloggen","@id":"https:\/\/blogg.svenskakyrkan.se\/fastebloggen\/#\/schema\/person\/f3d5fb80dd4d71eac466dcbaf59128ee"},"headline":"Nyanser av godhet","datePublished":"2021-03-09T07:00:00+00:00","mainEntityOfPage":{"@id":"https:\/\/blogg.svenskakyrkan.se\/fastebloggen\/2021\/03\/09\/nyanser-av-godhet\/"},"wordCount":762,"commentCount":0,"inLanguage":"sv-SE","potentialAction":[{"@type":"CommentAction","name":"Comment","target":["https:\/\/blogg.svenskakyrkan.se\/fastebloggen\/2021\/03\/09\/nyanser-av-godhet\/#respond"]}]},{"@type":"WebPage","@id":"https:\/\/blogg.svenskakyrkan.se\/fastebloggen\/2021\/03\/09\/nyanser-av-godhet\/","url":"https:\/\/blogg.svenskakyrkan.se\/fastebloggen\/2021\/03\/09\/nyanser-av-godhet\/","name":"Nyanser av godhet - Johans och Jennys fasteblogg","isPartOf":{"@id":"https:\/\/blogg.svenskakyrkan.se\/fastebloggen\/#website"},"datePublished":"2021-03-09T07:00:00+00:00","author":{"@id":"https:\/\/blogg.svenskakyrkan.se\/fastebloggen\/#\/schema\/person\/f3d5fb80dd4d71eac466dcbaf59128ee"},"breadcrumb":{"@id":"https:\/\/blogg.svenskakyrkan.se\/fastebloggen\/2021\/03\/09\/nyanser-av-godhet\/#breadcrumb"},"inLanguage":"sv-SE","potentialAction":[{"@type":"ReadAction","target":["https:\/\/blogg.svenskakyrkan.se\/fastebloggen\/2021\/03\/09\/nyanser-av-godhet\/"]}]},{"@type":"BreadcrumbList","@id":"https:\/\/blogg.svenskakyrkan.se\/fastebloggen\/2021\/03\/09\/nyanser-av-godhet\/#breadcrumb","itemListElement":[{"@type":"ListItem","position":1,"name":"Hem","item":"https:\/\/blogg.svenskakyrkan.se\/fastebloggen\/"},{"@type":"ListItem","position":2,"name":"Nyanser av godhet"}]},{"@type":"WebSite","@id":"https:\/\/blogg.svenskakyrkan.se\/fastebloggen\/#website","url":"https:\/\/blogg.svenskakyrkan.se\/fastebloggen\/","name":"Johans och Jennys fasteblogg","description":"Johan och Jenny brevv\u00e4xlar om livet och f\u00f6rs\u00f6ker f\u00f6rst\u00e5 fastan 2021","potentialAction":[{"@type":"SearchAction","target":{"@type":"EntryPoint","urlTemplate":"https:\/\/blogg.svenskakyrkan.se\/fastebloggen\/?s={search_term_string}"},"query-input":{"@type":"PropertyValueSpecification","valueRequired":true,"valueName":"search_term_string"}}],"inLanguage":"sv-SE"},{"@type":"Person","@id":"https:\/\/blogg.svenskakyrkan.se\/fastebloggen\/#\/schema\/person\/f3d5fb80dd4d71eac466dcbaf59128ee","name":"fastebloggen","image":{"@type":"ImageObject","inLanguage":"sv-SE","@id":"https:\/\/blogg.svenskakyrkan.se\/fastebloggen\/#\/schema\/person\/image\/","url":"https:\/\/secure.gravatar.com\/avatar\/32fa98ef687580ad8b70ab86cd15809f008499d4d0e3d1a4142048c4ef0e1667?s=96&d=mm&r=g","contentUrl":"https:\/\/secure.gravatar.com\/avatar\/32fa98ef687580ad8b70ab86cd15809f008499d4d0e3d1a4142048c4ef0e1667?s=96&d=mm&r=g","caption":"fastebloggen"},"url":"https:\/\/blogg.svenskakyrkan.se\/fastebloggen\/author\/fastebloggen\/"}]}},"author_meta":{"ID":"480","user_nicename":"fastebloggen","user_registered":"2015-02-25 10:06:38","display_name":"fastebloggen","avatar":"https:\/\/secure.gravatar.com\/avatar\/32fa98ef687580ad8b70ab86cd15809f008499d4d0e3d1a4142048c4ef0e1667?s=96&d=mm&r=g"},"featured_image":false,"bloginfo":{"name":"Johans och Jennys fasteblogg","url":"https:\/\/blogg.svenskakyrkan.se\/fastebloggen"},"_links":{"self":[{"href":"https:\/\/blogg.svenskakyrkan.se\/fastebloggen\/wp-json\/wp\/v2\/posts\/186","targetHints":{"allow":["GET"]}}],"collection":[{"href":"https:\/\/blogg.svenskakyrkan.se\/fastebloggen\/wp-json\/wp\/v2\/posts"}],"about":[{"href":"https:\/\/blogg.svenskakyrkan.se\/fastebloggen\/wp-json\/wp\/v2\/types\/post"}],"author":[{"embeddable":true,"href":"https:\/\/blogg.svenskakyrkan.se\/fastebloggen\/wp-json\/wp\/v2\/users\/480"}],"replies":[{"embeddable":true,"href":"https:\/\/blogg.svenskakyrkan.se\/fastebloggen\/wp-json\/wp\/v2\/comments?post=186"}],"version-history":[{"count":1,"href":"https:\/\/blogg.svenskakyrkan.se\/fastebloggen\/wp-json\/wp\/v2\/posts\/186\/revisions"}],"predecessor-version":[{"id":187,"href":"https:\/\/blogg.svenskakyrkan.se\/fastebloggen\/wp-json\/wp\/v2\/posts\/186\/revisions\/187"}],"wp:attachment":[{"href":"https:\/\/blogg.svenskakyrkan.se\/fastebloggen\/wp-json\/wp\/v2\/media?parent=186"}],"wp:term":[{"taxonomy":"category","embeddable":true,"href":"https:\/\/blogg.svenskakyrkan.se\/fastebloggen\/wp-json\/wp\/v2\/categories?post=186"},{"taxonomy":"post_tag","embeddable":true,"href":"https:\/\/blogg.svenskakyrkan.se\/fastebloggen\/wp-json\/wp\/v2\/tags?post=186"}],"curies":[{"name":"wp","href":"https:\/\/api.w.org\/{rel}","templated":true}]}}